{"id":10565,"date":"2024-07-21T14:36:29","date_gmt":"2024-07-21T18:36:29","guid":{"rendered":"https:\/\/www.ciudadgoticanews.com\/?p=10565"},"modified":"2024-07-21T14:36:29","modified_gmt":"2024-07-21T18:36:29","slug":"biden-anuncia-en-x-que-deja-la-contienda-presidencial","status":"publish","type":"post","link":"https:\/\/www.ciudadgoticanews.com\/index.php\/2024\/07\/21\/biden-anuncia-en-x-que-deja-la-contienda-presidencial\/","title":{"rendered":"Biden anuncia en X que deja la contienda presidencial"},"content":{"rendered":"\r\n\r\nEl presidente Joe Biden anunci\u00f3 este domingo en\u00a0X que deja la contienda presidencial.\r\n\r\n \r\n<blockquote class=\"twitter-tweet\">\r\n<p dir=\"ltr\" lang=\"zxx\"><a href=\"https:\/\/t.co\/RMIRvlSOYw\">pic.twitter.com\/RMIRvlSOYw<\/a><\/p>\r\n\r\n\u2014 Joe Biden (@JoeBiden) <a href=\"https:\/\/twitter.com\/JoeBiden\/status\/1815080881981190320?ref_src=twsrc%5Etfw\">July 21, 2024<\/a><\/blockquote>\r\n \r\n\r\nTras varias semanas de presi\u00f3n, luego de su desastroso desempe\u00f1o en el debate con su contrincante, el expresidente Donald Trump, Biden cambi\u00f3 de postura y finalmente deja la contienda que ha cobrado dramatismo, marcado por el atentado del s\u00e1bado 13 de julio contra el exmandatario.\r\n\r\n \r\n\r\nNo fueron pocas las voces que ped\u00edan al presidente que dejara la contienda, desde el prominente legislador dem\u00f3crata Adam Schiff hasta importantes donantes a la campa\u00f1a, como el actor George Clooney, adem\u00e1s de la junta editorial del diario The New York Times.\r\n\r\n \r\n\r\nEl anuncio del presidente sirve de corolario a una carrera pol\u00edtica de 51 a\u00f1os, que comenz\u00f3 en 1973, cuando ingres\u00f3 al Congreso como senador por Delaware.\r\n\r\n \r\n<blockquote class=\"wp-block-quote is-layout-flow wp-block-quote-is-layout-flow\">Mis compatriotas estadounidenses,\r\nDurante los \u00faltimos tres a\u00f1os y medio, hemos logrado grandes avances como naci\u00f3n.\r\nHoy, Estados Unidos tiene la econom\u00eda m\u00e1s fuerte del mundo. Hemos realizado inversiones hist\u00f3ricas para reconstruir nuestra naci\u00f3n, reducir los costos de los medicamentos recetados para las personas mayores y ampliar la atenci\u00f3n m\u00e9dica asequible a un n\u00famero r\u00e9cord de estadounidenses. Hemos brindado atenci\u00f3n cr\u00edticamente necesaria a un mill\u00f3n de veteranos expuestos a sustancias t\u00f3xicas. Aprob\u00f3 la primera ley de seguridad de armas en 30 a\u00f1os. Nombrada la primera mujer afroamericana para la Corte Suprema. Y aprob\u00f3 la legislaci\u00f3n clim\u00e1tica m\u00e1s importante de la historia del mundo. Estados Unidos nunca ha estado mejor posicionado para liderar que hoy.\r\nS\u00e9 que nada de esto se habr\u00eda podido hacer sin ustedes, el pueblo estadounidense. Juntos, superamos una pandemia \u00fanica en un siglo y la peor crisis econ\u00f3mica desde la Gran Depresi\u00f3n. Hemos protegido y preservado nuestra democracia. Y hemos revitalizado y fortalecido nuestras alianzas en todo el mundo.\r\nHa sido el mayor honor de mi vida ser su Presidente. Y si bien mi intenci\u00f3n ha sido buscar la reelecci\u00f3n, creo que lo mejor para mi partido y para el pa\u00eds es que me retire y me concentre \u00fanicamente en cumplir con mis deberes como presidente durante el resto de mi mandato.\r\nHablar\u00e9 con The Nation a finales de esta semana con m\u00e1s detalle sobre mi decisi\u00f3n.\r\nPor ahora, perm\u00edtanme expresar mi m\u00e1s profundo agradecimiento a todos aquellos que han trabajado tan duro para verme reelegido. Quiero agradecer a la vicepresidenta Kamala Harris por ser una socia extraordinaria en todo este trabajo. Y perm\u00edtanme expresar mi m\u00e1s sincero agradecimiento al pueblo estadounidense por la fe y la confianza que han depositado en m\u00ed.\r\nHoy creo lo que siempre he cre\u00eddo: que no hay nada que Estados Unidos no pueda hacer cuando lo hacemos juntos. S\u00f3lo tenemos que recordar que somos los Estados Unidos de Am\u00e9rica.\r\n\r\n<\/blockquote>\r\n <div class=\"wp-block-image\">\r\n<figure class=\"aligncenter size-full\"><img decoding=\"async\" class=\"wp-image-7401\" src=\"https:\/\/elnoticiero.net\/wp-content\/uploads\/2024\/07\/GTB11JnW8AAhCDP.png\" alt=\"\" \/><\/figure>\r\n<\/div> \r\n\r\n&nbsp;\r\n\r\n \r\n\r\nLuego fue vicepresidente durante los dos mandatos de Barack Obama, entre 2009 y 2017 y finalmente, como presidente desde el 2021 hasta el presente. Su actual mandato termina el 20 de enero de 2025.\r\n\r\n \r\n\r\nAhora, el Partido Dem\u00f3crata debe elegir un reemplazante que enfrente a Trump en las elecciones de noviembre.\r\n\r\n \r\n\r\nY para esto, las reglas partidarias establecen que los m\u00e1s de 3,900 delegados voten en la Convenci\u00f3n Dem\u00f3crata en una primera ronda, por un reemplazo, en el evento previsto para agosto en Chicago.\r\n\r\n \r\n\r\nSi un candidato gana la mayor\u00eda de votos, ser\u00e1 quien encabece la f\u00f3rmula partidaria. Si no hay consenso, entonces votan los 700 \u201csuperdelegados, y luego los delegados vuelven a votar, hasta que un candidato gane la mayor\u00eda de los delegados.\r\n\r\n \r\n\r\nCon informaci\u00f3n de Telemundo51\r\n\r\n \r\n\r\n&nbsp;\r\n\r\n","protected":false},"excerpt":{"rendered":"<p>El presidente Joe Biden anunci\u00f3 este domingo en\u00a0X que deja la contienda presidencial. pic.twitter.com\/RMIRvlSOYw \u2014 Joe Biden (@JoeBiden) July 21, 2024 Tras varias semanas de presi\u00f3n, luego de su desastroso desempe\u00f1o en el debate con su contrincante, el expresidente Donald Trump, Biden cambi\u00f3 de postura y finalmente deja la contienda que ha cobrado dramatismo, marcado [&hellip;]<\/p>\n","protected":false},"author":1,"featured_media":10566,"comment_status":"open","ping_status":"open","sticky":false,"template":"","format":"standard","meta":{"h5ap_radio_sources":[],"footnotes":""},"categories":[23],"tags":[],"class_list":["post-10565","post","type-post","status-publish","format-standard","has-post-thumbnail","hentry","category-estados-unidos"],"aioseo_notices":[],"_links":{"self":[{"href":"https:\/\/www.ciudadgoticanews.com\/index.php\/wp-json\/wp\/v2\/posts\/10565","targetHints":{"allow":["GET"]}}],"collection":[{"href":"https:\/\/www.ciudadgoticanews.com\/index.php\/wp-json\/wp\/v2\/posts"}],"about":[{"href":"https:\/\/www.ciudadgoticanews.com\/index.php\/wp-json\/wp\/v2\/types\/post"}],"author":[{"embeddable":true,"href":"https:\/\/www.ciudadgoticanews.com\/index.php\/wp-json\/wp\/v2\/users\/1"}],"replies":[{"embeddable":true,"href":"https:\/\/www.ciudadgoticanews.com\/index.php\/wp-json\/wp\/v2\/comments?post=10565"}],"version-history":[{"count":0,"href":"https:\/\/www.ciudadgoticanews.com\/index.php\/wp-json\/wp\/v2\/posts\/10565\/revisions"}],"wp:featuredmedia":[{"embeddable":true,"href":"https:\/\/www.ciudadgoticanews.com\/index.php\/wp-json\/wp\/v2\/media\/10566"}],"wp:attachment":[{"href":"https:\/\/www.ciudadgoticanews.com\/index.php\/wp-json\/wp\/v2\/media?parent=10565"}],"wp:term":[{"taxonomy":"category","embeddable":true,"href":"https:\/\/www.ciudadgoticanews.com\/index.php\/wp-json\/wp\/v2\/categories?post=10565"},{"taxonomy":"post_tag","embeddable":true,"href":"https:\/\/www.ciudadgoticanews.com\/index.php\/wp-json\/wp\/v2\/tags?post=10565"}],"curies":[{"name":"wp","href":"https:\/\/api.w.org\/{rel}","templated":true}]}}