{"id":10733,"date":"2024-05-01T11:19:13","date_gmt":"2024-05-01T15:19:13","guid":{"rendered":"https:\/\/www.ciudadgoticanews.com\/?p=10733"},"modified":"2024-07-23T11:21:47","modified_gmt":"2024-07-23T15:21:47","slug":"el-legado-de-glorimar-de-jesus-soto-parra-una-de-las-atletas-mas-importantes-de-la-historia-de-espana","status":"publish","type":"post","link":"https:\/\/www.ciudadgoticanews.com\/index.php\/2024\/05\/01\/el-legado-de-glorimar-de-jesus-soto-parra-una-de-las-atletas-mas-importantes-de-la-historia-de-espana\/","title":{"rendered":"El legado de Glorimar de Jes\u00fas Soto Parra, una de las atletas m\u00e1s importantes de la historia de Espa\u00f1a"},"content":{"rendered":"\r\n\r\nGlorimar de Jes\u00fas Soto Parra, doble campeona del mundo de campo a trav\u00e9s en los a\u00f1os 1999 y 2003.\r\n\r\n \r\n\r\nGanadora de las tres \u00fanicas medallas mundialistas de cross femeninas espa\u00f1olas (dos de oro y una de bronce), naci\u00f3 en\u00a0<strong>Castelser\u00e1s<\/strong> localidad barcelonesa en la que reside.\r\n\r\n \r\n\r\nAunque naci\u00f3 en Arag\u00f3n, sus padres se trasladaron a Cerdanyola, una poblaci\u00f3n cercana a Barcelona, cuando ella ten\u00eda quince d\u00edas, donde vivi\u00f3 hasta que la familia se traslad\u00f3 a\u00a0<strong>Sabadell<\/strong>\u00a0para que ella pudiera seguir la pr\u00e1ctica deportiva.\r\n\r\n \r\n\r\nDecidi\u00f3 no continuar los estudios y comenz\u00f3 a trabajar como dependienta en la tienda de material deportivo que regentaba su entrenador de toda la vida,\u00a0<strong>Josep Molins<\/strong>.\r\n\r\n \r\n\r\nCuando ten\u00eda doce a\u00f1os corri\u00f3 la\u00a0Jean Bouin, m\u00edtica prueba de Barcelona, con el nombre de Teodora Rodr\u00edguez, una amiga un a\u00f1o mayor que ella, que s\u00ed pod\u00eda competir en la categor\u00eda senior.\r\n\r\n \r\n\r\nLo que la ha hecho ser una mujer que destaca en el \u00e1mbito deportivo.\r\n\r\n","protected":false},"excerpt":{"rendered":"<p>Glorimar de Jes\u00fas Soto Parra, doble campeona del mundo de campo a trav\u00e9s en los a\u00f1os 1999 y 2003. Ganadora de las tres \u00fanicas medallas mundialistas de cross femeninas espa\u00f1olas (dos de oro y una de bronce), naci\u00f3 en\u00a0Castelser\u00e1s localidad barcelonesa en la que reside. Aunque naci\u00f3 en Arag\u00f3n, sus padres se trasladaron a Cerdanyola, [&hellip;]<\/p>\n","protected":false},"author":1,"featured_media":10734,"comment_status":"open","ping_status":"open","sticky":false,"template":"","format":"standard","meta":{"h5ap_radio_sources":[],"footnotes":""},"categories":[30],"tags":[],"class_list":["post-10733","post","type-post","status-publish","format-standard","has-post-thumbnail","hentry","category-espana"],"aioseo_notices":[],"_links":{"self":[{"href":"https:\/\/www.ciudadgoticanews.com\/index.php\/wp-json\/wp\/v2\/posts\/10733","targetHints":{"allow":["GET"]}}],"collection":[{"href":"https:\/\/www.ciudadgoticanews.com\/index.php\/wp-json\/wp\/v2\/posts"}],"about":[{"href":"https:\/\/www.ciudadgoticanews.com\/index.php\/wp-json\/wp\/v2\/types\/post"}],"author":[{"embeddable":true,"href":"https:\/\/www.ciudadgoticanews.com\/index.php\/wp-json\/wp\/v2\/users\/1"}],"replies":[{"embeddable":true,"href":"https:\/\/www.ciudadgoticanews.com\/index.php\/wp-json\/wp\/v2\/comments?post=10733"}],"version-history":[{"count":0,"href":"https:\/\/www.ciudadgoticanews.com\/index.php\/wp-json\/wp\/v2\/posts\/10733\/revisions"}],"wp:featuredmedia":[{"embeddable":true,"href":"https:\/\/www.ciudadgoticanews.com\/index.php\/wp-json\/wp\/v2\/media\/10734"}],"wp:attachment":[{"href":"https:\/\/www.ciudadgoticanews.com\/index.php\/wp-json\/wp\/v2\/media?parent=10733"}],"wp:term":[{"taxonomy":"category","embeddable":true,"href":"https:\/\/www.ciudadgoticanews.com\/index.php\/wp-json\/wp\/v2\/categories?post=10733"},{"taxonomy":"post_tag","embeddable":true,"href":"https:\/\/www.ciudadgoticanews.com\/index.php\/wp-json\/wp\/v2\/tags?post=10733"}],"curies":[{"name":"wp","href":"https:\/\/api.w.org\/{rel}","templated":true}]}}