{"id":11105,"date":"2024-08-09T17:35:56","date_gmt":"2024-08-09T21:35:56","guid":{"rendered":"https:\/\/www.ciudadgoticanews.com\/?p=11105"},"modified":"2024-08-09T17:37:01","modified_gmt":"2024-08-09T21:37:01","slug":"el-fallido-proyecto-del-venezolano-lester-toledo","status":"publish","type":"post","link":"https:\/\/www.ciudadgoticanews.com\/index.php\/2024\/08\/09\/el-fallido-proyecto-del-venezolano-lester-toledo\/","title":{"rendered":"El fallido proyecto del venezolano Lester Toledo y 20 empresarios con el fin de promover a un \u00abBukele criollo\u00bb en Colombia para 2026 continuar\u00eda movi\u00e9ndose en Bogot\u00e1"},"content":{"rendered":"<p>En los \u00faltimos d\u00edas, se han revelado detalles sobre una reuni\u00f3n secreta llevada a cabo en Colombia por un grupo de 20 adinerados empresarios. Estos magnates, representantes de fortunas m\u00e1s recientes y no vinculados a la \u00e9lite tradicional del pa\u00eds, se han reunido con el prop\u00f3sito de buscar una alternativa pol\u00edtica para las pr\u00f3ximas elecciones presidenciales de 2026.<\/p>\n<p>El grupo, aparentemente descontento con el rumbo actual de la pol\u00edtica colombiana, est\u00e1 considerando respaldar a un candidato antisistema, siguiendo una tendencia que se ha observado en varios pa\u00edses de Am\u00e9rica Latina. Un ejemplo reciente de este fen\u00f3meno se dio en Panam\u00e1, donde el candidato Jaime Lombana logr\u00f3 un apoyo considerable en las elecciones, aunque no suficiente para alcanzar la presidencia.<\/p>\n<p>Sin embargo, el modelo que este grupo de empresarios desea emular es el de Nayib Bukele, el controversial presidente de El Salvador. Bukele, una figura polarizante en la pol\u00edtica latinoamericana, es alabado por algunos por su enfoque duro contra la delincuencia, especialmente en el combate a las maras o pandillas salvadore\u00f1as. Por otro lado, sus cr\u00edticos lo consideran un l\u00edder autoritario y populista, acus\u00e1ndolo de violaciones a los derechos humanos y tendencias dictatoriales.<\/p>\n<figure id=\"attachment_11113\" aria-describedby=\"caption-attachment-11113\" style=\"width: 1200px\" class=\"wp-caption aligncenter\"><a href=\"https:\/\/www.ciudadgoticanews.com\/wp-content\/uploads\/2024\/08\/nayib-bukele.jpg\"><img loading=\"lazy\" decoding=\"async\" class=\"size-full wp-image-11113\" src=\"https:\/\/www.ciudadgoticanews.com\/wp-content\/uploads\/2024\/08\/nayib-bukele.jpg\" alt=\"\" width=\"1200\" height=\"600\" srcset=\"https:\/\/www.ciudadgoticanews.com\/wp-content\/uploads\/2024\/08\/nayib-bukele.jpg 1200w, https:\/\/www.ciudadgoticanews.com\/wp-content\/uploads\/2024\/08\/nayib-bukele-300x150.jpg 300w, https:\/\/www.ciudadgoticanews.com\/wp-content\/uploads\/2024\/08\/nayib-bukele-1024x512.jpg 1024w, https:\/\/www.ciudadgoticanews.com\/wp-content\/uploads\/2024\/08\/nayib-bukele-768x384.jpg 768w\" sizes=\"auto, (max-width: 1200px) 100vw, 1200px\" \/><\/a><figcaption id=\"caption-attachment-11113\" class=\"wp-caption-text\">Nayib Bukele<\/figcaption><\/figure>\n<p>El nombre que ha surgido en Colombia como potencial candidato para este proyecto es el de Miguel Uribe Turbay, actual senador del Partido Centro Democr\u00e1tico. Nacido el 28 de enero de 1986 en Bogot\u00e1, Uribe Turbay proviene de una familia con una larga tradici\u00f3n pol\u00edtica en Colombia. Es nieto del expresidente Julio C\u00e9sar Turbay Ayala e hijo de Diana Turbay, una periodista asesinada por narcotraficantes en 1991.<\/p>\n<h3>Perfil de Miguel Uribe Turbay y estrategia empresarial<\/h3>\n<figure id=\"attachment_11114\" aria-describedby=\"caption-attachment-11114\" style=\"width: 1200px\" class=\"wp-caption aligncenter\"><a href=\"https:\/\/www.ciudadgoticanews.com\/wp-content\/uploads\/2024\/08\/Miguel-Uribe.jpg\"><img loading=\"lazy\" decoding=\"async\" class=\"size-full wp-image-11114\" src=\"https:\/\/www.ciudadgoticanews.com\/wp-content\/uploads\/2024\/08\/Miguel-Uribe.jpg\" alt=\"\" width=\"1200\" height=\"600\" srcset=\"https:\/\/www.ciudadgoticanews.com\/wp-content\/uploads\/2024\/08\/Miguel-Uribe.jpg 1200w, https:\/\/www.ciudadgoticanews.com\/wp-content\/uploads\/2024\/08\/Miguel-Uribe-300x150.jpg 300w, https:\/\/www.ciudadgoticanews.com\/wp-content\/uploads\/2024\/08\/Miguel-Uribe-1024x512.jpg 1024w, https:\/\/www.ciudadgoticanews.com\/wp-content\/uploads\/2024\/08\/Miguel-Uribe-768x384.jpg 768w\" sizes=\"auto, (max-width: 1200px) 100vw, 1200px\" \/><\/a><figcaption id=\"caption-attachment-11114\" class=\"wp-caption-text\">Miguel Uribe Turbay<\/figcaption><\/figure>\n<p>Miguel Uribe Turbay, a sus 38 a\u00f1os, se ha posicionado como una figura clave en la derecha colombiana y el uribismo. Desde su ingreso al Senado el 20 de julio de 2022, ha sido un activo opositor al gobierno del presidente Gustavo Petro. Su perfil como pol\u00edtico joven de derecha lo hace atractivo para el grupo de empresarios que busca un cambio en la direcci\u00f3n del pa\u00eds.<\/p>\n<p>Los empresarios, descontentos con las pol\u00edticas del actual gobierno, est\u00e1n buscando un candidato que se aleje de la l\u00ednea izquierdista de Petro. Sin embargo, tambi\u00e9n han descartado apoyar a figuras tradicionales como los expresidentes \u00c1lvaro Uribe o Iv\u00e1n Duque, considerando que representan \u00abm\u00e1s de lo mismo\u00bb y que podr\u00edan resultar costosos tanto econ\u00f3mica como pol\u00edticamente.<\/p>\n<p>El grupo de magnates ha decidido tomar la iniciativa para preparar el terreno medi\u00e1tico y formar la imagen de Uribe Turbay como una especie de \u00abBukele colombiano\u00bb. Su objetivo es posicionarlo ante los medios de comunicaci\u00f3n y la opini\u00f3n p\u00fablica como una alternativa fresca y efectiva.<\/p>\n<p>Inicialmente, los empresarios consideraron contratar al connotado estratega electoral venezolano J.J. Rend\u00f3n. Sin embargo, esta opci\u00f3n fue descartada debido a los altos costos que implicar\u00eda y a la mala percepci\u00f3n que existe sobre Rend\u00f3n en Colombia desde 2014, cuando renunci\u00f3 a la campa\u00f1a de reelecci\u00f3n del presidente Juan Manuel Santos en medio de un esc\u00e1ndalo relacionado con supuestas negociaciones con narcotraficantes.<\/p>\n<h3>Lester Toledo: El estratega detr\u00e1s del \u00abBukele colombiano\u00bb<\/h3>\n<figure id=\"attachment_11115\" aria-describedby=\"caption-attachment-11115\" style=\"width: 1200px\" class=\"wp-caption aligncenter\"><a href=\"https:\/\/www.ciudadgoticanews.com\/wp-content\/uploads\/2024\/08\/Lester-Toledo.jpg\"><img loading=\"lazy\" decoding=\"async\" class=\"size-full wp-image-11115\" src=\"https:\/\/www.ciudadgoticanews.com\/wp-content\/uploads\/2024\/08\/Lester-Toledo.jpg\" alt=\"\" width=\"1200\" height=\"600\" srcset=\"https:\/\/www.ciudadgoticanews.com\/wp-content\/uploads\/2024\/08\/Lester-Toledo.jpg 1200w, https:\/\/www.ciudadgoticanews.com\/wp-content\/uploads\/2024\/08\/Lester-Toledo-300x150.jpg 300w, https:\/\/www.ciudadgoticanews.com\/wp-content\/uploads\/2024\/08\/Lester-Toledo-1024x512.jpg 1024w, https:\/\/www.ciudadgoticanews.com\/wp-content\/uploads\/2024\/08\/Lester-Toledo-768x384.jpg 768w\" sizes=\"auto, (max-width: 1200px) 100vw, 1200px\" \/><\/a><figcaption id=\"caption-attachment-11115\" class=\"wp-caption-text\">Lester Toledo<\/figcaption><\/figure>\n<p>Tras descartar a J.J. Rend\u00f3n, los empresarios se inclinaron por contratar a Lester Toledo, un estratega electoral venezolano presentado como el art\u00edfice del \u00e9xito de Nayib Bukele en El Salvador. Toledo ha sido fundamental en las dos campa\u00f1as presidenciales de Bukele y ha trabajado estrechamente con el partido Nuevas Ideas.<\/p>\n<p>En las elecciones salvadore\u00f1as de 2024, Toledo lider\u00f3 el comando de campa\u00f1a de Bukele. Su empresa, Salto Angel Consulting, oper\u00f3 un centro de llamadas para asegurar la presencia de vigilantes en los centros de votaci\u00f3n y despleg\u00f3 encuestadores para analizar los resultados. El equipo de Toledo compil\u00f3 informaci\u00f3n de 200 mil personas para confirmar la victoria de Bukele.<\/p>\n<p>La influencia de Toledo en el gobierno de Bukele va m\u00e1s all\u00e1 de lo electoral. Ha trabajado en la log\u00edstica de los paquetes de alimentos distribuidos por el gobierno salvadore\u00f1o y ha dado instrucciones a ministros y funcionarios p\u00fablicos. Su relaci\u00f3n con Bukele y sus hermanos se remonta a la campa\u00f1a presidencial de 2019.<\/p>\n<p>Los empresarios colombianos que propusieron contratar a Toledo lo presentaron como el hombre capaz de llevar a un candidato antisistema al poder y mantenerlo all\u00ed con altos niveles de aceptaci\u00f3n. Le atribuyeron el \u00e9xito de Bukele tanto dentro como fuera de El Salvador, incluso en algunas mediciones continentales.<\/p>\n<p>Sin embargo, los cr\u00edticos de Bukele se\u00f1alan que su \u00e9xito en la reducci\u00f3n de la violencia de las maras ha tenido un alto costo en t\u00e9rminos de derechos humanos. Mencionan la creaci\u00f3n de una especie de campo de concentraci\u00f3n para recluir a los pandilleros y la vulneraci\u00f3n de los derechos de medios de comunicaci\u00f3n cr\u00edticos con su administraci\u00f3n.<\/p>\n<h3>Controversia financiera y nuevos movimientos de Toledo<\/h3>\n<p><a href=\"https:\/\/www.ciudadgoticanews.com\/wp-content\/uploads\/2024\/08\/Lester-Toledo002.jpg\"><img loading=\"lazy\" decoding=\"async\" class=\"aligncenter size-full wp-image-11117\" src=\"https:\/\/www.ciudadgoticanews.com\/wp-content\/uploads\/2024\/08\/Lester-Toledo002.jpg\" alt=\"\" width=\"1200\" height=\"600\" srcset=\"https:\/\/www.ciudadgoticanews.com\/wp-content\/uploads\/2024\/08\/Lester-Toledo002.jpg 1200w, https:\/\/www.ciudadgoticanews.com\/wp-content\/uploads\/2024\/08\/Lester-Toledo002-300x150.jpg 300w, https:\/\/www.ciudadgoticanews.com\/wp-content\/uploads\/2024\/08\/Lester-Toledo002-1024x512.jpg 1024w, https:\/\/www.ciudadgoticanews.com\/wp-content\/uploads\/2024\/08\/Lester-Toledo002-768x384.jpg 768w\" sizes=\"auto, (max-width: 1200px) 100vw, 1200px\" \/><\/a><\/p>\n<p>El acuerdo inicial entre los empresarios colombianos y Lester Toledo contemplaba un pago de un mill\u00f3n de d\u00f3lares como anticipo por sus servicios. Cada uno de los 20 empresarios deb\u00eda aportar 50 mil d\u00f3lares. Sin embargo, la realidad result\u00f3 ser diferente: solo seis de los empresarios cumplieron con el pago, sumando un total de 300 mil d\u00f3lares.<\/p>\n<p>Ante la falta de compromiso de los 14 empresarios restantes, Toledo se ha negado a devolver el dinero a los seis que s\u00ed pagaron, generando descontento entre los empresarios que s\u00ed pagaron. El estratega venezolano parece decidido a quedarse con los 300 mil d\u00f3lares, a pesar de no haber cumplido con el trabajo acordado inicialmente.<\/p>\n<p>Recientemente, se ha reportado que Toledo fue visto en Bogot\u00e1, espec\u00edficamente en el Congreso colombiano. No lleg\u00f3 solo: lo acompa\u00f1aban 10 empleados que forman parte de su equipo de estrategas electorales, los mismos que han trabajado con \u00e9l en las campa\u00f1as de Bukele en El Salvador.<\/p>\n<p>El prop\u00f3sito de esta visita parece ser realizar una nueva presentaci\u00f3n y establecer contactos para crear una estructura pol\u00edtica en Colombia similar a la que han desarrollado en El Salvador. El objetivo ser\u00eda construir esta estructura alrededor de la imagen del senador Miguel Uribe Turbay.<\/p>\n<p>En c\u00edrculos pol\u00edticos, se comenta adem\u00e1s que las actividades de Toledo no se limitan a Colombia. Aparentemente, como parte de una contribuci\u00f3n de Bukele a la oposici\u00f3n venezolana, Toledo habr\u00eda brindado apoyo a la l\u00edder opositora Mar\u00eda Corina Machado y a su candidato Edmundo Gonz\u00e1lez Urrutia durante la reciente campa\u00f1a electoral presidencial en Venezuela.<\/p>\n<h3>Implicaciones regionales y perspectivas futuras<\/h3>\n<figure id=\"attachment_11121\" aria-describedby=\"caption-attachment-11121\" style=\"width: 1200px\" class=\"wp-caption aligncenter\"><a href=\"https:\/\/www.ciudadgoticanews.com\/wp-content\/uploads\/2024\/08\/Lester-Toledo-Nayob-Bukele006.jpg\"><img loading=\"lazy\" decoding=\"async\" class=\"size-full wp-image-11121\" src=\"https:\/\/www.ciudadgoticanews.com\/wp-content\/uploads\/2024\/08\/Lester-Toledo-Nayob-Bukele006.jpg\" alt=\"\" width=\"1200\" height=\"600\" srcset=\"https:\/\/www.ciudadgoticanews.com\/wp-content\/uploads\/2024\/08\/Lester-Toledo-Nayob-Bukele006.jpg 1200w, https:\/\/www.ciudadgoticanews.com\/wp-content\/uploads\/2024\/08\/Lester-Toledo-Nayob-Bukele006-300x150.jpg 300w, https:\/\/www.ciudadgoticanews.com\/wp-content\/uploads\/2024\/08\/Lester-Toledo-Nayob-Bukele006-1024x512.jpg 1024w, https:\/\/www.ciudadgoticanews.com\/wp-content\/uploads\/2024\/08\/Lester-Toledo-Nayob-Bukele006-768x384.jpg 768w\" sizes=\"auto, (max-width: 1200px) 100vw, 1200px\" \/><\/a><figcaption id=\"caption-attachment-11121\" class=\"wp-caption-text\">Lester Toledo y Nayib Bukele<\/figcaption><\/figure>\n<p>La presencia de Lester Toledo y su equipo de diez personas en Colombia ha llamado la atenci\u00f3n en los c\u00edrculos pol\u00edticos del pa\u00eds. Su objetivo declarado es realizar nuevas presentaciones para seguir promoviendo la tesis de un \u00abBukele colombiano\u00bb y captar financistas para este proyecto pol\u00edtico.<\/p>\n<p>Esta movida se da en un contexto regional complejo. En Venezuela, las elecciones presidenciales celebradas el 28 de julio de 2024 resultaron en la proclamaci\u00f3n de Nicol\u00e1s Maduro como vencedor por parte del Consejo Nacional Electoral. Sin embargo, estos resultados han sido desconocidos por Mar\u00eda Corina Machado y Edmundo Gonz\u00e1lez Urrutia, los l\u00edderes de la oposici\u00f3n.<\/p>\n<p>En Colombia, la propuesta de un candidato al estilo Bukele genera debates sobre el futuro de la democracia en el pa\u00eds. Los defensores de esta estrategia argumentan que podr\u00eda traer soluciones efectivas a problemas como la delincuencia, mientras que los cr\u00edticos temen que pueda conducir a un debilitamiento de las instituciones democr\u00e1ticas y a posibles nuevas violaciones de derechos humanos.<\/p>\n<p>El desenlace de esta iniciativa y su impacto en las elecciones presidenciales de 2026 est\u00e1n a\u00fan por verse, pero sin duda marcar\u00e1n un cap\u00edtulo importante en la evoluci\u00f3n pol\u00edtica del pa\u00eds y la regi\u00f3n.<\/p>\n","protected":false},"excerpt":{"rendered":"<p>En los \u00faltimos d\u00edas, se han revelado detalles sobre una reuni\u00f3n secreta llevada a cabo en Colombia por un grupo de 20 adinerados empresarios. Estos magnates, representantes de fortunas m\u00e1s recientes y no vinculados a la \u00e9lite tradicional del pa\u00eds, se han reunido con el prop\u00f3sito de buscar una alternativa pol\u00edtica para las pr\u00f3ximas elecciones [&hellip;]<\/p>\n","protected":false},"author":1,"featured_media":11112,"comment_status":"open","ping_status":"open","sticky":false,"template":"","format":"standard","meta":{"h5ap_radio_sources":[],"footnotes":""},"categories":[27],"tags":[],"class_list":["post-11105","post","type-post","status-publish","format-standard","has-post-thumbnail","hentry","category-colombia"],"aioseo_notices":[],"_links":{"self":[{"href":"https:\/\/www.ciudadgoticanews.com\/index.php\/wp-json\/wp\/v2\/posts\/11105","targetHints":{"allow":["GET"]}}],"collection":[{"href":"https:\/\/www.ciudadgoticanews.com\/index.php\/wp-json\/wp\/v2\/posts"}],"about":[{"href":"https:\/\/www.ciudadgoticanews.com\/index.php\/wp-json\/wp\/v2\/types\/post"}],"author":[{"embeddable":true,"href":"https:\/\/www.ciudadgoticanews.com\/index.php\/wp-json\/wp\/v2\/users\/1"}],"replies":[{"embeddable":true,"href":"https:\/\/www.ciudadgoticanews.com\/index.php\/wp-json\/wp\/v2\/comments?post=11105"}],"version-history":[{"count":0,"href":"https:\/\/www.ciudadgoticanews.com\/index.php\/wp-json\/wp\/v2\/posts\/11105\/revisions"}],"wp:featuredmedia":[{"embeddable":true,"href":"https:\/\/www.ciudadgoticanews.com\/index.php\/wp-json\/wp\/v2\/media\/11112"}],"wp:attachment":[{"href":"https:\/\/www.ciudadgoticanews.com\/index.php\/wp-json\/wp\/v2\/media?parent=11105"}],"wp:term":[{"taxonomy":"category","embeddable":true,"href":"https:\/\/www.ciudadgoticanews.com\/index.php\/wp-json\/wp\/v2\/categories?post=11105"},{"taxonomy":"post_tag","embeddable":true,"href":"https:\/\/www.ciudadgoticanews.com\/index.php\/wp-json\/wp\/v2\/tags?post=11105"}],"curies":[{"name":"wp","href":"https:\/\/api.w.org\/{rel}","templated":true}]}}