{"id":11178,"date":"2024-08-15T10:53:55","date_gmt":"2024-08-15T14:53:55","guid":{"rendered":"https:\/\/www.ciudadgoticanews.com\/?p=11178"},"modified":"2024-08-15T10:53:55","modified_gmt":"2024-08-15T14:53:55","slug":"escandalos-y-opacidad-empanan-la-compra-del-club-de-futbol-italiano-sammaurese-por-parte-de-empresarios-con-actividad-en-colombia","status":"publish","type":"post","link":"https:\/\/www.ciudadgoticanews.com\/index.php\/2024\/08\/15\/escandalos-y-opacidad-empanan-la-compra-del-club-de-futbol-italiano-sammaurese-por-parte-de-empresarios-con-actividad-en-colombia\/","title":{"rendered":"Esc\u00e1ndalos y opacidad empa\u00f1an la compra del club de f\u00fatbol italiano \u00abSammaurese\u00bb por parte de empresarios con actividad en Colombia"},"content":{"rendered":"\r\n\r\nEl pasado jueves 8 de agosto de 2024, trascendi\u00f3 en Colombia la noticia de la compra de un equipo de f\u00fatbol italiano, a la que se aventur\u00f3 un grupo de empresarios \u00abitalocolombianos\u00bb.\r\n\r\n \r\n\r\nEn una entrevista transmitida en Colombia en la emisora radial La W, el colombiano Federico Restrepo Solano, uno de los empresarios participantes de la adquisici\u00f3n, confirm\u00f3 que \u00e9l y otros socios, hab\u00edan comprado el club de f\u00fatbol Associazione Calcio Sammaurese, que en la actualidad juega en la\u00a0Serie D del f\u00fatbol italiano.\r\n\r\n \r\n\r\nEl\u00a0Sammaurese, que en el a\u00f1o 2025 cumplir\u00e1 90 a\u00f1os de fundado, tiene su sede en el peque\u00f1o municipio de San Mauro Pascoli, localizado en la provincia de Forl\u00ec-Cesena de la\u00a0regi\u00f3n de Emilia-Roma\u00f1a, en el centro-norte de Italia. San Mauro Pascoli es conocido en Italia, desde el punto de vista de su econom\u00eda, por su intensa actividad en la fabricaci\u00f3n de calzado, el hierro forjado artesanal y el turismo\u00a0en\u00a0San Mauro Mare, una subdivisi\u00f3n costera del municipio,\u00a0que limita con el Mar Adri\u00e1tico.\r\n\r\n \r\n\r\nLa noticia de la compra del equipo de la liga italiana fue anunciada en Colombia con cierto j\u00fabilo.\u00a0En la entrevista, Federico Restrepo fue presentado como director ejecutivo de la minera Denarius Metals. Seg\u00fan Restrepo, la intenci\u00f3n de la adquisici\u00f3n del equipo\u00a0ha sido la de \u00ababrirle una ventana\u00bb a futbolistas colombianos para que puedan mostrar su talento en ligas europeas.\u00a0Restrepo explic\u00f3 que planea firmar acuerdos con academias de f\u00fatbol en Bogot\u00e1, Barranquilla y Medell\u00edn para captar a talentos para el\u00a0Sammaurese y conformar un club con jugadores colombianos, aunque, en contraposici\u00f3n, el empresario reconoci\u00f3 que en el equipo solo se permiten tres jugadores extracomunitarios, sin ahondar en m\u00e1s detalles sobre esa regla del f\u00fatbol europeo.\r\n\r\n <div class=\"wp-block-image\">\r\n<figure class=\"aligncenter\"><a href=\"https:\/\/avefenixnoticias.com\/wp-content\/uploads\/2023\/08\/denarius.jpg\"><img decoding=\"async\" class=\"wp-image-1157\" src=\"https:\/\/avefenixnoticias.com\/wp-content\/uploads\/2023\/08\/denarius.jpg\" alt=\"\" \/><\/a><\/figure>\r\n<\/div> \r\n\r\nRestrepo reconoci\u00f3 tambi\u00e9n que es un gran fan\u00e1tico del f\u00fatbol y coment\u00f3 que en la adquisici\u00f3n del equipo italiano lo acompa\u00f1a su socio Serafino Iacono. Restrepo dijo que otro de quienes lo acompa\u00f1an en la adquisici\u00f3n es Daniel De Vivo, a quien se refiri\u00f3 como un \u00edtalo colombiano que forma parte de su familia, aunque sin explicar que se trata de su yerno. De Vivo est\u00e1 casado con Daniella, la hija mayor de Federico Restrepo.\r\n\r\n \r\n\r\nRestrepo no especific\u00f3 que el Sammaurese, como equipo de la Serie D del f\u00fatbol italiano, es considerado un club aficionado, aunque s\u00ed dijo que para poder ascender a la Serie C, la menor del f\u00fatbol profesional italiano, el Sammaurese debe competir con clubes de otras 9 regiones. Seg\u00fan Restrepo, su visi\u00f3n se fundamenta en casos como el del exfutbolista colombiano Iv\u00e1n Ramiro C\u00f3rdoba, quien se vincul\u00f3 al Venezia FC, cuando el Venezia se encontraba en la Serie D del f\u00fatbol italiano y ahora es director deportivo del club, que actualmente juega en la Serie A.\r\n\r\n \r\n\r\nA la pregunta de con qui\u00e9n Restrepo y sus socios se hab\u00edan asesorado para comprar el\u00a0Sammaurese, el empresario se mostr\u00f3 evasivo en la entrevista, limit\u00e1ndose a mencionar a sus socios europeos, entre los que cit\u00f3 a Andrea Griminelli, \u00abm\u00fasico y productor italiano que ha participado con Andrea Bocelli\u00bb, y a \u00abBeppe Pozzo\u00bb, \u00abun gran inversionista en equipos en Italia\u00bb, seg\u00fan las palabras de Restrepo.\u00a0Adem\u00e1s de eso, Restrepo fue enf\u00e1tico en recalcar que su prop\u00f3sito es fortalecer al equipo para que logre ascender en el f\u00fatbol italiano.\u00a0De igual modo, dijo que la\u00a0selecci\u00f3n Sub 18 del Sammaurese es campeona regional, aunque el club ha ganado ya el campeonato nacional en esa categor\u00eda.\r\n\r\n \r\n<h3 class=\"wp-block-heading\">La versi\u00f3n difundida en Italia sobre la adquisici\u00f3n del Sammaurese<\/h3>\r\n <div class=\"wp-block-image\">\r\n<figure class=\"aligncenter\"><a href=\"https:\/\/avefenixnoticias.com\/wp-content\/uploads\/2023\/08\/sammaurese6.jpg\"><img decoding=\"async\" class=\"wp-image-1145\" src=\"https:\/\/avefenixnoticias.com\/wp-content\/uploads\/2023\/08\/sammaurese6.jpg\" alt=\"\" \/><\/a><\/figure>\r\n<\/div> \r\n\r\nEn Italia tambi\u00e9n se hicieron anuncios sobre la adquisici\u00f3n del club, aunque comentando otros detalles y desde otra perspectiva. Medios italianos explicaron que los nuevos socios del Sammaurese operan bajo la firma BP Global, misma que describieron como un grupo multinacional con negocios en el sector energ\u00e9tico, liderado por Giuseppe Pozzo como director general. Seg\u00fan medios italianos, los nuevos socios adquirieron el paquete mayoritario de acciones del \u00abviejo grupo\u00bb (probablemente el 60% de acciones), aunque, sin embargo, sigue al frente del club Lorenzo Campinoti como presidente y Nicola Pozzi como vicepresidente. El comunicado de prensa que anunci\u00f3 la noticia indic\u00f3 que el tim\u00f3n t\u00e9cnico y corporativo no cambiar\u00eda por ahora.\r\n\r\n \r\n\r\nLa adquisici\u00f3n de la participaci\u00f3n por parte de los nuevos accionistas del\u00a0Sammaurese\u00a0fue formalizada ante una notar\u00eda de Cesena, ciudad que forma parte de la capital de la provincia de Forl\u00ec-Cesena, el pasado lunes 5 de agosto de 2024.\r\n\r\n \r\n\r\nComo l\u00edder de las negociaciones en nombre de BP Global estuvo el abogado Pier Luigi Marengo, una figura acostumbrada al mundo del f\u00fatbol, con un pasado como presidente del Tur\u00edn. Marengo explic\u00f3 qui\u00e9nes forman parte del grupo. Seg\u00fan sus palabras: \u00abhay varias personas como Serafino Iacono y Federico Restrepo, quienes presiden diversas multinacionales cotizadas en las bolsas de Toronto, m\u00fasicos del star system como Andrea Griminelli, y abogados de negocios que cobran honorarios millonarios. El mismo Pozzo tiene una trayectoria empresarial impresionante, que lo ha visto liderar empresas en tres continentes. Federico Restrepo, quien tuvo la idea inicial de adquirir un equipo de f\u00fatbol y hacerlo crecer, tiene participaciones en varios equipos profesionales en Colombia\u00bb, asegur\u00f3 Marengo.\r\n\r\n <div class=\"wp-block-image\">\r\n<figure class=\"aligncenter\"><a href=\"https:\/\/avefenixnoticias.com\/wp-content\/uploads\/2023\/08\/Sammaurese.jpg\"><img decoding=\"async\" class=\"wp-image-1143\" src=\"https:\/\/avefenixnoticias.com\/wp-content\/uploads\/2023\/08\/Sammaurese.jpg\" alt=\"\" \/><\/a><\/figure>\r\n<\/div> \r\n\r\nEn cuanto a las razones por las que este grupo invirti\u00f3 en Sammaurese, Pozzo explic\u00f3: \u00abel deseo de adquirir un club de f\u00fatbol amateur para hacerlo crecer y empezar a dar a conocer nuestro grupo a nivel italiano\u00bb. La victoria de la selecci\u00f3n Sub 18 en el campeonato nacional tambi\u00e9n habr\u00eda influido en la elecci\u00f3n del equipo con sede en\u00a0San Mauro Pascoli.\r\n\r\n \r\n\r\nDe momento, en Italia los cr\u00edticos estiman, desde el punto de vista deportivo, no se registren mayores cambios en el Sammaurese, en el futuro inmediato, pues el equipo est\u00e1 conformado completamente para la temporada 2024\/2025. Sin embargo, con la inyecci\u00f3n de fondos que esperan por parte de los nuevos socios, suponen que a partir del a\u00f1o 2025 s\u00ed se pudieran dar cambios significativos en el club.\r\n\r\n \r\n<h2 class=\"wp-block-heading\">Verdades inc\u00f3modas detr\u00e1s de la adquisici\u00f3n<\/h2>\r\n \r\n\r\nEl anuncio de la compra del\u00a0Sammaurese, adem\u00e1s de generar expectativas, tambi\u00e9n ha generado muchas dudas, que tienden a acrecentarse a medida que salen a flote inquietantes detalles sobre los socios colombianos participantes en la operaci\u00f3n de compraventa del club y sobre sus relacionados.\r\n\r\n \r\n<h3 class=\"wp-block-heading\">\u00bfQui\u00e9n es Federico Restrepo Solano?<\/h3>\r\n \r\n<figure id=\"attachment_1142\" class=\"wp-block-image\"><a href=\"https:\/\/avefenixnoticias.com\/wp-content\/uploads\/2023\/08\/federico-restrepo6.jpg\"><img decoding=\"async\" class=\"wp-image-1142\" src=\"https:\/\/avefenixnoticias.com\/wp-content\/uploads\/2023\/08\/federico-restrepo6.jpg\" alt=\"\" \/><\/a><figcaption class=\"wp-element-caption\">Federico Restrepo Solano<\/figcaption><\/figure>\r\n \r\n\r\nFederico Adolfo Restrepo Solano es un empresario y ejecutivo de negocios barranquillero. Aunque es licenciado en comunicaci\u00f3n social, tambi\u00e9n tiene estudios en finanzas corporativas y gesti\u00f3n internacional de petr\u00f3leo y gas.\r\n\r\n \r\n\r\nRestrepo es conocido en Colombia tanto por su actividad empresarial, como por su gusto de alardear de su amistad con cantantes, actores, deportistas y otras personalidades famosas, al igual que por las ostentosas fiestas que ofrece o a las que asiste en clubes de Barranquilla.\r\n\r\n \r\n\r\nEn su \u00e9poca como ejecutivo de Pacific Rubiales, Restrepo fue varias veces criticado por ofrecer una prosperidad que nunca lleg\u00f3 a las comunidades en las que operaba la petrolera, a tal punto de suspender becas prometidas a estudiantes universitarios de comunidades humildes, cuyas familias se endeudaron confiando en la promesa de Restrepo.\r\n\r\n \r\n\r\nEl encargado de anunciar en Colombia la compra del Sammaurese ha ocupado diferentes cargos gerenciales y directivos en firmas como Coalcorp, Frontera Energy Corp., QVARTZ Capital Partners, NG Energy International Corp y m\u00e1s recientemente en\u00a0 Denarius Metals; algunas de ellas compa\u00f1\u00edas dedicadas a la explotaci\u00f3n minera, y otras a la explotaci\u00f3n de petr\u00f3leo y gas, registradas en Canad\u00e1, con excepci\u00f3n de QVARTZ Capital Partners, un fondo de capital privado fundado por Restrepo que afirma tener o haber tenido oficinas en Toronto, Nueva York, Panam\u00e1 y Bogot\u00e1.\r\n\r\n \r\n\r\nFrontera Energy Corp es el nuevo nombre que recibe una compa\u00f1\u00eda que antes se denominaba\u00a0Pacific Exploration and Production Corporation y que mucho m\u00e1s antes llevaba por nombre\u00a0Pacific Rubiales Energy. Ca\u00eddas bruscas en precios de petr\u00f3leo, malos resultados y reestructuraciones, condujeron a que la compa\u00f1\u00eda dejara de llamarse\u00a0Pacific Rubiales, hasta adoptar el nombre de\u00a0Frontera.\r\n\r\n <div class=\"wp-block-image\">\r\n<figure class=\"aligncenter\"><a href=\"https:\/\/avefenixnoticias.com\/wp-content\/uploads\/2023\/08\/pacific.rubiales.jpg\"><img decoding=\"async\" class=\"wp-image-1159\" src=\"https:\/\/avefenixnoticias.com\/wp-content\/uploads\/2023\/08\/pacific.rubiales.jpg\" alt=\"\" \/><\/a><\/figure>\r\n<\/div> \r\n\r\nHa sido precisamente con\u00a0Pacific Rubiales con la que m\u00e1s ha saltado a la palestra p\u00fablica el nombre de\u00a0Federico Restrepo Solano, desde su otrora posici\u00f3n como vicepresidente de asuntos corporativos de la compa\u00f1\u00eda, la cual abandon\u00f3 en 2017, justo cuando la firma pas\u00f3 a denominarse Frontera Energy Corp.\u00a0En 2019, se conoci\u00f3 que a la Fiscal\u00eda 36 de Bogot\u00e1-Colombia, encargada de investigar denuncias electorales, hab\u00eda llegado un oficio\u00a0de la petrolera Frontera Energy Corp, en el que se ped\u00eda abrir una averiguaci\u00f3n sobre el destino de distintos\u00a0giros realizados a terceros, que no aparec\u00edan justificados en la contabilidad que hab\u00edan heredado de Pacific. Se mencionaba la cifra de 7.200 millones de pesos colombianos.\r\n\r\n \r\n\r\nLas fechas de los giros coincid\u00edan con la primera y segunda vuelta presidencial de 2014 en Colombia, en las que finalmente el entonces presidente y candidato a la reelecci\u00f3n, Juan Manuel Santos, termin\u00f3 imponi\u00e9ndose frente a su rival, \u00d3scar Iv\u00e1n Zuluaga, este \u00faltimo respaldado por el expresidente \u00c1lvaro Uribe.\r\n\r\n \r\n<h3 class=\"wp-block-heading\">Trifulca \u00abantideportiva\u00bb<\/h3>\r\n \r\n\r\nEn 2022, se supo que la Fiscal\u00eda colombiana investigaba a Federico Restrepo por pagos irregulares en 2014 a la campa\u00f1a de Juan Manuel Santos. Uno de los pagos no justificados, por un monto de 2.636 millones de pesos colombianos, fue realizado el martes 10 de junio de 2014, justo 2 d\u00edas antes de la inauguraci\u00f3n del Mundial de F\u00fatbol de Brasil y 5 d\u00edas antes de la celebraci\u00f3n de la segunda vuelta presidencial en Colombia. Fue justamente en el marco del Mundial de F\u00fatbol 2014, cuando Restrepo protagoniz\u00f3 un bochornoso incidente en un restaurante en Brasil, junto a un grupo de acompa\u00f1antes, entre los que se encontraban Mart\u00edn y Esteban Santos, hijos del entonces presidente reelecto de Colombia, Juan Manuel Santos.\r\n\r\n \r\n\r\nEl incidente en cuesti\u00f3n se registr\u00f3 la\u00a0noche del jueves\u00a03 de julio de 2014 en el restaurante Porcao de R\u00edo de Janeiro, Brasil. Se trat\u00f3 de una trifulca, que fue rese\u00f1ada por la prensa internacional, no solo por la participaci\u00f3n de Restrepo en el altercado, sino tambi\u00e9n por la del actor de televisi\u00f3n\u00a0Manolo Cardona y el periodista Yamid Amat Serna.\r\n\r\n \r\n<figure id=\"attachment_1112\" class=\"wp-block-image\"><a href=\"https:\/\/avefenixnoticias.com\/wp-content\/uploads\/2023\/08\/santos-restrepo2.jpg\"><img decoding=\"async\" class=\"wp-image-1112\" src=\"https:\/\/avefenixnoticias.com\/wp-content\/uploads\/2023\/08\/santos-restrepo2.jpg\" alt=\"\" \/><\/a><figcaption class=\"wp-element-caption\">De izquierda a derecha, Mart\u00edn Santos (hijo mayor del entonces presidente Juan Manuel Santos); el empresario Federico Restrepo; David Luna (actual senador y exfuncionario del Gobierno Santos); el periodista Yamid Amat, detr\u00e1s de \u00e9l, el actor Manolo Cardona; seguidos por Esteban Santos (el menor de los hermanos Santos) y el actor y director de cine Juan Jos\u00e9 \u00abJuancho\u00bb Cardona (hermano del tambi\u00e9n actor Manolo Cardona, otro de los protagonistas del altercado en 2014)<\/figcaption><\/figure>\r\n \r\n\r\nUn v\u00eddeo de entonces registr\u00f3 lo sucedido en el interior del restaurante, cuando Federico Restrepo, el periodista Yamid Amat y otros de sus acompa\u00f1antes al Mundial de Futbol en Brasil, iniciaron una discusi\u00f3n con un grupo de hombres no identificados. Con un esp\u00edritu nada deportivo, en el segundo 00:30 del v\u00eddeo se ve, al fondo, a Restrepo, ahora accionista del Sammaurese, luciendo una camisa de color azul de mangas largas, mientras le lanza un plato a uno de los hombres con los que discut\u00eda, a la vez que los compa\u00f1eros de Restrepo repiten la misma acci\u00f3n. A Restrepo y a Cardona solo se les escucha decirle al hombre: \u00ab\u00a1Traicionero, hijueputa\u2026!\u00bb. Posteriormente Restrepo y sus acompa\u00f1antes fueron sacados a empujones por empleados del restaurante, mientras se ve al hombre al que Restrepo y sus compa\u00f1eros hab\u00edan atacado, con el rostro ensangrentado.\r\n\r\n \r\n<figure id=\"attachment_1115\" class=\"wp-block-image\"><a href=\"https:\/\/avefenixnoticias.com\/wp-content\/uploads\/2023\/08\/federico-restrepo2.jpg\"><img decoding=\"async\" class=\"wp-image-1115\" src=\"https:\/\/avefenixnoticias.com\/wp-content\/uploads\/2023\/08\/federico-restrepo2.jpg\" alt=\"\" \/><\/a><figcaption class=\"wp-element-caption\">El empresario Federico Restrepo lanza plato a grupo de hombres en restaurante brasile\u00f1o en 2014, siendo luego contenido por personal de seguridad del local.<\/figcaption><\/figure>\r\n \r\n\r\nTras desatarse el esc\u00e1ndalo medi\u00e1tico y a preguntas de periodistas, Federico Restrepo intent\u00f3 justificar sus actos afirmando que hab\u00eda reaccionado en \u201cleg\u00edtima defensa\u201d, despu\u00e9s de supuestamente haber sido agredido, y se\u00f1alando que el altercado se hab\u00eda originado por reproches que les realizaban p\u00fablicamente a los hijos de Juan Manuel Santos que le acompa\u00f1aban. Restrepo afirm\u00f3 incluso que su llamado hab\u00eda sido a la calma, aunque las im\u00e1genes del suceso no parecen concordar con su versi\u00f3n.\r\n\r\n \r\n\r\nPero las antes comentadas no son las \u00fanicas figuras p\u00fablicas con las que Federico Restrepo se dej\u00f3 ver con motivo del Mundial de F\u00fatbol 2014. Otra de esas figuras fue el futbolista Radamel Falcao Garc\u00eda, junto a quien Restrepo apareci\u00f3 el 13 de junio de 2014 en el interior de un avi\u00f3n, acompa\u00f1ados ambos por sus respectivas esposas, mientras viajaban a Brasil a apoyar a la selecci\u00f3n colombiana.\r\n\r\n \r\n<figure id=\"attachment_1110\" class=\"wp-block-image\"><a href=\"https:\/\/avefenixnoticias.com\/wp-content\/uploads\/2023\/08\/falcao-restrepo.jpg\"><img decoding=\"async\" class=\"wp-image-1110\" src=\"https:\/\/avefenixnoticias.com\/wp-content\/uploads\/2023\/08\/falcao-restrepo.jpg\" alt=\"\" \/><\/a><figcaption class=\"wp-element-caption\">Falcao y Federico Restrepo en 2014, en viaje al Mundial de F\u00fatbol en Brasil en compa\u00f1\u00eda de sus esposas<\/figcaption><\/figure>\r\n \r\n\r\nCon Falcao, como es m\u00e1s conocido el futbolista, Restrepo ha entablado una amistad de larga data, que todav\u00eda conserva. En abril de 2024, estuvieron incluso celebrando juntos en Madrid el cumplea\u00f1os de Juan David Ariza, representante de la marca de relojes Hublot para Latinoam\u00e9rica y uno de sus amigos en com\u00fan. All\u00ed estuvieron, adem\u00e1s, el exfutbolista espa\u00f1ol y comentarista deportivo Mario Su\u00e1rez Mata y el empresario colombiano Rub\u00e9n Cely Santos, todos ellos con sus respectivas esposas. No obstante, una de las presencias m\u00e1s llamativas fue la del exgobernador colombiano Luis Miguel \u00abEl Mello\u00bb Cotes.\r\n\r\n \r\n<figure id=\"attachment_1106\" class=\"wp-block-image\"><a href=\"https:\/\/avefenixnoticias.com\/wp-content\/uploads\/2023\/08\/mello-cotes-restrepo-falcao.jpg\"><img decoding=\"async\" class=\"wp-image-1106\" src=\"https:\/\/avefenixnoticias.com\/wp-content\/uploads\/2023\/08\/mello-cotes-restrepo-falcao.jpg\" alt=\"\" \/><\/a><figcaption class=\"wp-element-caption\">De izquierda a derecha: sentados al frente: el empresario Rub\u00e9n Cely Santos y Juan David Ariza (cumplea\u00f1ero y ejecutivo de Hublot). Detr\u00e1s de ellos, de pie: el exgobernador Luis Miguel \u00abEl Mello\u00bb Cotes, el empresario Federico Restrepo Solano, el exfutbolista Mario Su\u00e1rez Mata y el futbolista Falcao, en compa\u00f1\u00eda de las respectivas esposas de algunos de ellos.<\/figcaption><\/figure>\r\n \r\n\r\nVale la pena explicar brevemente qui\u00e9nes estuvieron en la celebraci\u00f3n en Madrid, adem\u00e1s de Restrepo y Falcao.\r\n\r\n \r\n<figure id=\"attachment_1119\" class=\"wp-block-image\"><a href=\"https:\/\/avefenixnoticias.com\/wp-content\/uploads\/2023\/08\/falcao-restrepo2.jpg\"><img decoding=\"async\" class=\"wp-image-1119\" src=\"https:\/\/avefenixnoticias.com\/wp-content\/uploads\/2023\/08\/falcao-restrepo2.jpg\" alt=\"\" \/><\/a><figcaption class=\"wp-element-caption\">De izquierda a derecha: el futbolista Falcao; el exgobernador Luis Miguel \u00abEl Mello\u00bb Cotes; los empresarios Rub\u00e9n Cely Santos y Federico Restrepo Solano, Juan David Ariza (cumplea\u00f1ero y ejecutivo de Hublot) y el exfutbolista Mario Su\u00e1rez Mata.<\/figcaption><\/figure>\r\n \r\n<h3 class=\"wp-block-heading\">Juan David Ariza<\/h3>\r\n \r\n<figure id=\"attachment_1121\" class=\"wp-block-image\"><a href=\"https:\/\/avefenixnoticias.com\/wp-content\/uploads\/2023\/08\/Juan-David-Ariza-Falcao.jpg\"><img decoding=\"async\" class=\"wp-image-1121\" src=\"https:\/\/avefenixnoticias.com\/wp-content\/uploads\/2023\/08\/Juan-David-Ariza-Falcao.jpg\" alt=\"\" \/><\/a><figcaption class=\"wp-element-caption\">Juan David Ariza y Falcao<\/figcaption><\/figure>\r\n \r\n\r\nTuvo un papel clave despu\u00e9s que en 2013 las marcas Puma y Hublot se unieran para lanzar un reloj exclusivo llamado \u00abHublot Watch Falcao\u00bb junto con una zapatilla de colecci\u00f3n, en colaboraci\u00f3n con el futbolista colombiano Radamel Falcao Garc\u00eda, convirti\u00e9ndose as\u00ed Hublot en patrocinante de Falcao. El representante de Hublot para Latinoam\u00e9rica y su esposa Silvia figuraron en la filtraci\u00f3n de los Panama Papers, como clientes del bufete Mossack Fonseca y accionistas de la sociedad Dewitt Property Corporation, establecida en 2013 en Panam\u00e1. Ariza tambi\u00e9n ha estado ocupado, desde\u00a0hace al menos una d\u00e9cada, de patrocinar actividades ben\u00e9ficas realizadas por el futbolista colombiano y su Fundaci\u00f3n Falcao.\r\n\r\n \r\n<h3 class=\"wp-block-heading\">Mario Su\u00e1rez Mata<\/h3>\r\n \r\n<figure id=\"attachment_1123\" class=\"wp-block-image\"><a href=\"https:\/\/avefenixnoticias.com\/wp-content\/uploads\/2023\/08\/Mario-Suarez-Mata.jpg\"><img decoding=\"async\" class=\"wp-image-1123\" src=\"https:\/\/avefenixnoticias.com\/wp-content\/uploads\/2023\/08\/Mario-Suarez-Mata.jpg\" alt=\"\" \/><\/a><figcaption class=\"wp-element-caption\">Mario Su\u00e1rez Mata<\/figcaption><\/figure>\r\n \r\n\r\nExfutbolista madrile\u00f1o que jug\u00f3 como centrocampista defensivo y se form\u00f3 en las categor\u00edas inferiores del Atl\u00e9tico de Madrid. Su carrera profesional incluy\u00f3 destacadas actuaciones en varios clubes, especialmente en el Atl\u00e9tico de Madrid, donde gan\u00f3 seis t\u00edtulos importantes, incluyendo la Liga espa\u00f1ola en 2014 y la UEFA Europa League en 2012. Su\u00e1rez tambi\u00e9n jug\u00f3 para otros clubes como Real Valladolid, Celta de Vigo, Mallorca, Fiorentina, Watford, Valencia CF, Guizhou Hengfeng Zhicheng FC, y Rayo Vallecano, donde se retir\u00f3 en 2023. Su paso por Rayo Vallecano (2019-2023) coincidi\u00f3 con el de Falcao (2021-2024), con quien parece haber entablado una muy buena amistad.\r\n\r\n \r\n<h3 class=\"wp-block-heading\">Rub\u00e9n Cely Santos<\/h3>\r\n \r\n<figure id=\"attachment_1131\" class=\"wp-block-image\"><a href=\"https:\/\/avefenixnoticias.com\/wp-content\/uploads\/2023\/08\/ruben-cely.jpg\"><img decoding=\"async\" class=\"wp-image-1131\" src=\"https:\/\/avefenixnoticias.com\/wp-content\/uploads\/2023\/08\/ruben-cely.jpg\" alt=\"\" \/><\/a><figcaption class=\"wp-element-caption\">Rub\u00e9n Cely Santos<\/figcaption><\/figure>\r\n \r\n\r\nRepresentante de Custom AVA SAS, una empresa de audio y v\u00eddeo arquitect\u00f3nico para inmuebles y embarcaciones, que operaba antes en Bogot\u00e1, pero que ha continuado su actividad en Miami.\r\n\r\n \r\n<h3 class=\"wp-block-heading\">Luis Miguel \u00abEl Mello\u00bb Cotes Habeych<\/h3>\r\n \r\n<figure id=\"attachment_1133\" class=\"wp-block-image\"><a href=\"https:\/\/avefenixnoticias.com\/wp-content\/uploads\/2023\/08\/mello-cotes-federico-restrepo.jpg\"><img decoding=\"async\" class=\"wp-image-1133\" src=\"https:\/\/avefenixnoticias.com\/wp-content\/uploads\/2023\/08\/mello-cotes-federico-restrepo.jpg\" alt=\"\" \/><\/a><figcaption class=\"wp-element-caption\">Luis Miguel \u00abEl Mello\u00bb Cotes Habeych y Federico Restrepo<\/figcaption><\/figure>\r\n \r\n\r\nPol\u00edtico colombiano nacido en Santa Marta en 1987 y miembro de una familia pol\u00e9mica, conocida como \u00abEl Clan Cotes\u00bb. En Colombia es recordado por haber sido el gobernador m\u00e1s joven que tuvo el pa\u00eds en su momento.\u00a0Comenz\u00f3 a tocar acorde\u00f3n a los cuatro a\u00f1os y se hizo conocido por tocar en parrandas vallenatas en los departamentos del Magdalena y el Atl\u00e1ntico. Estudi\u00f3 Administraci\u00f3n de Empresas en la Universidad del Norte y posteriormente en la Universidad Santo Tom\u00e1s, donde termin\u00f3 su carrera en 2011.\r\n\r\n \r\n\r\nCotes entr\u00f3 en la pol\u00edtica en 2007, cuando fue elegido diputado de la Asamblea del Magdalena por el Partido Liberal. En 2010, renunci\u00f3 a su cargo para lanzarse a la Gobernaci\u00f3n del Magdalena, inicialmente con el aval del Partido Liberal, a cuyo apoyo Cotes debi\u00f3 renunciar luego que\u00a0Trino Luna Correa y Omar D\u00edazgranados Vel\u00e1squez se relacionaron con Luis Miguel Cotes, al apoyar su candidatura a la gobernaci\u00f3n del Magdalena. Trino Luna Correa, un exgobernador condenado por parapol\u00edtica y Omar D\u00edazgranados Vel\u00e1squez, un otrora gobernador suspendido, fueron mencionados como partidarios de Cotes en su campa\u00f1a electoral. Tras renunciar al respaldo\u00a0del Partido Liberal,\u00a0Cotes decidi\u00f3 postularse como\u00a0candidato independiente bajo el movimiento c\u00edvico \u00abRespeto por el Magdalena\u00bb, despu\u00e9s de recoger 160 mil firmas.\r\n\r\n \r\n\r\nFue elegido gobernador del Magdalena en 2011 a los 24 a\u00f1os, convirti\u00e9ndose en el gobernador m\u00e1s joven del pa\u00eds. Su mandato estuvo marcado por pol\u00e9micas, incluyendo la inclusi\u00f3n de su t\u00eda Rosa Cotes en su equipo de gobierno y acusaciones de corrupci\u00f3n.\r\n\r\n \r\n\r\nDespu\u00e9s de su mandato, Cotes se postul\u00f3 nuevamente para la gobernaci\u00f3n en 2019, pero no result\u00f3 elegido. Actualmente, enfrenta investigaciones y acusaciones por parte de la Fiscal\u00eda General de la Naci\u00f3n y la Corte Suprema de Justicia, y se encuentra residiendo en el extranjero, evadiendo una probable solicitud de extradici\u00f3n a Colombia.\r\n\r\n <div class=\"wp-block-image\">\r\n<figure class=\"aligncenter\"><a href=\"https:\/\/avefenixnoticias.com\/wp-content\/uploads\/2024\/08\/mello-gobernador.jpg\"><img decoding=\"async\" class=\"wp-image-1162\" src=\"https:\/\/avefenixnoticias.com\/wp-content\/uploads\/2024\/08\/mello-gobernador.jpg\" alt=\"\" \/><\/a><\/figure>\r\n<\/div> \r\n\r\nLuis Miguel \u00abEl Mello\u00bb Cotes fue gobernador del Magdalena entre los a\u00f1os 2012 y 2015. El territorio gobernado por\u00a0\u00abEl Mello\u00bb Cotes\u00a0era una de las zonas en las que operaba\u00a0la compa\u00f1\u00eda Pacific Rubiales, justo cuando Federico Restrepo, con quien Cotes ahora se re\u00fane en Espa\u00f1a, era ejecutivo de la firma dedicada entonces a la exploraci\u00f3n y explotaci\u00f3n de petr\u00f3leo y gas.\r\n\r\n \r\n\r\nPacific Rubiales Energy Corp. ten\u00eda intereses en varios bloques exploratorios en Colombia, incluyendo el Magdalena, y realiz\u00f3 actividades de exploraci\u00f3n y producci\u00f3n en la regi\u00f3n.\r\n\r\n \r\n\r\nEn el a\u00f1o 2021, la Fiscal\u00eda General de la Naci\u00f3n de Colombia acus\u00f3 a Luis Miguel \u00abEl Mello\u00bb Cotes por varias irregularidades y delitos cometidos durante su mandato como gobernador del Magdalena.\r\n\r\n \r\n<figure id=\"attachment_1136\" class=\"wp-block-image\"><a href=\"https:\/\/avefenixnoticias.com\/wp-content\/uploads\/2023\/08\/la-gata.jpg\"><img decoding=\"async\" class=\"wp-image-1136\" src=\"https:\/\/avefenixnoticias.com\/wp-content\/uploads\/2023\/08\/la-gata.jpg\" alt=\"\" \/><\/a><figcaption class=\"wp-element-caption\">Enilce L\u00f3pez Romero, alias \u00abLa Gata\u00bb<\/figcaption><\/figure>\r\n \r\n\r\nSe le acusa de haber favorecido los intereses de Enilce L\u00f3pez Romero, alias \u00abLa Gata\u00bb, en la adjudicaci\u00f3n del juego de apuestas conocido como \u00abChance\u00bb, en su primer a\u00f1o de mandato. Igualmente, se investiga su probable comisi\u00f3n de peculado por apropiaci\u00f3n, entre otros delitos, durante su tiempo como gobernador del Magdalena.\u00a0Tambi\u00e9n se le investiga por enriquecimiento il\u00edcito y lavado de activos, as\u00ed como por contrato sin cumplimiento de requisitos legales.\u00a0Se le acusa junto con su t\u00eda, Rosa Cotes, quien fuera gobernadora del departamento de Magdalena entre los a\u00f1os 2016 y 2019; de irregularidades en la adjudicaci\u00f3n de contratos durante sus respectivos mandatos.\r\n\r\n \r\n\r\nEn 2023, la Fiscal\u00eda General de la Naci\u00f3n acus\u00f3 formalmente a los exgobernadores de Magdalena, Luis Miguel Cotes Habeych y Rosa Cotes de Z\u00fa\u00f1iga, por los delitos de contrato sin cumplimiento de los requisitos legales y peculado por apropiaci\u00f3n a favor de terceros. Estas acusaciones est\u00e1n relacionadas con irregularidades en la contrataci\u00f3n y ejecuci\u00f3n del proyecto de mejoramiento del tramo vial conocido como la \u00abV\u00eda de la Prosperidad\u00bb en Magdalena.\r\n\r\n \r\n\r\nLuis Miguel Cotes Habeych fue acusado de tramitar y celebrar el contrato 617 del 4 de octubre de 2013 de manera irregular, en su tiempo como gobernador, utilizando estudios y dise\u00f1os desactualizados que afectaron el correcto desarrollo del proyecto. Esto gener\u00f3 sobrecostos y p\u00e9rdidas para el departamento por 28.416 millones de pesos.\r\n\r\n \r\n\r\nRosa Cotes de Z\u00fa\u00f1iga, la t\u00eda de \u00abEl Mello\u00bb, fue acusada de autorizar, en su \u00e9poca de gobernadora, un otros\u00ed y tres modificaciones al contrato original, lo que cambi\u00f3 las condiciones t\u00e9cnicas, presupuestales y de tiempo de ejecuci\u00f3n definidas inicialmente. Estas acciones resultaron en un pago adicional de 47.911 millones de pesos por la obra. En total, las p\u00e9rdidas para el departamento se estimaron en 76.327 millones de pesos.\r\n\r\n \r\n\r\n\u00abEl Mello\u00bb Cotes favoreci\u00f3 a Enilce L\u00f3pez, alias \u00abLa Gata\u00bb, en el juego del Chance en Magdalena a trav\u00e9s de una licitaci\u00f3n p\u00fablica ama\u00f1ada. En octubre de 2012, como gobernador del Magdalena, Cotes convoc\u00f3 una reuni\u00f3n para contratar la empresa que se encargar\u00eda de la operaci\u00f3n del Chance en el departamento durante cinco a\u00f1os. Seg\u00fan la Fiscal\u00eda, Cotes estableci\u00f3 condiciones en la licitaci\u00f3n que solo la empresa Aposmar S.A., propiedad de Enilce L\u00f3pez, pod\u00eda cumplir. Estas condiciones inclu\u00edan la necesidad de instalaciones, puntos de venta, vendedores, capacidad tecnol\u00f3gica y mano de obra, que solo pose\u00eda\u00a0Aposmar S.A., empresa que operaba tambi\u00e9n en\u00a0otros departamentos del Caribe.\r\n\r\n \r\n\r\nEnilce L\u00f3pez Romero, conocida como \u00abLa Gata\u00bb, fue una empresaria colombiana que comenz\u00f3 su carrera como empleada dom\u00e9stica y luego se convirti\u00f3 en una figura poderosa en el negocio de las apuestas en la costa Caribe de Colombia. Su ascenso estuvo respaldado por el crimen y la complicidad paramilitar, lo que le permiti\u00f3 acumular poder y temor en la regi\u00f3n.\r\n\r\n \r\n\r\nAlias \u00abLa Gata\u00bb, fallecida el 13 de enero de 2024, tuvo una relaci\u00f3n significativa con el paramilitarismo y el narcotr\u00e1fico. Fue se\u00f1alada de tener nexos con el narcotraficante Gonzalo Rodr\u00edguez Gacha del Cartel de Medell\u00edn y con el Clan Gnecco, un grupo paramilitar. Adem\u00e1s, fue condenada por su colaboraci\u00f3n con el grupo paramilitar de las Autodefensas Unidas de Colombia (AUC) y por coordinar homicidios con ellos. Su relaci\u00f3n con Salvatore Mancuso, excomandante de las AUC, tambi\u00e9n fue comentada, pues se la consideraba su testaferro en la costa Caribe.\r\n\r\n \r\n\r\n\u00abEl Clan Cotes\u00bb ha sido relacionado con otras pol\u00e9micas de corrupci\u00f3n en Colombia.\r\n\r\n \r\n<h3 class=\"wp-block-heading\">\u00abMellizo\u00bb<\/h3>\r\n \r\n\r\nLuis Miguel Cotes es conocido como \u00abEl Mello\u00bb o\u00a0\u00abMellizo\u00bb, por tener un hermano gemelo, de nombre \u00c1lvaro, que tambi\u00e9n ha coqueteado con la pol\u00edtica en Colombia. \u00c1lvaro es el nombre tambi\u00e9n de el padre de ambos, empresario\u00a0envuelto en\u00a0diferentes controversias pol\u00edticas.\r\n\r\n \r\n<figure id=\"attachment_1117\" class=\"wp-block-image\"><a href=\"https:\/\/avefenixnoticias.com\/wp-content\/uploads\/2023\/08\/luis-miguel-alvaro-cotes.jpg\"><img decoding=\"async\" class=\"wp-image-1117\" src=\"https:\/\/avefenixnoticias.com\/wp-content\/uploads\/2023\/08\/luis-miguel-alvaro-cotes.jpg\" alt=\"\" \/><\/a><figcaption class=\"wp-element-caption\">El exgobernador Luis Miguel Cotes y su hermano \u00c1lvaro<\/figcaption><\/figure>\r\n \r\n\r\nPero no fue\u00a0\u00c1lvaro Cotes quien estuvo en la celebraci\u00f3n en Madrid del cumplea\u00f1os de\u00a0Juan David Ariza, sino su hermano, el exgobernador\u00a0Luis Miguel\u00a0\u00abEl Mello\u00bb Cotes.\u00a0Desde el a\u00f1o 2022 se rumoreaba que\u00a0Luis Miguel\u00a0Cotes se encontraba en Europa, con el prop\u00f3sito de evadir a la justicia colombiana, primero residiendo en Italia y luego en Espa\u00f1a. El portal\u00a0<a href=\"https:\/\/diariolalibertad.com\/sitio\/2023\/05\/23\/la-dura-vida-de-sibarita-del-exgobernador-mello-cotes-en-madrid-espana-mientras-burla-a-la-justicia-colombiana\/\" target=\"_blank\" rel=\"noreferrer noopener\">Diario La Libertad<\/a>\u00a0explicaba en mayo de 2023 que Luis Miguel Cotes Habeych llevaba una vida de sibarita en Madrid, junto con su familia, residiendo transitoriamente en un exclusivo apartamento de la capital espa\u00f1ola; haci\u00e9ndose pasar por un exitoso profesional colomboitaliano del sector agropecuario, con el prop\u00f3sito de adelantar estudios de especializaci\u00f3n. Seg\u00fan el referido portal, \u00abEl Mello\u00bb Cotes se habr\u00eda planteado huir a Italia, si Colombia solicitaba su extradici\u00f3n, aprovechando su supuesta ciudadan\u00eda italiana. De esa manera Cotes pudiera evitar la extradici\u00f3n, tomando en consideraci\u00f3n la tradici\u00f3n de Italia de no extraditar a sus ciudadanos.\r\n\r\n \r\n\r\nPero m\u00e1s all\u00e1 de lo anterior, lo cierto es que\u00a0\u00abEl Mello\u00bb Cotes fue visto junto a su esposa, la actriz colombiana\u00a0Carina Cruz, frecuentando restaurantes y otros lugares en Madrid, justo en la misma \u00e9poca de la fiesta de\u00a0Juan David Ariza, en la que estuvo junto al empresario Federico Restrepo.\r\n\r\n \r\n\r\nEn febrero de 2024, el propio exgobernador Luis Miguel Cotes hizo p\u00fablico un v\u00eddeo en el que mostraba sus dotes como acordeonista, junto al cantautor colombiano\u00a0Jos\u00e9 Dar\u00edo Mart\u00ednez, m\u00e1s conocido como \u00abChabuco\u00bb, durante una presentaci\u00f3n en el club Recoletos Jazz, ubicado en el AC Hotel Recoletos, en el barrio de Salamanca en Madrid.\r\n\r\n \r\n\r\nLuis Miguel Cotes toca el acorde\u00f3n junto a \u00abChabuco\u00bb en Recoletos Jazz. Febrero, 2024.\r\n\r\n \r\n\r\nCabe preguntarse, considerando su supuesta ciudadan\u00eda italiana y su relaci\u00f3n con Federico Restrepo: \u00bfAcaso \u00abEl Mello\u00bb Cotes, exgobernador con un pasado tan controvertido, es uno de los nuevos socios en la sombra del Sammaurese?\r\n\r\n \r\n<h3 class=\"wp-block-heading\">Falcao y la compra del\u00a0Sammaurese<\/h3>\r\n \r\n\r\nCuando en la entrevista radial del pasado 8 de agosto, a Federico Restrepo le preguntaron qui\u00e9n lo hab\u00eda asesorado a \u00e9l ya sus socios para comprar el Sammaurese,\u00a0Restrepo parece haber olvidado un nombre.\r\n\r\n \r\n\r\nUna presencia inocultable en la compra del Sammaurese es la del futbolista colombiano Radamel Falcao Garc\u00eda. En septiembre de 2023 se llev\u00f3 a cabo una presentaci\u00f3n conjunta en Madrid del cantante Andrea Bocelli y de un compatriota, Andrea Griminelli, un flautista italiano que se precia de su amistad con artistas de la talla del difunto Luciano Pavarotti y Sting, entre otros famosos. A esa presentaci\u00f3n de Bocelli y Griminelli asistieron Falcao y el empresario italocolombovenezolano Serafino Iacono, de quien Federico Restrepo ha sido socio y amigo desde los tiempos de Pacific Rubiales y Coalcorp. All\u00ed Tambi\u00e9n estuvieron las esposas de Iacono y Falcao, posando todos con Andrea Bocelli.\r\n\r\n \r\n<figure id=\"attachment_1129\" class=\"wp-block-image\"><a href=\"https:\/\/avefenixnoticias.com\/wp-content\/uploads\/2023\/08\/falcao-bocelli-iacono.jpg\"><img decoding=\"async\" class=\"wp-image-1129\" src=\"https:\/\/avefenixnoticias.com\/wp-content\/uploads\/2023\/08\/falcao-bocelli-iacono.jpg\" alt=\"\" \/><\/a><figcaption class=\"wp-element-caption\">Falcao, su esposa Lorelei Tar\u00f3n; Andrea Bocelli; la periodista y exreina de belleza Mar\u00eda Paola Mej\u00eda y su esposo Serafino Iacono.<\/figcaption><\/figure>\r\n \r\n<figure id=\"attachment_1127\" class=\"wp-block-image\"><a href=\"https:\/\/avefenixnoticias.com\/wp-content\/uploads\/2023\/08\/Falcao-y-Andrea-Bocelli.jpg\"><img decoding=\"async\" class=\"wp-image-1127\" src=\"https:\/\/avefenixnoticias.com\/wp-content\/uploads\/2023\/08\/Falcao-y-Andrea-Bocelli.jpg\" alt=\"\" \/><\/a><figcaption class=\"wp-element-caption\">Falcao y Andrea Bocelli<\/figcaption><\/figure>\r\n \r\n\r\nIacono y Falcao aprovecharon la ocasi\u00f3n para fotografiarse con Griminelli. La fotograf\u00eda resulta ic\u00f3nica, considerando que el propio Federico Restrepo reconoci\u00f3 en la entrevista radial que Iacono y Griminelli participaron en la compra del Sammaurese. Siendo as\u00ed, resulta poco probable que Falcao no estuviera enterado, asesorara o participara de alg\u00fan modo en la compra del equipo, dada su cercan\u00eda con Federico Restrepo, Serafino Iacono y Andrea Griminelli. \u00bfPor qu\u00e9 ocultar entonces el nombre de Falcao?\r\n\r\n \r\n<figure id=\"attachment_1125\" class=\"wp-block-image\"><a href=\"https:\/\/avefenixnoticias.com\/wp-content\/uploads\/2023\/08\/Serafino-Iacono-Andrea-Griminelli-y-Falcao.jpg\"><img decoding=\"async\" class=\"wp-image-1125\" src=\"https:\/\/avefenixnoticias.com\/wp-content\/uploads\/2023\/08\/Serafino-Iacono-Andrea-Griminelli-y-Falcao.jpg\" alt=\"\" \/><\/a><figcaption class=\"wp-element-caption\">Serafino Iacono, Andrea Griminelli y Falcao en Madrid. Septiembre de 2023.<\/figcaption><\/figure>\r\n \r\n\r\nPara el momento de aquellas fotos, Falcao formaba parte de la plantilla del club de f\u00fatbol madrile\u00f1o Rayo Vallecano. De Serafino Iacono puede decirse que lleva a\u00f1os de recorrido empresarial en Espa\u00f1a, dirigiendo firmas como Kukenan Inversiones SL, fundada en 2006 y de la que fue administrador \u00fanico hasta 2019, sin incluir otras que dirige en la actualidad en suelo ib\u00e9rico.\r\n\r\n \r\n\r\n<strong>Presentaci\u00f3n del flautista Andrea Griminelli y el cantante Andrea Bocelli en Madrid. Septiembre, 2023.<\/strong>\r\n\r\n \r\n<h3 class=\"wp-block-heading\">El imperio manchado de Iacono<\/h3>\r\n \r\n\r\nSerafino Iacono, nacido en Caracas-Venezuela en 1961, se ha convertido en una figura controvertida en el mundo empresarial colombiano. Este economista, graduado de la Universidad de Nueva York, ha dejado una pol\u00e9mica huella en los sectores petrolero, gas\u00edfero y minero de Colombia desde su llegada al pa\u00eds en por lo menos el a\u00f1o 1994.\r\n\r\n \r\n<figure id=\"attachment_1141\" class=\"wp-block-image\"><a href=\"https:\/\/avefenixnoticias.com\/wp-content\/uploads\/2023\/08\/Serafino-Iacono.jpg\"><img decoding=\"async\" class=\"wp-image-1141\" src=\"https:\/\/avefenixnoticias.com\/wp-content\/uploads\/2023\/08\/Serafino-Iacono.jpg\" alt=\"\" \/><\/a><figcaption class=\"wp-element-caption\">Serafino Iacono<\/figcaption><\/figure>\r\n \r\n\r\nIacono salt\u00f3 a la fama como uno de los fundadores de Pacific Rubiales, una empresa petrolera constituida en Canad\u00e1 que operaba principalmente en Colombia. Junto a otros exejecutivos venezolanos de PDVSA, como Ronald Pantin y Jos\u00e9 Francisco Arata, salidos de la estatal venezolana luego del paro petrolero de 2002 en Venezuela contra la administraci\u00f3n de Hugo Ch\u00e1vez, Iacono se estableci\u00f3 en el mercado colombiano.\r\n\r\n \r\n\r\nLa trayectoria de Iacono en Colombia ha estado marcada por su participaci\u00f3n en numerosas empresas del sector extractivo. Entre ellas se encuentran Tecnopetrol, Gran Colombia Gold, Medoro Resources y Pentanova.\r\n\r\n \r\n\r\nSu influencia se extiende m\u00e1s all\u00e1 del petr\u00f3leo. Iacono fue consejero de Strategic Mineral Spain, una empresa espa\u00f1ola dedicada a la extracci\u00f3n de esta\u00f1o y litio en Galicia. Tambi\u00e9n ha incursionado en otros sectores, como el vitivin\u00edcola, con la creaci\u00f3n de una cadena de tiendas de vinos llamada La Calvane, y el gastron\u00f3mico, con el restaurante italiano Megazzino en Colombia.\r\n\r\n \r\n\r\nLa naturalizaci\u00f3n de Iacono como ciudadano colombiano el 14 de julio de 2010, durante la presidencia de \u00c1lvaro Uribe V\u00e9lez, marc\u00f3 un hito en su carrera en el pa\u00eds.\r\n\r\n \r\n\r\nLa trayectoria de Serafino Iacono en Colombia ha estado marcada por controversias y acusaciones de conflictos de inter\u00e9s. Su estrecha relaci\u00f3n con el Gobierno de \u00c1lvaro Uribe, particularmente durante su segundo mandato (2006-2010), ha sido objeto de intenso escrutinio.\r\n\r\n \r\n\r\nPacific Rubiales, la empresa insignia de Iacono, se benefici\u00f3 notablemente de las pol\u00edticas de Uribe. La llamada \u00abseguridad democr\u00e1tica\u00bb incluy\u00f3 la creaci\u00f3n de batallones militares exclusivos para proteger zonas petroleras, permitiendo a la compa\u00f1\u00eda operar en \u00e1reas conflictivas con mayor seguridad. Sin embargo, esta colaboraci\u00f3n levant\u00f3 sospechas sobre la posible connivencia entre intereses privados y pol\u00edticas p\u00fablicas.\r\n\r\n \r\n\r\nEl fen\u00f3meno de las \u00abpuertas giratorias\u00bb entre el gobierno y Pacific Rubiales tambi\u00e9n gener\u00f3 pol\u00e9mica. Exfuncionarios del gobierno de Uribe ocuparon altos cargos en la empresa o sus subsidiarias tras dejar sus puestos p\u00fablicos. Un caso notorio fue el de Hern\u00e1n Mart\u00ednez Torres, exministro de Minas y Energ\u00eda, quien presidi\u00f3 Pacific Coal Resources, una filial de Pacific Rubiales, despu\u00e9s de su salida del Gobierno.\r\n\r\n \r\n\r\nLas operaciones de Pacific Rubiales no estuvieron exentas de conflictos sociales y ambientales. Las comunidades locales denunciaron problemas ecol\u00f3gicos, precarias condiciones laborales y represi\u00f3n por parte de las fuerzas de seguridad p\u00fablica y privada de la empresa.\r\n\r\n \r\n\r\nAdem\u00e1s, la empresa se vio envuelta en controversias ambientales. Un caso destacado fue la autorizaci\u00f3n otorgada a Frank Giustra, empresario canadiense asociado a Pacific Rubiales, para explotar una zona de biodiversidad \u00fanica en el departamento del Choc\u00f3, lo que desat\u00f3 cr\u00edticas de grupos ambientalistas.\r\n\r\n \r\n\r\nEl entramado empresarial de Serafino Iacono se extiende como una telara\u00f1a por el sector extractivo, dejando a su paso un reguero de pol\u00e9micas y cuestionamientos \u00e9ticos. Su presencia en m\u00faltiples compa\u00f1\u00edas parece m\u00e1s un juego de ajedrez corporativo que una genuina contribuci\u00f3n al desarrollo econ\u00f3mico.\r\n\r\n \r\n\r\nIacono ha dejado su huella en Aris Mining, NG Energy International Corp., y Frontera Energy Corp., ocupando posiciones estrat\u00e9gicas que le permiten ejercer su influencia.\r\n\r\n \r\n\r\nSu curr\u00edculum se extiende tambi\u00e9n al sector minero, con roles directivos en Denarius Metals y Coalcorp Mining Inc., empresas que operan en territorios latinoamericanos ricos en recursos pero plagados de conflictos sociales.\r\n\r\n \r\n\r\nEl historial de Iacono en estas empresas est\u00e1 manchado por acusaciones de v\u00ednculos corporativos con grupos paramilitares, una sombra que se ha cernido no solo sobre Iacono, sino tambi\u00e9n sobre el otrora gobierno del expresidente colombiano \u00c1lvaro Uribe, su en el pasado aliado pol\u00edtico. Estas alegaciones han puesto en tela de juicio la legitimidad de las operaciones de Pacific Rubiales y otras empresas asociadas a Iacono, sugiriendo una perturbadora simbiosis entre intereses corporativos y fuerzas irregulares.\r\n\r\n \r\n\r\nA pesar de la ret\u00f3rica de desarrollo y progreso, el legado de Iacono y varios de sus socios en Colombia es un mosaico de conflictos ambientales, laborales y sociales. Su habilidad para navegar en las turbias aguas de la pol\u00edtica y los negocios latinoamericanos revela m\u00e1s sobre la corrupci\u00f3n sist\u00e9mica que sobre el verdadero liderazgo empresarial.\r\n\r\n \r\n\r\nMientras Iacono sigue acumulando t\u00edtulos y posiciones en juntas directivas, las comunidades afectadas por sus operaciones contin\u00faan luchando contra los impactos negativos de sus empresas. Su \u00ab\u00e9xito\u00bb empresarial parece construido sobre cimientos de arena, dejando tras de s\u00ed un legado cuestionable y una reputaci\u00f3n cada vez m\u00e1s erosionada.\r\n\r\n \r\n\r\nSerafino Iacono se involucr\u00f3 en un controvertido proyecto minero en Italia a principios de la d\u00e9cada de 2000. Junto a sus socios Jos\u00e9 Francisco Arata y Miguel \u00c1ngel de la Campa, Iacono fund\u00f3 la empresa Medoro Resources, que adquiri\u00f3 concesiones mineras en Cerde\u00f1a, incluyendo la mina de Furtei y los proyectos de exploraci\u00f3n en Osilo y Monte Ollasteddu. De la Campa fue director de una firma danesa que ya hace varios a\u00f1os compr\u00f3 un controversial castillo en la Toscana.\r\n\r\n \r\n\r\nEl inter\u00e9s principal de Iacono y sus socios se centraba en el potencial aur\u00edfero de Monte Ollasteddu. Sin embargo, el proyecto enfrent\u00f3 obst\u00e1culos significativos. En Tur\u00edn, base de operaciones de la empresa en Italia, Arata exhib\u00eda un estilo de vida ostentoso, llegando a Cerde\u00f1a en yate y haciendo alarde de su riqueza.\r\n\r\n \r\n\r\nEs en Tur\u00edn tambi\u00e9n donde se encuentra la sede de B.P. GLOBAL SRL, la compa\u00f1\u00eda italiana dirigida por Giuseppe Pozzo, quien ahora figura como uno de los nuevos socios del club de f\u00fatbol Sammaurese, junto a Federico Restrepo y Serafino Iacono. B.P. GLOBAL SRL se presenta en Italia como una compa\u00f1\u00eda de extracci\u00f3n minera, de gas y petr\u00f3leo, aunque diminuta y poco conocida, si bien sus siglas se asemejan a las de una famosa transnacional petrolera.\r\n\r\n \r\n\r\nA pesar de las expectativas, el proyecto en Monte Ollasteddu no logr\u00f3 materializarse hace dos d\u00e9cadas atr\u00e1s, como contemplaba Iacono. El consejo municipal bloque\u00f3 la concesi\u00f3n, y la proximidad a una base a\u00e9rea militar en Quirra complic\u00f3 a\u00fan m\u00e1s su desarrollo. Adem\u00e1s, la mina de Furtei heredada por Medoro Resources presentaba riesgos ambientales considerables, incluyendo el peligro de desbordamiento de embalses.\r\n\r\n \r\n\r\nEste episodio ilustra las complicaciones y controversias que rodearon las actividades mineras de Iacono y sus asociados en territorio italiano, dejando un legado de proyectos inconclusos y preocupaciones ambientales.\r\n\r\n \r\n<h3 class=\"wp-block-heading\">El oscuro negocio del escauteo de futbolistas: \u00bfUna forma moderna de explotaci\u00f3n?<\/h3>\r\n \r\n\r\nEl reciente anuncio del empresario Federico Restrepo sobre sus planes de escauteo de futbolistas en Colombia ha despertado serias preocupaciones en el \u00e1mbito deportivo. Como nuevo accionista del equipo italiano Sammaurese, Restrepo plantea establecer contactos con academias de f\u00fatbol en ciudades como Bogot\u00e1, Barranquilla y Medell\u00edn, con el objetivo de identificar j\u00f3venes talentos para llevarlos a Europa. Sin embargo, esta pr\u00e1ctica levanta interrogantes sobre la \u00e9tica y legalidad de tales operaciones.\r\n\r\n <div class=\"wp-block-image\">\r\n<figure class=\"aligncenter\"><a href=\"https:\/\/avefenixnoticias.com\/wp-content\/uploads\/2023\/08\/sammaurese9.jpg\"><img decoding=\"async\" class=\"wp-image-1149\" src=\"https:\/\/avefenixnoticias.com\/wp-content\/uploads\/2023\/08\/sammaurese9.jpg\" alt=\"\" \/><\/a><\/figure>\r\n<\/div> \r\n\r\nEl escauteo de jugadores, especialmente cuando provienen de pa\u00edses en desarrollo, ha sido comparado por cr\u00edticos con una forma moderna de esclavitud. La industria del f\u00fatbol ha visto c\u00f3mo el descubrimiento de talentos en \u00c1frica ha enriquecido a numerosos intermediarios y clubes europeos. Este fen\u00f3meno no solo ha llenado las arcas de muchos, sino que tambi\u00e9n ha transformado el panorama futbol\u00edstico internacional, con jugadores de origen africano nacionalizados en pa\u00edses como Espa\u00f1a y Francia, convirti\u00e9ndose en figuras destacadas de selecciones europeas.\r\n\r\n \r\n\r\nNo obstante, las regulaciones actuales impuestas por la UEFA y la FIFA han complicado estas pr\u00e1cticas, especialmente cuando se trata de menores de edad. Contrario a lo que Restrepo sugiere, las normativas internacionales proh\u00edben el traslado de jugadores menores de edad sin la presencia de sus representantes legales, lo que pone en tela de juicio la viabilidad de su propuesta.\r\n\r\n \r\n\r\nEl discurso de Restrepo, presentado en una entrevista con el periodista Julio S\u00e1nchez Cristo en la cadena radial colombiana La W, parece ignorar las complejidades legales y \u00e9ticas del escauteo internacional. Su propuesta de ofrecer oportunidades a j\u00f3venes talentos colombianos para mostrarse en Europa a trav\u00e9s del Sammaurese, un equipo de la Serie D italiana (equivalente a la cuarta divisi\u00f3n), suena m\u00e1s a una estrategia de marketing que a un plan viable.\r\n\r\n \r\n\r\nLa realidad es mucho m\u00e1s compleja. El f\u00fatbol europeo est\u00e1 regido por estrictas regulaciones sobre el n\u00famero de jugadores extranjeros permitidos por equipo, limitando significativamente las oportunidades para nuevos talentos, especialmente en clubes de divisiones inferiores. Adem\u00e1s, el caso del Sammaurese, un equipo de cuarta categor\u00eda, dif\u00edcilmente representa una plataforma realista para el desarrollo de carreras profesionales de alto nivel.\r\n\r\n \r\n\r\nHist\u00f3ricamente, estas pr\u00e1cticas han sido asociadas con casos de explotaci\u00f3n. Se han documentado situaciones en las que j\u00f3venes futbolistas fueron enga\u00f1ados con falsas promesas, terminando en condiciones de explotaci\u00f3n laboral, prostituci\u00f3n o incluso siendo utilizados como mulas del narcotr\u00e1fico. Casos similares se han reportado en diferentes partes del mundo, incluyendo pa\u00edses latinoamericanos, donde j\u00f3venes han sido llevados bajo enga\u00f1os a pa\u00edses como Australia e Italia.\r\n\r\n \r\n\r\nLas regulaciones actuales en el f\u00fatbol internacional, especialmente en Italia, han endurecido las condiciones para el traslado de jugadores j\u00f3venes. Estas medidas surgieron como respuesta a los esc\u00e1ndalos de contrataciones irregulares, como el caso de Neymar en el Barcelona, que llevaron a la UEFA a imponer restricciones m\u00e1s severas.\r\n\r\n \r\n\r\nUn aspecto crucial en este debate son los derechos de formaci\u00f3n. Los clubes que desarrollan j\u00f3venes talentos tienen derecho a una compensaci\u00f3n financiera cada vez que el jugador es transferido, lo que ha generado un mercado secundario en torno a la formaci\u00f3n de futbolistas. Sin embargo, este sistema tambi\u00e9n ha sido criticado por potencialmente incentivar la explotaci\u00f3n de menores.\r\n\r\n \r\n\r\nLas autoridades italianas, en particular, han implementado regulaciones estrictas para prevenir el tr\u00e1fico de j\u00f3venes jugadores. Estas normas exigen que los menores de edad solo puedan ser trasladados con sus representantes legales, generalmente sus padres. Se han dado casos extremos donde clubes han intentado eludir estas reglas, como el intento de contratar a la madre de un jugador como trabajadora de mantenimiento para justificar su residencia en Italia.\r\n\r\n \r\n\r\nEn \u00faltima instancia, las promesas de Restrepo de ofrecer a j\u00f3venes futbolistas colombianos oportunidades en Europa a trav\u00e9s de un equipo de cuarta divisi\u00f3n italiana parecen poco realistas y potencialmente enga\u00f1osas. El sue\u00f1o del f\u00fatbol europeo, aunque atractivo, est\u00e1 rodeado de complejas barreras legales y \u00e9ticas que no pueden ser ignoradas.\r\n\r\n \r\n<h3 class=\"wp-block-heading\">Volteretas financieras y para\u00edsos fiscales<\/h3>\r\n <div class=\"wp-block-image\">\r\n<figure class=\"aligncenter\"><a href=\"https:\/\/avefenixnoticias.com\/wp-content\/uploads\/2023\/08\/paraiso-fiscal.jpg\"><img decoding=\"async\" class=\"wp-image-1153\" src=\"https:\/\/avefenixnoticias.com\/wp-content\/uploads\/2023\/08\/paraiso-fiscal.jpg\" alt=\"\" \/><\/a><\/figure>\r\n<\/div> \r\n\r\nAunque Federico Restrepo y Serafino Iacono son m\u00e1s conocidos por su participaci\u00f3n en empresas mineras, gas\u00edferas y petroleras, un rol menos conocido de ambos es el de la conformaci\u00f3n de fondos de capital para inversiones, y el de la creaci\u00f3n de complejas y opacas estructuras corporativas, en para\u00edsos fiscales y con el uso de prestanombres, para enmascarar la identidad de los inversores y beneficiarios finales o para otros oscuros fines contables.\r\n\r\n \r\n\r\nCuando se anunci\u00f3 en Italia la compra del Sammaurese por parte de inversores extranjeros, en asociaci\u00f3n con un grupo de ciudadanos italianos, se dijo que hab\u00eda involucrados abogados de negocios que cobran honorarios millonarios. En el caso de otras sociedades conformadas por Federico Restrepo y Serafino Iacono, han sido precisamente ese tipo de abogados o sus empleados quienes se han encargado de fungir como testaferros en representaci\u00f3n de intereses de terceros, que seg\u00fan se sospecha, se trata de socios que intentan mantener oculta su identidad. En determinados casos, los abogados delegan tal funci\u00f3n en administradores o contadores profesionales, u otras personas que trabajan para ellos.\r\n\r\n \r\n\r\nEn Espa\u00f1a, por ejemplo, Federico Restrepo figura como administrador solidario de la sociedad Acantilado Iberia Holding SL, que tiene como objeto social \u00abla promoci\u00f3n e inversi\u00f3n en bienes inmuebles para su explotaci\u00f3n en r\u00e9gimen de alquiler o de cualquier otra forma admitida en derecho, adem\u00e1s de \u00abla compra, venta, construcci\u00f3n, reforma y explotaci\u00f3n de todo tipo de bienes inmuebles, edificaciones, urbanizaciones, industrias e instalaciones\u00bb. Sin embargo, el administrador \u00fanico de la sociedad espa\u00f1ola es la Fundacion Acantilado Investment, una fundaci\u00f3n paname\u00f1a presidida por Jacqueline Ester Hayot Castillo, una prestanombre que estudi\u00f3 administraci\u00f3n de empresas y se ha desempe\u00f1ado como secretaria legal en el despacho de abogados paname\u00f1o De Obaldia &amp; Garc\u00eda de Paredes. El nombre de Jacqueline Ester Hayot Castillo se repite como directora o presidenta de decenas de sociedades registradas en Panam\u00e1, adem\u00e1s de figurar incluso en la filtraci\u00f3n conocida como Paradise Papers, como directora de una sociedad en el para\u00edso fiscal de Barbados.\r\n\r\n \r\n\r\nPero si existen dudas sobre el papel de Jacqueline Ester Hayot Castillo, es importante destacar que su nombre tambi\u00e9n figura como directora de la paname\u00f1a Qvartz Capital Partners Inc., nombre que coincide con el fondo de capital fundado por Federico Restrepo. En Qvartz Capital Partners Inc, cuyo agente residente en Panam\u00e1 es el bufete De Obaldia &amp; Garc\u00eda de Paredes, la presidencia recae sobre Luc\u00eda Leticia Ledezma Tulis, otra prestanombre asociada como directora o presidenta de decenas de firmas paname\u00f1as.\r\n\r\n \r\n\r\nOtra firma espa\u00f1ola a la que est\u00e1 vinculado Federico Restrepo es R\u00edo Narcea Recursos SA, en la que hace de consejero junto a Serafino Iacono, despu\u00e9s de que Denarius Metals Corp adquiriera una participaci\u00f3n del 50% en Rio Narcea Recursos SA, que tiene los derechos para explotar la hist\u00f3rica mina de n\u00edquel y cobre Aguablanca, ubicada en Monesterio, Extremadura, Espa\u00f1a, aproximadamente a 88 km del Proyecto Lomero, ubicado en la provincia de Huelva, en el sur de Espa\u00f1a.\r\n\r\n \r\n\r\nLomero es un proyecto minero de alta calidad que incluye la extracci\u00f3n de cobre, zinc, plomo, oro y plata. Este proyecto se encuentra en el Cintur\u00f3n Piritico Ib\u00e9rico (CPI), una de las mayores concentraciones de sulfuros masivos del mundo. El proyecto es propiedad de la canadiense Denarius Metals y es operado a trav\u00e9s de su filial espa\u00f1ola, Alto Minerals S.L.U., desde su adquisici\u00f3n en abril de 2021. El presidente ejecutivo de Alto Minerals S.L.U. es Serafino Iacono.\r\n\r\n \r\n\r\nUna investigaci\u00f3n de \u00abOjo Privado\u00bb, blog de periodismo investigativo del periodista colombiano H\u00e9ctor Mario Rodr\u00edguez, explic\u00f3 en 2020 c\u00f3mo Serafino Iacono y otros ejecutivos de Pacific Rubiales, usando prestanombres, se enriquecieron indebidamente con la creaci\u00f3n de empresas en para\u00edsos fiscales, que se quedaron con al menos US$32 millones. Fue por ello que otros socios acusaron a Iacono de \u00abenriquecimiento il\u00edcito\u00bb. Parte de la trama logr\u00f3 conocerse gracias a los Panama Papers. El caso fue ventilado ante la Corte Superior de Justicia de Ontario, Canad\u00e1.\r\n\r\n \r\n\r\nAunque si bien Federico Restrepo es un fan\u00e1tico del f\u00fatbol, la compra de uno de los miles de clubes aficionados del Calcio italiano, sin contar la existencia de un centenar de equipos profesionales, no parece perfilarse como el negocio m\u00e1s rentable para \u00e9l y sus socios, en virtud de la fuerte competencia. Tampoco parece serlo, al menos de momento, la venta de derechos de formaci\u00f3n. La \u00fanica apuesta potencialmente viable pareciera estar en la nueva generaci\u00f3n de futbolistas italianos del\u00a0Sammaurese, ante el \u00e9xito obtenido por la selecci\u00f3n Sub 18.\r\n\r\n \r\n\r\nVisto todo lo anterior, son m\u00faltiples las dudas que surgen sobre qui\u00e9nes son, adem\u00e1s de Federico Restrepo y Serafino Iacono, los socios ocultos detr\u00e1s de la compra del club italiano Sammaurese, el papel del futbolista Falcao o el que incluso pudieran tener figuras tan pol\u00e9micas como el exgobernador Luis Miguel \u00abEl Mello\u00bb Cotes, dada la costumbre de Iacono y Restrepo de enmascarar a beneficiarios finales de sus sociedades.\r\n\r\n \r\n\r\nEn todo caso, ser\u00e1 el futuro el que diga cu\u00e1l ha sido el verdadero prop\u00f3sito de la compra del equipo italiano y qu\u00e9 tan limpios son los dineros que se han invertido o se invertir\u00e1n en el club de San Mauro Pascoli.\r\n\r\n \r\n\r\nFUENTE: AF\r\n\r\n","protected":false},"excerpt":{"rendered":"<p>El pasado jueves 8 de agosto de 2024, trascendi\u00f3 en Colombia la noticia de la compra de un equipo de f\u00fatbol italiano, a la que se aventur\u00f3 un grupo de empresarios \u00abitalocolombianos\u00bb. En una entrevista transmitida en Colombia en la emisora radial La W, el colombiano Federico Restrepo Solano, uno de los empresarios participantes de [&hellip;]<\/p>\n","protected":false},"author":1,"featured_media":11179,"comment_status":"open","ping_status":"open","sticky":false,"template":"","format":"standard","meta":{"h5ap_radio_sources":[],"footnotes":""},"categories":[27],"tags":[],"class_list":["post-11178","post","type-post","status-publish","format-standard","has-post-thumbnail","hentry","category-colombia"],"aioseo_notices":[],"_links":{"self":[{"href":"https:\/\/www.ciudadgoticanews.com\/index.php\/wp-json\/wp\/v2\/posts\/11178","targetHints":{"allow":["GET"]}}],"collection":[{"href":"https:\/\/www.ciudadgoticanews.com\/index.php\/wp-json\/wp\/v2\/posts"}],"about":[{"href":"https:\/\/www.ciudadgoticanews.com\/index.php\/wp-json\/wp\/v2\/types\/post"}],"author":[{"embeddable":true,"href":"https:\/\/www.ciudadgoticanews.com\/index.php\/wp-json\/wp\/v2\/users\/1"}],"replies":[{"embeddable":true,"href":"https:\/\/www.ciudadgoticanews.com\/index.php\/wp-json\/wp\/v2\/comments?post=11178"}],"version-history":[{"count":0,"href":"https:\/\/www.ciudadgoticanews.com\/index.php\/wp-json\/wp\/v2\/posts\/11178\/revisions"}],"wp:featuredmedia":[{"embeddable":true,"href":"https:\/\/www.ciudadgoticanews.com\/index.php\/wp-json\/wp\/v2\/media\/11179"}],"wp:attachment":[{"href":"https:\/\/www.ciudadgoticanews.com\/index.php\/wp-json\/wp\/v2\/media?parent=11178"}],"wp:term":[{"taxonomy":"category","embeddable":true,"href":"https:\/\/www.ciudadgoticanews.com\/index.php\/wp-json\/wp\/v2\/categories?post=11178"},{"taxonomy":"post_tag","embeddable":true,"href":"https:\/\/www.ciudadgoticanews.com\/index.php\/wp-json\/wp\/v2\/tags?post=11178"}],"curies":[{"name":"wp","href":"https:\/\/api.w.org\/{rel}","templated":true}]}}