{"id":11246,"date":"2024-08-23T22:07:57","date_gmt":"2024-08-24T02:07:57","guid":{"rendered":"https:\/\/www.ciudadgoticanews.com\/?p=11246"},"modified":"2024-08-23T22:16:02","modified_gmt":"2024-08-24T02:16:02","slug":"revocan-absolucion-del-reportero-grafico-jesus-medina-ezaine","status":"publish","type":"post","link":"https:\/\/www.ciudadgoticanews.com\/index.php\/2024\/08\/23\/revocan-absolucion-del-reportero-grafico-jesus-medina-ezaine\/","title":{"rendered":"Revocan absoluci\u00f3n del reportero gr\u00e1fico venezolano Jes\u00fas Medina Ezaine y decretan reanudaci\u00f3n de juicio por instigaci\u00f3n al odio"},"content":{"rendered":"<p>La ONG Foro Penal cuestion\u00f3 la anulaci\u00f3n en Venezuela de la sentencia absolutoria a favor del reportero gr\u00e1fico Jes\u00fas Medina Ezaine, dictada en junio de 2024. La decisi\u00f3n, tomada por la misma jueza que lo absolvi\u00f3 de los cargos de instigaci\u00f3n al odio, ha generado controversia debido a la falta de un proceso de apelaci\u00f3n formal.<\/p>\n<p>Seg\u00fan inform\u00f3 la ONG el pasado mes de julio, la legislaci\u00f3n venezolana no contempla la anulaci\u00f3n de una sentencia por parte del mismo juez que la emiti\u00f3, siendo la Corte de Apelaciones la instancia competente para tal fin.<\/p>\n<p>A los abogados defensores de Medina Ezaine se les inform\u00f3 verbalmente sobre la anulaci\u00f3n y la reanudaci\u00f3n del juicio por los mismos hechos, sin que se conozcan a\u00fan los detalles de la decisi\u00f3n.<\/p>\n<p><a href=\"https:\/\/www.ciudadgoticanews.com\/wp-content\/uploads\/2024\/08\/foro-penal-jesus-medina-ezaine.jpg\"><img loading=\"lazy\" decoding=\"async\" class=\"aligncenter size-full wp-image-11255\" src=\"https:\/\/www.ciudadgoticanews.com\/wp-content\/uploads\/2024\/08\/foro-penal-jesus-medina-ezaine.jpg\" alt=\"\" width=\"1200\" height=\"674\" srcset=\"https:\/\/www.ciudadgoticanews.com\/wp-content\/uploads\/2024\/08\/foro-penal-jesus-medina-ezaine.jpg 1200w, https:\/\/www.ciudadgoticanews.com\/wp-content\/uploads\/2024\/08\/foro-penal-jesus-medina-ezaine-300x169.jpg 300w, https:\/\/www.ciudadgoticanews.com\/wp-content\/uploads\/2024\/08\/foro-penal-jesus-medina-ezaine-1024x575.jpg 1024w, https:\/\/www.ciudadgoticanews.com\/wp-content\/uploads\/2024\/08\/foro-penal-jesus-medina-ezaine-768x431.jpg 768w\" sizes=\"auto, (max-width: 1200px) 100vw, 1200px\" \/><\/a><\/p>\n<p>El juicio contra Medina Ezaine se hab\u00eda extendido por m\u00e1s de 5 a\u00f1os y 9 meses, con varias interrupciones, antes de culminar con la absoluci\u00f3n en junio de 2024, la cual, antes de ser anulada, hab\u00eda sido informada en su momento por el abogado Gonzalo Himiob, director de Foro Penal, y por Stefan\u00eda Migliorini, abogada de Medina.<\/p>\n<blockquote class=\"twitter-tweet\" data-dnt=\"true\">\n<p dir=\"ltr\" lang=\"es\"><a href=\"https:\/\/twitter.com\/hashtag\/20Jun?src=hash&amp;ref_src=twsrc%5Etfw\">#20Jun<\/a> Tras un proceso arbitrario que dur\u00f3 m\u00e1s de 5 a\u00f1os, <a href=\"https:\/\/twitter.com\/jesusmedinae?ref_src=twsrc%5Etfw\">@jesusmedinae<\/a> result\u00f3 hoy ABSUELTO de los cargos que le hab\u00edan sido injustamente atribuidos. Felicitamos a nuestra abogada <a href=\"https:\/\/twitter.com\/stefmiglio?ref_src=twsrc%5Etfw\">@stefmiglio<\/a> del <a href=\"https:\/\/twitter.com\/ForoPenal?ref_src=twsrc%5Etfw\">@ForoPenal<\/a> por su constancia y dedicaci\u00f3n. <a href=\"https:\/\/t.co\/409KHjVaX8\">pic.twitter.com\/409KHjVaX8<\/a><\/p>\n<p>\u2014 Gonzalo Himiob S. (@HimiobSantome) <a href=\"https:\/\/twitter.com\/HimiobSantome\/status\/1803819504335483330?ref_src=twsrc%5Etfw\">June 20, 2024<\/a><\/p><\/blockquote>\n<p><script async src=\"https:\/\/platform.twitter.com\/widgets.js\" charset=\"utf-8\"><\/script><\/p>\n<h3>Violencia de g\u00e9nero<\/h3>\n<p>Mientras que Jes\u00fas Medina Ezaine se ha presentado p\u00fablicamente como v\u00edctima y opositor de la administraci\u00f3n gobernante en Venezuela, defendiendo la libertad y la democracia, existe otra faceta menos conocida del reportero gr\u00e1fico: un historial de violencia dom\u00e9stica. Su propia madre, Adelaida Ezaine, lo ha denunciado en reiteradas ocasiones por agresiones f\u00edsicas, psicol\u00f3gicas y verbales desde al menos el a\u00f1o 2006. Estas denuncias han sido procesadas por el Ministerio P\u00fablico venezolano y han resultado en medidas de protecci\u00f3n para la madre de Medina Ezaine.<\/p>\n<p>La polic\u00eda del municipio Sucre del estado Miranda otorg\u00f3 medidas de protecci\u00f3n a Adelaida Ezaine debido a las constantes agresiones por parte de su hijo. Estas medidas buscaban prevenir que Medina Ezaine continuara con sus acciones violentas.<\/p>\n<h3>Detalles de las denuncias contra Medina Ezaine por violencia de g\u00e9nero<\/h3>\n<p>En julio de 2020, el fiscal auxiliar interino V\u00edctor Jos\u00e9 Maza Acevedo, en colaboraci\u00f3n con el Servicio de Abordaje Integral a la V\u00edctima del Delito de Violencia de G\u00e9nero del Ministerio P\u00fablico, dict\u00f3 una resoluci\u00f3n de medidas de protecci\u00f3n y seguridad a favor de Adelaida Ezaine. Esta resoluci\u00f3n se bas\u00f3 en una denuncia presentada por la v\u00edctima, en la que detallaba las agresiones f\u00edsicas y verbales recurrentes por parte de su hijo, Jes\u00fas Medina Ezaine.<\/p>\n<p>En la denuncia, Adelaida Ezaine declar\u00f3 haber sufrido fracturas de costillas en dos ocasiones anteriores y ser v\u00edctima de constantes amenazas de muerte. \u00abLas agresiones verbales son frecuentes, dici\u00e9ndome que soy una maldita, una alcahueta, perra, puta, que me va a matar. Temo mucho por mi vida\u00bb, relat\u00f3 la v\u00edctima en su testimonio. El expediente del Ministerio P\u00fablico, con la numeraci\u00f3n 142131-2020, se fundamenta en la Ley Org\u00e1nica sobre el Derecho de las Mujeres a una Vida Libre de Violencia, justificando la necesidad de proteger la integridad f\u00edsica y psicol\u00f3gica de la denunciante.<\/p>\n<p>En agosto de 2020, el fiscal provisorio Ram\u00f3n Eloy Salazar Dayar solicit\u00f3 la intervenci\u00f3n de la polic\u00eda del municipio Sucre del estado Miranda para garantizar el acceso de Adelaida Ezaine a su vivienda. La v\u00edctima hab\u00eda denunciado que su hijo, Jes\u00fas Medina Ezaine, le imped\u00eda el ingreso a su propio hogar. La fiscal\u00eda, a trav\u00e9s de una comunicaci\u00f3n oficial, requiri\u00f3 el apoyo policial para acompa\u00f1ar a la agraviada a su residencia y asegurar la salida simult\u00e1nea de Medina Ezaine, previniendo posibles confrontaciones y garantizando la seguridad de Adelaida Ezaine.<\/p>\n<blockquote class=\"wp-embedded-content\" data-secret=\"n74EUpPHaW\"><p><a href=\"https:\/\/www.ciudadgoticanews.com\/index.php\/2023\/02\/17\/jesus-medina-ezaine-y-su-conducta-violenta-oculta-detras-de-un-disfraz-de-reportero\/\">Jes\u00fas Medina Ezaine y su conducta violenta oculta detr\u00e1s de un disfraz de reportero<\/a><\/p><\/blockquote>\n<p><iframe loading=\"lazy\" title=\"\u00abJes\u00fas Medina Ezaine y su conducta violenta oculta detr\u00e1s de un disfraz de reportero\u00bb \u2014 CIUDAD G\u00d3TICA NEWS\" sandbox=\"allow-scripts\" security=\"restricted\" src=\"https:\/\/www.ciudadgoticanews.com\/index.php\/2023\/02\/17\/jesus-medina-ezaine-y-su-conducta-violenta-oculta-detras-de-un-disfraz-de-reportero\/embed\/#?secret=n74EUpPHaW\" width=\"600\" height=\"338\" data-secret=\"n74EUpPHaW\" frameborder=\"0\" marginwidth=\"0\" marginheight=\"0\" scrolling=\"no\" class=\"wp-embedded-content\"><\/iframe><script>\/*! This file is auto-generated *\/!function(d,l){\"use strict\";l.querySelector&&d.addEventListener&&\"undefined\"!=typeof URL&&(d.wp=d.wp||{},d.wp.receiveEmbedMessage||(d.wp.receiveEmbedMessage=function(e){var t=e.data;if((t||t.secret||t.message||t.value)&&!\/[^a-zA-Z0-9]\/.test(t.secret)){for(var s,r,n,a=l.querySelectorAll('iframe[data-secret=\"'+t.secret+'\"]'),o=l.querySelectorAll('blockquote[data-secret=\"'+t.secret+'\"]'),c=new RegExp(\"^https?:$\",\"i\"),i=0;i<o.length;i++)o[i].style.display=\"none\";for(i=0;i<a.length;i++)s=a[i],e.source===s.contentWindow&#038;&#038;(s.removeAttribute(\"style\"),\"height\"===t.message?(1e3<(r=parseInt(t.value,10))?r=1e3:~~r<200&#038;&#038;(r=200),s.height=r):\"link\"===t.message&#038;&#038;(r=new URL(s.getAttribute(\"src\")),n=new URL(t.value),c.test(n.protocol))&#038;&#038;n.host===r.host&#038;&#038;l.activeElement===s&#038;&#038;(d.top.location.href=t.value))}},d.addEventListener(\"message\",d.wp.receiveEmbedMessage,!1),l.addEventListener(\"DOMContentLoaded\",function(){for(var e,t,s=l.querySelectorAll(\"iframe.wp-embedded-content\"),r=0;r<s.length;r++)(t=(e=s[r]).getAttribute(\"data-secret\"))||(t=Math.random().toString(36).substring(2,12),e.src+=\"#?secret=\"+t,e.setAttribute(\"data-secret\",t)),e.contentWindow.postMessage({message:\"ready\",secret:t},\"*\")},!1)))}(window,document);<\/script><\/p>\n","protected":false},"excerpt":{"rendered":"<p>La ONG Foro Penal cuestion\u00f3 la anulaci\u00f3n en Venezuela de la sentencia absolutoria a favor del reportero gr\u00e1fico Jes\u00fas Medina Ezaine, dictada en junio de 2024. La decisi\u00f3n, tomada por la misma jueza que lo absolvi\u00f3 de los cargos de instigaci\u00f3n al odio, ha generado controversia debido a la falta de un proceso de apelaci\u00f3n [&hellip;]<\/p>\n","protected":false},"author":1,"featured_media":11249,"comment_status":"open","ping_status":"open","sticky":false,"template":"","format":"standard","meta":{"h5ap_radio_sources":[],"footnotes":""},"categories":[9],"tags":[],"class_list":["post-11246","post","type-post","status-publish","format-standard","has-post-thumbnail","hentry","category-venezuela"],"aioseo_notices":[],"_links":{"self":[{"href":"https:\/\/www.ciudadgoticanews.com\/index.php\/wp-json\/wp\/v2\/posts\/11246","targetHints":{"allow":["GET"]}}],"collection":[{"href":"https:\/\/www.ciudadgoticanews.com\/index.php\/wp-json\/wp\/v2\/posts"}],"about":[{"href":"https:\/\/www.ciudadgoticanews.com\/index.php\/wp-json\/wp\/v2\/types\/post"}],"author":[{"embeddable":true,"href":"https:\/\/www.ciudadgoticanews.com\/index.php\/wp-json\/wp\/v2\/users\/1"}],"replies":[{"embeddable":true,"href":"https:\/\/www.ciudadgoticanews.com\/index.php\/wp-json\/wp\/v2\/comments?post=11246"}],"version-history":[{"count":0,"href":"https:\/\/www.ciudadgoticanews.com\/index.php\/wp-json\/wp\/v2\/posts\/11246\/revisions"}],"wp:featuredmedia":[{"embeddable":true,"href":"https:\/\/www.ciudadgoticanews.com\/index.php\/wp-json\/wp\/v2\/media\/11249"}],"wp:attachment":[{"href":"https:\/\/www.ciudadgoticanews.com\/index.php\/wp-json\/wp\/v2\/media?parent=11246"}],"wp:term":[{"taxonomy":"category","embeddable":true,"href":"https:\/\/www.ciudadgoticanews.com\/index.php\/wp-json\/wp\/v2\/categories?post=11246"},{"taxonomy":"post_tag","embeddable":true,"href":"https:\/\/www.ciudadgoticanews.com\/index.php\/wp-json\/wp\/v2\/tags?post=11246"}],"curies":[{"name":"wp","href":"https:\/\/api.w.org\/{rel}","templated":true}]}}