{"id":11299,"date":"2024-08-27T15:27:45","date_gmt":"2024-08-27T19:27:45","guid":{"rendered":"https:\/\/www.ciudadgoticanews.com\/?p=11299"},"modified":"2024-08-27T15:27:45","modified_gmt":"2024-08-27T19:27:45","slug":"nicolas-maduro-designa-a-diosdado-cabello-como-nuevo-ministro-de-interior","status":"publish","type":"post","link":"https:\/\/www.ciudadgoticanews.com\/index.php\/2024\/08\/27\/nicolas-maduro-designa-a-diosdado-cabello-como-nuevo-ministro-de-interior\/","title":{"rendered":"Nicol\u00e1s Maduro designa a Diosdado Cabello como nuevo ministro de Interior"},"content":{"rendered":"\r\n\r\n<strong>Nicol\u00e1s Maduro anunci\u00f3 este martes cambios en su gabinete ministerial<\/strong>, un mes despu\u00e9s de las elecciones presidenciales del 28 de julio.\r\n\r\n \r\n\r\nEntre los principales cambios anunciados estuvo la destituci\u00f3n de Remigio Ceballos Ichaso, quien fue reemplazado por\u00a0<strong>Diosdado Cabello como nuevo ministro de Interior, Justicia y Paz.<\/strong>\r\n\r\n \r\n\r\nA Vladimir Padr\u00edno L\u00f3pez lo ratific\u00f3 en su cargo como ministro de Defensa, luego de m\u00e1s de una d\u00e9cada al frente de esta cartera.\r\n\r\n \r\n\r\nA Delcy Rodr\u00edguez, adem\u00e1s de ratificarla como vicepresidenta del r\u00e9gimen, tambi\u00e9n la nombr\u00f3 como nueva ministra de Petr\u00f3leo.\r\n\r\n \r\n\r\nAl presidente de PDVSA, Pedro Tellechea, tambi\u00e9n lo design\u00f3 como nuevo ministro Industrias y Producci\u00f3n Nacional.\r\n\r\n \r\n\r\nTambi\u00e9n Maduro destituy\u00f3 a Wilmar Castro Soteldo y design\u00f3 como nuevo ministro de Agricultura y Tierra al G\/D Menry Fern\u00e1ndez.\r\n\r\n \r\n\r\nMaduro tambi\u00e9n destituy\u00f3 a Yelitze Santaella y Sandra Oblitas y design\u00f3 a H\u00e9ctor Rodr\u00edguez y Ricardo S\u00e1nchez como nuevos ministros de Educaci\u00f3n y de Educaci\u00f3n Universitaria.\r\n\r\n \r\n\r\nTambi\u00e9n destituy\u00f3 a Alexis Corredor y design\u00f3 a Eduardo Pi\u00f1ate como nuevo ministro del Trabajo.\r\n\r\n \r\n\r\nIgualmente, destituy\u00f3 a Rafael Argotti y design\u00f3 a Magally Vi\u00f1a como nueva ministra de Abuelos y Abuelas.\r\n\r\n \r\n\r\nAsimismo, Maduro anunci\u00f3 la divisi\u00f3n del Ministerio de Deporte y Juventud en dos nuevos ministerios, para los que nombr\u00f3 a Grecia Colmenares como nueva ministra de la Juventud y Arnaldo S\u00e1nchez como nuevo ministro para el Deporte.\r\n\r\n \r\n\r\nMaduro tambi\u00e9n destituy\u00f3 a Al\u00ed Padr\u00f3n y design\u00f3 a Leticia G\u00f3mez como nueva ministra de Turismo.\r\n\r\n \r\n\r\nTambi\u00e9n nombr\u00f3 a Anabel Pereira Fern\u00e1ndez como nueva ministra de Finanzas y Comercio Exterior.\r\n\r\n","protected":false},"excerpt":{"rendered":"<p>Nicol\u00e1s Maduro anunci\u00f3 este martes cambios en su gabinete ministerial, un mes despu\u00e9s de las elecciones presidenciales del 28 de julio. Entre los principales cambios anunciados estuvo la destituci\u00f3n de Remigio Ceballos Ichaso, quien fue reemplazado por\u00a0Diosdado Cabello como nuevo ministro de Interior, Justicia y Paz. A Vladimir Padr\u00edno L\u00f3pez lo ratific\u00f3 en su cargo [&hellip;]<\/p>\n","protected":false},"author":1,"featured_media":11300,"comment_status":"open","ping_status":"open","sticky":false,"template":"","format":"standard","meta":{"h5ap_radio_sources":[],"footnotes":""},"categories":[9],"tags":[],"class_list":["post-11299","post","type-post","status-publish","format-standard","has-post-thumbnail","hentry","category-venezuela"],"aioseo_notices":[],"_links":{"self":[{"href":"https:\/\/www.ciudadgoticanews.com\/index.php\/wp-json\/wp\/v2\/posts\/11299","targetHints":{"allow":["GET"]}}],"collection":[{"href":"https:\/\/www.ciudadgoticanews.com\/index.php\/wp-json\/wp\/v2\/posts"}],"about":[{"href":"https:\/\/www.ciudadgoticanews.com\/index.php\/wp-json\/wp\/v2\/types\/post"}],"author":[{"embeddable":true,"href":"https:\/\/www.ciudadgoticanews.com\/index.php\/wp-json\/wp\/v2\/users\/1"}],"replies":[{"embeddable":true,"href":"https:\/\/www.ciudadgoticanews.com\/index.php\/wp-json\/wp\/v2\/comments?post=11299"}],"version-history":[{"count":0,"href":"https:\/\/www.ciudadgoticanews.com\/index.php\/wp-json\/wp\/v2\/posts\/11299\/revisions"}],"wp:featuredmedia":[{"embeddable":true,"href":"https:\/\/www.ciudadgoticanews.com\/index.php\/wp-json\/wp\/v2\/media\/11300"}],"wp:attachment":[{"href":"https:\/\/www.ciudadgoticanews.com\/index.php\/wp-json\/wp\/v2\/media?parent=11299"}],"wp:term":[{"taxonomy":"category","embeddable":true,"href":"https:\/\/www.ciudadgoticanews.com\/index.php\/wp-json\/wp\/v2\/categories?post=11299"},{"taxonomy":"post_tag","embeddable":true,"href":"https:\/\/www.ciudadgoticanews.com\/index.php\/wp-json\/wp\/v2\/tags?post=11299"}],"curies":[{"name":"wp","href":"https:\/\/api.w.org\/{rel}","templated":true}]}}