{"id":11325,"date":"2024-04-14T10:47:51","date_gmt":"2024-04-14T14:47:51","guid":{"rendered":"https:\/\/www.ciudadgoticanews.com\/?p=11325"},"modified":"2024-08-28T11:02:33","modified_gmt":"2024-08-28T15:02:33","slug":"escandalo-yussef-abou-nassif-smaili-vinculado-al-caso-delcygate-donde-se-dejo-al-descubierto-el-alcance-del-regimen-venezolano-en-el-mundo","status":"publish","type":"post","link":"https:\/\/www.ciudadgoticanews.com\/index.php\/2024\/04\/14\/escandalo-yussef-abou-nassif-smaili-vinculado-al-caso-delcygate-donde-se-dejo-al-descubierto-el-alcance-del-regimen-venezolano-en-el-mundo\/","title":{"rendered":"\u00a1ESC\u00c1NDALO! Yussef Abou Nassif Smaili vinculado al caso &#8216;Delcygate&#8217; donde se dej\u00f3 al descubierto el alcance del r\u00e9gimen venezolano en el mundo"},"content":{"rendered":"\r\n\r\n<strong>Yussef Abou Nassif Smaili<\/strong>\u00a0(empresario liban\u00e9s en su momento vinculado sentimentalmente como pareja de Delcy Rodr\u00edguez) y\u00a0<strong>Alejandra Carolina Bastidas Gonz\u00e1lez<\/strong>\u00a0(Directora General de Comunicaci\u00f3n y Relaciones Institucionales de la Vicepresidenta).\r\n\r\n \r\n\r\nMedia hora antes de la llegada del vuelo, a bordo de un veh\u00edculo camuflado Toyota, el comisario\u00a0<strong>Jes\u00fas Mar\u00eda G\u00f3mez Mart\u00edn<\/strong>, entonces jefe del Puesto Fronterizo de Polic\u00eda Nacional en el aeropuerto y hoy jefe superior en Canarias, llega a la terminal FBO -las siglas de la terminal a la que llegan ese tipo de vuelos privados- acompa\u00f1ado de otro polic\u00eda. Ambos, vestidos de civil, se acercan a la terminal.\r\n\r\n \r\n\r\nLas im\u00e1genes de lo que sucedi\u00f3 la madrugada del 19 al 20 de enero de 2020 en el aeropuerto de Barajas no se hab\u00edan visto nunca. Hasta ahora.\u00a0<strong>EL MUNDO<\/strong>\u00a0ha tenido acceso a fotograf\u00edas in\u00e9ditas que ilustran las horas claves del\u00a0<em>caso Delcy<\/em>, una de las pol\u00e9micas que afectaron al Gobierno en la pasada legislatura y vuelven a marcar la actual, tras las nuevas informaciones conocidas a ra\u00edz de la trama vinculada a\u00a0Koldo Garc\u00eda, la mano derecha del ex ministro\u00a0Jos\u00e9 Luis \u00c1balos. El confuso y nunca aclarado por el Gobierno encuentro de la vicepresidenta de Venezuela, que ten\u00eda prohibido pisar territorio de la Uni\u00f3n Europea, con el entonces ministro y secretario de Organizaci\u00f3n del\u00a0PSOE, entra en un nuevo cap\u00edtulo.\r\n\r\n \r\n\r\nAquel encuentro a pie de pista en el aeropuerto de Madrid ser\u00e1 uno de los asuntos que centren la atenci\u00f3n en la comisi\u00f3n parlamentaria que se llevar\u00e1 a cabo en el\u00a0Senado\u00a0por el\u00a0<em>caso Koldo<\/em>. No as\u00ed en la del\u00a0Congreso, donde el PSOE ha rechazado citar al ex ministro Jos\u00e9 Luis \u00c1balos, ahora diputado del\u00a0<strong>Grupo Mixto<\/strong>. Ya en su momento, desde las filas del\u00a0PP\u00a0se elev\u00f3 la pol\u00e9mica visita de la vicepresidenta de\u00a0<strong>Nicol\u00e1s Maduro<\/strong>\u00a0incluso al Parlamento Europeo para que el Gobierno de\u00a0Pedro S\u00e1nchez\u00a0diera las debidas explicaciones. Pero el Ejecutivo se ha escabullido siempre de dar informaci\u00f3n precisa sobre las principales inc\u00f3gnitas que rodean el caso: quienes estuvieron en el aeropuerto, cu\u00e1l era el motivo del viaje de la vicepresidenta de Maduro y qu\u00e9 hab\u00eda en las maletas con las que\u00a0<strong>Delcy Rodr\u00edguez<\/strong>\u00a0lleg\u00f3 a Espa\u00f1a.\r\n\r\n \r\n<figure class=\"wp-block-image\"><img decoding=\"async\" src=\"https:\/\/www.ciudadgoticanews.com\/wp-content\/uploads\/2024\/08\/17131095612621.jpg\" alt=\"\" \/><\/figure>\r\n \r\n\r\nTodo arranc\u00f3 en el aeropuerto internacional Adolfo Su\u00e1rez Madrid-Barajas el pasado 19 de enero de 2020. Aquella noche, ya en la madrugada del 20 de enero, a las 00.30 horas, aterriz\u00f3 un vuelo privado de la empresa\u00a0<strong>Sky Valet<\/strong>\u00a0-modelo Falcon 900, matr\u00edcula TC-AKE y perteneciente a una compa\u00f1\u00eda turca- en la denominada como terminal ejecutiva de Barajas, a la que llegan siempre ese tipo de vuelos, que habitualmente llevan a empresarios de alto nivel y personas famosas. Su destino final era el aeropuerto turco de Estambul, donde ten\u00eda previsto llegar al mediod\u00eda de ese mismo 20 de enero de 2020.\r\n\r\n \r\n<figure class=\"wp-block-image\"><img decoding=\"async\" src=\"https:\/\/www.ciudadgoticanews.com\/wp-content\/uploads\/2024\/08\/17131095687050.jpg\" alt=\"\" \/><\/figure>\r\n \r\n\r\nJusto cuando aterriz\u00f3 el vuelo, sobre las 00.30 horas, hace aparici\u00f3n en el aeropuerto Jos\u00e9 Luis \u00c1balos Meco, entonces ministro de Transporte, Movilidad y Agenda Urbana y secretario de Organizaci\u00f3n del PSOE, acompa\u00f1ado de Koldo Garc\u00eda Izaguirre, su principal asesor en el gabinete, al que hizo consejero en Renfe Mercanc\u00edas y Puertos del Estado y que ahora se encuentra investigado por las comisiones relacionadas con la venta de mascarillas en la pandemia a distintas administraciones p\u00fablicas.\r\n\r\n \r\n\r\nAmbos, junto con el comisario y dos acompa\u00f1antes, se montaron en el Toyota del mando policial y salieron a pistas. A ese paseo por las plataformas de rodaje corresponden las im\u00e1genes que desvela hoy<strong>\u00a0EL MUNDO<\/strong>. Despu\u00e9s llegaron a la escalerilla del avi\u00f3n. Subieron \u00c1balos, Koldo y una tercera persona. El comisario se qued\u00f3 a pie de pista, sin subir al aparato.\r\n\r\n \r\n\r\nCasi una hora despu\u00e9s, sobre la 01.30 de la madrugada, \u00c1balos, Koldo y esa tercera persona bajaron del avi\u00f3n y volvieron en veh\u00edculos hasta la terminal FBO, pero acompa\u00f1ados de varios ocupantes del avi\u00f3n. El comisario y su acompa\u00f1ante, tambi\u00e9n polic\u00eda nacional, no abandonaron la zona hasta las 3 de la madrugada.\r\n\r\n \r\n\r\nSeg\u00fan revel\u00f3 el propio Koldo Garc\u00eda en una reciente entrevista con\u00a0<strong>EL MUNDO<\/strong>, aquella noche bajaron de la aeronave en la que viajaba la vicepresidenta venezolana 12 maletas, \u00abseis grandes y seis peque\u00f1as, que luego se volvieron a subir al avi\u00f3n\u00bb. Nunca se han conocido detalles sobre el contenido de ese equipaje del que habla Koldo.\r\n\r\n \r\n\r\nYa el d\u00eda 20 por la ma\u00f1ana, Delcy Rodr\u00edguez y Kenny Antonio D\u00edaz, Director General de la Direcci\u00f3n General de la Vicepresidencia de la Rep\u00fablica Bolivariana de Venezuela, tomaron un vuelo de\u00a0<strong>Qatar Airways<\/strong>\u00a0(QTR148) que sal\u00eda a las 08.20 horas con destino al aeropuerto Hamad International de Doha, en Qatar.\r\n\r\n \r\n<h2 class=\"wp-block-heading\">Prohibici\u00f3n de entrada a Europa<\/h2>\r\n \r\n\r\nSobre la vicepresidenta venezolana pesaba en aquel momento una prohibici\u00f3n de entrada en el espacio Schengen, en vigor hasta el verano de 2021 y emitida por Austria. El juzgado que investigaba el paso por el aeropuerto de Madrid-Barajas de Delcy Rodr\u00edguez, sin embargo, archiv\u00f3 la causa. La resoluci\u00f3n consider\u00f3 que \u00abla zona de tr\u00e1nsito internacional de un aeropuerto espa\u00f1ol no es territorio nacional\u00bb, seg\u00fan se desprende del reglamento que desarrolla la Ley de Extranjer\u00eda. No obstante, el juzgado que dirig\u00eda la investigaci\u00f3n decidi\u00f3 en un primer momento no destruir las im\u00e1genes del incidente en las pistas del aeropuerto de Barajas.\r\n\r\n \r\n\r\nPese a la decisi\u00f3n judicial, desde las filas del PP se ha pedido recientemente la reapertura del\u00a0<em>caso Delcy<\/em>, ya que el principal partido de la oposici\u00f3n considera que hay una \u00abrelaci\u00f3n directa\u00bb entre la compra de mascarillas, las maletas y el rescate de la aerol\u00ednea\u00a0<strong>Air Europa<\/strong>.\r\n\r\n \r\n\r\n\u00abLos integrantes de la trama fueron a Barajas a recoger las maletas de la se\u00f1ora Delcy Rodr\u00edguez\u00bb, denunci\u00f3 el l\u00edder del PP,\u00a0Alberto N\u00fa\u00f1ez Feij\u00f3o, el pasado 12 de marzo tras las \u00faltimas revelaciones sobre la participaci\u00f3n de los miembros de la trama en los hechos de aquella noche en Barajas . \u00abEs evidente que hay una relaci\u00f3n directa entre la compra de las mascarillas, el rescate\u00bb de Air Europa y la estancia de Rodr\u00edguez en Barajas, indic\u00f3 N\u00fa\u00f1ez Feij\u00f3o, antes de pedir \u00abreabrir el caso de las maletas\u00bb venezolanas para \u00absaber\u00bb si en ellas iba el dinero que se le deb\u00eda desde Venezuela a la aerol\u00ednea.\r\n\r\n \r\n\r\nAlgunas fuentes han situado tambi\u00e9n en Barajas el d\u00eda que aterriz\u00f3 Delcy Rodr\u00edguez al empresario<strong>\u00a0V\u00edctor de Aldama<\/strong>, investigado igualmente en el\u00a0<em>caso Koldo<\/em>. Aldama estuvo en el vest\u00edbulo de la terminal privada del aeropuerto durante toda la noche, y se mantuvo en contacto con la vicepresidenta venezolana. Seg\u00fan se desprende del sumario del caso, como revel\u00f3\u00a0<strong>EL MUNDO<\/strong>, Air Europa hab\u00eda encargado a V\u00edctor de Aldama en septiembre de 2019 que intermediara con Venezuela para \u00abla realizaci\u00f3n de las gestiones necesarias para la consecuci\u00f3n de las operaciones y actos de comercio necesarios que permitan a Air Europa cobrar el importe adeudado a d\u00eda de hoy, que asciende a 200 millones de d\u00f3lares americanos\u00bb.\r\n\r\n \r\n<h2 class=\"wp-block-heading\">Un caso del que Koldo \u00abno puede hablar ni muerto\u00bb<\/h2>\r\n \r\n\r\n<strong>ESTEBAN URREIZTIETA<\/strong>\u00a0MADRID\r\n\r\n \r\n\r\nKoldo Garc\u00eda\u00a0habl\u00f3 por primera vez del denominado\u00a0<em>Delcygate<\/em>\u00a0en una\u00a0entrevista en exclusiva\u00a0en\u00a0<strong>EL MUNDO<\/strong>\u00a0publicada el pasado 2 de abril en la que, tras advertir de que \u00abno puede hablar ni muerto\u00bb de lo que ocurri\u00f3 aquella noche en el aeropuerto de Barajas, pas\u00f3 a relatar detalles hasta ahora in\u00e9ditos de un incidente al que hoy este peri\u00f3dico pone im\u00e1genes por primera vez desde que estallase en enero de 2020.\r\n\r\n \r\n\r\nEl ex asesor personal de\u00a0Jos\u00e9 Luis \u00c1balos\u00a0afirm\u00f3 que \u00abs\u00ed puede decir\u00bb que el ex ministro de Transportes y Agenda Urbana (Fomento) \u00abhizo lo que ten\u00eda que hacer para salvar a muchas empresas espa\u00f1olas en Venezuela y no se qued\u00f3 ninguna maleta ni hizo nada ilegal\u00bb. Quien fuera la mano derecha de \u00c1balos a\u00f1adi\u00f3 que presenci\u00f3 con sus propios ojos c\u00f3mo del avi\u00f3n privado que traslad\u00f3 a Madrid a la vicepresidenta venezolana\u00a0<strong>Delcy Rodr\u00edguez<\/strong>\u00a0se descargaron \u00abseis maletas grandes y seis peque\u00f1as que luego se volvieron a subir al avi\u00f3n\u00bb. Koldo neg\u00f3 tajantemente que, como se ha llegado a especular, las maletas contuvieran metales preciosos. \u00abSi llegan a tener oro hubieran tenido que transportarse con un tr\u00e1iler o con cuatro camiones por la densidad del metal\u00bb, indic\u00f3 durante la entrevista con EL MUNDO.\r\n\r\n \r\n\r\n\u00abA veces una persona que est\u00e1 en el Gobierno tiene que tomar decisiones y \u00c1balos es un espa\u00f1ol como la copa de un pino. Ese d\u00eda dorm\u00ed poco pero lo volver\u00eda a hacer por el bien de todos los espa\u00f1oles\u00bb, apunt\u00f3 enigm\u00e1tico al tiempo que no quiso aportar ning\u00fan detalle m\u00e1s de lo ocurrido aquella noche de principios de 2020 en la pista del aeropuerto madrile\u00f1o.\r\n\r\n \r\n\r\nEn esta misma l\u00ednea, quien ahora est\u00e1 acusado de cobrar comisiones ilegales millonarias por los contratos de material sanitario del Gobierno de S\u00e1nchez durante la pandemia a\u00f1adi\u00f3 que \u00abinvolucrar\u00bb a \u00c1balos en alguna actuaci\u00f3n delictiva \u00abes de hijos de puta\u00bb. Koldo pidi\u00f3 expresamente que figurase esta expresi\u00f3n en la entrevista y agreg\u00f3 que tras haber sido testigo de los servicios que su antiguo jefe prest\u00f3 al pa\u00eds y al\u00a0PSOE\u00a0tambi\u00e9n se refiere con los mismos t\u00e9rminos a los dirigentes socialistas que ahora reniegan de su figura.\r\n\r\n \r\n\r\nDel presidente\u00a0S\u00e1nchez\u00a0dice que \u00abno va a caer&#8230;de momento\u00bb y trata con displicencia al secretario de Organizaci\u00f3n del PSOE,<strong>\u00a0Santos Cerd\u00e1n<\/strong>, a quien considera simplemente \u00abuna persona v\u00e1lida a nivel org\u00e1nico\u00bb y contrapone su figura con la de \u00c1balos, al que se refiere como \u00abun se\u00f1or, el puto amo\u00bb. En lo que a \u00e9l mismo respecta, Koldo sostiene que ha sido \u00absimplemente un chico de los recados que ha hecho su trabajo y que lo ha hecho, por cierto, muy bien hecho\u00bb, en referencia a episodios como el que protagoniz\u00f3 en Madrid la\u00a0<em>n\u00famero dos<\/em>\u00a0del presidente venezolano\u00a0<strong>Nicol\u00e1s Maduro<\/strong>, que aterriz\u00f3 en Barajas la madrugada del 19 al 20 de enero de 2020 y fue recibida all\u00ed por el ex ministro \u00c1balos, pese a que sobre ella pesaba entonces una prohibici\u00f3n de entrar en el espacio Schengen. Pese a ello, us\u00f3 Madrid como escala hacia Qatar.\r\n\r\n \r\n\r\n<a href=\"https:\/\/www.elmundo.es\/espana\/2024\/04\/14\/661bedca21efa0ca0c8b4573.html\">EL MUNDO <\/a>\r\n\r\n","protected":false},"excerpt":{"rendered":"<p>Yussef Abou Nassif Smaili\u00a0(empresario liban\u00e9s en su momento vinculado sentimentalmente como pareja de Delcy Rodr\u00edguez) y\u00a0Alejandra Carolina Bastidas Gonz\u00e1lez\u00a0(Directora General de Comunicaci\u00f3n y Relaciones Institucionales de la Vicepresidenta). Media hora antes de la llegada del vuelo, a bordo de un veh\u00edculo camuflado Toyota, el comisario\u00a0Jes\u00fas Mar\u00eda G\u00f3mez Mart\u00edn, entonces jefe del Puesto Fronterizo de Polic\u00eda [&hellip;]<\/p>\n","protected":false},"author":1,"featured_media":11326,"comment_status":"open","ping_status":"open","sticky":false,"template":"","format":"standard","meta":{"h5ap_radio_sources":[],"footnotes":""},"categories":[9],"tags":[],"class_list":["post-11325","post","type-post","status-publish","format-standard","has-post-thumbnail","hentry","category-venezuela"],"aioseo_notices":[],"_links":{"self":[{"href":"https:\/\/www.ciudadgoticanews.com\/index.php\/wp-json\/wp\/v2\/posts\/11325","targetHints":{"allow":["GET"]}}],"collection":[{"href":"https:\/\/www.ciudadgoticanews.com\/index.php\/wp-json\/wp\/v2\/posts"}],"about":[{"href":"https:\/\/www.ciudadgoticanews.com\/index.php\/wp-json\/wp\/v2\/types\/post"}],"author":[{"embeddable":true,"href":"https:\/\/www.ciudadgoticanews.com\/index.php\/wp-json\/wp\/v2\/users\/1"}],"replies":[{"embeddable":true,"href":"https:\/\/www.ciudadgoticanews.com\/index.php\/wp-json\/wp\/v2\/comments?post=11325"}],"version-history":[{"count":0,"href":"https:\/\/www.ciudadgoticanews.com\/index.php\/wp-json\/wp\/v2\/posts\/11325\/revisions"}],"wp:featuredmedia":[{"embeddable":true,"href":"https:\/\/www.ciudadgoticanews.com\/index.php\/wp-json\/wp\/v2\/media\/11326"}],"wp:attachment":[{"href":"https:\/\/www.ciudadgoticanews.com\/index.php\/wp-json\/wp\/v2\/media?parent=11325"}],"wp:term":[{"taxonomy":"category","embeddable":true,"href":"https:\/\/www.ciudadgoticanews.com\/index.php\/wp-json\/wp\/v2\/categories?post=11325"},{"taxonomy":"post_tag","embeddable":true,"href":"https:\/\/www.ciudadgoticanews.com\/index.php\/wp-json\/wp\/v2\/tags?post=11325"}],"curies":[{"name":"wp","href":"https:\/\/api.w.org\/{rel}","templated":true}]}}