{"id":11484,"date":"2024-09-05T21:56:03","date_gmt":"2024-09-06T01:56:03","guid":{"rendered":"https:\/\/www.ciudadgoticanews.com\/?p=11484"},"modified":"2024-09-05T21:56:03","modified_gmt":"2024-09-06T01:56:03","slug":"nueva-evidencia-muestra-que-activista-venezolano-gilber-caro-se-salto-un-semaforo-en-rojo-en-un-fatal-atropello-en-miami-dice-la-policia","status":"publish","type":"post","link":"https:\/\/www.ciudadgoticanews.com\/index.php\/2024\/09\/05\/nueva-evidencia-muestra-que-activista-venezolano-gilber-caro-se-salto-un-semaforo-en-rojo-en-un-fatal-atropello-en-miami-dice-la-policia\/","title":{"rendered":"Nueva evidencia muestra que activista venezolano Gilber Caro, se salt\u00f3 un sem\u00e1foro en rojo en un fatal atropello en Miami, dice la polic\u00eda"},"content":{"rendered":"\r\n\r\nDetectives obtuvieron nueva evidencia que muestra que un pol\u00edtico y activista venezolano fue el conductor inicialmente culpable\u00a0de un accidente mortal en el que huy\u00f3 de la escena\u00a0, no el hombre de 29 a\u00f1os fallecido, dijo la polic\u00eda de Miami a Local 10 News el jueves.\r\n\r\n \r\n\r\nLas autoridades dijeron inicialmente que Junior Eugene se salt\u00f3 un sem\u00e1foro en rojo en South LeJeune Road y Southwest Eighth Street, cerca de la frontera entre Miami y Coral Gables, a las 3:30 am del lunes, y atropell\u00f3 al activista de 50 a\u00f1os, Gilber Caro, quien huy\u00f3 del lugar. Eugene fue declarado muerto en el lugar.\r\n\r\n \r\n\r\nPero la polic\u00eda ahora dice que nueva evidencia revela que Caro, y no Eugene, fue quien desobedeci\u00f3 la se\u00f1al de tr\u00e1nsito.\r\n\r\n \r\n\r\nEl oficial Michael Vega, portavoz del Departamento de Polic\u00eda de Miami, dijo que la evidencia de la c\u00e1mara del tablero de un tercer veh\u00edculo involucrado muestra que Eugene en realidad ten\u00eda la luz verde.\r\n\r\n \r\n\r\nCaro, que enfrenta cargos por abandonar el lugar de un accidente y causar una muerte, sali\u00f3 de la c\u00e1rcel bajo fianza luego de su arresto el martes. Sin embargo, Vega dijo que ahora se espera que enfrente cargos adicionales.\r\n\r\n \r\n\r\nLos registros en l\u00ednea muestran que es diputado de la Asamblea Nacional de Venezuela. Tambi\u00e9n figuraba como pol\u00edtico, preso pol\u00edtico y activista, seg\u00fan informes.\r\n\r\n \r\n\r\nLocal 10 News se comunic\u00f3 con el abogado de Caro, quien se encuentra actualmente en Madrid, y dijo que no har\u00eda comentarios porque a\u00fan no ha visto el video ni ha hablado con la polic\u00eda.\r\n\r\n \r\n\r\nLa familia de Eugene ha creado una\u00a0<a href=\"https:\/\/www.gofundme.com\/f\/honor-junior-eugene-funeral-contributions-needed\" target=\"_blank\" rel=\"noreferrer noopener\">p\u00e1gina GoFundMe<\/a>\u00a0para ayudar a pagar los gastos de su funeral.\r\n\r\n \r\n\r\nPor LOCAL10\r\n\r\n","protected":false},"excerpt":{"rendered":"<p>Detectives obtuvieron nueva evidencia que muestra que un pol\u00edtico y activista venezolano fue el conductor inicialmente culpable\u00a0de un accidente mortal en el que huy\u00f3 de la escena\u00a0, no el hombre de 29 a\u00f1os fallecido, dijo la polic\u00eda de Miami a Local 10 News el jueves. Las autoridades dijeron inicialmente que Junior Eugene se salt\u00f3 un [&hellip;]<\/p>\n","protected":false},"author":1,"featured_media":11485,"comment_status":"open","ping_status":"open","sticky":false,"template":"","format":"standard","meta":{"h5ap_radio_sources":[],"footnotes":""},"categories":[23],"tags":[],"class_list":["post-11484","post","type-post","status-publish","format-standard","has-post-thumbnail","hentry","category-estados-unidos"],"aioseo_notices":[],"_links":{"self":[{"href":"https:\/\/www.ciudadgoticanews.com\/index.php\/wp-json\/wp\/v2\/posts\/11484","targetHints":{"allow":["GET"]}}],"collection":[{"href":"https:\/\/www.ciudadgoticanews.com\/index.php\/wp-json\/wp\/v2\/posts"}],"about":[{"href":"https:\/\/www.ciudadgoticanews.com\/index.php\/wp-json\/wp\/v2\/types\/post"}],"author":[{"embeddable":true,"href":"https:\/\/www.ciudadgoticanews.com\/index.php\/wp-json\/wp\/v2\/users\/1"}],"replies":[{"embeddable":true,"href":"https:\/\/www.ciudadgoticanews.com\/index.php\/wp-json\/wp\/v2\/comments?post=11484"}],"version-history":[{"count":0,"href":"https:\/\/www.ciudadgoticanews.com\/index.php\/wp-json\/wp\/v2\/posts\/11484\/revisions"}],"wp:featuredmedia":[{"embeddable":true,"href":"https:\/\/www.ciudadgoticanews.com\/index.php\/wp-json\/wp\/v2\/media\/11485"}],"wp:attachment":[{"href":"https:\/\/www.ciudadgoticanews.com\/index.php\/wp-json\/wp\/v2\/media?parent=11484"}],"wp:term":[{"taxonomy":"category","embeddable":true,"href":"https:\/\/www.ciudadgoticanews.com\/index.php\/wp-json\/wp\/v2\/categories?post=11484"},{"taxonomy":"post_tag","embeddable":true,"href":"https:\/\/www.ciudadgoticanews.com\/index.php\/wp-json\/wp\/v2\/tags?post=11484"}],"curies":[{"name":"wp","href":"https:\/\/api.w.org\/{rel}","templated":true}]}}