{"id":11500,"date":"2024-09-06T21:47:20","date_gmt":"2024-09-07T01:47:20","guid":{"rendered":"https:\/\/www.ciudadgoticanews.com\/?p=11500"},"modified":"2024-09-06T21:47:20","modified_gmt":"2024-09-07T01:47:20","slug":"asi-celebro-sientese-quien-pueda-ser-el-programa-numero-uno-y-agradecio-a-su-publico-por-preferirlos","status":"publish","type":"post","link":"https:\/\/www.ciudadgoticanews.com\/index.php\/2024\/09\/06\/asi-celebro-sientese-quien-pueda-ser-el-programa-numero-uno-y-agradecio-a-su-publico-por-preferirlos\/","title":{"rendered":"As\u00ed celebr\u00f3 \u00abSi\u00e9ntese Qui\u00e9n Pueda\u00bb ser el programa n\u00famero uno y agradeci\u00f3 a su publico por preferirlos"},"content":{"rendered":"\r\n\r\nEl d\u00eda de hoy, durante la emisi\u00f3n de <strong>Si\u00e9ntese Qui\u00e9n Pueda <\/strong><strong>\u00a0en Univision<\/strong>, los talentos del programa mostraron su felicidad y gratitud hacia el p\u00fablico que los sintoniza cada tarde. Chiquibaby y Jorge Bernal tomaron un momento especial para agradecer a sus seguidores, reconociendo el respaldo que ha hecho del programa el n\u00famero uno en su franja horaria.\r\n\r\n \r\n\r\nChiquibaby expres\u00f3 con emoci\u00f3n: \u201cQuiero dar un agradecimiento especial a nuestro p\u00fablico. Gracias a ustedes, somos los n\u00famero uno todas las tardes. Gracias por su cari\u00f1o y por permitirnos hacer lo que m\u00e1s nos gusta a trav\u00e9s de la pantalla\u201d.\r\n\r\n \r\n\r\n<img decoding=\"async\" src=\"https:\/\/mail.google.com\/mail\/u\/0?ui=2&amp;ik=3e698ea651&amp;attid=0.3&amp;permmsgid=msg-f:1809490925033332920&amp;th=191c9a68c2e7a0b8&amp;view=fimg&amp;fur=ip&amp;sz=s0-l75-ft&amp;attbid=ANGjdJ_PvR5l12oEJ3Xm1QLyYvn7v-_873HoL-GeChAn70szlZaFYTgFXRhYhHXRVrVN3ueiudV0Kp3A29TlSrF82A2Pz9LzpsrHoVHBR_GunDXKSfzjY9dICh_1ug4&amp;disp=emb&amp;realattid=ii_m0rbtduh2\" alt=\"A06E284B-6993-424E-AA74-D1637B001A0A_1_105_c.jpeg\" \/>\r\n\r\n \r\n\r\nPor su parte, Jorge Bernal a\u00f1adi\u00f3: \u201cEsto no es alarde ni pensamos que estamos en las nubes, esta es una realidad, y por eso estamos agradecidos por el respaldo del p\u00fablico\u201d. Jorge tambi\u00e9n reiter\u00f3 el compromiso del equipo de seguir ofreciendo lo mejor cada tarde a las 2:00 p.m. por Univision.\r\n\r\n \r\n<figure class=\"wp-block-image size-large\"><img decoding=\"async\" class=\"wp-image-11610\" src=\"https:\/\/eldoral.com\/wp-content\/uploads\/2024\/09\/IMG_4225-1024x683.jpeg\" alt=\"\" \/><\/figure>\r\n \r\n\r\n<img decoding=\"async\" src=\"https:\/\/mail.google.com\/mail\/u\/0?ui=2&amp;ik=3e698ea651&amp;attid=0.1&amp;permmsgid=msg-f:1809490925033332920&amp;th=191c9a68c2e7a0b8&amp;view=fimg&amp;fur=ip&amp;sz=s0-l75-ft&amp;attbid=ANGjdJ9OR3BF8M-iTobNGKwRjalJmH6rkSDTxmxJHiB81XkSoIW2lKoYQJ-O-siQu1AV-q1yHW59sRg_l4LRbfznCMKcSkK5Ywgqjkfde0xWVI8sHVz471HiZweBDBY&amp;disp=emb&amp;realattid=ii_m0rbtwi53\" alt=\"B6D8032D-9D2B-47E1-A8FE-7AB8D805EBF1_1_105_c.jpeg\" \/>\r\n\r\n \r\n\r\nEl episodio del viernes tambi\u00e9n cont\u00f3 con la participaci\u00f3n especial del actor Josh Gutierrez, quien interpreta al villano en la telenovela \u201cVivir de Amor\u201d, la cual est\u00e1 en su recta final por Univisi\u00f3n. La presencia de Josh fue parte de la celebraci\u00f3n de los \u00faltimos cap\u00edtulos de la exitosa producci\u00f3n, a\u00f1adiendo un toque especial al programa.\r\n\r\n <div class=\"wp-block-image\">\r\n<figure class=\"aligncenter size-full\"><img decoding=\"async\" class=\"wp-image-11621\" src=\"https:\/\/eldoral.com\/wp-content\/uploads\/2024\/09\/Sin-titulo-80.png\" alt=\"\" \/><\/figure>\r\n<\/div> <div class=\"wp-block-image\">\r\n<figure class=\"aligncenter size-large\"><img decoding=\"async\" class=\"wp-image-11616\" src=\"https:\/\/eldoral.com\/wp-content\/uploads\/2024\/09\/1-2-682x1024.png\" alt=\"\" \/><\/figure>\r\n<\/div> <div class=\"wp-block-image\">\r\n<figure class=\"aligncenter size-large\"><img decoding=\"async\" class=\"wp-image-11617\" src=\"https:\/\/eldoral.com\/wp-content\/uploads\/2024\/09\/2-682x1024.png\" alt=\"\" \/><\/figure>\r\n<\/div> \r\n\r\n&nbsp;\r\n\r\n <div class=\"wp-block-image\">\r\n<figure class=\"aligncenter size-large\"><img decoding=\"async\" class=\"wp-image-11614\" src=\"https:\/\/eldoral.com\/wp-content\/uploads\/2024\/09\/IMG_4227-683x1024.jpeg\" alt=\"\" \/><\/figure>\r\n<\/div> \r\n\r\n<strong>\u201cSi\u00e9ntese Qui\u00e9n Pueda\u201d<\/strong>, producido por\u00a0<strong>We Love Entertainment<\/strong>, reafirma su conexi\u00f3n con la audiencia y su compromiso de seguir brindando entretenimiento de calidad.\r\n\r\n <div class=\"wp-block-image\">\r\n<figure class=\"aligncenter size-large\"><img decoding=\"async\" class=\"wp-image-11618\" src=\"https:\/\/eldoral.com\/wp-content\/uploads\/2024\/09\/3-2-682x1024.png\" alt=\"\" \/><\/figure>\r\n<\/div> <div class=\"wp-block-image\">\r\n<figure class=\"aligncenter size-large\"><img decoding=\"async\" class=\"wp-image-11619\" src=\"https:\/\/eldoral.com\/wp-content\/uploads\/2024\/09\/5-1-682x1024.png\" alt=\"\" \/><\/figure>\r\n<\/div> <div class=\"wp-block-image\">\r\n<figure class=\"aligncenter size-large\"><img decoding=\"async\" class=\"wp-image-11620\" src=\"https:\/\/eldoral.com\/wp-content\/uploads\/2024\/09\/10-682x1024.png\" alt=\"\" \/><\/figure>\r\n<\/div> \r\n\r\n&nbsp;\r\n\r\n \r\n<blockquote class=\"instagram-media\" data-instgrm-captioned=\"\" data-instgrm-permalink=\"https:\/\/www.instagram.com\/reel\/C_l94eVSecS\/?utm_source=ig_embed&amp;utm_campaign=loading\" data-instgrm-version=\"14\">\r\n<div>\r\n<div>\r\n<div><\/div>\r\n<div>\r\n<div><\/div>\r\n<div><\/div>\r\n<\/div>\r\n<\/div>\r\n<div><\/div>\r\n<div><\/div>\r\n<div>\r\n<div>Ver esta publicaci\u00f3n en Instagram<\/div>\r\n<\/div>\r\n<div><\/div>\r\n<div>\r\n<div>\r\n<div><\/div>\r\n<div><\/div>\r\n<div><\/div>\r\n<\/div>\r\n<div>\r\n<div><\/div>\r\n<div><\/div>\r\n<\/div>\r\n<div>\r\n<div><\/div>\r\n<div><\/div>\r\n<div><\/div>\r\n<\/div>\r\n<\/div>\r\n<div>\r\n<div><\/div>\r\n<div><\/div>\r\n<\/div>\r\n<a href=\"https:\/\/www.instagram.com\/reel\/C_l94eVSecS\/?utm_source=ig_embed&amp;utm_campaign=loading\" target=\"_blank\" rel=\"noopener\">Una publicaci\u00f3n compartida de Sientese Quien Pueda (@sientesequienpueda)<\/a>\r\n\r\n<\/div><\/blockquote>\r\n \r\n\r\n<img decoding=\"async\" src=\"https:\/\/mail.google.com\/mail\/u\/0?ui=2&amp;ik=3e698ea651&amp;attid=0.4&amp;permmsgid=msg-f:1809490925033332920&amp;th=191c9a68c2e7a0b8&amp;view=fimg&amp;fur=ip&amp;sz=s0-l75-ft&amp;attbid=ANGjdJ9c-D1-xrxXSuX0udESfg9Z-XPCQaQyj-EasJZTDAUfSJV3N_9BUJKVjcB-iL9GQpkScNf0gPDcksVvo7S3YiNm_5Jvu-fj5wii0Xh5tjjEYhzUWzxJnjnmNvw&amp;disp=emb&amp;realattid=ii_m0rc1vc94\" alt=\"DIRECTORAL.png\" \/>\r\n\r\n \r\n\r\n&nbsp;\r\n\r\n","protected":false},"excerpt":{"rendered":"<p>El d\u00eda de hoy, durante la emisi\u00f3n de Si\u00e9ntese Qui\u00e9n Pueda \u00a0en Univision, los talentos del programa mostraron su felicidad y gratitud hacia el p\u00fablico que los sintoniza cada tarde. Chiquibaby y Jorge Bernal tomaron un momento especial para agradecer a sus seguidores, reconociendo el respaldo que ha hecho del programa el n\u00famero uno en [&hellip;]<\/p>\n","protected":false},"author":1,"featured_media":11502,"comment_status":"open","ping_status":"open","sticky":false,"template":"","format":"standard","meta":{"h5ap_radio_sources":[],"footnotes":""},"categories":[23],"tags":[],"class_list":["post-11500","post","type-post","status-publish","format-standard","has-post-thumbnail","hentry","category-estados-unidos"],"aioseo_notices":[],"_links":{"self":[{"href":"https:\/\/www.ciudadgoticanews.com\/index.php\/wp-json\/wp\/v2\/posts\/11500","targetHints":{"allow":["GET"]}}],"collection":[{"href":"https:\/\/www.ciudadgoticanews.com\/index.php\/wp-json\/wp\/v2\/posts"}],"about":[{"href":"https:\/\/www.ciudadgoticanews.com\/index.php\/wp-json\/wp\/v2\/types\/post"}],"author":[{"embeddable":true,"href":"https:\/\/www.ciudadgoticanews.com\/index.php\/wp-json\/wp\/v2\/users\/1"}],"replies":[{"embeddable":true,"href":"https:\/\/www.ciudadgoticanews.com\/index.php\/wp-json\/wp\/v2\/comments?post=11500"}],"version-history":[{"count":0,"href":"https:\/\/www.ciudadgoticanews.com\/index.php\/wp-json\/wp\/v2\/posts\/11500\/revisions"}],"wp:featuredmedia":[{"embeddable":true,"href":"https:\/\/www.ciudadgoticanews.com\/index.php\/wp-json\/wp\/v2\/media\/11502"}],"wp:attachment":[{"href":"https:\/\/www.ciudadgoticanews.com\/index.php\/wp-json\/wp\/v2\/media?parent=11500"}],"wp:term":[{"taxonomy":"category","embeddable":true,"href":"https:\/\/www.ciudadgoticanews.com\/index.php\/wp-json\/wp\/v2\/categories?post=11500"},{"taxonomy":"post_tag","embeddable":true,"href":"https:\/\/www.ciudadgoticanews.com\/index.php\/wp-json\/wp\/v2\/tags?post=11500"}],"curies":[{"name":"wp","href":"https:\/\/api.w.org\/{rel}","templated":true}]}}