{"id":11554,"date":"2024-09-11T10:43:45","date_gmt":"2024-09-11T14:43:45","guid":{"rendered":"https:\/\/www.ciudadgoticanews.com\/?p=11554"},"modified":"2024-09-11T10:43:45","modified_gmt":"2024-09-11T14:43:45","slug":"carlos-mesber-anuncia-su-proximo-retiro-escribe-tu-vida-en-tulum-mexico","status":"publish","type":"post","link":"https:\/\/www.ciudadgoticanews.com\/index.php\/2024\/09\/11\/carlos-mesber-anuncia-su-proximo-retiro-escribe-tu-vida-en-tulum-mexico\/","title":{"rendered":"Carlos Mesber Anuncia su Pr\u00f3ximo Retiro: \u201cEscribe tu Vida\u201d en Tulum, M\u00e9xico"},"content":{"rendered":"\r\n\r\nMiami, FL, Septiembre 11 \u2013 Carlos Mesber, reconocido productor, CEO de We Love Entertainment, Coach y Conferencista, anuncia \u00a0su esperado retiro espiritual y de conciencia\u00a0\u201cEscribe tu Vida\u201d, que tendr\u00e1 lugar\u00a0del 22 al 25 de noviembre de 2024\u00a0en la m\u00e1gica ciudad de Tulum, M\u00e9xico.\r\n\r\n \r\n<figure class=\"wp-block-image size-large\"><img decoding=\"async\" class=\"wp-image-12000\" src=\"https:\/\/eldoral.com\/wp-content\/uploads\/2024\/09\/unnamed-1024x341.jpg\" alt=\"\" \/><\/figure>\r\n \r\n\r\nEste retiro, dise\u00f1ado para conectar cuerpo, mente y esp\u00edritu, en su cuarto a\u00f1o ya,\u00a0promete ser una experiencia transformadora que cambiar\u00e1 la vida de los asistentes. Bajo el liderazgo de Mesber, quien ha dedicado su carrera a inspirar y guiar a las personas, \u201cEscribe tu Vida\u201d invita a sus participantes a reflexionar, reconectar con su esencia y reescribir su destino personal.\r\n\r\n <div class=\"wp-block-image\">\r\n<figure class=\"aligncenter size-large\"><img decoding=\"async\" class=\"wp-image-12003\" src=\"https:\/\/eldoral.com\/wp-content\/uploads\/2024\/09\/1-3-682x1024.png\" alt=\"\" \/><\/figure>\r\n<\/div> \r\n\r\n\u201cEscribe tu Vida\u201d es m\u00e1s que un retiro espiritual; es un viaje hacia la conciencia plena, donde cada participante podr\u00e1 descubrir su verdadero prop\u00f3sito y aprender a dise\u00f1ar una vida que realmente deseen vivir. Durante tres\u00a0d\u00edas, los asistentes disfrutar\u00e1n de actividades de crecimiento personal, meditaci\u00f3n, ejercicios de escritura guiada y sesiones grupales que los ayudar\u00e1n a liberarse de bloqueos emocionales y despertar a una nueva realidad de paz y plenitud.\r\n\r\n \r\n<figure class=\"wp-block-video\"><video src=\"https:\/\/eldoral.com\/wp-content\/uploads\/2024\/09\/WhatsApp-Video-2024-09-11-at-9.34.09-AM.mp4\" controls=\"controls\" width=\"300\" height=\"150\" data-mce-fragment=\"1\"><\/video><\/figure>\r\n \r\n<figure class=\"wp-block-video\"><video src=\"https:\/\/eldoral.com\/wp-content\/uploads\/2024\/09\/WhatsApp-Video-2024-09-11-at-9.34.04-AM.mp4\" controls=\"controls\" width=\"300\" height=\"150\" data-mce-fragment=\"1\"><\/video><\/figure>\r\n <div class=\"wp-block-image\">\r\n<figure class=\"aligncenter size-large\"><img decoding=\"async\" class=\"wp-image-12004\" src=\"https:\/\/eldoral.com\/wp-content\/uploads\/2024\/09\/2.1-768x1024.png\" alt=\"\" \/><\/figure>\r\n<\/div> \r\n\r\nTulum, conocido por su energ\u00eda vibrante y sus paisajes paradis\u00edacos, ser\u00e1 el escenario perfecto para este evento \u00edntimo que promete una inmersi\u00f3n completa en la espiritualidad, la conciencia y el bienestar.\r\n\r\n <div class=\"wp-block-image\">\r\n<figure class=\"aligncenter size-large\"><img decoding=\"async\" class=\"wp-image-12005\" src=\"https:\/\/eldoral.com\/wp-content\/uploads\/2024\/09\/3.1-768x1024.png\" alt=\"\" \/><\/figure>\r\n<\/div> \r\n\r\n&nbsp;\r\n\r\n \r\n<figure class=\"wp-block-image size-full\"><img decoding=\"async\" class=\"wp-image-12006\" src=\"https:\/\/eldoral.com\/wp-content\/uploads\/2024\/09\/4.1.png\" alt=\"\" \/><\/figure>\r\n \r\n<figure class=\"wp-block-image size-large\"><img decoding=\"async\" class=\"wp-image-12007\" src=\"https:\/\/eldoral.com\/wp-content\/uploads\/2024\/09\/5.1-1024x768.png\" alt=\"\" \/><\/figure>\r\n <div class=\"wp-block-image\">\r\n<figure class=\"aligncenter size-large\"><img decoding=\"async\" class=\"wp-image-12008\" src=\"https:\/\/eldoral.com\/wp-content\/uploads\/2024\/09\/6.1-1024x768.png\" alt=\"\" \/><\/figure>\r\n<\/div> \r\n\r\n&nbsp;\r\n\r\n \r\n\r\nJuan Carlos V\u00e1squez, numerologo mexicano, Cynthia Ram\u00edrez, maestra espiritual y Terapeuta cu\u00e1ntica angelical y Damian Pastrana, profesional de la belleza integral, son los conferencistas a cargo de este maravilloso retiro junto a Carlos Mesber.\r\n\r\n \r\n\r\nPara m\u00e1s informaci\u00f3n sobre c\u00f3mo participar en \u201cEscribe tu Vida\u201d, comun\u00edcate con el equipo de Carlos Mesber en\u00a0@soydamianpastrana\r\n\r\n \r\n\r\nSobre Carlos Mesber:\r\n\r\n \r\n\r\nCarlos Mesber es CEO de We Love Entertainment, productor y creador de formatos televisivos como Si\u00e9ntese Quien Pueda y Desiguales. Con m\u00e1s de 30 a\u00f1os de experiencia en la industria del entretenimiento, su pasi\u00f3n por la espiritualidad lo ha llevado a crear este retiro transformador para ayudar a las personas a vivir con mayor prop\u00f3sito y autenticidad.\r\n\r\n \r\n<figure class=\"wp-block-image size-large\"><img decoding=\"async\" class=\"wp-image-12001\" src=\"https:\/\/eldoral.com\/wp-content\/uploads\/2024\/09\/unnamed-1024x341.png\" alt=\"\" \/><\/figure>\r\n \r\n\r\n&nbsp;\r\n\r\n \r\n\r\n&nbsp;\r\n\r\n","protected":false},"excerpt":{"rendered":"<p>Miami, FL, Septiembre 11 \u2013 Carlos Mesber, reconocido productor, CEO de We Love Entertainment, Coach y Conferencista, anuncia \u00a0su esperado retiro espiritual y de conciencia\u00a0\u201cEscribe tu Vida\u201d, que tendr\u00e1 lugar\u00a0del 22 al 25 de noviembre de 2024\u00a0en la m\u00e1gica ciudad de Tulum, M\u00e9xico. Este retiro, dise\u00f1ado para conectar cuerpo, mente y esp\u00edritu, en su cuarto [&hellip;]<\/p>\n","protected":false},"author":1,"featured_media":11555,"comment_status":"open","ping_status":"open","sticky":false,"template":"","format":"standard","meta":{"h5ap_radio_sources":[],"footnotes":""},"categories":[23],"tags":[],"class_list":["post-11554","post","type-post","status-publish","format-standard","has-post-thumbnail","hentry","category-estados-unidos"],"aioseo_notices":[],"_links":{"self":[{"href":"https:\/\/www.ciudadgoticanews.com\/index.php\/wp-json\/wp\/v2\/posts\/11554","targetHints":{"allow":["GET"]}}],"collection":[{"href":"https:\/\/www.ciudadgoticanews.com\/index.php\/wp-json\/wp\/v2\/posts"}],"about":[{"href":"https:\/\/www.ciudadgoticanews.com\/index.php\/wp-json\/wp\/v2\/types\/post"}],"author":[{"embeddable":true,"href":"https:\/\/www.ciudadgoticanews.com\/index.php\/wp-json\/wp\/v2\/users\/1"}],"replies":[{"embeddable":true,"href":"https:\/\/www.ciudadgoticanews.com\/index.php\/wp-json\/wp\/v2\/comments?post=11554"}],"version-history":[{"count":0,"href":"https:\/\/www.ciudadgoticanews.com\/index.php\/wp-json\/wp\/v2\/posts\/11554\/revisions"}],"wp:featuredmedia":[{"embeddable":true,"href":"https:\/\/www.ciudadgoticanews.com\/index.php\/wp-json\/wp\/v2\/media\/11555"}],"wp:attachment":[{"href":"https:\/\/www.ciudadgoticanews.com\/index.php\/wp-json\/wp\/v2\/media?parent=11554"}],"wp:term":[{"taxonomy":"category","embeddable":true,"href":"https:\/\/www.ciudadgoticanews.com\/index.php\/wp-json\/wp\/v2\/categories?post=11554"},{"taxonomy":"post_tag","embeddable":true,"href":"https:\/\/www.ciudadgoticanews.com\/index.php\/wp-json\/wp\/v2\/tags?post=11554"}],"curies":[{"name":"wp","href":"https:\/\/api.w.org\/{rel}","templated":true}]}}