{"id":11569,"date":"2024-09-15T21:20:23","date_gmt":"2024-09-16T01:20:23","guid":{"rendered":"https:\/\/www.ciudadgoticanews.com\/?p=11569"},"modified":"2024-09-15T21:20:23","modified_gmt":"2024-09-16T01:20:23","slug":"leocenis-garcia-recluido-en-el-rodeo-i-tras-nueva-detencion-en-caracas","status":"publish","type":"post","link":"https:\/\/www.ciudadgoticanews.com\/index.php\/2024\/09\/15\/leocenis-garcia-recluido-en-el-rodeo-i-tras-nueva-detencion-en-caracas\/","title":{"rendered":"Leocenis Garc\u00eda recluido en El Rodeo I tras nueva detenci\u00f3n en Caracas"},"content":{"rendered":"<p>El dirigente pol\u00edtico Leocenis Garc\u00eda, fundador del movimiento Prociudadanos, se encuentra recluido en el centro de detenci\u00f3n El Rodeo I, ubicado en el estado Miranda, Venezuela. La informaci\u00f3n fue confirmada el domingo 15 de septiembre de 2024 por la abogada y activista de derechos humanos Tamara Suju, a trav\u00e9s de su cuenta en la red social X (anteriormente Twitter).<\/p>\n<p>Seg\u00fan Suju, Garc\u00eda se encuentra en una secci\u00f3n de El Rodeo I especialmente remodelada para albergar a presos pol\u00edticos hombres, bajo la custodia de la Direcci\u00f3n General de Contrainteligencia Militar (DGCIM).<\/p>\n<blockquote class=\"twitter-tweet\" data-dnt=\"true\">\n<p dir=\"ltr\" lang=\"es\"><a href=\"https:\/\/twitter.com\/hashtag\/Venezuela?src=hash&amp;ref_src=twsrc%5Etfw\">#Venezuela<\/a> . ATENCION: Me Informan que Leocenis Garc\u00eda <a href=\"https:\/\/twitter.com\/leocenisoficial?ref_src=twsrc%5Etfw\">@leocenisoficial<\/a> esta detenido en el Centros De Torturas El Rodeo 1, especialmente remodelado para los Presos Politicos Hombres. El lugar est\u00e1 a cargo del <a href=\"https:\/\/twitter.com\/hashtag\/DGCIM?src=hash&amp;ref_src=twsrc%5Etfw\">#DGCIM<\/a>. <a href=\"https:\/\/t.co\/t7GMkmvCeS\">https:\/\/t.co\/t7GMkmvCeS<\/a><\/p>\n<p>\u2014 Tamara Suju (@TAMARA_SUJU) <a href=\"https:\/\/twitter.com\/TAMARA_SUJU\/status\/1835319711908675976?ref_src=twsrc%5Etfw\">September 15, 2024<\/a><\/p><\/blockquote>\n<p><script async src=\"https:\/\/platform.twitter.com\/widgets.js\" charset=\"utf-8\"><\/script><\/p>\n<p>La detenci\u00f3n de Garc\u00eda se produjo el mi\u00e9rcoles 11 de septiembre de 2024 en la urbanizaci\u00f3n La Castellana, municipio Chacao del estado Miranda, a manos de funcionarios del Servicio Bolivariano de Inteligencia Nacional (Sebin). Hasta el momento, no se han dado a conocer los motivos oficiales de la detenci\u00f3n ni los cargos que se le imputan.<\/p>\n<p>A trav\u00e9s de la cuenta oficial de Leocenis Garc\u00eda en la red social X, se inform\u00f3 que, hasta el 15 de septiembre, no se le hab\u00eda permitido recibir visitas. La informaci\u00f3n, atribuida al padre del dirigente pol\u00edtico, indica que las autoridades penitenciarias argumentaron que Garc\u00eda se encontraba en un \u00abproceso de adaptaci\u00f3n\u00bb.<\/p>\n<blockquote class=\"twitter-tweet\" data-dnt=\"true\">\n<p dir=\"ltr\" lang=\"es\"><a href=\"https:\/\/twitter.com\/hashtag\/Informaci%C3%B3n?src=hash&amp;ref_src=twsrc%5Etfw\">#Informaci\u00f3n<\/a> sobre Leocenis Garc\u00eda. Se encuentra en el (Rodeo 1) NO lo dejaron ver \u00c9l no tiene visitas autorizadas por ahora. Seg\u00fan ellos \u00e9l est\u00e1 en un proceso de adaptaci\u00f3n le informaron! A Leocenis Padre.<\/p>\n<p>\u2014 Leocenis Garcia (@leocenisoficial) <a href=\"https:\/\/twitter.com\/leocenisoficial\/status\/1835368110947230005?ref_src=twsrc%5Etfw\">September 15, 2024<\/a><\/p><\/blockquote>\n<p><script async src=\"https:\/\/platform.twitter.com\/widgets.js\" charset=\"utf-8\"><\/script><\/p>\n<h2>Antecedentes de Leocenis Garc\u00eda: Activismo pol\u00edtico y controversias<\/h2>\n<p>Leocenis Garc\u00eda es una figura conocida en la escena pol\u00edtica venezolana, principalmente por su activismo opositor a la administraci\u00f3n de Nicol\u00e1s Maduro y su historial de detenciones. En 2016, mientras se encontraba en prisi\u00f3n, fund\u00f3 el movimiento pol\u00edtico Prociudadanos, que se define como un partido de corte liberal con un enfoque en la libertad individual, la libre empresa y la reducci\u00f3n de la intervenci\u00f3n del Estado en la econom\u00eda.<\/p>\n<p>Garc\u00eda ha sido detenido en varias ocasiones, alegando sus defensores que las causas han sido motivadas por su oposici\u00f3n al chavismo. Sin embargo, tambi\u00e9n ha enfrentado acusaciones de da\u00f1os a la propiedad privada, extorsi\u00f3n y lavado de dinero, cargos que han dado lugar a procesos judiciales en su contra.<\/p>\n<p>Su trayectoria profesional incluye la direcci\u00f3n del Grupo 6to Poder, una editorial que fue intervenida por el Gobierno venezolano. Garc\u00eda tambi\u00e9n ha incursionado en el \u00e1mbito de los medios de comunicaci\u00f3n -con poco \u00e9xito- como propietario de un canal de televisi\u00f3n y ha publicado varios libros, entre ellos \u00abRebelde con causa\u00bb y \u00abLa rebeli\u00f3n del tej\u00f3n\u00bb, donde expone sus ideas pol\u00edticas y experiencias personales.<\/p>\n<h2>Candidatura presidencial y habilitaci\u00f3n pol\u00edtica<\/h2>\n<p>En enero de 2024, el Tribunal Supremo de Justicia (TSJ) habilit\u00f3 pol\u00edticamente a Leocenis Garc\u00eda, permiti\u00e9ndole intentar participar en las elecciones presidenciales de Venezuela. Tras esta decisi\u00f3n, Garc\u00eda anunci\u00f3 su intenci\u00f3n de postularse para los comicios programados para el 28 de julio de 2024. Sin embargo, el 27 de marzo, Garc\u00eda inform\u00f3 que el Consejo Nacional Electoral (CNE) hab\u00eda rechazado su postulaci\u00f3n.<\/p>\n<p>Las elecciones presidenciales del 28 de julio fueron ganadas oficialmente por Nicol\u00e1s Maduro, en un resultado que la oposici\u00f3n ha cuestionado. Sectores opositores atribuyen el triunfo al principal rival de Maduro, Edmundo Gonz\u00e1lez Urrutia, candidato apoyado por la l\u00edder opositora Mar\u00eda Corina Machado.<\/p>\n<p>La habilitaci\u00f3n pol\u00edtica de Garc\u00eda por parte del TSJ, a pesar del posterior rechazo de su candidatura por parte del CNE, fue un hecho que gener\u00f3 controversia en el panorama pol\u00edtico venezolano, dado su historial de enfrentamientos con la administraci\u00f3n gobernante y las acusaciones que pesaban en su contra.<\/p>\n<p>La detenci\u00f3n de Garc\u00eda el 11 de septiembre de 2024 se produce en un contexto pol\u00edtico complejo en Venezuela, marcado por la polarizaci\u00f3n y la persistencia de tensiones entre la administraci\u00f3n de Maduro y sectores de la oposici\u00f3n.<\/p>\n","protected":false},"excerpt":{"rendered":"<p>El dirigente pol\u00edtico Leocenis Garc\u00eda, fundador del movimiento Prociudadanos, se encuentra recluido en el centro de detenci\u00f3n El Rodeo I, ubicado en el estado Miranda, Venezuela. La informaci\u00f3n fue confirmada el domingo 15 de septiembre de 2024 por la abogada y activista de derechos humanos Tamara Suju, a trav\u00e9s de su cuenta en la red [&hellip;]<\/p>\n","protected":false},"author":1,"featured_media":11571,"comment_status":"open","ping_status":"open","sticky":false,"template":"","format":"standard","meta":{"h5ap_radio_sources":[],"footnotes":""},"categories":[9],"tags":[],"class_list":["post-11569","post","type-post","status-publish","format-standard","has-post-thumbnail","hentry","category-venezuela"],"aioseo_notices":[],"_links":{"self":[{"href":"https:\/\/www.ciudadgoticanews.com\/index.php\/wp-json\/wp\/v2\/posts\/11569","targetHints":{"allow":["GET"]}}],"collection":[{"href":"https:\/\/www.ciudadgoticanews.com\/index.php\/wp-json\/wp\/v2\/posts"}],"about":[{"href":"https:\/\/www.ciudadgoticanews.com\/index.php\/wp-json\/wp\/v2\/types\/post"}],"author":[{"embeddable":true,"href":"https:\/\/www.ciudadgoticanews.com\/index.php\/wp-json\/wp\/v2\/users\/1"}],"replies":[{"embeddable":true,"href":"https:\/\/www.ciudadgoticanews.com\/index.php\/wp-json\/wp\/v2\/comments?post=11569"}],"version-history":[{"count":0,"href":"https:\/\/www.ciudadgoticanews.com\/index.php\/wp-json\/wp\/v2\/posts\/11569\/revisions"}],"wp:featuredmedia":[{"embeddable":true,"href":"https:\/\/www.ciudadgoticanews.com\/index.php\/wp-json\/wp\/v2\/media\/11571"}],"wp:attachment":[{"href":"https:\/\/www.ciudadgoticanews.com\/index.php\/wp-json\/wp\/v2\/media?parent=11569"}],"wp:term":[{"taxonomy":"category","embeddable":true,"href":"https:\/\/www.ciudadgoticanews.com\/index.php\/wp-json\/wp\/v2\/categories?post=11569"},{"taxonomy":"post_tag","embeddable":true,"href":"https:\/\/www.ciudadgoticanews.com\/index.php\/wp-json\/wp\/v2\/tags?post=11569"}],"curies":[{"name":"wp","href":"https:\/\/api.w.org\/{rel}","templated":true}]}}