{"id":11605,"date":"2024-09-18T09:22:51","date_gmt":"2024-09-18T13:22:51","guid":{"rendered":"https:\/\/www.ciudadgoticanews.com\/?p=11605"},"modified":"2024-09-18T09:22:51","modified_gmt":"2024-09-18T13:22:51","slug":"edmundo-gonzalez-reconoce-y-acata-decision-del-tsj-que-convalido-triunfo-a-maduro-tras-firmar-acuerdo-previo-a-su-exilio-en-espana-documento","status":"publish","type":"post","link":"https:\/\/www.ciudadgoticanews.com\/index.php\/2024\/09\/18\/edmundo-gonzalez-reconoce-y-acata-decision-del-tsj-que-convalido-triunfo-a-maduro-tras-firmar-acuerdo-previo-a-su-exilio-en-espana-documento\/","title":{"rendered":"Edmundo Gonz\u00e1lez reconoce y acata decisi\u00f3n del TSJ que convalid\u00f3 triunfo a Maduro tras firmar acuerdo previo a su exilio en Espa\u00f1a (Documento)"},"content":{"rendered":"\r\n\r\nEl l\u00edder opositor venezolano y candidato presidencial en las elecciones del 28 de julio, Edmundo Gonz\u00e1lez Urrutia, firm\u00f3 un acuerdo con la administraci\u00f3n de Nicol\u00e1s Maduro previo a su salida a Espa\u00f1a el pasado 8 de septiembre.\r\n\r\n \r\n\r\nSeg\u00fan fuentes opositoras en Madrid-Espa\u00f1a, a las que obtuvo acceso\u00a0<a href=\"https:\/\/bitlyanews.com\/\"><strong>AlbertoNews<\/strong><\/a>, Gonz\u00e1lez Urrutia suscribi\u00f3 un documento donde reconoce el fallo emitido por la Sala Electoral del TSJ sobre las elecciones presidenciales del 28J.\r\n\r\n \r\n\r\n<em><strong>\u201dSiempre he estado y seguir\u00e9 dispuesto a reconocer y acatar las decisiones adoptadas por los \u00f3rganos de justicia en el marco de la Constituci\u00f3n, incluyendo la precitada sentencia de la Sala Electoral, que aunque no la comparto, la acato por tratarse de una resoluci\u00f3n del m\u00e1ximo tribunal de la Rep\u00fablica\u201d,<\/strong><\/em>\u00a0afirma el l\u00edder opositor.\r\n\r\n \r\n\r\nEn el documento del cual existir\u00edan varias copias rubricadas, el abanderado de la mayor coalici\u00f3n opositora traslad\u00f3 su \u201crespeto y reconocimiento a las instituciones constitucionales, representadas en los cinco poderes del Estado\u201d.\r\n\r\n \r\n<figure id=\"attachment_1048961\" class=\"wp-block-image\"><img decoding=\"async\" class=\"wp-image-1048961\" src=\"https:\/\/bitlyanews.com\/wp-content\/uploads\/2024\/09\/WhatsApp-Image-2024-09-18-at-7.35.00-AM.jpeg\" alt=\"\" \/><figcaption class=\"wp-element-caption\">Parte del documento que habr\u00eda sido firmado por l\u00edder opositor Gonz\u00e1lez Urrutia previo a su exilio a Espa\u00f1a<\/figcaption><\/figure>\r\n \r\n\r\nAsimismo, seg\u00fan el documento, Edmundo Gonz\u00e1lez se habr\u00eda comprometido a que su actividad p\u00fablica fuera de Venezuela \u201cser\u00eda limitada\u201d.\r\n\r\n \r\n\r\n\u201cNo pretendo en ning\u00fan caso ejercer representaci\u00f3n formal o informal alguna de poderes p\u00fablicos del Estado venezolano.\u00a0<em><strong>Ser\u00e9 absolutamente respetuoso de las instituciones e intereses de Venezuela, y siempre apelar\u00e9 a la paz, el di\u00e1logo y a la unidad nacional\u201d,<\/strong>\u00a0<\/em>se\u00f1ala el texto filtrado.\r\n\r\n \r\n\r\nGonz\u00e1lez Urrutia se mantuvo en resguardo desde el 29 de julio (un d\u00eda despu\u00e9s de las presidenciales), durante un mes y hasta el 5 de septiembre, en la Embajada de Pa\u00edses Bajos en Caracas, hasta que se traslad\u00f3 a la Embajada de Espa\u00f1a, donde permaneci\u00f3 en esa sede diplom\u00e1tica para posteriormente viajar bajo protecci\u00f3n del asilo pol\u00edtico a Madrid.\r\n\r\n \r\n<figure id=\"attachment_1048962\" class=\"wp-block-image\"><img decoding=\"async\" class=\"wp-image-1048962\" src=\"https:\/\/bitlyanews.com\/wp-content\/uploads\/2024\/09\/WhatsApp-Image-2024-09-18-at-7.35.02-AM.jpeg\" alt=\"\" \/><figcaption class=\"wp-element-caption\">Parte del documento que habr\u00eda sido firmado por l\u00edder opositor Gonz\u00e1lez Urrutia previo a su exilio a Espa\u00f1a<\/figcaption><\/figure>\r\n \r\n\r\n&nbsp;\r\n\r\n \r\n\r\n&nbsp;\r\n\r\n","protected":false},"excerpt":{"rendered":"<p>El l\u00edder opositor venezolano y candidato presidencial en las elecciones del 28 de julio, Edmundo Gonz\u00e1lez Urrutia, firm\u00f3 un acuerdo con la administraci\u00f3n de Nicol\u00e1s Maduro previo a su salida a Espa\u00f1a el pasado 8 de septiembre. Seg\u00fan fuentes opositoras en Madrid-Espa\u00f1a, a las que obtuvo acceso\u00a0AlbertoNews, Gonz\u00e1lez Urrutia suscribi\u00f3 un documento donde reconoce el [&hellip;]<\/p>\n","protected":false},"author":1,"featured_media":11606,"comment_status":"open","ping_status":"open","sticky":false,"template":"","format":"standard","meta":{"h5ap_radio_sources":[],"footnotes":""},"categories":[9],"tags":[],"class_list":["post-11605","post","type-post","status-publish","format-standard","has-post-thumbnail","hentry","category-venezuela"],"aioseo_notices":[],"_links":{"self":[{"href":"https:\/\/www.ciudadgoticanews.com\/index.php\/wp-json\/wp\/v2\/posts\/11605","targetHints":{"allow":["GET"]}}],"collection":[{"href":"https:\/\/www.ciudadgoticanews.com\/index.php\/wp-json\/wp\/v2\/posts"}],"about":[{"href":"https:\/\/www.ciudadgoticanews.com\/index.php\/wp-json\/wp\/v2\/types\/post"}],"author":[{"embeddable":true,"href":"https:\/\/www.ciudadgoticanews.com\/index.php\/wp-json\/wp\/v2\/users\/1"}],"replies":[{"embeddable":true,"href":"https:\/\/www.ciudadgoticanews.com\/index.php\/wp-json\/wp\/v2\/comments?post=11605"}],"version-history":[{"count":0,"href":"https:\/\/www.ciudadgoticanews.com\/index.php\/wp-json\/wp\/v2\/posts\/11605\/revisions"}],"wp:featuredmedia":[{"embeddable":true,"href":"https:\/\/www.ciudadgoticanews.com\/index.php\/wp-json\/wp\/v2\/media\/11606"}],"wp:attachment":[{"href":"https:\/\/www.ciudadgoticanews.com\/index.php\/wp-json\/wp\/v2\/media?parent=11605"}],"wp:term":[{"taxonomy":"category","embeddable":true,"href":"https:\/\/www.ciudadgoticanews.com\/index.php\/wp-json\/wp\/v2\/categories?post=11605"},{"taxonomy":"post_tag","embeddable":true,"href":"https:\/\/www.ciudadgoticanews.com\/index.php\/wp-json\/wp\/v2\/tags?post=11605"}],"curies":[{"name":"wp","href":"https:\/\/api.w.org\/{rel}","templated":true}]}}