{"id":11785,"date":"2024-09-26T13:07:43","date_gmt":"2024-09-26T17:07:43","guid":{"rendered":"https:\/\/www.ciudadgoticanews.com\/?p=11785"},"modified":"2024-09-26T13:07:43","modified_gmt":"2024-09-26T17:07:43","slug":"unica-funcion-ivan-simonovis-pertinez-estrena-su-documental-la-prision-de-mi-padre-en-los-estados-unidos","status":"publish","type":"post","link":"https:\/\/www.ciudadgoticanews.com\/index.php\/2024\/09\/26\/unica-funcion-ivan-simonovis-pertinez-estrena-su-documental-la-prision-de-mi-padre-en-los-estados-unidos\/","title":{"rendered":"\u00daNICA FUNCI\u00d3N | Iv\u00e1n Simonovis Perti\u00f1ez estrena su documental \u00abLa Prisi\u00f3n de mi Padre\u00bb en los Estados Unidos"},"content":{"rendered":"\r\n\r\nLa Prisi\u00f3n de mi Padre: Gran Premiere en los Estados Unidos\u2028No te pierdas el estreno en Estados Unidos del documental ganador del Festival de Cine Venezolano 2024, \u00abLa Prisi\u00f3n de mi Padre\u00bb.\r\n\r\n \r\n\r\nUna funci\u00f3n \u00fanica. Dirigido por Iv\u00e1n Simonovis Perti\u00f1ez, este poderoso relato nos sumerge en la historia de la encarcelaci\u00f3n y posterior fuga de su padre, Iv\u00e1n Simonovis, reconocido l\u00edder opositor venezolano.\r\n\r\n \r\n\r\nA trav\u00e9s de im\u00e1genes in\u00e9ditas y entrevistas profundas, el director nos lleva a vivir de cerca la lucha de un hombre por su libertad y el impacto que esta experiencia tuvo en su familia.\u2028\u00a1Y no te pierdas el cine foro! Despu\u00e9s de la proyecci\u00f3n, tendremos una conversaci\u00f3n con Iv\u00e1n Simonovis padre e hijo, quienes compartir\u00e1n detalles exclusivos sobre la realizaci\u00f3n del documental, responder\u00e1n a tus preguntas y brindar\u00e1n una perspectiva \u00fanica sobre este hecho hist\u00f3rico.\r\n\r\n \r\n\r\n\u00a1M\u00e1s vigente que nunca! Un documental imperdible para todos aquellos interesados en la historia de Venezuela, los derechos humanos y el poder del cine como herramienta de transformaci\u00f3n social. \u00bfQuieres conocer la verdad detr\u00e1s de uno de los escapes m\u00e1s audaces de la historia de Venezuela? \u00a1No te lo pierdas!\r\n\r\n \r\n<blockquote class=\"instagram-media\" data-instgrm-captioned=\"\" data-instgrm-permalink=\"https:\/\/www.instagram.com\/p\/DAOJJTMN0B6\/?utm_source=ig_embed&amp;utm_campaign=loading\" data-instgrm-version=\"14\">\r\n<div>\r\n<div>\r\n<div><\/div>\r\n<div>\r\n<div><\/div>\r\n<div><\/div>\r\n<\/div>\r\n<\/div>\r\n<div><\/div>\r\n<div><\/div>\r\n<div>\r\n<div>Ver esta publicaci\u00f3n en Instagram<\/div>\r\n<\/div>\r\n<div><\/div>\r\n<div>\r\n<div>\r\n<div><\/div>\r\n<div><\/div>\r\n<div><\/div>\r\n<\/div>\r\n<div>\r\n<div><\/div>\r\n<div><\/div>\r\n<\/div>\r\n<div>\r\n<div><\/div>\r\n<div><\/div>\r\n<div><\/div>\r\n<\/div>\r\n<\/div>\r\n<div>\r\n<div><\/div>\r\n<div><\/div>\r\n<\/div>\r\n<a href=\"https:\/\/www.instagram.com\/p\/DAOJJTMN0B6\/?utm_source=ig_embed&amp;utm_campaign=loading\" target=\"_blank\" rel=\"noopener\">Una publicaci\u00f3n compartida de La Prisi\u00f3n de mi Padre &#8211; Film (@laprisiondemipadre)<\/a>\r\n\r\n<\/div><\/blockquote>\r\n \r\n\r\n&nbsp;\r\n\r\n","protected":false},"excerpt":{"rendered":"<p>La Prisi\u00f3n de mi Padre: Gran Premiere en los Estados Unidos\u2028No te pierdas el estreno en Estados Unidos del documental ganador del Festival de Cine Venezolano 2024, \u00abLa Prisi\u00f3n de mi Padre\u00bb. Una funci\u00f3n \u00fanica. Dirigido por Iv\u00e1n Simonovis Perti\u00f1ez, este poderoso relato nos sumerge en la historia de la encarcelaci\u00f3n y posterior fuga de [&hellip;]<\/p>\n","protected":false},"author":1,"featured_media":11786,"comment_status":"open","ping_status":"open","sticky":false,"template":"","format":"standard","meta":{"h5ap_radio_sources":[],"footnotes":""},"categories":[23],"tags":[],"class_list":["post-11785","post","type-post","status-publish","format-standard","has-post-thumbnail","hentry","category-estados-unidos"],"aioseo_notices":[],"_links":{"self":[{"href":"https:\/\/www.ciudadgoticanews.com\/index.php\/wp-json\/wp\/v2\/posts\/11785","targetHints":{"allow":["GET"]}}],"collection":[{"href":"https:\/\/www.ciudadgoticanews.com\/index.php\/wp-json\/wp\/v2\/posts"}],"about":[{"href":"https:\/\/www.ciudadgoticanews.com\/index.php\/wp-json\/wp\/v2\/types\/post"}],"author":[{"embeddable":true,"href":"https:\/\/www.ciudadgoticanews.com\/index.php\/wp-json\/wp\/v2\/users\/1"}],"replies":[{"embeddable":true,"href":"https:\/\/www.ciudadgoticanews.com\/index.php\/wp-json\/wp\/v2\/comments?post=11785"}],"version-history":[{"count":0,"href":"https:\/\/www.ciudadgoticanews.com\/index.php\/wp-json\/wp\/v2\/posts\/11785\/revisions"}],"wp:featuredmedia":[{"embeddable":true,"href":"https:\/\/www.ciudadgoticanews.com\/index.php\/wp-json\/wp\/v2\/media\/11786"}],"wp:attachment":[{"href":"https:\/\/www.ciudadgoticanews.com\/index.php\/wp-json\/wp\/v2\/media?parent=11785"}],"wp:term":[{"taxonomy":"category","embeddable":true,"href":"https:\/\/www.ciudadgoticanews.com\/index.php\/wp-json\/wp\/v2\/categories?post=11785"},{"taxonomy":"post_tag","embeddable":true,"href":"https:\/\/www.ciudadgoticanews.com\/index.php\/wp-json\/wp\/v2\/tags?post=11785"}],"curies":[{"name":"wp","href":"https:\/\/api.w.org\/{rel}","templated":true}]}}