{"id":11797,"date":"2024-09-27T17:34:00","date_gmt":"2024-09-27T21:34:00","guid":{"rendered":"https:\/\/www.ciudadgoticanews.com\/?p=11797"},"modified":"2024-09-27T17:36:06","modified_gmt":"2024-09-27T21:36:06","slug":"la-alianza-carlos-mendez-y-su-fake-news-sobre-evtv-miami","status":"publish","type":"post","link":"https:\/\/www.ciudadgoticanews.com\/index.php\/2024\/09\/27\/la-alianza-carlos-mendez-y-su-fake-news-sobre-evtv-miami\/","title":{"rendered":"La \u00abalianza exitosa\u00bb que nunca existi\u00f3: Carlos M\u00e9ndez y su nueva \u00abfake news\u00bb sobre EVTV Miami"},"content":{"rendered":"<p>En una muestra m\u00e1s de su osad\u00eda y falta de profesionalismo, Carlos M\u00e9ndez, CEO del canal de televisi\u00f3n EVTV Miami, se atribuy\u00f3 una supuesta alianza con el peri\u00f3dico digital espa\u00f1ol El Debate. El hecho reciente fue publicitado por M\u00e9ndez a trav\u00e9s de una publicaci\u00f3n en la cuenta de Instagram de EVTV Miami, acompa\u00f1ado de una fotograf\u00eda suya junto a Bieito Rubido, director de El Debate, en la que ambos aparecen sonrientes en las oficinas de este \u00faltimo.<\/p>\n<p>Sin embargo, la \u00abalianza exitosa\u00bb pregonada por M\u00e9ndez result\u00f3 ser una completa falsedad. Fuentes cercanas a El Debate confirmaron que Bieito Rubido, tras enterarse de la publicaci\u00f3n enga\u00f1osa, se comunic\u00f3 con M\u00e9ndez exigi\u00e9ndole que la eliminara de las redes sociales de EVTV Miami. La orden fue acatada, evidenciando la naturaleza ficticia de la supuesta colaboraci\u00f3n.<\/p>\n<h3>Desesperada estrategia<\/h3>\n<p>Este episodio no es m\u00e1s que otro ejemplo de las pr\u00e1cticas poco \u00e9ticas que caracterizan la gesti\u00f3n de Carlos M\u00e9ndez al frente de EVTV Miami. Su af\u00e1n por aparentar \u00e9xitos inexistentes contrasta con la decadente realidad del canal, que atraviesa serios problemas econ\u00f3micos y una consecuente degradaci\u00f3n de su programaci\u00f3n.<\/p>\n<p>La \u00abfake news\u00bb de la alianza, orquestada por M\u00e9ndez, buscaba generar una ilusi\u00f3n de progreso y solidez, con la esperanza de atraer anunciantes e inversores. Sin embargo, la r\u00e1pida desmentida por parte de El Debate no solo dej\u00f3 en evidencia la mentira, sino que tambi\u00e9n ha agravado la imagen ya deteriorada de EVTV Miami y de su CEO.<\/p>\n<p>La estrategia de M\u00e9ndez, basada en la desinformaci\u00f3n y la manipulaci\u00f3n, es un reflejo de la incapacidad para gestionar el canal de manera responsable y transparente. En lugar de buscar soluciones reales a los problemas que enfrenta EVTV Miami, M\u00e9ndez se refugia en la creaci\u00f3n de falsas expectativas, enga\u00f1ando a su audiencia y da\u00f1ando a\u00fan m\u00e1s la reputaci\u00f3n del canal.<\/p>\n<p><a href=\"https:\/\/www.ciudadgoticanews.com\/wp-content\/uploads\/2024\/09\/mendez.jpg\"><img loading=\"lazy\" decoding=\"async\" class=\"aligncenter size-full wp-image-11800\" src=\"https:\/\/www.ciudadgoticanews.com\/wp-content\/uploads\/2024\/09\/mendez.jpg\" alt=\"\" width=\"1200\" height=\"2169\" srcset=\"https:\/\/www.ciudadgoticanews.com\/wp-content\/uploads\/2024\/09\/mendez.jpg 1200w, https:\/\/www.ciudadgoticanews.com\/wp-content\/uploads\/2024\/09\/mendez-166x300.jpg 166w, https:\/\/www.ciudadgoticanews.com\/wp-content\/uploads\/2024\/09\/mendez-567x1024.jpg 567w, https:\/\/www.ciudadgoticanews.com\/wp-content\/uploads\/2024\/09\/mendez-768x1388.jpg 768w, https:\/\/www.ciudadgoticanews.com\/wp-content\/uploads\/2024\/09\/mendez-850x1536.jpg 850w, https:\/\/www.ciudadgoticanews.com\/wp-content\/uploads\/2024\/09\/mendez-1133x2048.jpg 1133w\" sizes=\"auto, (max-width: 1200px) 100vw, 1200px\" \/><\/a><\/p>\n","protected":false},"excerpt":{"rendered":"<p>En una muestra m\u00e1s de su osad\u00eda y falta de profesionalismo, Carlos M\u00e9ndez, CEO del canal de televisi\u00f3n EVTV Miami, se atribuy\u00f3 una supuesta alianza con el peri\u00f3dico digital espa\u00f1ol El Debate. El hecho reciente fue publicitado por M\u00e9ndez a trav\u00e9s de una publicaci\u00f3n en la cuenta de Instagram de EVTV Miami, acompa\u00f1ado de una [&hellip;]<\/p>\n","protected":false},"author":1,"featured_media":11799,"comment_status":"open","ping_status":"open","sticky":false,"template":"","format":"standard","meta":{"h5ap_radio_sources":[],"footnotes":""},"categories":[23],"tags":[],"class_list":["post-11797","post","type-post","status-publish","format-standard","has-post-thumbnail","hentry","category-estados-unidos"],"aioseo_notices":[],"_links":{"self":[{"href":"https:\/\/www.ciudadgoticanews.com\/index.php\/wp-json\/wp\/v2\/posts\/11797","targetHints":{"allow":["GET"]}}],"collection":[{"href":"https:\/\/www.ciudadgoticanews.com\/index.php\/wp-json\/wp\/v2\/posts"}],"about":[{"href":"https:\/\/www.ciudadgoticanews.com\/index.php\/wp-json\/wp\/v2\/types\/post"}],"author":[{"embeddable":true,"href":"https:\/\/www.ciudadgoticanews.com\/index.php\/wp-json\/wp\/v2\/users\/1"}],"replies":[{"embeddable":true,"href":"https:\/\/www.ciudadgoticanews.com\/index.php\/wp-json\/wp\/v2\/comments?post=11797"}],"version-history":[{"count":0,"href":"https:\/\/www.ciudadgoticanews.com\/index.php\/wp-json\/wp\/v2\/posts\/11797\/revisions"}],"wp:featuredmedia":[{"embeddable":true,"href":"https:\/\/www.ciudadgoticanews.com\/index.php\/wp-json\/wp\/v2\/media\/11799"}],"wp:attachment":[{"href":"https:\/\/www.ciudadgoticanews.com\/index.php\/wp-json\/wp\/v2\/media?parent=11797"}],"wp:term":[{"taxonomy":"category","embeddable":true,"href":"https:\/\/www.ciudadgoticanews.com\/index.php\/wp-json\/wp\/v2\/categories?post=11797"},{"taxonomy":"post_tag","embeddable":true,"href":"https:\/\/www.ciudadgoticanews.com\/index.php\/wp-json\/wp\/v2\/tags?post=11797"}],"curies":[{"name":"wp","href":"https:\/\/api.w.org\/{rel}","templated":true}]}}