{"id":1180,"date":"2022-08-25T15:06:39","date_gmt":"2022-08-25T19:06:39","guid":{"rendered":"https:\/\/www.ciudadgoticanews.com\/?p=1180"},"modified":"2022-08-25T15:06:39","modified_gmt":"2022-08-25T19:06:39","slug":"venezolana-daniela-thielen-paso-de-inmigrante-ilegal-en-aruba-a-ganadora-de-concurso-internacional-de-alta-costura-y-estrella-en-ascenso-en-el-mundo-de-la-moda","status":"publish","type":"post","link":"https:\/\/www.ciudadgoticanews.com\/index.php\/2022\/08\/25\/venezolana-daniela-thielen-paso-de-inmigrante-ilegal-en-aruba-a-ganadora-de-concurso-internacional-de-alta-costura-y-estrella-en-ascenso-en-el-mundo-de-la-moda\/","title":{"rendered":"Venezolana Daniela Thielen pas\u00f3 de inmigrante ilegal en Aruba a ganadora de concurso internacional de alta costura y estrella en ascenso en el mundo de la moda"},"content":{"rendered":"<p>Si puedes so\u00f1arlo, puedes coserlo. Ese es el mantra de la venezolana Daniela Thielen, de 27 a\u00f1os de edad, quien se mud\u00f3 a Aruba con la ilusi\u00f3n de hacer realidad su m\u00e1s grande sue\u00f1o: convertirse en una reconocida dise\u00f1adora de modas con sello venezolano.<\/p>\n<p>Daniela gan\u00f3 el 4 de agosto el challenge Alta costura por la Paz, organizado por la ucraniana Kateryna Olek. El concurso se realiz\u00f3 v\u00eda online y registr\u00f3 la participaci\u00f3n de 3.330 dise\u00f1adores alrededor del mundo.<\/p>\n<blockquote class=\"instagram-media\" style=\"background: #FFF; border: 0; border-radius: 3px; box-shadow: 0 0 1px 0 rgba(0,0,0,0.5),0 1px 10px 0 rgba(0,0,0,0.15); margin: 1px; max-width: 658px; min-width: 326px; padding: 0; width: calc(100% - 2px);\" data-instgrm-captioned=\"\" data-instgrm-permalink=\"https:\/\/www.instagram.com\/p\/ChAE0tIuXDm\/?utm_source=ig_embed&amp;utm_campaign=loading\" data-instgrm-version=\"14\">\n<div style=\"padding: 16px;\">\n<p>&nbsp;<\/p>\n<div style=\"display: flex; flex-direction: row; align-items: center;\">\n<div style=\"background-color: #f4f4f4; border-radius: 50%; flex-grow: 0; height: 40px; margin-right: 14px; width: 40px;\"><\/div>\n<div style=\"display: flex; flex-direction: column; flex-grow: 1; justify-content: center;\">\n<div style=\"background-color: #f4f4f4; border-radius: 4px; flex-grow: 0; height: 14px; margin-bottom: 6px; width: 100px;\"><\/div>\n<div style=\"background-color: #f4f4f4; border-radius: 4px; flex-grow: 0; height: 14px; width: 60px;\"><\/div>\n<\/div>\n<\/div>\n<div style=\"padding: 19% 0;\"><\/div>\n<div style=\"display: block; height: 50px; margin: 0 auto 12px; width: 50px;\"><\/div>\n<div style=\"padding-top: 8px;\">\n<div style=\"color: #3897f0; font-family: Arial,sans-serif; font-size: 14px; font-style: normal; font-weight: 550; line-height: 18px;\">View this post on Instagram<\/div>\n<\/div>\n<div style=\"padding: 12.5% 0;\"><\/div>\n<div style=\"display: flex; flex-direction: row; margin-bottom: 14px; align-items: center;\">\n<div>\n<div style=\"background-color: #f4f4f4; border-radius: 50%; height: 12.5px; width: 12.5px; transform: translateX(0px) translateY(7px);\"><\/div>\n<div style=\"background-color: #f4f4f4; height: 12.5px; transform: rotate(-45deg) translateX(3px) translateY(1px); width: 12.5px; flex-grow: 0; margin-right: 14px; margin-left: 2px;\"><\/div>\n<div style=\"background-color: #f4f4f4; border-radius: 50%; height: 12.5px; width: 12.5px; transform: translateX(9px) translateY(-18px);\"><\/div>\n<\/div>\n<div style=\"margin-left: 8px;\">\n<div style=\"background-color: #f4f4f4; border-radius: 50%; flex-grow: 0; height: 20px; width: 20px;\"><\/div>\n<div style=\"width: 0; height: 0; border-top: 2px solid transparent; border-left: 6px solid #f4f4f4; border-bottom: 2px solid transparent; transform: translateX(16px) translateY(-4px) rotate(30deg);\"><\/div>\n<\/div>\n<div style=\"margin-left: auto;\">\n<div style=\"width: 0px; border-top: 8px solid #F4F4F4; border-right: 8px solid transparent; transform: translateY(16px);\"><\/div>\n<div style=\"background-color: #f4f4f4; flex-grow: 0; height: 12px; width: 16px; transform: translateY(-4px);\"><\/div>\n<div style=\"width: 0; height: 0; border-top: 8px solid #F4F4F4; border-left: 8px solid transparent; transform: translateY(-4px) translateX(8px);\"><\/div>\n<\/div>\n<\/div>\n<div style=\"display: flex; flex-direction: column; flex-grow: 1; justify-content: center; margin-bottom: 24px;\">\n<div style=\"background-color: #f4f4f4; border-radius: 4px; flex-grow: 0; height: 14px; margin-bottom: 6px; width: 224px;\"><\/div>\n<div style=\"background-color: #f4f4f4; border-radius: 4px; flex-grow: 0; height: 14px; width: 144px;\"><\/div>\n<\/div>\n<p>&nbsp;<\/p>\n<p style=\"color: #c9c8cd; font-family: Arial,sans-serif; font-size: 14px; line-height: 17px; margin-bottom: 0; margin-top: 8px; overflow: hidden; padding: 8px 0 7px; text-align: center; text-overflow: ellipsis; white-space: nowrap;\"><a style=\"color: #c9c8cd; font-family: Arial,sans-serif; font-size: 14px; font-style: normal; font-weight: normal; line-height: 17px; text-decoration: none;\" href=\"https:\/\/www.instagram.com\/p\/ChAE0tIuXDm\/?utm_source=ig_embed&amp;utm_campaign=loading\" target=\"_blank\" rel=\"noopener\">A post shared by Atelier KATERYNA OLEK (@katerynaolek_atelier)<\/a><\/p>\n<\/div>\n<\/blockquote>\n<p><script async src=\"\/\/platform.instagram.com\/en_US\/embeds.js\"><\/script><\/p>\n<p>Nacida en Coro, capital del estado Falc\u00f3n, estudi\u00f3 medicina hasta el sexto semestre en la Universidad Nacional Experimental Francisco de Miranda. Sus ra\u00edces son holandesas, cuenta que sus abuelos llegaron a las costas del puerto de La Vela de Coro y se establecieron en los sectores Las Panelas y Curazaito.<\/p>\n<p>Antes de afincarse definitivamente en Oranjestad, Daniela hab\u00eda viajado de vacaciones durante los a\u00f1os 2012, 2017 y 2019. La crisis econ\u00f3mica la empuj\u00f3 a probar suerte fuera de su pa\u00eds y as\u00ed decidi\u00f3 trasladarse a Aruba, donde comenz\u00f3 como dise\u00f1adora de trajes de ba\u00f1o en los carnavales de 2020.<\/p>\n<h3><strong>Paso a paso<\/strong><\/h3>\n<p>Abrirse paso en Aruba le cost\u00f3 no pocos sacrificios. Teniendo su objetivo claro, compr\u00f3 sus m\u00e1quinas de costura, hilos, telas, un maniqu\u00ed y busc\u00f3 un espacio para poder trabajar. As\u00ed en 2020 logr\u00f3 instalar formalmente su taller,\u00a0<strong>luego de vivir dos a\u00f1os sin documentos y con el temor de ser detenida y deportada en cualquier momento<\/strong>.<\/p>\n<p>\u201c<strong>Estar lejos de mi familia fue muy doloroso para m\u00ed<\/strong>, sobre todo porque estaba muy pegada con mi hermanito menor. Hubo d\u00edas en que me sent\u00ed completamente perdida y, adem\u00e1s, estaba ilegal\u201d, comenta.<\/p>\n<p>Confiesa que \u201c<strong>la experiencia de trabajar a escondidas es muy horrible<\/strong>, muchas veces tuve que quitarme el uniforme en mis trabajos y sentarme afuera como una persona normal o sencillamente salir del trabajo e irme a mi casa, y\u00a0<strong>siempre dec\u00edan que aprendi\u00e9ramos papiamento para que no nos delataran<\/strong>\u201d.<\/p>\n<p>Daniela contrajo matrimonio con un ciudadano arube\u00f1o con quien constituy\u00f3 una familia. De esa manera, sus d\u00edas de ilegalidad se acabaron y nacieron nuevas oportunidades.<\/p>\n<h3><strong>A<\/strong>\u00a0<strong>la medida<\/strong><\/h3>\n<p>Cre\u00f3 la marca de trajes de ba\u00f1o\u00a0<strong>Sunset Vibes<\/strong>, inspirada en los atardeceres de la isla.\u00a0Pero la visi\u00f3n de Daniela iba m\u00e1s all\u00e1, as\u00ed que asumi\u00f3 el desaf\u00edo de confeccionar vestidos m\u00e1s elegantes para lucir de noche. \u201cCreo que por eso me conocen m\u00e1s,\u00a0<strong>yo quer\u00eda hacer cosas m\u00e1s grandes<\/strong>\u00a0y comenc\u00e9 a tomar esos pedidos de vestidos de noche\u201d, relata.<\/p>\n<p>Hace apenas un a\u00f1o empez\u00f3 a estudiar alta costura con\u00a0<strong>Kateryna Olek<\/strong>,\u00a0 dise\u00f1adora ucraniana radicada en M\u00e9xico, bajo un programa llamado \u201c<strong>Dressing the Dreams<\/strong>\u201d que promueve el crecimiento personal y empresarial de las mujeres.<\/p>\n<blockquote class=\"instagram-media\" style=\"background: #FFF; border: 0; border-radius: 3px; box-shadow: 0 0 1px 0 rgba(0,0,0,0.5),0 1px 10px 0 rgba(0,0,0,0.15); margin: 1px; max-width: 658px; min-width: 326px; padding: 0; width: calc(100% - 2px);\" data-instgrm-captioned=\"\" data-instgrm-permalink=\"https:\/\/www.instagram.com\/reel\/Cg5RZvpFbAd\/?utm_source=ig_embed&amp;utm_campaign=loading\" data-instgrm-version=\"14\">\n<div style=\"padding: 16px;\">\n<p>&nbsp;<\/p>\n<div style=\"display: flex; flex-direction: row; align-items: center;\">\n<div style=\"background-color: #f4f4f4; border-radius: 50%; flex-grow: 0; height: 40px; margin-right: 14px; width: 40px;\"><\/div>\n<div style=\"display: flex; flex-direction: column; flex-grow: 1; justify-content: center;\">\n<div style=\"background-color: #f4f4f4; border-radius: 4px; flex-grow: 0; height: 14px; margin-bottom: 6px; width: 100px;\"><\/div>\n<div style=\"background-color: #f4f4f4; border-radius: 4px; flex-grow: 0; height: 14px; width: 60px;\"><\/div>\n<\/div>\n<\/div>\n<div style=\"padding: 19% 0;\"><\/div>\n<div style=\"display: block; height: 50px; margin: 0 auto 12px; width: 50px;\"><\/div>\n<div style=\"padding-top: 8px;\">\n<div style=\"color: #3897f0; font-family: Arial,sans-serif; font-size: 14px; font-style: normal; font-weight: 550; line-height: 18px;\">View this post on Instagram<\/div>\n<\/div>\n<div style=\"padding: 12.5% 0;\"><\/div>\n<div style=\"display: flex; flex-direction: row; margin-bottom: 14px; align-items: center;\">\n<div>\n<div style=\"background-color: #f4f4f4; border-radius: 50%; height: 12.5px; width: 12.5px; transform: translateX(0px) translateY(7px);\"><\/div>\n<div style=\"background-color: #f4f4f4; height: 12.5px; transform: rotate(-45deg) translateX(3px) translateY(1px); width: 12.5px; flex-grow: 0; margin-right: 14px; margin-left: 2px;\"><\/div>\n<div style=\"background-color: #f4f4f4; border-radius: 50%; height: 12.5px; width: 12.5px; transform: translateX(9px) translateY(-18px);\"><\/div>\n<\/div>\n<div style=\"margin-left: 8px;\">\n<div style=\"background-color: #f4f4f4; border-radius: 50%; flex-grow: 0; height: 20px; width: 20px;\"><\/div>\n<div style=\"width: 0; height: 0; border-top: 2px solid transparent; border-left: 6px solid #f4f4f4; border-bottom: 2px solid transparent; transform: translateX(16px) translateY(-4px) rotate(30deg);\"><\/div>\n<\/div>\n<div style=\"margin-left: auto;\">\n<div style=\"width: 0px; border-top: 8px solid #F4F4F4; border-right: 8px solid transparent; transform: translateY(16px);\"><\/div>\n<div style=\"background-color: #f4f4f4; flex-grow: 0; height: 12px; width: 16px; transform: translateY(-4px);\"><\/div>\n<div style=\"width: 0; height: 0; border-top: 8px solid #F4F4F4; border-left: 8px solid transparent; transform: translateY(-4px) translateX(8px);\"><\/div>\n<\/div>\n<\/div>\n<div style=\"display: flex; flex-direction: column; flex-grow: 1; justify-content: center; margin-bottom: 24px;\">\n<div style=\"background-color: #f4f4f4; border-radius: 4px; flex-grow: 0; height: 14px; margin-bottom: 6px; width: 224px;\"><\/div>\n<div style=\"background-color: #f4f4f4; border-radius: 4px; flex-grow: 0; height: 14px; width: 144px;\"><\/div>\n<\/div>\n<p>&nbsp;<\/p>\n<p style=\"color: #c9c8cd; font-family: Arial,sans-serif; font-size: 14px; line-height: 17px; margin-bottom: 0; margin-top: 8px; overflow: hidden; padding: 8px 0 7px; text-align: center; text-overflow: ellipsis; white-space: nowrap;\"><a style=\"color: #c9c8cd; font-family: Arial,sans-serif; font-size: 14px; font-style: normal; font-weight: normal; line-height: 17px; text-decoration: none;\" href=\"https:\/\/www.instagram.com\/reel\/Cg5RZvpFbAd\/?utm_source=ig_embed&amp;utm_campaign=loading\" target=\"_blank\" rel=\"noopener\">A post shared by Daniela Thielen |Atelier (@bydanielathielen)<\/a><\/p>\n<\/div>\n<\/blockquote>\n<p><script async src=\"\/\/platform.instagram.com\/en_US\/embeds.js\"><\/script><\/p>\n<p>Recibi\u00f3 acceso al programa, donde fue capacitada, y posteriormente se inscribi\u00f3 en el challenge\u00a0<strong>inspirado en el conflicto entre Ucrania y Rusia<\/strong>. La competencia buscaba premiar a la dise\u00f1adora que mejor supiera describir con sus puntadas, la paz real y verdadera que el mundo necesita.<\/p>\n<p>\u201c<strong>Me propuse ganar el primer lugar<\/strong>\u201d, reconoce.\u00a0Desde el primer d\u00eda de la competencia, tom\u00f3 su bloc de notas y plasm\u00f3 cada parte del vestido. Siente que la paz verdadera viene de Dios y es una paz eterna que trasciende fronteras. \u201c<strong>No pod\u00eda inspirarme en otro tipo de paz que no fuera la paz que solo Dios nos da<\/strong>\u201d, expresa.<\/p>\n<p>Durante doce d\u00edas confeccion\u00f3 el vestido utilizando telas tipo charmeuse, tul estabilizador, tule, razo, crinolina y acetato. Adem\u00e1s, le agreg\u00f3 detalles especiales con perlas.\u00a0<strong>El vestido fue denominado El \u00c1ngel de la Paz<\/strong>.<\/p>\n<blockquote class=\"instagram-media\" style=\"background: #FFF; border: 0; border-radius: 3px; box-shadow: 0 0 1px 0 rgba(0,0,0,0.5),0 1px 10px 0 rgba(0,0,0,0.15); margin: 1px; max-width: 658px; min-width: 326px; padding: 0; width: calc(100% - 2px);\" data-instgrm-captioned=\"\" data-instgrm-permalink=\"https:\/\/www.instagram.com\/p\/Cgo6kywOoTS\/?utm_source=ig_embed&amp;utm_campaign=loading\" data-instgrm-version=\"14\">\n<div style=\"padding: 16px;\">\n<p>&nbsp;<\/p>\n<div style=\"display: flex; flex-direction: row; align-items: center;\">\n<div style=\"background-color: #f4f4f4; border-radius: 50%; flex-grow: 0; height: 40px; margin-right: 14px; width: 40px;\"><\/div>\n<div style=\"display: flex; flex-direction: column; flex-grow: 1; justify-content: center;\">\n<div style=\"background-color: #f4f4f4; border-radius: 4px; flex-grow: 0; height: 14px; margin-bottom: 6px; width: 100px;\"><\/div>\n<div style=\"background-color: #f4f4f4; border-radius: 4px; flex-grow: 0; height: 14px; width: 60px;\"><\/div>\n<\/div>\n<\/div>\n<div style=\"padding: 19% 0;\"><\/div>\n<div style=\"display: block; height: 50px; margin: 0 auto 12px; width: 50px;\"><\/div>\n<div style=\"padding-top: 8px;\">\n<div style=\"color: #3897f0; font-family: Arial,sans-serif; font-size: 14px; font-style: normal; font-weight: 550; line-height: 18px;\">View this post on Instagram<\/div>\n<\/div>\n<div style=\"padding: 12.5% 0;\"><\/div>\n<div style=\"display: flex; flex-direction: row; margin-bottom: 14px; align-items: center;\">\n<div>\n<div style=\"background-color: #f4f4f4; border-radius: 50%; height: 12.5px; width: 12.5px; transform: translateX(0px) translateY(7px);\"><\/div>\n<div style=\"background-color: #f4f4f4; height: 12.5px; transform: rotate(-45deg) translateX(3px) translateY(1px); width: 12.5px; flex-grow: 0; margin-right: 14px; margin-left: 2px;\"><\/div>\n<div style=\"background-color: #f4f4f4; border-radius: 50%; height: 12.5px; width: 12.5px; transform: translateX(9px) translateY(-18px);\"><\/div>\n<\/div>\n<div style=\"margin-left: 8px;\">\n<div style=\"background-color: #f4f4f4; border-radius: 50%; flex-grow: 0; height: 20px; width: 20px;\"><\/div>\n<div style=\"width: 0; height: 0; border-top: 2px solid transparent; border-left: 6px solid #f4f4f4; border-bottom: 2px solid transparent; transform: translateX(16px) translateY(-4px) rotate(30deg);\"><\/div>\n<\/div>\n<div style=\"margin-left: auto;\">\n<div style=\"width: 0px; border-top: 8px solid #F4F4F4; border-right: 8px solid transparent; transform: translateY(16px);\"><\/div>\n<div style=\"background-color: #f4f4f4; flex-grow: 0; height: 12px; width: 16px; transform: translateY(-4px);\"><\/div>\n<div style=\"width: 0; height: 0; border-top: 8px solid #F4F4F4; border-left: 8px solid transparent; transform: translateY(-4px) translateX(8px);\"><\/div>\n<\/div>\n<\/div>\n<div style=\"display: flex; flex-direction: column; flex-grow: 1; justify-content: center; margin-bottom: 24px;\">\n<div style=\"background-color: #f4f4f4; border-radius: 4px; flex-grow: 0; height: 14px; margin-bottom: 6px; width: 224px;\"><\/div>\n<div style=\"background-color: #f4f4f4; border-radius: 4px; flex-grow: 0; height: 14px; width: 144px;\"><\/div>\n<\/div>\n<p>&nbsp;<\/p>\n<p style=\"color: #c9c8cd; font-family: Arial,sans-serif; font-size: 14px; line-height: 17px; margin-bottom: 0; margin-top: 8px; overflow: hidden; padding: 8px 0 7px; text-align: center; text-overflow: ellipsis; white-space: nowrap;\"><a style=\"color: #c9c8cd; font-family: Arial,sans-serif; font-size: 14px; font-style: normal; font-weight: normal; line-height: 17px; text-decoration: none;\" href=\"https:\/\/www.instagram.com\/p\/Cgo6kywOoTS\/?utm_source=ig_embed&amp;utm_campaign=loading\" target=\"_blank\" rel=\"noopener\">A post shared by Daniela Thielen |Atelier (@bydanielathielen)<\/a><\/p>\n<\/div>\n<\/blockquote>\n<p><script async src=\"\/\/platform.instagram.com\/en_US\/embeds.js\"><\/script><\/p>\n<p>Thielen representar\u00e1 a Venezuela en las pasarelas del\u00a0<strong>Fashion Leader<\/strong>\u00a0en M\u00e9xico en septiembre. En planes tiene seguir forjando su futuro desde la isla con proyecci\u00f3n internacional.<\/p>\n<p>\u201cMuchos creen que moda es seguir un patr\u00f3n mundial cuando algo est\u00e1 en tendencia, pero eso es solo una copia exacta (\u2026) para mi la moda comienza en la mente, es cuando puedes ver y so\u00f1ar con algo que no has visto en las vitrinas, pero que un artista s\u00ed se atreve a crearlo\u201d, recalca.<\/p>\n<h3><strong>Venezolanos en la isla<\/strong><\/h3>\n<p>Daniela reflexiona sobre los desaf\u00edos que enfrentan sus compatriotas en Aruba y lamenta que la migraci\u00f3n clandestina siga siendo un problema que cause xenofobia en el Caribe.<\/p>\n<p>\u201cComo venezolana siento profundamente que esto est\u00e9 sucediendo, en todos lados hay gente buena. Ahorita es Venezuela, pero ma\u00f1ana no sabemos cu\u00e1l pa\u00eds es,\u00a0<strong>creo que debemos ser m\u00e1s compasivos con ese tema y encontrar la manera de aportar para mejorar la convivencia<\/strong>\u201d, sostiene.<\/p>\n<p>Daniela aspira a seguir cultivando las buenas relaciones con dise\u00f1adores holandeses y arube\u00f1os. Dice -con orgullo- que su nacionalidad la ayuda a catapultarse como una de las mejores.<\/p>\n<h3><strong>Jhonattam Petit<\/strong><\/h3>\n<h3><a href=\"https:\/\/cronicasdelcaribe.com\/migracion\/de-migrante-ilegal-a-exitosa-disenadora-de-modas-daniela-thielen-cose-sus-suenos-en-aruba\/\" target=\"_blank\" rel=\"noopener\"><strong>Cr\u00f3nicas del Caribe<\/strong><\/a><\/h3>\n","protected":false},"excerpt":{"rendered":"<p>Si puedes so\u00f1arlo, puedes coserlo. Ese es el mantra de la venezolana Daniela Thielen, de 27 a\u00f1os de edad, quien se mud\u00f3 a Aruba con la ilusi\u00f3n de hacer realidad su m\u00e1s grande sue\u00f1o: convertirse en una reconocida dise\u00f1adora de modas con sello venezolano. Daniela gan\u00f3 el 4 de agosto el challenge Alta costura por [&hellip;]<\/p>\n","protected":false},"author":1,"featured_media":1183,"comment_status":"open","ping_status":"open","sticky":false,"template":"","format":"standard","meta":{"h5ap_radio_sources":[],"footnotes":""},"categories":[3],"tags":[],"class_list":["post-1180","post","type-post","status-publish","format-standard","has-post-thumbnail","hentry","category-aruba"],"aioseo_notices":[],"_links":{"self":[{"href":"https:\/\/www.ciudadgoticanews.com\/index.php\/wp-json\/wp\/v2\/posts\/1180","targetHints":{"allow":["GET"]}}],"collection":[{"href":"https:\/\/www.ciudadgoticanews.com\/index.php\/wp-json\/wp\/v2\/posts"}],"about":[{"href":"https:\/\/www.ciudadgoticanews.com\/index.php\/wp-json\/wp\/v2\/types\/post"}],"author":[{"embeddable":true,"href":"https:\/\/www.ciudadgoticanews.com\/index.php\/wp-json\/wp\/v2\/users\/1"}],"replies":[{"embeddable":true,"href":"https:\/\/www.ciudadgoticanews.com\/index.php\/wp-json\/wp\/v2\/comments?post=1180"}],"version-history":[{"count":0,"href":"https:\/\/www.ciudadgoticanews.com\/index.php\/wp-json\/wp\/v2\/posts\/1180\/revisions"}],"wp:featuredmedia":[{"embeddable":true,"href":"https:\/\/www.ciudadgoticanews.com\/index.php\/wp-json\/wp\/v2\/media\/1183"}],"wp:attachment":[{"href":"https:\/\/www.ciudadgoticanews.com\/index.php\/wp-json\/wp\/v2\/media?parent=1180"}],"wp:term":[{"taxonomy":"category","embeddable":true,"href":"https:\/\/www.ciudadgoticanews.com\/index.php\/wp-json\/wp\/v2\/categories?post=1180"},{"taxonomy":"post_tag","embeddable":true,"href":"https:\/\/www.ciudadgoticanews.com\/index.php\/wp-json\/wp\/v2\/tags?post=1180"}],"curies":[{"name":"wp","href":"https:\/\/api.w.org\/{rel}","templated":true}]}}