{"id":11920,"date":"2024-10-02T20:16:49","date_gmt":"2024-10-03T00:16:49","guid":{"rendered":"https:\/\/www.ciudadgoticanews.com\/?p=11920"},"modified":"2024-10-02T22:51:45","modified_gmt":"2024-10-03T02:51:45","slug":"el-lado-oscuro-de-luis-alberto-rodriguez-palencia","status":"publish","type":"post","link":"https:\/\/www.ciudadgoticanews.com\/index.php\/2024\/10\/02\/el-lado-oscuro-de-luis-alberto-rodriguez-palencia\/","title":{"rendered":"El lado oscuro de Luis Alberto Rodr\u00edguez Palencia y AlbertoNews: Cargos criminales y \u00abenchufe\u00bb silencioso"},"content":{"rendered":"<p>Luis Alberto Rodr\u00edguez Palencia, conocido como Alberto Rodr\u00edguez Palencia, es un venezolano que se presenta falsamente como periodista a pesar de no tener la formaci\u00f3n ni la titulaci\u00f3n que lo acredite como tal.<\/p>\n<p>Rodr\u00edguez Palencia \u00fanicamente complet\u00f3 la educaci\u00f3n secundaria en Venezuela y abandon\u00f3 sus estudios de periodismo en la Universidad Cat\u00f3lica Santa Rosa (UCSAR) antes de finalizar el quinto semestre. A pesar de esto, algunas cr\u00f3nicas lo describen err\u00f3neamente como un periodista reconocido y un ejemplo a seguir en el \u00e1mbito period\u00edstico venezolano, una imagen que no se corresponde con la realidad.<\/p>\n<p>Su plataforma digital, AlbertoNews, se ha vuelto un referente en Venezuela, no por su calidad period\u00edstica, sino por su pr\u00e1ctica de extorsi\u00f3n medi\u00e1tica y \u00abpalangrismo\u00bb (periodismo sin \u00e9tica).<\/p>\n<p>El mismo Rodr\u00edguez Palencia, lejos de ser un modelo a seguir, se ha convertido en un ejemplo de mercenario de la comunicaci\u00f3n.<\/p>\n<p>Alrededor del a\u00f1o 2006, un joven Rodr\u00edguez Palencia se desenvolv\u00eda en el \u00e1mbito pol\u00edtico acompa\u00f1ando en ruedas de prensa en Caracas a figuras del \u00abComando Nacional de la Resistencia\u00bb (CNR), como el pol\u00edtico \u00d3scar P\u00e9rez.<\/p>\n<figure id=\"attachment_11923\" aria-describedby=\"caption-attachment-11923\" style=\"width: 1200px\" class=\"wp-caption aligncenter\"><a href=\"https:\/\/www.ciudadgoticanews.com\/wp-content\/uploads\/2024\/10\/comando-nacional-por-la-resistencia.jpg\"><img loading=\"lazy\" decoding=\"async\" class=\"size-full wp-image-11923\" src=\"https:\/\/www.ciudadgoticanews.com\/wp-content\/uploads\/2024\/10\/comando-nacional-por-la-resistencia.jpg\" alt=\"\" width=\"1200\" height=\"899\" srcset=\"https:\/\/www.ciudadgoticanews.com\/wp-content\/uploads\/2024\/10\/comando-nacional-por-la-resistencia.jpg 1200w, https:\/\/www.ciudadgoticanews.com\/wp-content\/uploads\/2024\/10\/comando-nacional-por-la-resistencia-300x225.jpg 300w, https:\/\/www.ciudadgoticanews.com\/wp-content\/uploads\/2024\/10\/comando-nacional-por-la-resistencia-1024x767.jpg 1024w, https:\/\/www.ciudadgoticanews.com\/wp-content\/uploads\/2024\/10\/comando-nacional-por-la-resistencia-768x575.jpg 768w\" sizes=\"auto, (max-width: 1200px) 100vw, 1200px\" \/><\/a><figcaption id=\"caption-attachment-11923\" class=\"wp-caption-text\">Alberto Rodr\u00edguez Palencia, a la izquierda en la foto, en su \u00e9poca en el Comando Nacional de la Resistencia (a\u00f1o 2006)<\/figcaption><\/figure>\n<p>El CNR fue un movimiento opositor al Gobierno de Hugo Ch\u00e1vez durante la primera d\u00e9cada del siglo XXI. Este movimiento, que contaba con la participaci\u00f3n de figuras como el exalcade de Caracas, Antonio Ledezma, llev\u00f3 a cabo diversas acciones pol\u00edticas, incluyendo manifestaciones.<\/p>\n<p><a href=\"https:\/\/www.ciudadgoticanews.com\/wp-content\/uploads\/2023\/10\/Comando-Nacional-de-la-Resistencia00.jpg\"><img loading=\"lazy\" decoding=\"async\" class=\"aligncenter size-full wp-image-11940\" src=\"https:\/\/www.ciudadgoticanews.com\/wp-content\/uploads\/2023\/10\/Comando-Nacional-de-la-Resistencia00.jpg\" alt=\"\" width=\"1200\" height=\"1034\" srcset=\"https:\/\/www.ciudadgoticanews.com\/wp-content\/uploads\/2023\/10\/Comando-Nacional-de-la-Resistencia00.jpg 1200w, https:\/\/www.ciudadgoticanews.com\/wp-content\/uploads\/2023\/10\/Comando-Nacional-de-la-Resistencia00-300x259.jpg 300w, https:\/\/www.ciudadgoticanews.com\/wp-content\/uploads\/2023\/10\/Comando-Nacional-de-la-Resistencia00-1024x882.jpg 1024w, https:\/\/www.ciudadgoticanews.com\/wp-content\/uploads\/2023\/10\/Comando-Nacional-de-la-Resistencia00-768x662.jpg 768w\" sizes=\"auto, (max-width: 1200px) 100vw, 1200px\" \/><\/a><\/p>\n<p>Posteriormente, Rodr\u00edguez Palencia se uni\u00f3 al comunicador y pol\u00edtico Leocenis Garc\u00eda en su proyecto 6to. Poder, un grupo editorial que mantuvo fuertes enfrentamientos medi\u00e1ticos con figuras relevantes de los gobiernos de Hugo Ch\u00e1vez y Nicol\u00e1s Maduro. Rodr\u00edguez Palencia asumi\u00f3 la direcci\u00f3n de la secci\u00f3n de pol\u00edtica del semanario 6to Poder, convirti\u00e9ndose en portavoz del grupo y acompa\u00f1ando a Garc\u00eda en sus apariciones p\u00fablicas.<\/p>\n<figure id=\"attachment_11946\" aria-describedby=\"caption-attachment-11946\" style=\"width: 1200px\" class=\"wp-caption aligncenter\"><a href=\"https:\/\/www.ciudadgoticanews.com\/wp-content\/uploads\/2023\/10\/6to-poder000.jpg\"><img loading=\"lazy\" decoding=\"async\" class=\"size-full wp-image-11946\" src=\"https:\/\/www.ciudadgoticanews.com\/wp-content\/uploads\/2023\/10\/6to-poder000.jpg\" alt=\"\" width=\"1200\" height=\"797\" srcset=\"https:\/\/www.ciudadgoticanews.com\/wp-content\/uploads\/2023\/10\/6to-poder000.jpg 1200w, https:\/\/www.ciudadgoticanews.com\/wp-content\/uploads\/2023\/10\/6to-poder000-300x199.jpg 300w, https:\/\/www.ciudadgoticanews.com\/wp-content\/uploads\/2023\/10\/6to-poder000-1024x680.jpg 1024w, https:\/\/www.ciudadgoticanews.com\/wp-content\/uploads\/2023\/10\/6to-poder000-768x510.jpg 768w\" sizes=\"auto, (max-width: 1200px) 100vw, 1200px\" \/><\/a><figcaption id=\"caption-attachment-11946\" class=\"wp-caption-text\">Alberto Rodr\u00edguez Palencia en su \u00e9poca como director del Semanario 6to Poder<\/figcaption><\/figure>\n<p>En 2011, mientras trabajaba estrechamente con Leocenis Garc\u00eda, se emiti\u00f3 una orden de captura contra este \u00faltimo por un fotomontaje sat\u00edrico que involucraba a mujeres que representaban a los poderes del Estado venezolano. Garc\u00eda fue liberado el 24 de noviembre de ese a\u00f1o tras realizar una huelga de hambre.<\/p>\n<figure id=\"attachment_11948\" aria-describedby=\"caption-attachment-11948\" style=\"width: 1200px\" class=\"wp-caption aligncenter\"><a href=\"https:\/\/www.ciudadgoticanews.com\/wp-content\/uploads\/2023\/10\/Alberto-Rodriguez-Palencia-0006.jpg\"><img loading=\"lazy\" decoding=\"async\" class=\"size-full wp-image-11948\" src=\"https:\/\/www.ciudadgoticanews.com\/wp-content\/uploads\/2023\/10\/Alberto-Rodriguez-Palencia-0006.jpg\" alt=\"\" width=\"1200\" height=\"675\" srcset=\"https:\/\/www.ciudadgoticanews.com\/wp-content\/uploads\/2023\/10\/Alberto-Rodriguez-Palencia-0006.jpg 1200w, https:\/\/www.ciudadgoticanews.com\/wp-content\/uploads\/2023\/10\/Alberto-Rodriguez-Palencia-0006-300x169.jpg 300w, https:\/\/www.ciudadgoticanews.com\/wp-content\/uploads\/2023\/10\/Alberto-Rodriguez-Palencia-0006-1024x576.jpg 1024w, https:\/\/www.ciudadgoticanews.com\/wp-content\/uploads\/2023\/10\/Alberto-Rodriguez-Palencia-0006-768x432.jpg 768w\" sizes=\"auto, (max-width: 1200px) 100vw, 1200px\" \/><\/a><figcaption id=\"caption-attachment-11948\" class=\"wp-caption-text\">Alberto Rodr\u00edguez Palencia en su \u00e9poca como director del Semanario 6to Poder<\/figcaption><\/figure>\n<p>En 2013, mientras Rodr\u00edguez Palencia a\u00fan trabajaba para Leocenis Garc\u00eda y 6to Poder, Garc\u00eda fue detenido nuevamente, esta vez bajo acusaciones de evasi\u00f3n fiscal y legitimaci\u00f3n de capitales. La Direcci\u00f3n General de Contrainteligencia Militar (Dgcim) lo arrest\u00f3, aunque posteriormente le concedieron arresto domiciliario. La medida fue revocada en julio de 2016.<\/p>\n<figure id=\"attachment_11952\" aria-describedby=\"caption-attachment-11952\" style=\"width: 1200px\" class=\"wp-caption aligncenter\"><a href=\"https:\/\/www.ciudadgoticanews.com\/wp-content\/uploads\/2023\/10\/leocenis-garcia-rodriguez-palencia9.jpg\"><img loading=\"lazy\" decoding=\"async\" class=\"size-full wp-image-11952\" src=\"https:\/\/www.ciudadgoticanews.com\/wp-content\/uploads\/2023\/10\/leocenis-garcia-rodriguez-palencia9.jpg\" alt=\"\" width=\"1200\" height=\"900\" srcset=\"https:\/\/www.ciudadgoticanews.com\/wp-content\/uploads\/2023\/10\/leocenis-garcia-rodriguez-palencia9.jpg 1200w, https:\/\/www.ciudadgoticanews.com\/wp-content\/uploads\/2023\/10\/leocenis-garcia-rodriguez-palencia9-300x225.jpg 300w, https:\/\/www.ciudadgoticanews.com\/wp-content\/uploads\/2023\/10\/leocenis-garcia-rodriguez-palencia9-1024x768.jpg 1024w, https:\/\/www.ciudadgoticanews.com\/wp-content\/uploads\/2023\/10\/leocenis-garcia-rodriguez-palencia9-768x576.jpg 768w\" sizes=\"auto, (max-width: 1200px) 100vw, 1200px\" \/><\/a><figcaption id=\"caption-attachment-11952\" class=\"wp-caption-text\">Leocenis Garc\u00eda y Alberto Rodr\u00edguez Palencia (flecha verde) en su \u00e9poca al frente del grupo editorial 6to Poder<\/figcaption><\/figure>\n<p>En agosto de 2013, ocho funcionarios de la DGCIM allanaron el edificio Americana en la urbanizaci\u00f3n Los Palos Grandes de Caracas, donde resid\u00eda Luis Alberto Rodr\u00edguez, entonces director del semanario 6to Poder. Los agentes inspeccionaron el estacionamiento del complejo en busca de camionetas, motocicletas y yates pertenecientes a Leocenis Garc\u00eda.<\/p>\n<p>La ofensiva judicial contra Garc\u00eda y el grupo editorial 6to. Poder parece haber forzado a Luis Alberto Rodr\u00edguez Palencia a abandonar Venezuela y buscar refugio en Estados Unidos ese mismo mes de agosto de 2013, donde ha iniciado una nueva vida, al estilo del sue\u00f1o americano.<\/p>\n<p>La conexi\u00f3n entre Rodr\u00edguez Palencia y Garc\u00eda va m\u00e1s all\u00e1 de su relaci\u00f3n laboral en el semanario 6to Poder, ya que Rodr\u00edguez Palencia tiene un parentesco con una dama que fue pareja de Garc\u00eda.<\/p>\n<h2>Una nueva vida en Estados Unidos<\/h2>\n<div>\n<div>\n<div>\n<div>\n<div>\n<figure id=\"attachment_11963\" aria-describedby=\"caption-attachment-11963\" style=\"width: 1200px\" class=\"wp-caption aligncenter\"><a href=\"https:\/\/www.ciudadgoticanews.com\/wp-content\/uploads\/2023\/10\/alberto-rodriguez-palencia006.jpg\"><img loading=\"lazy\" decoding=\"async\" class=\"size-full wp-image-11963\" src=\"https:\/\/www.ciudadgoticanews.com\/wp-content\/uploads\/2023\/10\/alberto-rodriguez-palencia006.jpg\" alt=\"\" width=\"1200\" height=\"797\" srcset=\"https:\/\/www.ciudadgoticanews.com\/wp-content\/uploads\/2023\/10\/alberto-rodriguez-palencia006.jpg 1200w, https:\/\/www.ciudadgoticanews.com\/wp-content\/uploads\/2023\/10\/alberto-rodriguez-palencia006-300x199.jpg 300w, https:\/\/www.ciudadgoticanews.com\/wp-content\/uploads\/2023\/10\/alberto-rodriguez-palencia006-1024x680.jpg 1024w, https:\/\/www.ciudadgoticanews.com\/wp-content\/uploads\/2023\/10\/alberto-rodriguez-palencia006-768x510.jpg 768w\" sizes=\"auto, (max-width: 1200px) 100vw, 1200px\" \/><\/a><figcaption id=\"caption-attachment-11963\" class=\"wp-caption-text\">Alberto Rodr\u00edguez Palencia (en el centro de la foto), entrevistado por medios venezolanos en su \u00e9poca como director del Semanario 6to Poder en Venezuela<\/figcaption><\/figure>\n<p>La llegada de Rodr\u00edguez Palencia a Estados Unidos en 2013 marc\u00f3 un cambio significativo en su vida. Dejando atr\u00e1s la imagen del joven con sobrepeso e inseguro que era en Venezuela, se propuso alcanzar el sue\u00f1o americano, adoptando un estilo de vida similar al de un influencer, caracterizado por el lujo, la excentricidad, la obsesi\u00f3n por la vanidad y el cuidado extremo de su f\u00edsico a trav\u00e9s del ejercicio. Estados Unidos tambi\u00e9n le brind\u00f3 el espacio para expresar su homosexualidad de manera m\u00e1s abierta.<\/p>\n<figure id=\"attachment_11945\" aria-describedby=\"caption-attachment-11945\" style=\"width: 1200px\" class=\"wp-caption aligncenter\"><a href=\"https:\/\/www.ciudadgoticanews.com\/wp-content\/uploads\/2023\/10\/ALBERTO-RODRIGUEZ0002.jpg\"><img loading=\"lazy\" decoding=\"async\" class=\"size-full wp-image-11945\" src=\"https:\/\/www.ciudadgoticanews.com\/wp-content\/uploads\/2023\/10\/ALBERTO-RODRIGUEZ0002.jpg\" alt=\"\" width=\"1200\" height=\"1071\" srcset=\"https:\/\/www.ciudadgoticanews.com\/wp-content\/uploads\/2023\/10\/ALBERTO-RODRIGUEZ0002.jpg 1200w, https:\/\/www.ciudadgoticanews.com\/wp-content\/uploads\/2023\/10\/ALBERTO-RODRIGUEZ0002-300x268.jpg 300w, https:\/\/www.ciudadgoticanews.com\/wp-content\/uploads\/2023\/10\/ALBERTO-RODRIGUEZ0002-1024x914.jpg 1024w, https:\/\/www.ciudadgoticanews.com\/wp-content\/uploads\/2023\/10\/ALBERTO-RODRIGUEZ0002-768x685.jpg 768w\" sizes=\"auto, (max-width: 1200px) 100vw, 1200px\" \/><\/a><figcaption id=\"caption-attachment-11945\" class=\"wp-caption-text\">Alberto Rodr\u00edguez Palencia en su \u00e9poca como productor de Telemundo 51 en Miami<\/figcaption><\/figure>\n<p>Personas que compartieron con \u00e9l en el club nocturno gay Southern Nights Orlando, en Florida, recuerdan sus noches de fiesta desenfrenada en 2017, mientras trabajaba como productor en el canal de televisi\u00f3n Telemundo 51, con sede en Miramar, Florida. Los brazaletes con los colores del arco\u00edris que Rodr\u00edguez Palencia y sus acompa\u00f1antes llevaban puestos evidenciaban sus preferencias sexuales.<\/p>\n<figure id=\"attachment_11959\" aria-describedby=\"caption-attachment-11959\" style=\"width: 1200px\" class=\"wp-caption aligncenter\"><a href=\"https:\/\/www.ciudadgoticanews.com\/wp-content\/uploads\/2023\/10\/alberto-rodriguez-palencia-club-gay-orlando006.jpg\"><img loading=\"lazy\" decoding=\"async\" class=\"size-full wp-image-11959\" src=\"https:\/\/www.ciudadgoticanews.com\/wp-content\/uploads\/2023\/10\/alberto-rodriguez-palencia-club-gay-orlando006.jpg\" alt=\"\" width=\"1200\" height=\"800\" srcset=\"https:\/\/www.ciudadgoticanews.com\/wp-content\/uploads\/2023\/10\/alberto-rodriguez-palencia-club-gay-orlando006.jpg 1200w, https:\/\/www.ciudadgoticanews.com\/wp-content\/uploads\/2023\/10\/alberto-rodriguez-palencia-club-gay-orlando006-300x200.jpg 300w, https:\/\/www.ciudadgoticanews.com\/wp-content\/uploads\/2023\/10\/alberto-rodriguez-palencia-club-gay-orlando006-1024x683.jpg 1024w, https:\/\/www.ciudadgoticanews.com\/wp-content\/uploads\/2023\/10\/alberto-rodriguez-palencia-club-gay-orlando006-768x512.jpg 768w\" sizes=\"auto, (max-width: 1200px) 100vw, 1200px\" \/><\/a><figcaption id=\"caption-attachment-11959\" class=\"wp-caption-text\">Alberto Rodr\u00edguez Palencia (en el centro de la foto, de camiseta negra y short azul) en club gay Southern Nights, Orlando, Florida, en el a\u00f1o 2017)<\/figcaption><\/figure>\n<figure id=\"attachment_11956\" aria-describedby=\"caption-attachment-11956\" style=\"width: 1200px\" class=\"wp-caption aligncenter\"><a href=\"https:\/\/www.ciudadgoticanews.com\/wp-content\/uploads\/2023\/10\/alberto-rodriguez-palencia-club-gay-orlando2017.jpg\"><img loading=\"lazy\" decoding=\"async\" class=\"size-full wp-image-11956\" src=\"https:\/\/www.ciudadgoticanews.com\/wp-content\/uploads\/2023\/10\/alberto-rodriguez-palencia-club-gay-orlando2017.jpg\" alt=\"\" width=\"1200\" height=\"800\" srcset=\"https:\/\/www.ciudadgoticanews.com\/wp-content\/uploads\/2023\/10\/alberto-rodriguez-palencia-club-gay-orlando2017.jpg 1200w, https:\/\/www.ciudadgoticanews.com\/wp-content\/uploads\/2023\/10\/alberto-rodriguez-palencia-club-gay-orlando2017-300x200.jpg 300w, https:\/\/www.ciudadgoticanews.com\/wp-content\/uploads\/2023\/10\/alberto-rodriguez-palencia-club-gay-orlando2017-1024x683.jpg 1024w, https:\/\/www.ciudadgoticanews.com\/wp-content\/uploads\/2023\/10\/alberto-rodriguez-palencia-club-gay-orlando2017-768x512.jpg 768w\" sizes=\"auto, (max-width: 1200px) 100vw, 1200px\" \/><\/a><figcaption id=\"caption-attachment-11956\" class=\"wp-caption-text\">Alberto Rodr\u00edguez Palencia (segundo de izquierda a derecha, de camiseta negra y luciendo un brazalete arco\u00edris al igual que sus acompa\u00f1antes) en club gay Southern Nights, Orlando, Florida, en el a\u00f1o 2017)<\/figcaption><\/figure>\n<figure id=\"attachment_11961\" aria-describedby=\"caption-attachment-11961\" style=\"width: 1200px\" class=\"wp-caption aligncenter\"><a href=\"https:\/\/www.ciudadgoticanews.com\/wp-content\/uploads\/2023\/10\/alberto-rodriguez-palencia-club-gay-orlando007.jpg\"><img loading=\"lazy\" decoding=\"async\" class=\"wp-image-11961 size-full\" src=\"https:\/\/www.ciudadgoticanews.com\/wp-content\/uploads\/2023\/10\/alberto-rodriguez-palencia-club-gay-orlando007.jpg\" alt=\"\" width=\"1200\" height=\"800\" srcset=\"https:\/\/www.ciudadgoticanews.com\/wp-content\/uploads\/2023\/10\/alberto-rodriguez-palencia-club-gay-orlando007.jpg 1200w, https:\/\/www.ciudadgoticanews.com\/wp-content\/uploads\/2023\/10\/alberto-rodriguez-palencia-club-gay-orlando007-300x200.jpg 300w, https:\/\/www.ciudadgoticanews.com\/wp-content\/uploads\/2023\/10\/alberto-rodriguez-palencia-club-gay-orlando007-1024x683.jpg 1024w, https:\/\/www.ciudadgoticanews.com\/wp-content\/uploads\/2023\/10\/alberto-rodriguez-palencia-club-gay-orlando007-768x512.jpg 768w\" sizes=\"auto, (max-width: 1200px) 100vw, 1200px\" \/><\/a><figcaption id=\"caption-attachment-11961\" class=\"wp-caption-text\">Alberto Rodr\u00edguez Palencia (sosteniendo vaso y de camisa negra con estampado rojo) en club gay Southern Nights, Orlando, Florida, en el a\u00f1o 2017)<\/figcaption><\/figure>\n<h2>Rodr\u00edguez como instrumento en campa\u00f1as de difamaci\u00f3n orquestadas por Leocenis Garc\u00eda<\/h2>\n<p>A pesar de su aparente \u00e9xito, la vida en Estados Unidos no ha sido un camino de rosas para Rodr\u00edguez Palencia. Ha residido en varios lugares de Florida, alquilando apartamentos, e incluso, seg\u00fan algunos conocidos, lleg\u00f3 a vivir en su autom\u00f3vil en Miami durante un per\u00edodo, debido a dificultades econ\u00f3micas. Tras conseguir empleo como productor en Telemundo 51, algunas fuentes se\u00f1alan que su despido fue consecuencia de una demanda interpuesta en su contra en febrero de 2019 por el empresario venezolano Mauro Libi, due\u00f1o de la marca de avena Avelina.<\/p>\n<p><a href=\"https:\/\/www.ciudadgoticanews.com\/wp-content\/uploads\/2023\/10\/mauro-libi-alberto-rodriguez.jpg\"><img loading=\"lazy\" decoding=\"async\" class=\"aligncenter size-full wp-image-11954\" src=\"https:\/\/www.ciudadgoticanews.com\/wp-content\/uploads\/2023\/10\/mauro-libi-alberto-rodriguez.jpg\" alt=\"\" width=\"1200\" height=\"1222\" srcset=\"https:\/\/www.ciudadgoticanews.com\/wp-content\/uploads\/2023\/10\/mauro-libi-alberto-rodriguez.jpg 1200w, https:\/\/www.ciudadgoticanews.com\/wp-content\/uploads\/2023\/10\/mauro-libi-alberto-rodriguez-295x300.jpg 295w, https:\/\/www.ciudadgoticanews.com\/wp-content\/uploads\/2023\/10\/mauro-libi-alberto-rodriguez-1006x1024.jpg 1006w, https:\/\/www.ciudadgoticanews.com\/wp-content\/uploads\/2023\/10\/mauro-libi-alberto-rodriguez-768x782.jpg 768w\" sizes=\"auto, (max-width: 1200px) 100vw, 1200px\" \/><\/a><\/p>\n<p>La demanda, presentada por Libi y varias de sus empresas, acusaba a Rodr\u00edguez Palencia de llevar a cabo una campa\u00f1a de difamaci\u00f3n contra Libi y el Grupo Libi a trav\u00e9s de su cuenta de Twitter, @AlbertoRodNews. Seg\u00fan la demanda, Rodr\u00edguez Palencia public\u00f3 informaci\u00f3n falsa y fraudulenta que vinculaba a Libi y al Grupo Libi con corrupci\u00f3n gubernamental, figuras venezolanas pol\u00e9micas, chavismo, comunismo y esc\u00e1ndalos.<\/p>\n<p>La demanda detallaba tres series de declaraciones presuntamente difamatorias publicadas por Rodr\u00edguez Palencia entre diciembre de 2018 y enero de 2019. Argumentaba que estas declaraciones eran falsas, difamatorias y carec\u00edan de fundamento. Adem\u00e1s, se\u00f1alaba que las acusaciones de mala conducta contra el Grupo Libi y Libi hab\u00edan sido investigadas por funcionarios del gobierno venezolano en 2014 y 2016, y desestimadas por falta de pruebas.<\/p>\n<\/div>\n<\/div>\n<\/div>\n<p>En marzo de 2019, Libi solicit\u00f3 a la corte que declarara a Rodr\u00edguez en rebeld\u00eda por no haber respondido a la demanda en el plazo legal establecido en Florida, a pesar de haber sido notificado. Sin embargo, ese mismo mes, una abogada se present\u00f3 en representaci\u00f3n de Rodr\u00edguez. No obstante, en abril de 2019, la abogada decidi\u00f3 renunciar a la representaci\u00f3n de Rodr\u00edguez debido a aparentes diferencias irreconciliables con su cliente. En junio de 2019, dos nuevos abogados asumieron la defensa de Rodr\u00edguez. El proceso entr\u00f3 en una fase de conciliaci\u00f3n en la que Libi buscaba una retractaci\u00f3n por parte de Rodr\u00edguez Palencia, as\u00ed como de los portales Maduradas y La Patilla, que hab\u00edan difundido las acusaciones de Rodr\u00edguez contra Libi.<\/p>\n<p>Rodr\u00edguez afirm\u00f3 haber contactado telef\u00f3nicamente en varias ocasiones con el equipo de La Patilla para solicitar la retractaci\u00f3n, pero aleg\u00f3 que el portal se la hab\u00eda negado. Finalmente, el caso concluy\u00f3 en marzo de 2021 con un acuerdo de conciliaci\u00f3n.<\/p>\n<p>Cabe mencionar que durante el proceso contra Rodr\u00edguez, los abogados de Libi solicitaron a la corte interrogar a Evenia Rengifo, una vidente cercana a Leocenis Garc\u00eda.<\/p>\n<div>\n<div>\n<p>Paralelamente, en julio de 2019, Mauro Libi y varias empresas del Grupo Libi presentaron una demanda en Florida contra el comunicador venezolano Leocenis Garc\u00eda por difamaci\u00f3n, extorsi\u00f3n y crimen organizado, bajo la \u00abLey de Organizaciones Corruptas e Influenciadas por la Mafia\u00bb o Ley RICO.<\/p>\n<p><a href=\"https:\/\/www.ciudadgoticanews.com\/wp-content\/uploads\/2023\/10\/mauro-libi-leocenis-garcia.jpg\"><img loading=\"lazy\" decoding=\"async\" class=\"aligncenter size-full wp-image-11965\" src=\"https:\/\/www.ciudadgoticanews.com\/wp-content\/uploads\/2023\/10\/mauro-libi-leocenis-garcia.jpg\" alt=\"\" width=\"1200\" height=\"1249\" srcset=\"https:\/\/www.ciudadgoticanews.com\/wp-content\/uploads\/2023\/10\/mauro-libi-leocenis-garcia.jpg 1200w, https:\/\/www.ciudadgoticanews.com\/wp-content\/uploads\/2023\/10\/mauro-libi-leocenis-garcia-288x300.jpg 288w, https:\/\/www.ciudadgoticanews.com\/wp-content\/uploads\/2023\/10\/mauro-libi-leocenis-garcia-984x1024.jpg 984w, https:\/\/www.ciudadgoticanews.com\/wp-content\/uploads\/2023\/10\/mauro-libi-leocenis-garcia-768x799.jpg 768w\" sizes=\"auto, (max-width: 1200px) 100vw, 1200px\" \/><\/a><\/p>\n<\/div>\n<p>La demanda, presentada ante la Corte del Und\u00e9cimo Circuito Judicial de Miami-Dade, Florida, sosten\u00eda que Garc\u00eda, a trav\u00e9s de su cuenta de Twitter y en conjunto con otros individuos, hab\u00eda orquestado una campa\u00f1a de desprestigio contra Libi y el Grupo Libi, difundiendo informaci\u00f3n falsa y fraudulenta con el fin de da\u00f1ar su reputaci\u00f3n y extorsionarlos.<\/p>\n<p>Adem\u00e1s de las acusaciones de difamaci\u00f3n, la demanda afirmaba que Garc\u00eda hab\u00eda intentado extorsionar a Libi y al Grupo Libi en varias ocasiones. Seg\u00fan la demanda, en 2012, Garc\u00eda exigi\u00f3 75.000 d\u00f3lares a cambio de cesar la publicaci\u00f3n de informaci\u00f3n difamatoria. En 2019, tras la interposici\u00f3n de una demanda por difamaci\u00f3n contra el cu\u00f1ado de Garc\u00eda, Luis Alberto Rodr\u00edguez, Garc\u00eda exigi\u00f3 un acuerdo econ\u00f3mico a cambio de retirar las acusaciones y detener la campa\u00f1a de desprestigio.<\/p>\n<p>La demanda argumentaba que Rodr\u00edguez actu\u00f3 bajo las \u00f3rdenes de Leocenis Garc\u00eda al publicar las declaraciones difamatorias contra Mauro Libi, y que las publicaciones de Rodr\u00edguez formaban parte de la estrategia de Garc\u00eda para extorsionar a Libi y al Grupo Libi.<\/p>\n<p>Un elemento crucial en el caso fue la retractaci\u00f3n de Rodr\u00edguez de sus declaraciones en una carta fechada el 11 de marzo de 2019. En dicha carta, Rodr\u00edguez admiti\u00f3 no tener fundamento ni pruebas para las afirmaciones que hab\u00eda publicado sobre el Grupo Libi.<\/p>\n<\/div>\n<\/div>\n<\/div>\n<div>\n<p>La demanda contra Leocenis Garc\u00eda detalla c\u00f3mo este intent\u00f3 utilizar la demanda contra Rodr\u00edguez como herramienta para extorsionar a Libi. El 6 de marzo de 2019, Garc\u00eda envi\u00f3 un mensaje a Libi a trav\u00e9s de WhatsApp exigiendo un acuerdo econ\u00f3mico en la demanda contra Rodr\u00edguez a cambio de detener la campa\u00f1a de difamaci\u00f3n.<\/p>\n<p>En octubre de 2019, el bufete que representaba a Leocenis Garc\u00eda renunci\u00f3 al caso, dej\u00e1ndolo sin representaci\u00f3n legal. Garc\u00eda contrat\u00f3 a otro bufete, que solicit\u00f3 la desestimaci\u00f3n de la demanda argumentando que Garc\u00eda no resid\u00eda en Florida. La defensa de Libi rebati\u00f3 este argumento afirmando que los mensajes de Garc\u00eda se hab\u00edan difundido a trav\u00e9s de la televisi\u00f3n en Florida. La demanda tambi\u00e9n aseguraba que Libi hab\u00eda sido objeto de otro intento de extorsi\u00f3n por parte de Garc\u00eda, a trav\u00e9s de un tercero, un abogado identificado como Jos\u00e9 Rojas.<\/p>\n<p>El segundo bufete contratado por Garc\u00eda tambi\u00e9n renunci\u00f3 a su representaci\u00f3n, alegando, entre otras razones, diferencias con Garc\u00eda y que representarlo supon\u00eda una carga financiera excesiva para el bufete.<\/p>\n<p>El caso de Libi contra Garc\u00eda concluy\u00f3 en abril de 2021 mediante un acuerdo de conciliaci\u00f3n que incluy\u00f3 la retractaci\u00f3n y eliminaci\u00f3n de las publicaciones difamatorias por parte de Garc\u00eda, as\u00ed como el compromiso de no repetirlas.<\/p>\n<\/div>\n<h2>Escondiendo a una hermana \u00abenchufada\u00bb<\/h2>\n<p>Luis Alberto Rodr\u00edguez Palencia, cuyo portal en l\u00ednea AlbertoNews se ha presentado en ocasiones como una especie de portavoz de la oposici\u00f3n venezolana, se muestra muy interesado en publicar historias sobre \u00abenchufados\u00bb venezolanos (personas que obtienen beneficios por sus conexiones pol\u00edticas). AlbertoNews fue uno de los medios utilizados por el extinto \u00abGobierno interino\u00bb de Juan Guaid\u00f3 para difundir mensajes a su favor e incluso se ha erigido como un defensor de la \u00abmoralidad\u00bb. Sin embargo, mientras AlbertoNews recib\u00eda financiamiento del \u00abGobierno interino\u00bb de Guaid\u00f3 entre 2019 y 2022, un hecho contradictorio ocurr\u00eda en la administraci\u00f3n de Nicol\u00e1s Maduro, algo que AlbertoNews nunca ha mencionado.<\/p>\n<p>El decreto 4.225, publicado en la Gaceta Oficial de la Rep\u00fablica Bolivariana de Venezuela el 4 de junio de 2020, anunciaba la designaci\u00f3n de Sabina Nazareth Rodr\u00edguez Palencia como vicepresidenta encargada de Bolivariana de Puertos (BOLIPUERTOS) S.A.<\/p>\n<p><a href=\"https:\/\/www.ciudadgoticanews.com\/wp-content\/uploads\/2024\/10\/sabinabolipuertos002-scaled.jpg\"><img loading=\"lazy\" decoding=\"async\" class=\"aligncenter size-full wp-image-11927\" src=\"https:\/\/www.ciudadgoticanews.com\/wp-content\/uploads\/2024\/10\/sabinabolipuertos002-scaled.jpg\" alt=\"\" width=\"949\" height=\"2560\" srcset=\"https:\/\/www.ciudadgoticanews.com\/wp-content\/uploads\/2024\/10\/sabinabolipuertos002-scaled.jpg 949w, https:\/\/www.ciudadgoticanews.com\/wp-content\/uploads\/2024\/10\/sabinabolipuertos002-111x300.jpg 111w, https:\/\/www.ciudadgoticanews.com\/wp-content\/uploads\/2024\/10\/sabinabolipuertos002-380x1024.jpg 380w, https:\/\/www.ciudadgoticanews.com\/wp-content\/uploads\/2024\/10\/sabinabolipuertos002-768x2071.jpg 768w, https:\/\/www.ciudadgoticanews.com\/wp-content\/uploads\/2024\/10\/sabinabolipuertos002-759x2048.jpg 759w\" sizes=\"auto, (max-width: 949px) 100vw, 949px\" \/><\/a> <a href=\"https:\/\/www.ciudadgoticanews.com\/wp-content\/uploads\/2024\/10\/sabinabolipuertos.jpg\"><img loading=\"lazy\" decoding=\"async\" class=\"aligncenter size-full wp-image-11928\" src=\"https:\/\/www.ciudadgoticanews.com\/wp-content\/uploads\/2024\/10\/sabinabolipuertos.jpg\" alt=\"\" width=\"1200\" height=\"1665\" srcset=\"https:\/\/www.ciudadgoticanews.com\/wp-content\/uploads\/2024\/10\/sabinabolipuertos.jpg 1200w, https:\/\/www.ciudadgoticanews.com\/wp-content\/uploads\/2024\/10\/sabinabolipuertos-216x300.jpg 216w, https:\/\/www.ciudadgoticanews.com\/wp-content\/uploads\/2024\/10\/sabinabolipuertos-738x1024.jpg 738w, https:\/\/www.ciudadgoticanews.com\/wp-content\/uploads\/2024\/10\/sabinabolipuertos-768x1066.jpg 768w, https:\/\/www.ciudadgoticanews.com\/wp-content\/uploads\/2024\/10\/sabinabolipuertos-1107x1536.jpg 1107w\" sizes=\"auto, (max-width: 1200px) 100vw, 1200px\" \/><\/a><\/p>\n<p>El decreto fue firmado por la vicepresidenta Delcy Rodr\u00edguez y refrendado por el ministro de Transporte, Hip\u00f3lito Abreu. Sabina Rodr\u00edguez Palencia es la hermana de Alberto Rodr\u00edguez Palencia, director de AlbertoNews. Sin embargo, AlbertoNews, a diferencia de lo que ha hecho en otros casos, no se ha preocupado por explicar c\u00f3mo la hermana de su director tambi\u00e9n es una \u00abenchufada\u00bb o c\u00f3mo es que, mientras Alberto Rodr\u00edguez Palencia se beneficiaba del \u00abInterinato\u00bb de Guaid\u00f3, su hermana hac\u00eda lo propio con la administraci\u00f3n de Nicol\u00e1s Maduro.<\/p>\n<figure id=\"attachment_11937\" aria-describedby=\"caption-attachment-11937\" style=\"width: 1200px\" class=\"wp-caption aligncenter\"><a href=\"https:\/\/www.ciudadgoticanews.com\/wp-content\/uploads\/2024\/10\/sabina-bolipuertos10.jpg\"><img loading=\"lazy\" decoding=\"async\" class=\"size-full wp-image-11937\" src=\"https:\/\/www.ciudadgoticanews.com\/wp-content\/uploads\/2024\/10\/sabina-bolipuertos10.jpg\" alt=\"\" width=\"1200\" height=\"1023\" srcset=\"https:\/\/www.ciudadgoticanews.com\/wp-content\/uploads\/2024\/10\/sabina-bolipuertos10.jpg 1200w, https:\/\/www.ciudadgoticanews.com\/wp-content\/uploads\/2024\/10\/sabina-bolipuertos10-300x256.jpg 300w, https:\/\/www.ciudadgoticanews.com\/wp-content\/uploads\/2024\/10\/sabina-bolipuertos10-1024x873.jpg 1024w, https:\/\/www.ciudadgoticanews.com\/wp-content\/uploads\/2024\/10\/sabina-bolipuertos10-768x655.jpg 768w\" sizes=\"auto, (max-width: 1200px) 100vw, 1200px\" \/><\/a><figcaption id=\"caption-attachment-11937\" class=\"wp-caption-text\">Sabina Rodr\u00edguez Palencia, en reuni\u00f3n con otros funcionarios de Bolipuertos, en el a\u00f1o 2019<\/figcaption><\/figure>\n<p>En varias fotograf\u00edas del a\u00f1o 2019, se puede observar a Sabina Rodr\u00edguez Palencia reunida con altos cargos de Bolipuertos, muchos de ellos vistiendo los uniformes rojos caracter\u00edsticos del chavismo, incluyendo al entonces presidente de la empresa estatal Bolivariana de Puertos, el vicealmirante Juan Carlos Caraballo.<\/p>\n<figure id=\"attachment_11942\" aria-describedby=\"caption-attachment-11942\" style=\"width: 1200px\" class=\"wp-caption aligncenter\"><a href=\"https:\/\/www.ciudadgoticanews.com\/wp-content\/uploads\/2023\/10\/sabina-rodriguez-palencia-bolipuertos6.jpg\"><img loading=\"lazy\" decoding=\"async\" class=\"size-full wp-image-11942\" src=\"https:\/\/www.ciudadgoticanews.com\/wp-content\/uploads\/2023\/10\/sabina-rodriguez-palencia-bolipuertos6.jpg\" alt=\"\" width=\"1200\" height=\"977\" srcset=\"https:\/\/www.ciudadgoticanews.com\/wp-content\/uploads\/2023\/10\/sabina-rodriguez-palencia-bolipuertos6.jpg 1200w, https:\/\/www.ciudadgoticanews.com\/wp-content\/uploads\/2023\/10\/sabina-rodriguez-palencia-bolipuertos6-300x244.jpg 300w, https:\/\/www.ciudadgoticanews.com\/wp-content\/uploads\/2023\/10\/sabina-rodriguez-palencia-bolipuertos6-1024x834.jpg 1024w, https:\/\/www.ciudadgoticanews.com\/wp-content\/uploads\/2023\/10\/sabina-rodriguez-palencia-bolipuertos6-768x625.jpg 768w\" sizes=\"auto, (max-width: 1200px) 100vw, 1200px\" \/><\/a><figcaption id=\"caption-attachment-11942\" class=\"wp-caption-text\">Sabina Rodr\u00edguez Palencia en reuni\u00f3n el vicealmirante Juan Carlos Caraballo y otros funcionarios de Bolipuertos en el a\u00f1o 2019<\/figcaption><\/figure>\n<p>El propio AlbertoNews report\u00f3 la designaci\u00f3n de Caraballo en agosto de 2019.<\/p>\n<p><a href=\"https:\/\/www.ciudadgoticanews.com\/wp-content\/uploads\/2024\/10\/juan-carlos-caraballo-fue-designado-presidente-de-la-empresa-bolipuertos.jpg\"><img loading=\"lazy\" decoding=\"async\" class=\"aligncenter size-full wp-image-11930\" src=\"https:\/\/www.ciudadgoticanews.com\/wp-content\/uploads\/2024\/10\/juan-carlos-caraballo-fue-designado-presidente-de-la-empresa-bolipuertos.jpg\" alt=\"\" width=\"1200\" height=\"1189\" srcset=\"https:\/\/www.ciudadgoticanews.com\/wp-content\/uploads\/2024\/10\/juan-carlos-caraballo-fue-designado-presidente-de-la-empresa-bolipuertos.jpg 1200w, https:\/\/www.ciudadgoticanews.com\/wp-content\/uploads\/2024\/10\/juan-carlos-caraballo-fue-designado-presidente-de-la-empresa-bolipuertos-300x297.jpg 300w, https:\/\/www.ciudadgoticanews.com\/wp-content\/uploads\/2024\/10\/juan-carlos-caraballo-fue-designado-presidente-de-la-empresa-bolipuertos-1024x1015.jpg 1024w, https:\/\/www.ciudadgoticanews.com\/wp-content\/uploads\/2024\/10\/juan-carlos-caraballo-fue-designado-presidente-de-la-empresa-bolipuertos-150x150.jpg 150w, https:\/\/www.ciudadgoticanews.com\/wp-content\/uploads\/2024\/10\/juan-carlos-caraballo-fue-designado-presidente-de-la-empresa-bolipuertos-768x761.jpg 768w\" sizes=\"auto, (max-width: 1200px) 100vw, 1200px\" \/><\/a><\/p>\n<p>Inmediatamente despu\u00e9s del nombramiento de Caraballo, Sabina Rodr\u00edguez comenz\u00f3 a trabajar estrechamente con \u00e9l en un cargo inferior, hasta que en 2020 fue nombrada vicepresidenta de la instituci\u00f3n, responsable de la gesti\u00f3n de los puertos venezolanos. En el momento de la designaci\u00f3n de Sabina en la vicepresidencia de Bolipuertos, la presidencia del organismo estaba en manos de Antonio Salvucchi March\u00e1n.<\/p>\n<figure id=\"attachment_11932\" aria-describedby=\"caption-attachment-11932\" style=\"width: 1200px\" class=\"wp-caption aligncenter\"><a href=\"https:\/\/www.ciudadgoticanews.com\/wp-content\/uploads\/2024\/10\/sabina-bolipuertos9.jpg\"><img loading=\"lazy\" decoding=\"async\" class=\"size-full wp-image-11932\" src=\"https:\/\/www.ciudadgoticanews.com\/wp-content\/uploads\/2024\/10\/sabina-bolipuertos9.jpg\" alt=\"\" width=\"1200\" height=\"1111\" srcset=\"https:\/\/www.ciudadgoticanews.com\/wp-content\/uploads\/2024\/10\/sabina-bolipuertos9.jpg 1200w, https:\/\/www.ciudadgoticanews.com\/wp-content\/uploads\/2024\/10\/sabina-bolipuertos9-300x278.jpg 300w, https:\/\/www.ciudadgoticanews.com\/wp-content\/uploads\/2024\/10\/sabina-bolipuertos9-1024x948.jpg 1024w, https:\/\/www.ciudadgoticanews.com\/wp-content\/uploads\/2024\/10\/sabina-bolipuertos9-768x711.jpg 768w\" sizes=\"auto, (max-width: 1200px) 100vw, 1200px\" \/><\/a><figcaption id=\"caption-attachment-11932\" class=\"wp-caption-text\">La entonces funcionaria de Bolipuertos Sabina Rodr\u00edguez Palencia detr\u00e1s del en ese entonces presidente de la instituci\u00f3n, vicealmirante Juan Carlos Caraballo, en el a\u00f1o 2019<\/figcaption><\/figure>\n<p>Pero el \u00abenchufe\u00bb de la hermana de Alberto Rodr\u00edguez Palencia no se limit\u00f3 a su nombramiento como vicepresidenta de Bolipuertos. Una resoluci\u00f3n del 13 de marzo de 2023, publicada en la Gaceta Oficial 460.236 y firmada por el canciller del gobierno de Nicol\u00e1s Maduro, Yv\u00e1n Gil, design\u00f3 a Sabina como c\u00f3nsul general en el Consulado de Venezuela en Hong Kong, China. Sin embargo, en julio de 2023, una nueva Gaceta Oficial nombr\u00f3 a O&#8217;brien Ernesto Guerra C\u00f3rdova como nuevo c\u00f3nsul, quien actualmente ejerce la funci\u00f3n consular en Hong Kong.<\/p>\n<p><a href=\"https:\/\/www.ciudadgoticanews.com\/wp-content\/uploads\/2024\/10\/Sabina-consul-03-scaled.jpg\"><img loading=\"lazy\" decoding=\"async\" class=\"aligncenter size-full wp-image-11975\" src=\"https:\/\/www.ciudadgoticanews.com\/wp-content\/uploads\/2024\/10\/Sabina-consul-03-scaled.jpg\" alt=\"\" width=\"933\" height=\"2560\" srcset=\"https:\/\/www.ciudadgoticanews.com\/wp-content\/uploads\/2024\/10\/Sabina-consul-03-scaled.jpg 933w, https:\/\/www.ciudadgoticanews.com\/wp-content\/uploads\/2024\/10\/Sabina-consul-03-109x300.jpg 109w, https:\/\/www.ciudadgoticanews.com\/wp-content\/uploads\/2024\/10\/Sabina-consul-03-373x1024.jpg 373w, https:\/\/www.ciudadgoticanews.com\/wp-content\/uploads\/2024\/10\/Sabina-consul-03-768x2107.jpg 768w, https:\/\/www.ciudadgoticanews.com\/wp-content\/uploads\/2024\/10\/Sabina-consul-03-560x1536.jpg 560w\" sizes=\"auto, (max-width: 933px) 100vw, 933px\" \/><\/a><\/p>\n<p>En la actualidad, Sabina Rodr\u00edguez Palencia figura como funcionaria del Banco Central de Venezuela.<\/p>\n<h2>\u00bfAlbertoNews o \u00abMeteoro\u00bb News?<\/h2>\n<p>Sin embargo, la omisi\u00f3n de la informaci\u00f3n sobre la hermana de Luis Alberto Rodr\u00edguez no es el \u00fanico caso de informaci\u00f3n relevante que AlbertoNews ha ocultado en sus cr\u00f3nicas. AlbertoNews tampoco ha informado que el director del portal, Luis Alberto Rodr\u00edguez Palencia, residente en Miami, fue arrestado a las 10:35 de la noche del lunes 1 de abril de 2024 en el condado de Wake, Carolina del Norte, por cargos de exceso de velocidad y conducci\u00f3n temeraria.<\/p>\n<p>Rodr\u00edguez Palencia, de 34 a\u00f1os y residente de Miami, Florida, fue detenido por oficiales de la Patrulla de Carreteras del Estado de Carolina del Norte tras ser detectado conduciendo a una velocidad de 100 mph (160 km\/h) en una zona con l\u00edmite de velocidad de 65 mph (104 km\/h).<\/p>\n<p><a href=\"https:\/\/www.ciudadgoticanews.com\/wp-content\/uploads\/2023\/10\/carolina-del-norte8.jpg\"><img loading=\"lazy\" decoding=\"async\" class=\"aligncenter size-full wp-image-11969\" src=\"https:\/\/www.ciudadgoticanews.com\/wp-content\/uploads\/2023\/10\/carolina-del-norte8.jpg\" alt=\"\" width=\"1200\" height=\"885\" srcset=\"https:\/\/www.ciudadgoticanews.com\/wp-content\/uploads\/2023\/10\/carolina-del-norte8.jpg 1200w, https:\/\/www.ciudadgoticanews.com\/wp-content\/uploads\/2023\/10\/carolina-del-norte8-300x221.jpg 300w, https:\/\/www.ciudadgoticanews.com\/wp-content\/uploads\/2023\/10\/carolina-del-norte8-1024x755.jpg 1024w, https:\/\/www.ciudadgoticanews.com\/wp-content\/uploads\/2023\/10\/carolina-del-norte8-768x566.jpg 768w\" sizes=\"auto, (max-width: 1200px) 100vw, 1200px\" \/><\/a><\/p>\n<p>El incidente ocurri\u00f3 en la autopista US-1, cerca de Raleigh, la capital de Carolina del Norte. Seg\u00fan el informe policial, Rodr\u00edguez-Palencia conduc\u00eda un autom\u00f3vil Mercedes Benz de color negro. Se estim\u00f3 que su velocidad era de 105 mph (169 km\/h) antes de que un oficial pudiera detenerlo. El informe policial indica que Rodr\u00edguez-Palencia declar\u00f3 que se dirig\u00eda a Cary, un pueblo entre los condados de Wake y Chatham, pero que resid\u00eda en Miami. Cary es conocido por contar en su mayor\u00eda con una poblaci\u00f3n de clase media y alta. El pueblo posee una dispersa comunidad LGBTQ, atra\u00edda por su cercan\u00eda a Raleigh, ciudad que cuenta con una mayor comunidad LGBTQ.<\/p>\n<p>Adem\u00e1s de exceso de velocidad, Rodr\u00edguez-Palencia fue acusado de conducci\u00f3n temeraria, ya que se determin\u00f3 que operaba su veh\u00edculo sin la debida precauci\u00f3n y a una velocidad o de una manera que pon\u00eda en peligro a las personas y la propiedad.<\/p>\n<p>El incidente est\u00e1 siendo procesado como un caso criminal, en el Tribunal de Distrito de Wake, seg\u00fan las leyes de Carolina del Norte. La primera comparecencia de Rodr\u00edguez-Palencia ante el tribunal estuvo programada para el 7 de mayo de 2024 a las 7:45 AM en la sala 101 del Centro de Justicia del Condado de Wake. Sin embargo, el caso ha tenido varias audiencias, estando la pr\u00f3xima programada para el 16 de octubre de 2024.<\/p>\n<p>En Carolina del Norte, la conducci\u00f3n temeraria para poner en peligro (\u00abreckless driving to endanger\u00bb en ingl\u00e9s) es un delito de clase 2, lo que puede resultar en una sentencia de prisi\u00f3n y multas, adem\u00e1s de la suspensi\u00f3n de la licencia de conducir.<\/p>\n<p><a href=\"https:\/\/www.ciudadgoticanews.com\/wp-content\/uploads\/2023\/10\/carolina-del-norte7.jpg\"><img loading=\"lazy\" decoding=\"async\" class=\"aligncenter size-full wp-image-11968\" src=\"https:\/\/www.ciudadgoticanews.com\/wp-content\/uploads\/2023\/10\/carolina-del-norte7.jpg\" alt=\"\" width=\"1200\" height=\"772\" srcset=\"https:\/\/www.ciudadgoticanews.com\/wp-content\/uploads\/2023\/10\/carolina-del-norte7.jpg 1200w, https:\/\/www.ciudadgoticanews.com\/wp-content\/uploads\/2023\/10\/carolina-del-norte7-300x193.jpg 300w, https:\/\/www.ciudadgoticanews.com\/wp-content\/uploads\/2023\/10\/carolina-del-norte7-1024x659.jpg 1024w, https:\/\/www.ciudadgoticanews.com\/wp-content\/uploads\/2023\/10\/carolina-del-norte7-768x494.jpg 768w\" sizes=\"auto, (max-width: 1200px) 100vw, 1200px\" \/><\/a><\/p>\n<p>Aunque el informe policial indica de manera err\u00f3nea que se trata de un autom\u00f3vil del a\u00f1o 2025, registros de Florida muestran que el Mercedes Benz negro tripulado por Rodr\u00edguez Palencia es un veh\u00edculo autom\u00e1tico del a\u00f1o 2019. Tan solo un mes antes de haber sido detenido en Carolina del Norte, el mismo autom\u00f3vil estuvo involucrado en otro accidente en Miami, ocurrido el 2 de marzo de 2024, registrado por el Departamento de Polic\u00eda de Miami. El autom\u00f3vil, Mercedes-Benz modelo A-Class, cuyo costo actual en el mercado puede oscilar entre $20.000 y $34000, fue adquirido en marzo de 2023, mediante financiamiento, a trav\u00e9s de un pr\u00e9stamo de la cooperativa de ahorro y cr\u00e9dito Tropical Financial Credit Union.<\/p>\n<figure id=\"attachment_11925\" aria-describedby=\"caption-attachment-11925\" style=\"width: 1200px\" class=\"wp-caption aligncenter\"><a href=\"https:\/\/www.ciudadgoticanews.com\/wp-content\/uploads\/2024\/10\/Mercedes-Benz-modelo-A-Class.jpg\"><img loading=\"lazy\" decoding=\"async\" class=\"size-full wp-image-11925\" src=\"https:\/\/www.ciudadgoticanews.com\/wp-content\/uploads\/2024\/10\/Mercedes-Benz-modelo-A-Class.jpg\" alt=\"\" width=\"1200\" height=\"903\" srcset=\"https:\/\/www.ciudadgoticanews.com\/wp-content\/uploads\/2024\/10\/Mercedes-Benz-modelo-A-Class.jpg 1200w, https:\/\/www.ciudadgoticanews.com\/wp-content\/uploads\/2024\/10\/Mercedes-Benz-modelo-A-Class-300x226.jpg 300w, https:\/\/www.ciudadgoticanews.com\/wp-content\/uploads\/2024\/10\/Mercedes-Benz-modelo-A-Class-1024x771.jpg 1024w, https:\/\/www.ciudadgoticanews.com\/wp-content\/uploads\/2024\/10\/Mercedes-Benz-modelo-A-Class-768x578.jpg 768w\" sizes=\"auto, (max-width: 1200px) 100vw, 1200px\" \/><\/a><figcaption id=\"caption-attachment-11925\" class=\"wp-caption-text\">Mercedes-Benz modelo A-Class 2019.<\/figcaption><\/figure>\n<p>No est\u00e1 claro c\u00f3mo alguien como Rodr\u00edguez Palencia, a quien no se le conoce otro empleo adem\u00e1s de ser director de AlbertoNews,\u00a0 un portal informativo dirigido a los venezolanos, puede darse el lujo de pagar las cuotas de semejante autom\u00f3vil y residir en una zona lujosa de Miami, ya sea arrendado o no, considerando que el portal de Rodr\u00edguez se empe\u00f1a en afirmar que Venezuela afronta una grave crisis econ\u00f3mica.<\/p>\n<div>\n<div>\n<div>\n<div>\n<div>\n<p>El exceso de velocidad en abril, que result\u00f3 en un proceso penal, junto con el accidente previo en marzo de 2024, parecen ser indicios relevantes de una conducta imprudente al volante por parte del actual propietario del autom\u00f3vil, quien a todas luces es Rodr\u00edguez Palencia.<\/p>\n<figure id=\"attachment_11935\" aria-describedby=\"caption-attachment-11935\" style=\"width: 1200px\" class=\"wp-caption aligncenter\"><a href=\"https:\/\/www.ciudadgoticanews.com\/wp-content\/uploads\/2024\/10\/888-Biscayne-Blvd-Miami.jpg\"><img loading=\"lazy\" decoding=\"async\" class=\"size-full wp-image-11935\" src=\"https:\/\/www.ciudadgoticanews.com\/wp-content\/uploads\/2024\/10\/888-Biscayne-Blvd-Miami.jpg\" alt=\"\" width=\"1200\" height=\"800\" srcset=\"https:\/\/www.ciudadgoticanews.com\/wp-content\/uploads\/2024\/10\/888-Biscayne-Blvd-Miami.jpg 1200w, https:\/\/www.ciudadgoticanews.com\/wp-content\/uploads\/2024\/10\/888-Biscayne-Blvd-Miami-300x200.jpg 300w, https:\/\/www.ciudadgoticanews.com\/wp-content\/uploads\/2024\/10\/888-Biscayne-Blvd-Miami-1024x683.jpg 1024w, https:\/\/www.ciudadgoticanews.com\/wp-content\/uploads\/2024\/10\/888-Biscayne-Blvd-Miami-768x512.jpg 768w\" sizes=\"auto, (max-width: 1200px) 100vw, 1200px\" \/><\/a><figcaption id=\"caption-attachment-11935\" class=\"wp-caption-text\">888 Biscayne Blvd, Miami<\/figcaption><\/figure>\n<p>Seg\u00fan registros de Carolina del Norte, la direcci\u00f3n de residencia en Miami que Rodr\u00edguez proporcion\u00f3 a las autoridades, corresponde a un apartamento en el edificio 888 Biscayne Blvd. El apartamento en cuesti\u00f3n es propiedad de Amr Salah Eldin Elnashai, un ingeniero y acad\u00e9mico de origen egipcio con una destacada y extensa trayectoria en el campo de la ingenier\u00eda s\u00edsmica y la ingenier\u00eda civil. Amr Elnashai comparte la propiedad del inmueble con su esposa Noha Elnashai.<\/p>\n<figure id=\"attachment_11950\" aria-describedby=\"caption-attachment-11950\" style=\"width: 1200px\" class=\"wp-caption aligncenter\"><a href=\"https:\/\/www.ciudadgoticanews.com\/wp-content\/uploads\/2023\/10\/Amr-Elnashai006.jpg\"><img loading=\"lazy\" decoding=\"async\" class=\"size-full wp-image-11950\" src=\"https:\/\/www.ciudadgoticanews.com\/wp-content\/uploads\/2023\/10\/Amr-Elnashai006.jpg\" alt=\"\" width=\"1200\" height=\"1088\" srcset=\"https:\/\/www.ciudadgoticanews.com\/wp-content\/uploads\/2023\/10\/Amr-Elnashai006.jpg 1200w, https:\/\/www.ciudadgoticanews.com\/wp-content\/uploads\/2023\/10\/Amr-Elnashai006-300x272.jpg 300w, https:\/\/www.ciudadgoticanews.com\/wp-content\/uploads\/2023\/10\/Amr-Elnashai006-1024x928.jpg 1024w, https:\/\/www.ciudadgoticanews.com\/wp-content\/uploads\/2023\/10\/Amr-Elnashai006-768x696.jpg 768w\" sizes=\"auto, (max-width: 1200px) 100vw, 1200px\" \/><\/a><figcaption id=\"caption-attachment-11950\" class=\"wp-caption-text\">Amr Salah Eldin Elnashai<\/figcaption><\/figure>\n<p>Amr Eldin Elnashai, quien tambi\u00e9n ha escrito libros sobre ingenier\u00eda civil, ha ocupado el cargo de vicerrector y vicepresidente de Investigaci\u00f3n y Transferencia de Tecnolog\u00eda en la Universidad de Houston desde julio de 2017.<\/p>\n<h1>\u00bfDoble juego?<\/h1>\n<p>Alberto Rodr\u00edguez obtuvo considerables beneficios econ\u00f3micos al poner su portal AlbertoNews al servicio del \u00abinterinato\u00bb de Juan Guaid\u00f3 y su \u00abCentro de Comunicaci\u00f3n\u00bb, desde donde se lanzaban campa\u00f1as de desprestigio contra aquellos que criticaban a Guaid\u00f3 y su grupo. Gracias a estos ingresos, Rodr\u00edguez Palencia pudo realizar viajes a Hawaii y otros lugares con su pareja, adem\u00e1s de disfrutar de paseos en yate. Incluso se rumore\u00f3 que, gracias a estos ingresos, Rodr\u00edguez Palencia hab\u00eda adquirido un apartamento en una de las zonas m\u00e1s exclusivas de Miami.<\/p>\n<blockquote class=\"wp-embedded-content\" data-secret=\"dQAZSKp106\"><p><a href=\"https:\/\/www.ciudadgoticanews.com\/index.php\/2023\/02\/19\/alberto-rodriguez-palencia-como-el-emblema-mas-lgbt-de-la-antietica-periodistica-en-venezuela\/\">Alberto Rodr\u00edguez Palencia como el emblema m\u00e1s LGBT de la anti\u00e9tica period\u00edstica en Venezuela<\/a><\/p><\/blockquote>\n<p><iframe loading=\"lazy\" title=\"\u00abAlberto Rodr\u00edguez Palencia como el emblema m\u00e1s LGBT de la anti\u00e9tica period\u00edstica en Venezuela\u00bb \u2014 CIUDAD G&Oacute;TICA NEWS\" sandbox=\"allow-scripts\" security=\"restricted\" src=\"https:\/\/www.ciudadgoticanews.com\/index.php\/2023\/02\/19\/alberto-rodriguez-palencia-como-el-emblema-mas-lgbt-de-la-antietica-periodistica-en-venezuela\/embed\/#?secret=dQAZSKp106\" width=\"600\" height=\"338\" data-secret=\"dQAZSKp106\" frameborder=\"0\" marginwidth=\"0\" marginheight=\"0\" scrolling=\"no\" class=\"wp-embedded-content\"><\/iframe><script>\/*! This file is auto-generated *\/!function(d,l){\"use strict\";l.querySelector&&d.addEventListener&&\"undefined\"!=typeof URL&&(d.wp=d.wp||{},d.wp.receiveEmbedMessage||(d.wp.receiveEmbedMessage=function(e){var t=e.data;if((t||t.secret||t.message||t.value)&&!\/[^a-zA-Z0-9]\/.test(t.secret)){for(var s,r,n,a=l.querySelectorAll('iframe[data-secret=\"'+t.secret+'\"]'),o=l.querySelectorAll('blockquote[data-secret=\"'+t.secret+'\"]'),c=new RegExp(\"^https?:$\",\"i\"),i=0;i<o.length;i++)o[i].style.display=\"none\";for(i=0;i<a.length;i++)s=a[i],e.source===s.contentWindow&#038;&#038;(s.removeAttribute(\"style\"),\"height\"===t.message?(1e3<(r=parseInt(t.value,10))?r=1e3:~~r<200&#038;&#038;(r=200),s.height=r):\"link\"===t.message&#038;&#038;(r=new URL(s.getAttribute(\"src\")),n=new URL(t.value),c.test(n.protocol))&#038;&#038;n.host===r.host&#038;&#038;l.activeElement===s&#038;&#038;(d.top.location.href=t.value))}},d.addEventListener(\"message\",d.wp.receiveEmbedMessage,!1),l.addEventListener(\"DOMContentLoaded\",function(){for(var e,t,s=l.querySelectorAll(\"iframe.wp-embedded-content\"),r=0;r<s.length;r++)(t=(e=s[r]).getAttribute(\"data-secret\"))||(t=Math.random().toString(36).substring(2,12),e.src+=\"#?secret=\"+t,e.setAttribute(\"data-secret\",t)),e.contentWindow.postMessage({message:\"ready\",secret:t},\"*\")},!1)))}(window,document);<\/script><\/p>\n<p>Recientemente, se ha especulado que, adem\u00e1s de dirigir AlbertoNews, Rodr\u00edguez tambi\u00e9n estar\u00eda a cargo del portal La Patilla, propiedad del periodista Alberto Federico Ravell, as\u00ed como de perfiles en redes sociales vinculados a Ravell. Otros rumores sugieren que AlbertoNews participa en una especie de doble juego en el que, a pesar de presentarse como un medio opositor, tambi\u00e9n se encarga de difundir documentos e informaci\u00f3n destinados perjudicar a Mar\u00eda Corina Machado, Edmundo Gonz\u00e1lez Urrutia y otros l\u00edderes de la oposici\u00f3n venezolana.<\/p>\n<p>Hay quienes afirman que, a trav\u00e9s de contactos en la administraci\u00f3n gobernante en Venezuela, AlbertoNews obtiene acceso a documentos e informaci\u00f3n de la administraci\u00f3n de Maduro, que luego utiliza de manera malintencionada. Algunas especulaciones tambi\u00e9n indican que AlbertoNews ahora obtiene ingresos significativos al trabajar supuestamente para una facci\u00f3n del oficialismo y filtrar informaci\u00f3n de la oposici\u00f3n.<\/p>\n<\/div>\n<\/div>\n<\/div>\n<\/div>\n<\/div>\n","protected":false},"excerpt":{"rendered":"<p>Luis Alberto Rodr\u00edguez Palencia, conocido como Alberto Rodr\u00edguez Palencia, es un venezolano que se presenta falsamente como periodista a pesar de no tener la formaci\u00f3n ni la titulaci\u00f3n que lo acredite como tal. Rodr\u00edguez Palencia \u00fanicamente complet\u00f3 la educaci\u00f3n secundaria en Venezuela y abandon\u00f3 sus estudios de periodismo en la Universidad Cat\u00f3lica Santa Rosa (UCSAR) [&hellip;]<\/p>\n","protected":false},"author":1,"featured_media":11973,"comment_status":"open","ping_status":"open","sticky":false,"template":"","format":"standard","meta":{"h5ap_radio_sources":[],"footnotes":""},"categories":[23,9],"tags":[],"class_list":["post-11920","post","type-post","status-publish","format-standard","has-post-thumbnail","hentry","category-estados-unidos","category-venezuela"],"aioseo_notices":[],"_links":{"self":[{"href":"https:\/\/www.ciudadgoticanews.com\/index.php\/wp-json\/wp\/v2\/posts\/11920","targetHints":{"allow":["GET"]}}],"collection":[{"href":"https:\/\/www.ciudadgoticanews.com\/index.php\/wp-json\/wp\/v2\/posts"}],"about":[{"href":"https:\/\/www.ciudadgoticanews.com\/index.php\/wp-json\/wp\/v2\/types\/post"}],"author":[{"embeddable":true,"href":"https:\/\/www.ciudadgoticanews.com\/index.php\/wp-json\/wp\/v2\/users\/1"}],"replies":[{"embeddable":true,"href":"https:\/\/www.ciudadgoticanews.com\/index.php\/wp-json\/wp\/v2\/comments?post=11920"}],"version-history":[{"count":0,"href":"https:\/\/www.ciudadgoticanews.com\/index.php\/wp-json\/wp\/v2\/posts\/11920\/revisions"}],"wp:featuredmedia":[{"embeddable":true,"href":"https:\/\/www.ciudadgoticanews.com\/index.php\/wp-json\/wp\/v2\/media\/11973"}],"wp:attachment":[{"href":"https:\/\/www.ciudadgoticanews.com\/index.php\/wp-json\/wp\/v2\/media?parent=11920"}],"wp:term":[{"taxonomy":"category","embeddable":true,"href":"https:\/\/www.ciudadgoticanews.com\/index.php\/wp-json\/wp\/v2\/categories?post=11920"},{"taxonomy":"post_tag","embeddable":true,"href":"https:\/\/www.ciudadgoticanews.com\/index.php\/wp-json\/wp\/v2\/tags?post=11920"}],"curies":[{"name":"wp","href":"https:\/\/api.w.org\/{rel}","templated":true}]}}