{"id":11977,"date":"2024-10-03T09:11:19","date_gmt":"2024-10-03T13:11:19","guid":{"rendered":"https:\/\/www.ciudadgoticanews.com\/?p=11977"},"modified":"2024-10-03T09:11:19","modified_gmt":"2024-10-03T13:11:19","slug":"amara-la-negra-expone-la-raiz-del-ciclo-de-violencia-en-impactante-segmento-de-desiguales","status":"publish","type":"post","link":"https:\/\/www.ciudadgoticanews.com\/index.php\/2024\/10\/03\/amara-la-negra-expone-la-raiz-del-ciclo-de-violencia-en-impactante-segmento-de-desiguales\/","title":{"rendered":"Amara la Negra expone la ra\u00edz del ciclo de violencia en impactante segmento de \u201cDesiguales\u201d"},"content":{"rendered":"\r\n\r\nMiami, FL &#8211; Hoy, en un segmento sin precedentes en el programa Desiguales, producido por We Love Entertainment y transmitido a las tres de la tarde por Univision, se abord\u00f3 un impactante caso de abuso infantil que ha sacudido las redes sociales. En el video presentado, se observa a una madre arremetiendo contra su hijo, golpe\u00e1ndolo y humill\u00e1ndolo p\u00fablicamente tras haber sido llamado por un profesor para reprenderlo. Las desgarradoras im\u00e1genes muestran al ni\u00f1o entre l\u00e1grimas, rodeado por sus compa\u00f1eros de clase, siendo sometido a una golpiza que ha despertado fuertes debates sobre la crianza y la violencia dentro de las comunidades.\r\n\r\n \r\n\r\nDurante el segmento, Amara la Negra, activista y destacada figura de la comunidad afrolatina, ofreci\u00f3 una reflexi\u00f3n profunda y sincera sobre este acto de violencia. Conmovida, Amara se\u00f1al\u00f3: \u201cEscuch\u00e9 las noticias sin ver el video, y lo primero que pregunt\u00e9 fue: \u2018\u00bfEs afroamericana?\u2019 No por nada, pero desafortunadamente sabemos claramente, y yo como activista de la comunidad afrolatina tengo mucho conocimiento, que desde los tiempos de nuestros ancestros, la raza negra ha sido disciplinada a base de latigazos, desde los tiempos de la esclavitud. Latigazos, golpes, y todo tipo de maltrato, es algo que pasa de una generaci\u00f3n a la otra\u201d.\r\n\r\n \r\n<figure class=\"wp-block-image\"><img decoding=\"async\" src=\"https:\/\/mail.google.com\/mail\/u\/0?ui=2&amp;ik=3e698ea651&amp;attid=0.1&amp;permmsgid=msg-f:1811869791185975062&amp;th=19250df9b2e6b716&amp;view=fimg&amp;fur=ip&amp;sz=s0-l75-ft&amp;attbid=ANGjdJ_bIrDrsSOL1n66vPFe0qheRC57omdGKdiLXcSvdULA22iTG3RW0s9w_OJ2P7PFORAxu5WTwFgmCczFh_chBPbNbFNxXPNJeg7GehqzwNmowuS-vO8Xr0EYG9o&amp;disp=emb&amp;realattid=19250db8abded7548511\" alt=\"\" \/><\/figure>\r\n \r\n\r\nAmara, conocida por su labor como defensora de los derechos de la comunidad negra y su trabajo constante en la visibilidad de los problemas sociales que afectan a la comunidad afrolatina, ofreci\u00f3 un contexto hist\u00f3rico que, aunque no justifica el comportamiento de la madre, ayuda a entender la posible ra\u00edz del problema. \u201cObviamente, esto es un abuso\u201d, a\u00f1adi\u00f3. \u201cMi mente quiere entender por qu\u00e9 el comportamiento de ella de esa manera. Estoy segura de que an ella la educaron de la misma forma; sus abuelos, sus tatarabuelos fueron criados as\u00ed. Es un ciclo que ha sido pasado de generaci\u00f3n en generaci\u00f3n. No est\u00e1 bien, nada lo justifica, pero debemos entender de d\u00f3nde viene el problema\u201d.\r\n\r\n \r\n\r\nCon sus palabras, Amara la Negra busc\u00f3 arrojar luz sobre una cuesti\u00f3n compleja: la violencia intrafamiliar y la forma en que ciertos patrones de conducta han sido transmitidos en comunidades hist\u00f3ricamente marginadas. \u201cLa mayor\u00eda\u00a0 disciplina a sus hijos con golpes, chancletazos, con lo primero que encuentran. Es un patr\u00f3n que ha pasado de generaci\u00f3n en generaci\u00f3n, y necesitamos entenderlo para romperlo\u201d, puntualiz\u00f3 la activista.\r\n\r\n \r\n\r\nEl segmento de hoy en Desiguales no solo expuso la dura realidad de un ni\u00f1o que fue violentado por su madre, sino que tambi\u00e9n abri\u00f3 un espacio de reflexi\u00f3n sobre c\u00f3mo, incluso en tiempos modernos, la violencia contin\u00faa siendo un recurso que algunos padres emplean para disciplinar a sus hijos. Amara, con su an\u00e1lisis y perspectiva hist\u00f3rica, resalt\u00f3 la importancia de comprender el origen de estos comportamientos y, sobre todo, la necesidad urgente de romper con ciclos de violencia que solo perpet\u00faan el dolor y el sufrimiento.\r\n\r\n \r\n\r\nEl programa Desiguales, conocido por su enfoque sin filtros y su capacidad de abordar temas sociales candentes, una vez m\u00e1s ofreci\u00f3 un espacio de reflexi\u00f3n y discusi\u00f3n, evidenciando la importancia de tratar estos temas desde sus ra\u00edces para provocar un cambio real en la sociedad.\r\n\r\n \r\n\r\nDesiguales es dirigido por el productor Carlos Mesber, quien es un activista comprometido en motivar y difundir el amor propio en el mundo a trav\u00e9s de su Fundaci\u00f3n Yo Vivo en el Amor.\r\n\r\n \r\n\r\nVideo Completo:\r\n\r\n \r\n<figure class=\"wp-block-video\"><video style=\"aspect-ratio: 400 \/ 197;\" src=\"https:\/\/eldoral.com\/wp-content\/uploads\/2024\/10\/IMG_8149.mp4\" controls=\"controls\" width=\"400\" height=\"197\" data-mce-fragment=\"1\"><\/video><\/figure>\r\n \r\n<figure class=\"wp-block-image size-large\"><img decoding=\"async\" class=\"wp-image-14224\" src=\"https:\/\/eldoral.com\/wp-content\/uploads\/2024\/10\/unnamed-1024x341.jpg\" alt=\"\" \/><\/figure>\r\n \r\n\r\n&nbsp;\r\n\r\n","protected":false},"excerpt":{"rendered":"<p>Miami, FL &#8211; Hoy, en un segmento sin precedentes en el programa Desiguales, producido por We Love Entertainment y transmitido a las tres de la tarde por Univision, se abord\u00f3 un impactante caso de abuso infantil que ha sacudido las redes sociales. En el video presentado, se observa a una madre arremetiendo contra su hijo, [&hellip;]<\/p>\n","protected":false},"author":1,"featured_media":11978,"comment_status":"open","ping_status":"open","sticky":false,"template":"","format":"standard","meta":{"h5ap_radio_sources":[],"footnotes":""},"categories":[23],"tags":[],"class_list":["post-11977","post","type-post","status-publish","format-standard","has-post-thumbnail","hentry","category-estados-unidos"],"aioseo_notices":[],"_links":{"self":[{"href":"https:\/\/www.ciudadgoticanews.com\/index.php\/wp-json\/wp\/v2\/posts\/11977","targetHints":{"allow":["GET"]}}],"collection":[{"href":"https:\/\/www.ciudadgoticanews.com\/index.php\/wp-json\/wp\/v2\/posts"}],"about":[{"href":"https:\/\/www.ciudadgoticanews.com\/index.php\/wp-json\/wp\/v2\/types\/post"}],"author":[{"embeddable":true,"href":"https:\/\/www.ciudadgoticanews.com\/index.php\/wp-json\/wp\/v2\/users\/1"}],"replies":[{"embeddable":true,"href":"https:\/\/www.ciudadgoticanews.com\/index.php\/wp-json\/wp\/v2\/comments?post=11977"}],"version-history":[{"count":0,"href":"https:\/\/www.ciudadgoticanews.com\/index.php\/wp-json\/wp\/v2\/posts\/11977\/revisions"}],"wp:featuredmedia":[{"embeddable":true,"href":"https:\/\/www.ciudadgoticanews.com\/index.php\/wp-json\/wp\/v2\/media\/11978"}],"wp:attachment":[{"href":"https:\/\/www.ciudadgoticanews.com\/index.php\/wp-json\/wp\/v2\/media?parent=11977"}],"wp:term":[{"taxonomy":"category","embeddable":true,"href":"https:\/\/www.ciudadgoticanews.com\/index.php\/wp-json\/wp\/v2\/categories?post=11977"},{"taxonomy":"post_tag","embeddable":true,"href":"https:\/\/www.ciudadgoticanews.com\/index.php\/wp-json\/wp\/v2\/tags?post=11977"}],"curies":[{"name":"wp","href":"https:\/\/api.w.org\/{rel}","templated":true}]}}