{"id":11981,"date":"2024-10-07T09:46:18","date_gmt":"2024-10-07T13:46:18","guid":{"rendered":"https:\/\/www.ciudadgoticanews.com\/?p=11981"},"modified":"2024-10-07T11:43:29","modified_gmt":"2024-10-07T15:43:29","slug":"amara-la-negra-recibe-el-influential-hispanic-woman-award-en-los-hispanic-image-awards-2024","status":"publish","type":"post","link":"https:\/\/www.ciudadgoticanews.com\/index.php\/2024\/10\/07\/amara-la-negra-recibe-el-influential-hispanic-woman-award-en-los-hispanic-image-awards-2024\/","title":{"rendered":"Amara La Negra Recibe el Influential Hispanic Woman Award en los Hispanic Image Awards 2024"},"content":{"rendered":"<p>La vibrante ciudad de Boston fue el escenario de un evento que ha dejado huella en la comunidad hispana: la tercera edici\u00f3n de los Hispanic Image Awards, donde Amara La Negra fue galardonada con el prestigioso Influential Hispanic Woman Award. La ceremonia, que tiene como objetivo destacar a mujeres hispanas extraordinarias, sigue consolid\u00e1ndose como un evento crucial para la visibilizaci\u00f3n y el empoderamiento de la mujer hispana en Estados Unidos.<\/p>\r\n<p><!-- \/wp:post-content -->\r\n\r\n<!-- wp:image {\"id\":7050,\"sizeSlug\":\"full\",\"linkDestination\":\"none\",\"align\":\"center\"} --><\/p>\r\n<figure class=\"wp-block-image aligncenter size-full\"><img decoding=\"async\" class=\"wp-image-7050\" src=\"https:\/\/lanoticia24.com\/wp-content\/uploads\/2024\/10\/unnamed-3-768x1024-1.jpg\" alt=\"\" \/><\/figure>\r\n<p><!-- \/wp:image -->\r\n\r\n<!-- wp:image {\"id\":7051,\"sizeSlug\":\"large\",\"linkDestination\":\"none\",\"align\":\"center\"} --><\/p>\r\n<figure class=\"wp-block-image aligncenter size-large\"><img decoding=\"async\" class=\"wp-image-7051\" src=\"https:\/\/lanoticia24.com\/wp-content\/uploads\/2024\/10\/unnamed-478x1024.jpg\" alt=\"\" \/><\/figure>\r\n<p><!-- \/wp:image -->\r\n\r\n<!-- wp:paragraph --><\/p>\r\n<p>La presidenta y fundadora de los Hispanic Image Awards, Yudith \u00c1lvarez, dedic\u00f3 unas emotivas palabras a los asistentes de la gala, en una noche que calific\u00f3 como inolvidable. Sin embargo, el momento m\u00e1s conmovedor lleg\u00f3 cuando Amara La Negra tom\u00f3 el micr\u00f3fono. Sus palabras llenas de gratitud conmovieron al p\u00fablico presente, haci\u00e9ndolos levantarse de sus asientos y emocionarse hasta las l\u00e1grimas. Entre sollozos, Amara expres\u00f3: \u201cOjal\u00e1 mi mam\u00e1 estuviera aqu\u00ed\u201d, mientras compart\u00eda su historia de superaci\u00f3n y sacrificio junto a su madre, quien fue su principal apoyo en los momentos m\u00e1s dif\u00edciles. \u201cHoy lo hago por mi madre y por mis hijas, que son mi motor para seguir luchando\u201d, agreg\u00f3.<\/p>\r\n<p><!-- \/wp:paragraph -->\r\n\r\n<!-- wp:image {\"id\":7052,\"sizeSlug\":\"large\",\"linkDestination\":\"none\",\"align\":\"center\"} --><\/p>\r\n<figure class=\"wp-block-image aligncenter size-large\"><img decoding=\"async\" class=\"wp-image-7052\" src=\"https:\/\/lanoticia24.com\/wp-content\/uploads\/2024\/10\/unnamed-1-1-688x1024.jpg\" alt=\"\" \/><\/figure>\r\n<p><!-- \/wp:image -->\r\n\r\n<!-- wp:paragraph --><\/p>\r\n<p>Amara concluy\u00f3 su discurso con una poderosa reflexi\u00f3n que qued\u00f3 resonando en los corazones de los presentes: \u201cNo es mi culpa nacer pobre, pero s\u00ed es mi culpa morir pobre, por eso trabajo duro todos los d\u00edas para construir un patrimonio para mi familia\u201d.<\/p>\r\n<p><!-- \/wp:paragraph -->\r\n\r\n<!-- wp:image {\"id\":7054,\"sizeSlug\":\"full\",\"linkDestination\":\"none\",\"align\":\"center\"} --><\/p>\r\n<figure class=\"wp-block-image aligncenter size-full\"><img decoding=\"async\" class=\"wp-image-7054\" src=\"https:\/\/lanoticia24.com\/wp-content\/uploads\/2024\/10\/unnamed-2.jpg\" alt=\"\" \/><\/figure>\r\n<p><!-- \/wp:image -->\r\n\r\n<!-- wp:paragraph --><\/p>\r\n<p>La noche tambi\u00e9n incluy\u00f3 la presencia de destacadas figuras p\u00fablicas como el Senador Pavel Payano, el Alcalde de Lawrence, Brian De Pe\u00f1a, y el representante estatal Francisco Paulino, quienes acudieron para honrar a Amara y apoyar esta importante celebraci\u00f3n. Adem\u00e1s, la organizaci\u00f3n de Hispanic Image Smart Women Biz Hub, junto con su presidenta, fundadora y directora de la revista Hispanic Image, eligieron un\u00e1nimemente a Amara como la Influencia Mujer de Negocios del A\u00f1o. Este honor resalta la capacidad de Amara para inspirar a otras mujeres a trav\u00e9s de su ejemplo de empoderamiento, emprendimiento y \u00e9xito. \u201cEl amor que todas le tenemos y lo especial que ella es\u201d qued\u00f3 evidenciado en cada ovaci\u00f3n y muestra de cari\u00f1o de todos los presentes.<\/p>\r\n<p><!-- \/wp:paragraph -->\r\n\r\n<!-- wp:image {\"id\":7055,\"sizeSlug\":\"full\",\"linkDestination\":\"none\",\"align\":\"center\"} --><\/p>\r\n<figure class=\"wp-block-image aligncenter size-full\"><img decoding=\"async\" class=\"wp-image-7055\" src=\"https:\/\/lanoticia24.com\/wp-content\/uploads\/2024\/10\/unnamed-3-1.jpg\" alt=\"\" \/><\/figure>\r\n<p><!-- \/wp:image -->\r\n\r\n<!-- wp:image {\"id\":7056,\"sizeSlug\":\"large\",\"linkDestination\":\"none\",\"align\":\"center\"} --><\/p>\r\n<figure class=\"wp-block-image aligncenter size-large\"><img decoding=\"async\" class=\"wp-image-7056\" src=\"https:\/\/lanoticia24.com\/wp-content\/uploads\/2024\/10\/unnamed-4-768x1024.jpg\" alt=\"\" \/><\/figure>\r\n<p><!-- \/wp:image -->\r\n\r\n<!-- wp:paragraph --><\/p>\r\n<p>La visita de Amara a Boston coincidi\u00f3 con su cumplea\u00f1os, y la celebraci\u00f3n no se qued\u00f3 atr\u00e1s. La homenajeada fue recibida en una mansi\u00f3n de una exclusiva zona de la regi\u00f3n, donde Isabel L\u00f3pez, editora de Original Living Magazine, le organiz\u00f3 una fiesta por todo lo alto, con la presencia de un selecto grupo de socialites de la zona. Recordemos que Amara est\u00e1 en la portada de la revista que circula este mes, junto a sus compa\u00f1eras del programa Desiguales, transmitido por Univision de lunes a viernes a las 3:00 p.m., bajo la producci\u00f3n ejecutiva de Carlos Mesber, CEO de We Love Entertainment.<\/p>\r\n<p><!-- \/wp:paragraph -->\r\n\r\n<!-- wp:image {\"id\":7057,\"sizeSlug\":\"large\",\"linkDestination\":\"none\",\"align\":\"center\"} --><\/p>\r\n<figure class=\"wp-block-image aligncenter size-large\"><img decoding=\"async\" class=\"wp-image-7057\" src=\"https:\/\/lanoticia24.com\/wp-content\/uploads\/2024\/10\/unnamed-5-789x1024.jpg\" alt=\"\" \/><\/figure>\r\n<p><!-- \/wp:image -->\r\n\r\n<!-- wp:image {\"id\":7058,\"sizeSlug\":\"large\",\"linkDestination\":\"none\",\"align\":\"center\"} --><\/p>\r\n<figure class=\"wp-block-image aligncenter size-large\"><img decoding=\"async\" class=\"wp-image-7058\" src=\"https:\/\/lanoticia24.com\/wp-content\/uploads\/2024\/10\/unnamed-6-1024x754.jpg\" alt=\"\" \/><\/figure>\r\n<p><!-- \/wp:image -->\r\n\r\n<!-- wp:paragraph --><\/p>\r\n<p>Durante la celebraci\u00f3n, Amara se mostr\u00f3 visiblemente emocionada y agradecida, disfrutando al m\u00e1ximo cada detalle. Cant\u00f3, bail\u00f3 y comparti\u00f3 con los invitados en lo que describi\u00f3 como \u201cuna velada cargada de regalos y sorpresas\u201d. Su espontaneidad y alegr\u00eda se hicieron presentes en todo momento, reflejando el esp\u00edritu de una mujer que inspira a tantas otras con su historia de esfuerzo, valent\u00eda y \u00e9xito.<\/p>\r\n<p><!-- \/wp:paragraph -->\r\n\r\n<!-- wp:image {\"id\":7059,\"sizeSlug\":\"large\",\"linkDestination\":\"none\",\"align\":\"center\"} --><\/p>\r\n<figure class=\"wp-block-image aligncenter size-large\"><img decoding=\"async\" class=\"wp-image-7059\" src=\"https:\/\/lanoticia24.com\/wp-content\/uploads\/2024\/10\/unnamed-7-878x1024.jpg\" alt=\"\" \/><\/figure>\r\n<p><!-- \/wp:image -->\r\n\r\n<!-- wp:paragraph --><\/p>\r\n<p>Este evento tambi\u00e9n marc\u00f3 la celebraci\u00f3n de los tres a\u00f1os del relanzamiento de la revista Hispanic Image, la cual fue creada junto a la organizaci\u00f3n en el a\u00f1o 2003. Los Hispanic Image Awards 2024 no solo celebraron los logros de Amara La Negra, sino que tambi\u00e9n reafirmaron su compromiso con el reconocimiento del talento y la perseverancia de las mujeres hispanas. Este evento ha despertado gran expectativa en la regi\u00f3n y contin\u00faa siendo un s\u00edmbolo del poder y la influencia que las mujeres hispanas tienen en la sociedad actual.<\/p>\r\n<p><!-- \/wp:paragraph -->\r\n\r\n<!-- wp:video {\"id\":7061} --><\/p>\r\n<figure class=\"wp-block-video\"><video src=\"https:\/\/lanoticia24.com\/wp-content\/uploads\/2024\/10\/IMG_0-4.mov\" controls=\"controls\" width=\"300\" height=\"150\" data-mce-fragment=\"1\"><\/video><\/figure>\r\n<p><!-- \/wp:video -->\r\n\r\n<!-- wp:video {\"id\":7060} --><\/p>\r\n<figure class=\"wp-block-video\"><video src=\"https:\/\/lanoticia24.com\/wp-content\/uploads\/2024\/10\/IMG_0-3.mov\" controls=\"controls\" width=\"300\" height=\"150\" data-mce-fragment=\"1\"><\/video><\/figure>\r\n<p><!-- \/wp:video -->\r\n\r\n<!-- wp:image {\"id\":7062,\"sizeSlug\":\"full\",\"linkDestination\":\"none\",\"align\":\"center\"} --><\/p>\r\n<figure class=\"wp-block-image aligncenter size-full\"><img decoding=\"async\" class=\"wp-image-7062\" src=\"https:\/\/lanoticia24.com\/wp-content\/uploads\/2024\/10\/1.1-1010x1024-1.png\" alt=\"\" \/><\/figure>\r\n<p><!-- \/wp:image -->\r\n\r\n<!-- wp:image {\"id\":7063,\"sizeSlug\":\"full\",\"linkDestination\":\"none\",\"align\":\"center\"} --><\/p>\r\n<figure class=\"wp-block-image aligncenter size-full\"><img decoding=\"async\" class=\"wp-image-7063\" src=\"https:\/\/lanoticia24.com\/wp-content\/uploads\/2024\/10\/1.2-682x1024-1.png\" alt=\"\" \/><\/figure>\r\n<p><!-- \/wp:image -->\r\n\r\n<!-- wp:image {\"id\":7064,\"sizeSlug\":\"full\",\"linkDestination\":\"none\",\"align\":\"center\"} --><\/p>\r\n<figure class=\"wp-block-image aligncenter size-full\"><img decoding=\"async\" class=\"wp-image-7064\" src=\"https:\/\/lanoticia24.com\/wp-content\/uploads\/2024\/10\/1.3-778x1024-1.png\" alt=\"\" \/><\/figure>\r\n<p><!-- \/wp:image -->\r\n\r\n<!-- wp:image {\"id\":7065,\"sizeSlug\":\"full\",\"linkDestination\":\"none\",\"align\":\"center\"} --><\/p>\r\n<figure class=\"wp-block-image aligncenter size-full\"><img decoding=\"async\" class=\"wp-image-7065\" src=\"https:\/\/lanoticia24.com\/wp-content\/uploads\/2024\/10\/1.4-1024x556-1.png\" alt=\"\" \/><\/figure>\r\n<p><!-- \/wp:image -->\r\n\r\n<!-- wp:image {\"id\":7066,\"sizeSlug\":\"full\",\"linkDestination\":\"none\",\"align\":\"center\"} --><\/p>\r\n<figure class=\"wp-block-image aligncenter size-full\"><img decoding=\"async\" class=\"wp-image-7066\" src=\"https:\/\/lanoticia24.com\/wp-content\/uploads\/2024\/10\/1.5-1024x938-1.png\" alt=\"\" \/><\/figure>\r\n<p><!-- \/wp:image -->\r\n\r\n<!-- wp:image {\"id\":7067,\"sizeSlug\":\"full\",\"linkDestination\":\"none\",\"align\":\"center\"} --><\/p>\r\n<figure class=\"wp-block-image aligncenter size-full\"><img decoding=\"async\" class=\"wp-image-7067\" src=\"https:\/\/lanoticia24.com\/wp-content\/uploads\/2024\/10\/1.6-842x1024-1.png\" alt=\"\" \/><\/figure>\r\n<p><!-- \/wp:image -->\r\n\r\n<!-- wp:image {\"id\":7068,\"sizeSlug\":\"full\",\"linkDestination\":\"none\",\"align\":\"center\"} --><\/p>\r\n<figure class=\"wp-block-image aligncenter size-full\"><img decoding=\"async\" class=\"wp-image-7068\" src=\"https:\/\/lanoticia24.com\/wp-content\/uploads\/2024\/10\/1.7-867x1024-1.png\" alt=\"\" \/><\/figure>\r\n<p><!-- \/wp:image -->\r\n\r\n<!-- wp:image {\"id\":7069,\"sizeSlug\":\"full\",\"linkDestination\":\"none\",\"align\":\"center\"} --><\/p>\r\n<figure class=\"wp-block-image aligncenter size-full\"><img decoding=\"async\" class=\"wp-image-7069\" src=\"https:\/\/lanoticia24.com\/wp-content\/uploads\/2024\/10\/1.8-1024x682-1.png\" alt=\"\" \/><\/figure>\r\n<p><!-- \/wp:image -->\r\n\r\n<!-- wp:image {\"id\":7071,\"sizeSlug\":\"full\",\"linkDestination\":\"none\",\"align\":\"center\"} --><\/p>\r\n<figure class=\"wp-block-image aligncenter size-full\"><img decoding=\"async\" class=\"wp-image-7071\" src=\"https:\/\/lanoticia24.com\/wp-content\/uploads\/2024\/10\/1.9-1024x682-1.png\" alt=\"\" \/><\/figure>\r\n<p><!-- \/wp:image -->\r\n\r\n<!-- wp:image {\"id\":7072,\"sizeSlug\":\"full\",\"linkDestination\":\"none\",\"align\":\"center\"} --><\/p>\r\n<figure class=\"wp-block-image aligncenter size-full\"><img decoding=\"async\" class=\"wp-image-7072\" src=\"https:\/\/lanoticia24.com\/wp-content\/uploads\/2024\/10\/unnamed-5-1024x341-1.jpg\" alt=\"\" \/><\/figure>\r\n<p><!-- \/wp:image -->\r\n\r\n<!-- wp:paragraph --><\/p>\r\n<p>&nbsp;<\/p>","protected":false},"excerpt":{"rendered":"<p>La vibrante ciudad de Boston fue el escenario de un evento que ha dejado huella en la comunidad hispana: la tercera edici\u00f3n de los Hispanic Image Awards, donde Amara La Negra fue galardonada con el prestigioso Influential Hispanic Woman Award. La ceremonia, que tiene como objetivo destacar a mujeres hispanas extraordinarias, sigue consolid\u00e1ndose como un [&hellip;]<\/p>\n","protected":false},"author":1,"featured_media":11982,"comment_status":"open","ping_status":"open","sticky":false,"template":"","format":"standard","meta":{"h5ap_radio_sources":[],"footnotes":""},"categories":[23],"tags":[],"class_list":["post-11981","post","type-post","status-publish","format-standard","has-post-thumbnail","hentry","category-estados-unidos"],"aioseo_notices":[],"_links":{"self":[{"href":"https:\/\/www.ciudadgoticanews.com\/index.php\/wp-json\/wp\/v2\/posts\/11981","targetHints":{"allow":["GET"]}}],"collection":[{"href":"https:\/\/www.ciudadgoticanews.com\/index.php\/wp-json\/wp\/v2\/posts"}],"about":[{"href":"https:\/\/www.ciudadgoticanews.com\/index.php\/wp-json\/wp\/v2\/types\/post"}],"author":[{"embeddable":true,"href":"https:\/\/www.ciudadgoticanews.com\/index.php\/wp-json\/wp\/v2\/users\/1"}],"replies":[{"embeddable":true,"href":"https:\/\/www.ciudadgoticanews.com\/index.php\/wp-json\/wp\/v2\/comments?post=11981"}],"version-history":[{"count":0,"href":"https:\/\/www.ciudadgoticanews.com\/index.php\/wp-json\/wp\/v2\/posts\/11981\/revisions"}],"wp:featuredmedia":[{"embeddable":true,"href":"https:\/\/www.ciudadgoticanews.com\/index.php\/wp-json\/wp\/v2\/media\/11982"}],"wp:attachment":[{"href":"https:\/\/www.ciudadgoticanews.com\/index.php\/wp-json\/wp\/v2\/media?parent=11981"}],"wp:term":[{"taxonomy":"category","embeddable":true,"href":"https:\/\/www.ciudadgoticanews.com\/index.php\/wp-json\/wp\/v2\/categories?post=11981"},{"taxonomy":"post_tag","embeddable":true,"href":"https:\/\/www.ciudadgoticanews.com\/index.php\/wp-json\/wp\/v2\/tags?post=11981"}],"curies":[{"name":"wp","href":"https:\/\/api.w.org\/{rel}","templated":true}]}}