{"id":12120,"date":"2024-10-13T19:55:23","date_gmt":"2024-10-13T23:55:23","guid":{"rendered":"https:\/\/www.ciudadgoticanews.com\/?p=12120"},"modified":"2024-10-13T20:05:34","modified_gmt":"2024-10-14T00:05:34","slug":"exministro-paul-croes-trasladado-al-hospital-desde-carcel-en-aruba","status":"publish","type":"post","link":"https:\/\/www.ciudadgoticanews.com\/index.php\/2024\/10\/13\/exministro-paul-croes-trasladado-al-hospital-desde-carcel-en-aruba\/","title":{"rendered":"Exministro Paul Croes trasladado al hospital desde c\u00e1rcel en Aruba: Su hom\u00f3logo Glenbert Croes tambi\u00e9n bajo custodia m\u00e9dica"},"content":{"rendered":"<p>El exministro de Aruba, Paul Croes, quien se encuentra cumpliendo una condena en la c\u00e1rcel de KIA desde febrero de 2023, fue trasladado de urgencia al hospital el pasado jueves 10 de octubre tras sufrir un grave quebranto de salud en su celda.<\/p>\n<p>Croes, cuya liberaci\u00f3n estaba prevista para finales del pr\u00f3ximo mes, present\u00f3 un deterioro repentino en su estado de salud durante la ma\u00f1ana del jueves. La situaci\u00f3n se torn\u00f3 cr\u00edtica, requiriendo atenci\u00f3n m\u00e9dica inmediata que no pod\u00eda ser proporcionada dentro de las instalaciones de la prisi\u00f3n. Ante la emergencia, se solicit\u00f3 una ambulancia para su traslado al hospital, escoltada por un veh\u00edculo con guardias de KIA, seg\u00fan el diario <a href=\"https:\/\/24ora.com\/el-a-bira-malo-ex-minister-paul-croes-transporta-pa-hospital\/\" target=\"_blank\" rel=\"noopener\">24ora.com<\/a>.<\/p>\n<div style=\"left: 0; width: 100%; height: 0; position: relative; padding-bottom: 56.0081%;\"><iframe style=\"top: 0px; left: 0px; width: 100%; height: 100%; position: absolute; border: 0px; --darkreader-inline-border-top: initial; --darkreader-inline-border-right: initial; --darkreader-inline-border-bottom: initial; --darkreader-inline-border-left: initial;\" src=\"https:\/\/ok.ru\/videoembed\/7436634163713\" scrolling=\"no\" allowfullscreen=\"allowfullscreen\"><\/iframe><\/div>\n<p>Hasta la tarde del jueves, no se hab\u00eda revelado la naturaleza exacta del padecimiento que aquejaba al exministro. Sin embargo, la decisi\u00f3n de trasladarlo directamente al hospital para recibir tratamiento especializado indicaba la gravedad de la situaci\u00f3n. Si bien la c\u00e1rcel de KIA cuenta con una oficina m\u00e9dica para la atenci\u00f3n de los reclusos, en casos que requieren asistencia m\u00e1s avanzada, se procede al traslado de los pacientes al Instituto M\u00e9dico San Nicol\u00e1s (ImSan) o al Hospital Horacio Oduber (HOH).<\/p>\n<h3>Antecedentes de la condena de Paul Croes<\/h3>\n<figure id=\"attachment_1898\" aria-describedby=\"caption-attachment-1898\" style=\"width: 1200px\" class=\"wp-caption aligncenter\"><a href=\"https:\/\/www.ciudadgoticanews.com\/wp-content\/uploads\/2022\/12\/Melony-Croes-Paul-Croes_1.jpg\"><img loading=\"lazy\" decoding=\"async\" class=\"size-full wp-image-1898\" src=\"https:\/\/www.ciudadgoticanews.com\/wp-content\/uploads\/2022\/12\/Melony-Croes-Paul-Croes_1.jpg\" alt=\"\" width=\"1200\" height=\"808\" srcset=\"https:\/\/www.ciudadgoticanews.com\/wp-content\/uploads\/2022\/12\/Melony-Croes-Paul-Croes_1.jpg 1200w, https:\/\/www.ciudadgoticanews.com\/wp-content\/uploads\/2022\/12\/Melony-Croes-Paul-Croes_1-300x202.jpg 300w, https:\/\/www.ciudadgoticanews.com\/wp-content\/uploads\/2022\/12\/Melony-Croes-Paul-Croes_1-1024x689.jpg 1024w, https:\/\/www.ciudadgoticanews.com\/wp-content\/uploads\/2022\/12\/Melony-Croes-Paul-Croes_1-768x517.jpg 768w\" sizes=\"auto, (max-width: 1200px) 100vw, 1200px\" \/><\/a><figcaption id=\"caption-attachment-1898\" class=\"wp-caption-text\">El ex minitro con su esposa Melony Croes Paesch, tambi\u00e9n procesada por este caso<\/figcaption><\/figure>\n<p>Paul Croes recibi\u00f3 la sentencia definitiva de la Corte Suprema de Holanda (Hoge Raad) el 7 de febrero de 2023, confirmando su condena en el caso IBIS. El Ministerio P\u00fablico le otorg\u00f3 un plazo hasta el 21 de febrero para presentarse en la c\u00e1rcel de KIA, orden que Croes cumpli\u00f3.<\/p>\n<p>La sentencia final, que se redujo a tres a\u00f1os de prisi\u00f3n tras la solicitud inicial del Ministerio P\u00fablico de cinco a\u00f1os, establece que Croes deber\u00e1 cumplir dos a\u00f1os de c\u00e1rcel. El caso IBIS se centra en la acusaci\u00f3n contra el exministro por el mal uso de 55.000 florines de su propia fundaci\u00f3n pol\u00edtica para fines personales.<\/p>\n<p>A pesar de haber negado las acusaciones hasta el \u00faltimo momento, Croes no logr\u00f3 convencer al fiscal, al juez de Primera Instancia, a los tres jueces del Tribunal Com\u00fan del Caribe Neerland\u00e9s en Curazao, ni a los cinco jueces de la Corte Suprema de Holanda de su inocencia.<\/p>\n<h3>Situaci\u00f3n de Glenbert Croes y restricciones de visita<\/h3>\n<p>Cabe destacar que el exministro Glenbert Croes, primo de Paul Croes, tambi\u00e9n se encuentra hospitalizado. Glenbert, acusado en el caso Portulaca, enfrenta problemas de salud en su celda en la comisar\u00eda de polic\u00eda de Noord.<\/p>\n<p>Tanto Paul como Glenbert Croes se encuentran bajo vigilancia policial o de guardias de KIA frente a las puertas de sus habitaciones en el hospital, y no se permiten visitas a ninguno de los dos.<\/p>\n<blockquote class=\"wp-embedded-content\" data-secret=\"6i7JG0y8n6\"><p><a href=\"https:\/\/www.ciudadgoticanews.com\/index.php\/2024\/10\/11\/detencion-glenbert-croes-aruba-caso-portulaca\/\">Esc\u00e1ndalo de corrupci\u00f3n en Aruba: Detenci\u00f3n del ministro Glenbert Croes por caso Portulaca sacude al Gobierno de la primera ministra Evelyn Wever-Croes<\/a><\/p><\/blockquote>\n<p><iframe loading=\"lazy\" title=\"\u00abEsc\u00e1ndalo de corrupci\u00f3n en Aruba: Detenci\u00f3n del ministro Glenbert Croes por caso Portulaca sacude al Gobierno de la primera ministra Evelyn Wever-Croes\u00bb \u2014 CIUDAD G&Oacute;TICA NEWS\" sandbox=\"allow-scripts\" security=\"restricted\" src=\"https:\/\/www.ciudadgoticanews.com\/index.php\/2024\/10\/11\/detencion-glenbert-croes-aruba-caso-portulaca\/embed\/#?secret=6i7JG0y8n6\" width=\"600\" height=\"338\" data-secret=\"6i7JG0y8n6\" frameborder=\"0\" marginwidth=\"0\" marginheight=\"0\" scrolling=\"no\" class=\"wp-embedded-content\"><\/iframe><script>\/*! This file is auto-generated *\/!function(d,l){\"use strict\";l.querySelector&&d.addEventListener&&\"undefined\"!=typeof URL&&(d.wp=d.wp||{},d.wp.receiveEmbedMessage||(d.wp.receiveEmbedMessage=function(e){var t=e.data;if((t||t.secret||t.message||t.value)&&!\/[^a-zA-Z0-9]\/.test(t.secret)){for(var s,r,n,a=l.querySelectorAll('iframe[data-secret=\"'+t.secret+'\"]'),o=l.querySelectorAll('blockquote[data-secret=\"'+t.secret+'\"]'),c=new RegExp(\"^https?:$\",\"i\"),i=0;i<o.length;i++)o[i].style.display=\"none\";for(i=0;i<a.length;i++)s=a[i],e.source===s.contentWindow&#038;&#038;(s.removeAttribute(\"style\"),\"height\"===t.message?(1e3<(r=parseInt(t.value,10))?r=1e3:~~r<200&#038;&#038;(r=200),s.height=r):\"link\"===t.message&#038;&#038;(r=new URL(s.getAttribute(\"src\")),n=new URL(t.value),c.test(n.protocol))&#038;&#038;n.host===r.host&#038;&#038;l.activeElement===s&#038;&#038;(d.top.location.href=t.value))}},d.addEventListener(\"message\",d.wp.receiveEmbedMessage,!1),l.addEventListener(\"DOMContentLoaded\",function(){for(var e,t,s=l.querySelectorAll(\"iframe.wp-embedded-content\"),r=0;r<s.length;r++)(t=(e=s[r]).getAttribute(\"data-secret\"))||(t=Math.random().toString(36).substring(2,12),e.src+=\"#?secret=\"+t,e.setAttribute(\"data-secret\",t)),e.contentWindow.postMessage({message:\"ready\",secret:t},\"*\")},!1)))}(window,document);<\/script><\/p>\n<p>La situaci\u00f3n de ambos exministros, hospitalizados por problemas de salud mientras se encuentran bajo custodia, ha generado atenci\u00f3n en la opini\u00f3n p\u00fablica de Aruba.<\/p>\n","protected":false},"excerpt":{"rendered":"<p>El exministro de Aruba, Paul Croes, quien se encuentra cumpliendo una condena en la c\u00e1rcel de KIA desde febrero de 2023, fue trasladado de urgencia al hospital el pasado jueves 10 de octubre tras sufrir un grave quebranto de salud en su celda. Croes, cuya liberaci\u00f3n estaba prevista para finales del pr\u00f3ximo mes, present\u00f3 un [&hellip;]<\/p>\n","protected":false},"author":1,"featured_media":12122,"comment_status":"open","ping_status":"open","sticky":false,"template":"","format":"standard","meta":{"h5ap_radio_sources":[],"footnotes":""},"categories":[1],"tags":[],"class_list":["post-12120","post","type-post","status-publish","format-standard","has-post-thumbnail","hentry","category-ciudadgotica"],"aioseo_notices":[],"_links":{"self":[{"href":"https:\/\/www.ciudadgoticanews.com\/index.php\/wp-json\/wp\/v2\/posts\/12120","targetHints":{"allow":["GET"]}}],"collection":[{"href":"https:\/\/www.ciudadgoticanews.com\/index.php\/wp-json\/wp\/v2\/posts"}],"about":[{"href":"https:\/\/www.ciudadgoticanews.com\/index.php\/wp-json\/wp\/v2\/types\/post"}],"author":[{"embeddable":true,"href":"https:\/\/www.ciudadgoticanews.com\/index.php\/wp-json\/wp\/v2\/users\/1"}],"replies":[{"embeddable":true,"href":"https:\/\/www.ciudadgoticanews.com\/index.php\/wp-json\/wp\/v2\/comments?post=12120"}],"version-history":[{"count":0,"href":"https:\/\/www.ciudadgoticanews.com\/index.php\/wp-json\/wp\/v2\/posts\/12120\/revisions"}],"wp:featuredmedia":[{"embeddable":true,"href":"https:\/\/www.ciudadgoticanews.com\/index.php\/wp-json\/wp\/v2\/media\/12122"}],"wp:attachment":[{"href":"https:\/\/www.ciudadgoticanews.com\/index.php\/wp-json\/wp\/v2\/media?parent=12120"}],"wp:term":[{"taxonomy":"category","embeddable":true,"href":"https:\/\/www.ciudadgoticanews.com\/index.php\/wp-json\/wp\/v2\/categories?post=12120"},{"taxonomy":"post_tag","embeddable":true,"href":"https:\/\/www.ciudadgoticanews.com\/index.php\/wp-json\/wp\/v2\/tags?post=12120"}],"curies":[{"name":"wp","href":"https:\/\/api.w.org\/{rel}","templated":true}]}}