{"id":12271,"date":"2024-11-04T22:02:42","date_gmt":"2024-11-05T02:02:42","guid":{"rendered":"https:\/\/www.ciudadgoticanews.com\/?p=12271"},"modified":"2024-11-04T22:25:12","modified_gmt":"2024-11-05T02:25:12","slug":"carlos-mesber-lanzo-su-fundacion-yo-vivo-en-el-amor-en-una-noche-inolvidable-y-llena-de-emociones","status":"publish","type":"post","link":"https:\/\/www.ciudadgoticanews.com\/index.php\/2024\/11\/04\/carlos-mesber-lanzo-su-fundacion-yo-vivo-en-el-amor-en-una-noche-inolvidable-y-llena-de-emociones\/","title":{"rendered":"Carlos Mesber lanz\u00f3 su fundaci\u00f3n \u201cYo Vivo en el Amor\u201d en una noche inolvidable y llena de emociones"},"content":{"rendered":"<p><\/p>\r\n<p>Miami, FL \u2013 El pasado 2 de noviembre, Carlos Mesber, el carism\u00e1tico y destacado productor, CEO de We Love Entertainment y creador de \u00e9xitos como Desiguales y Si\u00e9ntese Quien Pueda de Univision, celebr\u00f3 su cumplea\u00f1os de una forma \u00fanica. Rodeado de familiares, amigos, y figuras importantes del medio art\u00edstico, entre cantantes de buena musica, 3 Djs, Mariachis, Mesber no solo festej\u00f3 su dia de nacimiento, sino que aprovech\u00f3 la ocasi\u00f3n para realizar el lanzamiento oficial de su fundaci\u00f3n \u201cYo Vivo en el Amor\u201d, un proyecto que refleja su pasi\u00f3n y compromiso por una educaci\u00f3n con valores para las futuras generaciones.<\/p>\r\n<p>\r\n\r\n<\/p>\r\n<figure class=\"wp-block-image size-large is-resized\"><img decoding=\"async\" class=\"wp-image-16960\" src=\"https:\/\/eldoral.com\/wp-content\/uploads\/2024\/11\/unnamed-1-819x1024.jpg\" alt=\"\" \/><\/figure>\r\n<p>\r\n\r\n<\/p>\r\n<figure class=\"wp-block-image size-large\"><img decoding=\"async\" class=\"wp-image-16964\" src=\"https:\/\/eldoral.com\/wp-content\/uploads\/2024\/11\/unnamed-2-819x1024.jpg\" alt=\"\" \/><\/figure>\r\n<p>\r\n\r\n<\/p>\r\n<p>La fundaci\u00f3n Yo Vivo en el Amor nace con la misi\u00f3n de realizar programas educativos que promuevan la ense\u00f1anza de amor propio y autoestima desde la escuela primaria, tanto en Estados Unidos como en Latinoam\u00e9rica. \u201cEs fundamental que los ni\u00f1os crezcan valor\u00e1ndose y que desde el hogar y la escuela se les fomente el amor propio y la autoestima\u201d, expres\u00f3 Mesber, destacando que el rol de los padres es clave en esta iniciativa. La fundaci\u00f3n se propone trabajar en conjunto con instituciones educativas para incluir estos valores en los programas acad\u00e9micos, permitiendo que los ni\u00f1os adquieran herramientas emocionales desde una temprana edad.<\/p>\r\n<p>\r\n\r\n<\/p>\r\n<p>La celebraci\u00f3n, que tuvo lugar en el prestigioso espacio The District, estuvo llena de detalles y momentos memorables, producidos con el sello de excelencia de la PR Othniuska Cede\u00f1o y su equipo de Ony Entertainment, A medianoche, Carlos Mesber fue sorprendido con mariachis, fuegos artificiales y serpentinas, acompa\u00f1ados por el talento de Fernando Corona, quien lleg\u00f3 desde M\u00e9xico especialmente para cantar Las Ma\u00f1anitas junto a un mariachi. El evento cont\u00f3 tambi\u00e9n con la emotiva participaci\u00f3n del cantante Marcelo, Paraguayo talentoso y la banda venezolana La Conga Live, quienes junto al DJ Manilow, Dj Mattx quien vino desde Rio de Janeiro-Brasil para tan importante celebraci\u00f3n, hicieron de la velada una noche llena de m\u00fasica y alegr\u00eda.<\/p>\r\n<p>\r\n\r\n<\/p>\r\n<figure class=\"wp-block-image size-large\"><img decoding=\"async\" class=\"wp-image-16965\" src=\"https:\/\/eldoral.com\/wp-content\/uploads\/2024\/11\/unnamed-4-819x1024.jpg\" alt=\"\" \/><\/figure>\r\n<p>\r\n\r\n<\/p>\r\n<p>Entre los invitados de honor destacaron celebridades como Adamari L\u00f3pez, ChikiBomb\u00f3n, Aylin Mujica, Amara La Negra, Jorge Bernal y su esposa, Carolina Sandoval, Lucho Borrego, Alex Rodr\u00edguez, Kerly Ruiz, Alejandra Jaramillo, Beta Mejia, Ana Jurka, Mariela Encarnacion, importantes ejecutivos de la televisi\u00f3n internacional, entre otros. Amigos, familiares y figuras del medio art\u00edstico se unieron para celebrar y demostrar su cari\u00f1o y admiraci\u00f3n por Carlos Mesber en esta ocasi\u00f3n tan especial.<\/p>\r\n<p>\r\n\r\n<\/p>\r\n<figure class=\"wp-block-image size-large\"><img decoding=\"async\" class=\"wp-image-16966\" src=\"https:\/\/eldoral.com\/wp-content\/uploads\/2024\/11\/unnamed-5-1024x576.jpg\" alt=\"\" \/><\/figure>\r\n<p>\r\n\r\n<\/p>\r\n<figure class=\"wp-block-image size-large\"><img decoding=\"async\" class=\"wp-image-16967\" src=\"https:\/\/eldoral.com\/wp-content\/uploads\/2024\/11\/unnamed-6-768x1024.jpg\" alt=\"\" \/><\/figure>\r\n<p>\r\n\r\n<\/p>\r\n<figure class=\"wp-block-image size-large\"><img decoding=\"async\" class=\"wp-image-16968\" src=\"https:\/\/eldoral.com\/wp-content\/uploads\/2024\/11\/unnamed-7-819x1024.jpg\" alt=\"\" \/><\/figure>\r\n<p>\r\n\r\n<\/p>\r\n<p>Fue una noche espectacular, cargada de alegr\u00eda, amor y gratitud, que no solo celebr\u00f3 la vida de Carlos Mesber, sino tambi\u00e9n el inicio de un proyecto que, sin duda, dejar\u00e1 una huella profunda en la educaci\u00f3n y formaci\u00f3n emocional de muchos ni\u00f1os alrededor del mundo.<\/p>\r\n<p>\r\n\r\n<\/p>\r\n<figure class=\"wp-block-image size-large\"><img decoding=\"async\" class=\"wp-image-16969\" src=\"https:\/\/eldoral.com\/wp-content\/uploads\/2024\/11\/unnamed-8-1024x576.jpg\" alt=\"\" \/><\/figure>\r\n<p>\r\n\r\n<\/p>\r\n<figure class=\"wp-block-image size-large\"><img decoding=\"async\" class=\"wp-image-16970\" src=\"https:\/\/eldoral.com\/wp-content\/uploads\/2024\/11\/unnamed-9-1024x576.jpg\" alt=\"\" \/><\/figure>\r\n<p>\r\n\r\n<\/p>\r\n<figure class=\"wp-block-image size-large\"><img decoding=\"async\" class=\"wp-image-16971\" src=\"https:\/\/eldoral.com\/wp-content\/uploads\/2024\/11\/unnamed-10-1024x610.jpg\" alt=\"\" \/><\/figure>\r\n<p>\r\n\r\n<\/p>\r\n<figure class=\"wp-block-image size-large\"><img decoding=\"async\" class=\"wp-image-16972\" src=\"https:\/\/eldoral.com\/wp-content\/uploads\/2024\/11\/unnamed-11-1024x622.jpg\" alt=\"\" \/><\/figure>\r\n<p>\r\n\r\n<\/p>\r\n<p>Para m\u00e1s informaci\u00f3n sobre la fundaci\u00f3n Yo Vivo en el Amor y c\u00f3mo ser parte, contacte a nuestra oficina de prensa en We Love Entertaiment.<\/p>\r\n<p>\r\n\r\n<\/p>\r\n<figure class=\"wp-block-image size-large\"><img decoding=\"async\" class=\"wp-image-16973\" src=\"https:\/\/eldoral.com\/wp-content\/uploads\/2024\/11\/unnamed-12-1024x341.jpg\" alt=\"\" \/><\/figure>\r\n<p><\/p>","protected":false},"excerpt":{"rendered":"<p>Miami, FL \u2013 El pasado 2 de noviembre, Carlos Mesber, el carism\u00e1tico y destacado productor, CEO de We Love Entertainment y creador de \u00e9xitos como Desiguales y Si\u00e9ntese Quien Pueda de Univision, celebr\u00f3 su cumplea\u00f1os de una forma \u00fanica. Rodeado de familiares, amigos, y figuras importantes del medio art\u00edstico, entre cantantes de buena musica, 3 [&hellip;]<\/p>\n","protected":false},"author":1,"featured_media":12272,"comment_status":"open","ping_status":"open","sticky":false,"template":"","format":"standard","meta":{"h5ap_radio_sources":[],"footnotes":""},"categories":[23],"tags":[],"class_list":["post-12271","post","type-post","status-publish","format-standard","has-post-thumbnail","hentry","category-estados-unidos"],"aioseo_notices":[],"_links":{"self":[{"href":"https:\/\/www.ciudadgoticanews.com\/index.php\/wp-json\/wp\/v2\/posts\/12271","targetHints":{"allow":["GET"]}}],"collection":[{"href":"https:\/\/www.ciudadgoticanews.com\/index.php\/wp-json\/wp\/v2\/posts"}],"about":[{"href":"https:\/\/www.ciudadgoticanews.com\/index.php\/wp-json\/wp\/v2\/types\/post"}],"author":[{"embeddable":true,"href":"https:\/\/www.ciudadgoticanews.com\/index.php\/wp-json\/wp\/v2\/users\/1"}],"replies":[{"embeddable":true,"href":"https:\/\/www.ciudadgoticanews.com\/index.php\/wp-json\/wp\/v2\/comments?post=12271"}],"version-history":[{"count":0,"href":"https:\/\/www.ciudadgoticanews.com\/index.php\/wp-json\/wp\/v2\/posts\/12271\/revisions"}],"wp:featuredmedia":[{"embeddable":true,"href":"https:\/\/www.ciudadgoticanews.com\/index.php\/wp-json\/wp\/v2\/media\/12272"}],"wp:attachment":[{"href":"https:\/\/www.ciudadgoticanews.com\/index.php\/wp-json\/wp\/v2\/media?parent=12271"}],"wp:term":[{"taxonomy":"category","embeddable":true,"href":"https:\/\/www.ciudadgoticanews.com\/index.php\/wp-json\/wp\/v2\/categories?post=12271"},{"taxonomy":"post_tag","embeddable":true,"href":"https:\/\/www.ciudadgoticanews.com\/index.php\/wp-json\/wp\/v2\/tags?post=12271"}],"curies":[{"name":"wp","href":"https:\/\/api.w.org\/{rel}","templated":true}]}}