{"id":12347,"date":"2024-11-16T19:05:54","date_gmt":"2024-11-16T23:05:54","guid":{"rendered":"https:\/\/www.ciudadgoticanews.com\/?p=12347"},"modified":"2024-11-16T19:05:54","modified_gmt":"2024-11-16T23:05:54","slug":"miembros-de-la-olv-denuncian-que-el-regimen-de-nicolas-maduro-libera-orden-de-captura-en-su-contra","status":"publish","type":"post","link":"https:\/\/www.ciudadgoticanews.com\/index.php\/2024\/11\/16\/miembros-de-la-olv-denuncian-que-el-regimen-de-nicolas-maduro-libera-orden-de-captura-en-su-contra\/","title":{"rendered":"Miembros de la OLV denuncian que el r\u00e9gimen de Nicol\u00e1s Maduro libera orden de captura en su contra"},"content":{"rendered":"\r\n\r\nEste mi\u00e9rcoles, durante el programa @info_olv transmitido en la plataforma de YouTube, miembros de la Organizaci\u00f3n para la Liberaci\u00f3n de Venezuela (OLV) alertaron sobre la reciente liberaci\u00f3n de \u00f3rdenes de captura emitidas por el r\u00e9gimen de Nicol\u00e1s Maduro contra varios integrantes de la organizaci\u00f3n no gubernamental.\r\n\r\n \r\n<figure class=\"wp-block-image size-large\"><img decoding=\"async\" class=\"wp-image-8902\" src=\"https:\/\/lanoticia24.com\/wp-content\/uploads\/2024\/11\/WhatsApp-Image-2024-11-16-at-17.54.13-1-1-1024x540.jpeg\" alt=\"\" \/><\/figure>\r\n \r\n\r\nAbelardo Achkar, presidente de la OLV, revel\u00f3 que la informaci\u00f3n fue obtenida a trav\u00e9s de funcionarios que apoyan la lucha de la organizaci\u00f3n desde el exterior. Achkar hizo un llamado a la Interpol para que ignore cualquier solicitud que provenga del r\u00e9gimen de Maduro, subrayando que las \u00f3rdenes de captura se basan en el delito de promoci\u00f3n e incitaci\u00f3n al odio.\r\n\r\n \r\n<figure class=\"wp-block-image size-large\"><img decoding=\"async\" class=\"wp-image-8903\" src=\"https:\/\/lanoticia24.com\/wp-content\/uploads\/2024\/11\/WhatsApp-Image-2024-11-16-at-17.54.12-1-1024x574.jpeg\" alt=\"\" \/><\/figure>\r\n \r\n\r\nRicardo Ferm\u00edn, coordinador de organizaci\u00f3n de la OLV, denunci\u00f3 que el r\u00e9gimen de Maduro ha enviado agentes de inteligencia a Estados Unidos con el objetivo de neutralizar a opositores. Ferm\u00edn cit\u00f3 un informe filtrado del Customs and Border Protection (CBP), que evidencia estas pr\u00e1cticas, recordando que el r\u00e9gimen ha recurrido a acciones similares en el pasado, como el asesinato del Teniente Ojeda en Chile.\r\n\r\n \r\n\r\nPor su parte, Efra\u00edn Achkar, asesor pol\u00edtico de la OLV, afirm\u00f3 que el r\u00e9gimen de Maduro intentar\u00e1 silenciar a los venezolanos que luchan desde el exterior por la libertad de su pa\u00eds. Hizo un llamado a los servicios de inteligencia de Estados Unidos para que pongan atenci\u00f3n a esta preocupante situaci\u00f3n.\r\n\r\n \r\n<figure class=\"wp-block-image size-large\"><img decoding=\"async\" class=\"wp-image-8897\" src=\"https:\/\/lanoticia24.com\/wp-content\/uploads\/2024\/11\/WhatsApp-Image-2024-11-16-at-17.54.14-1-1024x508.jpeg\" alt=\"\" \/><\/figure>\r\n \r\n<figure class=\"wp-block-image size-large\"><img decoding=\"async\" class=\"wp-image-8900\" src=\"https:\/\/lanoticia24.com\/wp-content\/uploads\/2024\/11\/WhatsApp-Image-2024-11-16-at-17.54.14-2-1024x433.jpeg\" alt=\"\" \/><\/figure>\r\n \r\n\r\nEn el programa se mostraron cuatro \u00f3rdenes de aprehensi\u00f3n en las cuales aparecen los ciudadanos venezolanos Abelardo Achkar, Ricardo Ferm\u00edn, Paola Guadama y Jhonatan Crespo.\r\n\r\n \r\n<figure class=\"wp-block-image size-large\"><img decoding=\"async\" class=\"wp-image-8898\" src=\"https:\/\/lanoticia24.com\/wp-content\/uploads\/2024\/11\/WhatsApp-Image-2024-11-16-at-17.54.13-1024x576.jpeg\" alt=\"\" \/><\/figure>\r\n \r\n<figure class=\"wp-block-image size-large\"><img decoding=\"async\" class=\"wp-image-8901\" src=\"https:\/\/lanoticia24.com\/wp-content\/uploads\/2024\/11\/WhatsApp-Image-2024-11-16-at-17.54.13-1-1024x576.jpeg\" alt=\"\" \/><\/figure>\r\n \r\n\r\nLa OLV reafirma su compromiso con la lucha por la libertad y los derechos humanos en Venezuela, instando a la comunidad internacional a mantenerse alerta ante los abusos del r\u00e9gimen de Maduro.\r\n\r\n","protected":false},"excerpt":{"rendered":"<p>Este mi\u00e9rcoles, durante el programa @info_olv transmitido en la plataforma de YouTube, miembros de la Organizaci\u00f3n para la Liberaci\u00f3n de Venezuela (OLV) alertaron sobre la reciente liberaci\u00f3n de \u00f3rdenes de captura emitidas por el r\u00e9gimen de Nicol\u00e1s Maduro contra varios integrantes de la organizaci\u00f3n no gubernamental. Abelardo Achkar, presidente de la OLV, revel\u00f3 que la [&hellip;]<\/p>\n","protected":false},"author":1,"featured_media":12348,"comment_status":"open","ping_status":"open","sticky":false,"template":"","format":"standard","meta":{"h5ap_radio_sources":[],"footnotes":""},"categories":[1],"tags":[],"class_list":["post-12347","post","type-post","status-publish","format-standard","has-post-thumbnail","hentry","category-ciudadgotica"],"aioseo_notices":[],"_links":{"self":[{"href":"https:\/\/www.ciudadgoticanews.com\/index.php\/wp-json\/wp\/v2\/posts\/12347","targetHints":{"allow":["GET"]}}],"collection":[{"href":"https:\/\/www.ciudadgoticanews.com\/index.php\/wp-json\/wp\/v2\/posts"}],"about":[{"href":"https:\/\/www.ciudadgoticanews.com\/index.php\/wp-json\/wp\/v2\/types\/post"}],"author":[{"embeddable":true,"href":"https:\/\/www.ciudadgoticanews.com\/index.php\/wp-json\/wp\/v2\/users\/1"}],"replies":[{"embeddable":true,"href":"https:\/\/www.ciudadgoticanews.com\/index.php\/wp-json\/wp\/v2\/comments?post=12347"}],"version-history":[{"count":0,"href":"https:\/\/www.ciudadgoticanews.com\/index.php\/wp-json\/wp\/v2\/posts\/12347\/revisions"}],"wp:featuredmedia":[{"embeddable":true,"href":"https:\/\/www.ciudadgoticanews.com\/index.php\/wp-json\/wp\/v2\/media\/12348"}],"wp:attachment":[{"href":"https:\/\/www.ciudadgoticanews.com\/index.php\/wp-json\/wp\/v2\/media?parent=12347"}],"wp:term":[{"taxonomy":"category","embeddable":true,"href":"https:\/\/www.ciudadgoticanews.com\/index.php\/wp-json\/wp\/v2\/categories?post=12347"},{"taxonomy":"post_tag","embeddable":true,"href":"https:\/\/www.ciudadgoticanews.com\/index.php\/wp-json\/wp\/v2\/tags?post=12347"}],"curies":[{"name":"wp","href":"https:\/\/api.w.org\/{rel}","templated":true}]}}