{"id":12367,"date":"2024-11-20T08:01:37","date_gmt":"2024-11-20T12:01:37","guid":{"rendered":"https:\/\/www.ciudadgoticanews.com\/?p=12367"},"modified":"2024-11-20T08:01:37","modified_gmt":"2024-11-20T12:01:37","slug":"ammar-mansour-saleh-heredero-de-familia-duena-de-gplus-vive-impune-entre-ee-uu-y-panama-tras-causar-accidente-mortal-en-venezuela","status":"publish","type":"post","link":"https:\/\/www.ciudadgoticanews.com\/index.php\/2024\/11\/20\/ammar-mansour-saleh-heredero-de-familia-duena-de-gplus-vive-impune-entre-ee-uu-y-panama-tras-causar-accidente-mortal-en-venezuela\/","title":{"rendered":"Ammar Mansour Saleh, heredero de familia due\u00f1a de Gplus, vive impune entre EE. UU. y Panam\u00e1 tras causar accidente mortal en Venezuela"},"content":{"rendered":"<p>En julio de 2023, sali\u00f3 a la luz p\u00fablica la denuncia de familiares de las v\u00edctimas de un tr\u00e1gico accidente de tr\u00e1nsito ocurrido en la autopista del sector El Guayabo, a la altura de la empresa Ebenezer, en Yaracuy, Venezuela.<\/p>\n<p>El principal sospechoso del incidente, el ciudadano venezolano de ascendencia \u00e1rabe Ammar Mansour Saleh, contin\u00faa en libertad, pese a las investigaciones realizadas por el Ministerio P\u00fablico de Venezuela para lograr su captura. El siniestro, causado por el exceso de velocidad de Mansour, result\u00f3 en la colisi\u00f3n de su veh\u00edculo contra la parte trasera de otro autom\u00f3vil donde viajaba una familia.<\/p>\n<p><a href=\"https:\/\/elpublique.me\/wp-content\/uploads\/2024\/11\/automovil-accidente-mansour1911249001000.jpg\"><img loading=\"lazy\" decoding=\"async\" class=\"alignnone size-full wp-image-1486\" src=\"https:\/\/elpublique.me\/wp-content\/uploads\/2024\/11\/automovil-accidente-mansour1911249001000.jpg\" alt=\"\" width=\"1200\" height=\"900\" \/><\/a><\/p>\n<p>El impacto caus\u00f3 la muerte de Enrique Gal\u00edndez Oropeza, Dilsaidy Rivero Montero y Mar\u00eda Figueredo, dejando adem\u00e1s heridos a Luis Oropeza (padre de los menores), L.L. (de 9 a\u00f1os) y L.O. (de 4 a\u00f1os).<\/p>\n<p><a href=\"https:\/\/elpublique.me\/wp-content\/uploads\/2024\/11\/automovil-accidente-mansour1911249002000.jpg\"><img loading=\"lazy\" decoding=\"async\" class=\"alignnone size-full wp-image-1487\" src=\"https:\/\/elpublique.me\/wp-content\/uploads\/2024\/11\/automovil-accidente-mansour1911249002000.jpg\" alt=\"\" width=\"1200\" height=\"900\" \/><\/a><\/p>\n<p>Los fallecidos eran t\u00edos y la madre de los menores, quienes sufrieron fracturas y lesiones graves, aunque a mediados de 2023 se reportaron estables.<\/p>\n<h3>Veh\u00edculo involucrado en el accidente bajo resguardo judicial: Acusan a Mansour Saleh de homicidio culposo<\/h3>\n<p>En el lugar de los hechos, se identific\u00f3 el veh\u00edculo conducido por Ammar Mansour Saleh como una camioneta Toyota, modelo LC300, color blanco, con placas AB852OT, la cual fue posteriormente solicitada por las autoridades tras el accidente. Mansour Saleh enfrenta acusaciones por homicidio culposo debido a su presunta responsabilidad en el tr\u00e1gico suceso que cobr\u00f3 la vida de tres personas.<\/p>\n<p><a href=\"https:\/\/elpublique.me\/wp-content\/uploads\/2024\/11\/automovil-manssour1911249001000.jpg\"><img loading=\"lazy\" decoding=\"async\" class=\"alignnone size-full wp-image-1488\" src=\"https:\/\/elpublique.me\/wp-content\/uploads\/2024\/11\/automovil-manssour1911249001000.jpg\" alt=\"\" width=\"1200\" height=\"900\" \/><\/a><\/p>\n<p>Las familias de las v\u00edctimas han instado repetidamente a las autoridades del Ministerio P\u00fablico venezolano a que capturen a Ammar Mansour Saleh para que responda ante la justicia por los cargos que se le imputan.<\/p>\n<p>Hasta la fecha, la justicia venezolana no ha logrado aprehender al sospechoso, lo que genera frustraci\u00f3n y angustia entre los allegados de los fallecidos y heridos en el accidente.<\/p>\n<h3>Vida de lujos y evasi\u00f3n: Ammar Mansour Saleh divide su tiempo entre Estados Unidos y Panam\u00e1<\/h3>\n<figure id=\"attachment_1492\" class=\"wp-caption alignnone\" aria-describedby=\"caption-attachment-1492\"><a href=\"https:\/\/elpublique.me\/wp-content\/uploads\/2024\/11\/Ammar-Mansour-Saleh11911247711000.jpg\"><img loading=\"lazy\" decoding=\"async\" class=\"size-full wp-image-1492\" src=\"https:\/\/elpublique.me\/wp-content\/uploads\/2024\/11\/Ammar-Mansour-Saleh11911247711000.jpg\" alt=\"\" width=\"1200\" height=\"771\" \/><\/a><figcaption id=\"caption-attachment-1492\" class=\"wp-caption-text\">Ammar Mansour Saleh<\/figcaption><\/figure>\n<p>A pesar de las acusaciones en su contra, Ammar Mansour Saleh sigue disfrutando de una vida de lujos, movi\u00e9ndose libremente entre Estados Unidos -particularmente Miami- y Panam\u00e1, evadiendo as\u00ed el proceso judicial en Venezuela.<\/p>\n<p>El sospechoso proviene de una prominente familia de empresarios de origen \u00e1rabe establecidos en Valencia, estado Carabobo, Venezuela, cuyo negocio principal es la importaci\u00f3n de electrodom\u00e9sticos desde Asia y su distribuci\u00f3n al mayor.<\/p>\n<p>La familia Mansour es ampliamente reconocida por ser propietaria de diversas marcas de electrodom\u00e9sticos, destacando entre ellas Gplus, con m\u00e1s de veinte a\u00f1os de trayectoria en el mercado, siendo considerada una marca insignia del grupo empresarial.<\/p>\n<p><a href=\"https:\/\/elpublique.me\/wp-content\/uploads\/2024\/11\/gplus11911247711000.jpg\"><img loading=\"lazy\" decoding=\"async\" class=\"alignnone size-full wp-image-1494\" src=\"https:\/\/elpublique.me\/wp-content\/uploads\/2024\/11\/gplus11911247711000.jpg\" alt=\"\" width=\"1200\" height=\"771\" \/><\/a><\/p>\n<p>Gplus comercializa una amplia gama de productos, incluyendo aires acondicionados, refrigeradores, lavadoras, licuadoras, cocinas, televisores, dispensadores de agua y fabricadores de hielo, consolid\u00e1ndose como una marca de referencia en el sector.<\/p>\n<p><a href=\"https:\/\/elpublique.me\/wp-content\/uploads\/2024\/11\/gplus81911247711000.jpg\"><img loading=\"lazy\" decoding=\"async\" class=\"alignnone size-full wp-image-1495\" src=\"https:\/\/elpublique.me\/wp-content\/uploads\/2024\/11\/gplus81911247711000.jpg\" alt=\"\" width=\"1200\" height=\"771\" \/><\/a><\/p>\n<p>Fundada en 2002, Gplus inici\u00f3 operaciones en Venezuela y, para 2009, estableci\u00f3 un centro de distribuci\u00f3n en la Zona Libre de Col\u00f3n, Panam\u00e1. En 2014, la marca ampli\u00f3 su presencia a otros mercados en Centroam\u00e9rica, Suram\u00e9rica y el Caribe. Venezuela, Panam\u00e1 y Nicaragua constituyen los principales mercados de Gplus, con planes de consolidaci\u00f3n en Rep\u00fablica Dominicana, Colombia, El Salvador, Honduras y Guatemala.<\/p>\n<p>Ammar Mansour Saleh ha utilizado la supuesta necesidad de atender los negocios familiares en Panam\u00e1, donde opera la empresa G Sonic, S.A. y otras compa\u00f1\u00edas del grupo, como pretexto para evadir la justicia venezolana.<\/p>\n<p>Esa estrategia ha dificultado que las autoridades venezolanas logren su aprehensi\u00f3n, permiti\u00e9ndole continuar con sus actividades empresariales mientras enfrenta acusaciones por homicidio culposo en Venezuela.<\/p>\n<h3>Llamado a la cooperaci\u00f3n internacional: Solicitan investigar posible evasi\u00f3n fiscal de la familia Mansour<\/h3>\n<p>Diversas fuentes cercanas al caso coinciden en la urgencia de alertar a las autoridades paname\u00f1as y estadounidenses sobre la situaci\u00f3n legal de Ammar Mansour Saleh en Venezuela. Adem\u00e1s, se insta a investigar fundadas sospechas de posible evasi\u00f3n fiscal mediante transacciones entre empresas vinculadas a la familia Mansour, gestionadas desde Panam\u00e1 por diferentes miembros del clan.<\/p>\n<figure id=\"attachment_1497\" class=\"wp-caption alignnone\" aria-describedby=\"caption-attachment-1497\"><a href=\"https:\/\/elpublique.me\/wp-content\/uploads\/2024\/11\/Ammar-Mansour-Saleh-y-Carmen-Hernandez-Marchena21911247711000.jpg\"><img loading=\"lazy\" decoding=\"async\" class=\"size-full wp-image-1497\" src=\"https:\/\/elpublique.me\/wp-content\/uploads\/2024\/11\/Ammar-Mansour-Saleh-y-Carmen-Hernandez-Marchena21911247711000.jpg\" alt=\"\" width=\"1200\" height=\"771\" \/><\/a><figcaption id=\"caption-attachment-1497\" class=\"wp-caption-text\">Ammar Mansour Saleh y Carmen Hern\u00e1ndez Marchena<\/figcaption><\/figure>\n<p>Mientras tanto, Ammar Mansour Saleh mantiene una relaci\u00f3n sentimental con la empresaria Carmen Mercedes Hern\u00e1ndez Marchena, conocida en Carabobo como entrenadora de misses en concursos de belleza, jurado del Miss Carabobo y propietaria de la franquicia\u00a0<a href=\"https:\/\/www.instagram.com\/emsrevolution.ve\/\" target=\"_blank\" rel=\"noopener\">EMS Revolution<\/a>. Esta empresa, con sede en el Centro Comercial Concepto La Vi\u00f1a en Valencia, funciona como gimnasio y centro de fitness especializado en entrenamiento con electroestimulaci\u00f3n muscular, ofreciendo tambi\u00e9n servicios de spa de belleza y venta de equipos.<\/p>\n<figure id=\"attachment_1499\" class=\"wp-caption alignnone\" aria-describedby=\"caption-attachment-1499\"><a href=\"https:\/\/elpublique.me\/wp-content\/uploads\/2024\/11\/Ammar-Mansour-Saleh-y-Carmen-Hernandez-Marchena61911247711000.jpg\"><img loading=\"lazy\" decoding=\"async\" class=\"size-full wp-image-1499\" src=\"https:\/\/elpublique.me\/wp-content\/uploads\/2024\/11\/Ammar-Mansour-Saleh-y-Carmen-Hernandez-Marchena61911247711000.jpg\" alt=\"\" width=\"1200\" height=\"771\" \/><\/a><figcaption id=\"caption-attachment-1499\" class=\"wp-caption-text\">Ammar Mansour Saleh y Carmen Hern\u00e1ndez Marchena<\/figcaption><\/figure>\n<figure id=\"attachment_1500\" class=\"wp-caption alignnone\" aria-describedby=\"caption-attachment-1500\"><a href=\"https:\/\/elpublique.me\/wp-content\/uploads\/2024\/11\/EMS-Revolution-Venezuela2011247711000.jpg\"><img loading=\"lazy\" decoding=\"async\" class=\"size-full wp-image-1500\" src=\"https:\/\/elpublique.me\/wp-content\/uploads\/2024\/11\/EMS-Revolution-Venezuela2011247711000.jpg\" alt=\"\" width=\"1200\" height=\"771\" \/><\/a><figcaption id=\"caption-attachment-1500\" class=\"wp-caption-text\">EMS Revolution Venezuela<\/figcaption><\/figure>\n<p>Aunque se rumora sobre otros romances paralelos de Mansour Saleh, su relaci\u00f3n con Hern\u00e1ndez Marchena es la m\u00e1s p\u00fablica y reconocida en el \u00e1mbito social de Valencia.<\/p>\n","protected":false},"excerpt":{"rendered":"<p>En julio de 2023, sali\u00f3 a la luz p\u00fablica la denuncia de familiares de las v\u00edctimas de un tr\u00e1gico accidente de tr\u00e1nsito ocurrido en la autopista del sector El Guayabo, a la altura de la empresa Ebenezer, en Yaracuy, Venezuela. El principal sospechoso del incidente, el ciudadano venezolano de ascendencia \u00e1rabe Ammar Mansour Saleh, contin\u00faa [&hellip;]<\/p>\n","protected":false},"author":1,"featured_media":12368,"comment_status":"open","ping_status":"open","sticky":false,"template":"","format":"standard","meta":{"h5ap_radio_sources":[],"footnotes":""},"categories":[1],"tags":[],"class_list":["post-12367","post","type-post","status-publish","format-standard","has-post-thumbnail","hentry","category-ciudadgotica"],"aioseo_notices":[],"_links":{"self":[{"href":"https:\/\/www.ciudadgoticanews.com\/index.php\/wp-json\/wp\/v2\/posts\/12367","targetHints":{"allow":["GET"]}}],"collection":[{"href":"https:\/\/www.ciudadgoticanews.com\/index.php\/wp-json\/wp\/v2\/posts"}],"about":[{"href":"https:\/\/www.ciudadgoticanews.com\/index.php\/wp-json\/wp\/v2\/types\/post"}],"author":[{"embeddable":true,"href":"https:\/\/www.ciudadgoticanews.com\/index.php\/wp-json\/wp\/v2\/users\/1"}],"replies":[{"embeddable":true,"href":"https:\/\/www.ciudadgoticanews.com\/index.php\/wp-json\/wp\/v2\/comments?post=12367"}],"version-history":[{"count":0,"href":"https:\/\/www.ciudadgoticanews.com\/index.php\/wp-json\/wp\/v2\/posts\/12367\/revisions"}],"wp:featuredmedia":[{"embeddable":true,"href":"https:\/\/www.ciudadgoticanews.com\/index.php\/wp-json\/wp\/v2\/media\/12368"}],"wp:attachment":[{"href":"https:\/\/www.ciudadgoticanews.com\/index.php\/wp-json\/wp\/v2\/media?parent=12367"}],"wp:term":[{"taxonomy":"category","embeddable":true,"href":"https:\/\/www.ciudadgoticanews.com\/index.php\/wp-json\/wp\/v2\/categories?post=12367"},{"taxonomy":"post_tag","embeddable":true,"href":"https:\/\/www.ciudadgoticanews.com\/index.php\/wp-json\/wp\/v2\/tags?post=12367"}],"curies":[{"name":"wp","href":"https:\/\/api.w.org\/{rel}","templated":true}]}}