{"id":12438,"date":"2024-11-21T10:50:32","date_gmt":"2024-11-21T14:50:32","guid":{"rendered":"https:\/\/www.ciudadgoticanews.com\/?p=12438"},"modified":"2024-11-21T10:55:38","modified_gmt":"2024-11-21T14:55:38","slug":"gustavo-petro-alex-saab-es-colombiano-y-esta-ligado-al-narcotrafico","status":"publish","type":"post","link":"https:\/\/www.ciudadgoticanews.com\/index.php\/2024\/11\/21\/gustavo-petro-alex-saab-es-colombiano-y-esta-ligado-al-narcotrafico\/","title":{"rendered":"Gustavo Petro: \u00abAlex Saab es colombiano y est\u00e1 ligado al narcotr\u00e1fico\u00bb"},"content":{"rendered":"\r\n<p>El<strong>\u00a0presidente de Colombia<\/strong>,\u00a0<strong>Gustavo Petro,<\/strong>\u00a0reiter\u00f3 que el ministro de Industria y Producci\u00f3n Nacional del r\u00e9gimen de Venezuela,\u00a0<strong>Alex Saab<\/strong>, no s\u00f3lo es colombiano sino que adem\u00e1s tiene nexos con el\u00a0<strong>narcotr\u00e1fico<\/strong>, siendo una pieza clave en el entramado de corrupci\u00f3n que nace en Caracas.<\/p>\r\n\r\n\r\n\r\n<p>En diversas entrevistas ofrecidas a medios locales, el jefe de Estado, tambi\u00e9n de corriente comunista, no escatim\u00f3 en afirmar que Saab es un \u00ab<strong>empresario astuto<\/strong>\u00ab, en clara referencia a los negocios de triangulaci\u00f3n y comercializaci\u00f3n con alimentos importados en Venezuela.<\/p>\r\n\r\n\r\n\r\n<p>\u00abHoy es el m\u00e1s fuerte, pero puede ser el eslab\u00f3n d\u00e9bil que desentra\u00f1e este tejido de articulaci\u00f3n entre poder pol\u00edtico y narcotr\u00e1fico\u00bb, afirm\u00f3 Petro.<\/p>\r\n\r\n\r\n\r\n<p><a href=\"https:\/\/platform.twitter.com\/embed\/Tweet.html?creatorScreenName=DLasAmericas&#038;dnt=false&#038;embedId=twitter-widget-0&#038;features=eyJ0ZndfdGltZWxpbmVfbGlzdCI6eyJidWNrZXQiOltdLCJ2ZXJzaW9uIjpudWxsfSwidGZ3X2ZvbGxvd2VyX2NvdW50X3N1bnNldCI6eyJidWNrZXQiOnRydWUsInZlcnNpb24iOm51bGx9LCJ0ZndfdHdlZXRfZWRpdF9iYWNrZW5kIjp7ImJ1Y2tldCI6Im9uIiwidmVyc2lvbiI6bnVsbH0sInRmd19yZWZzcmNfc2Vzc2lvbiI6eyJidWNrZXQiOiJvbiIsInZlcnNpb24iOm51bGx9LCJ0ZndfZm9zbnJfc29mdF9pbnRlcnZlbnRpb25zX2VuYWJsZWQiOnsiYnVja2V0Ijoib24iLCJ2ZXJzaW9uIjpudWxsfSwidGZ3X21peGVkX21lZGlhXzE1ODk3Ijp7ImJ1Y2tldCI6InRyZWF0bWVudCIsInZlcnNpb24iOm51bGx9LCJ0ZndfZXhwZXJpbWVudHNfY29va2llX2V4cGlyYXRpb24iOnsiYnVja2V0IjoxMjA5NjAwLCJ2ZXJzaW9uIjpudWxsfSwidGZ3X3Nob3dfYmlyZHdhdGNoX3Bpdm90c19lbmFibGVkIjp7ImJ1Y2tldCI6Im9uIiwidmVyc2lvbiI6bnVsbH0sInRmd19kdXBsaWNhdGVfc2NyaWJlc190b19zZXR0aW5ncyI6eyJidWNrZXQiOiJvbiIsInZlcnNpb24iOm51bGx9LCJ0ZndfdXNlX3Byb2ZpbGVfaW1hZ2Vfc2hhcGVfZW5hYmxlZCI6eyJidWNrZXQiOiJvbiIsInZlcnNpb24iOm51bGx9LCJ0ZndfdmlkZW9faGxzX2R5bmFtaWNfbWFuaWZlc3RzXzE1MDgyIjp7ImJ1Y2tldCI6InRydWVfYml0cmF0ZSIsInZlcnNpb24iOm51bGx9LCJ0ZndfbGVnYWN5X3RpbWVsaW5lX3N1bnNldCI6eyJidWNrZXQiOnRydWUsInZlcnNpb24iOm51bGx9LCJ0ZndfdHdlZXRfZWRpdF9mcm9udGVuZCI6eyJidWNrZXQiOiJvbiIsInZlcnNpb24iOm51bGx9fQ%3D%3D&#038;frame=false&#038;hideCard=false&#038;hideThread=false&#038;id=1855377035486535992&#038;lang=es&#038;origin=https%3A%2F%2Fwww.diariolasamericas.com%2Famerica-latina%2Fgustavo-petro-alex-saab-es-colombiano-y-esta-ligado-al-narcotrafico-n5366933&#038;sessionId=76e7c1499b96d062cab0bbfc31ceb3c6bf8192f5&#038;siteScreenName=DLasAmericas&#038;theme=light&#038;widgetsVersion=2615f7e52b7e0%3A1702314776716&#038;width=550px\">Twitter Embed<\/a><\/p>\r\n\r\n\r\n\r\n<h2 class=\"wp-block-heading\"><a href=\"https:\/\/www.diariolasamericas.com\/america-latina\/biden-afirma-que-maduro-cumple-compromisos-reforma-democratica-n5348518\" target=\"_blank\" rel=\"noreferrer noopener\">Detenido, extraditado y puesto en libertad<\/a><\/h2>\r\n\r\n\r\n\r\n<p>Alex Saab fue sacado de un avi\u00f3n privado en el verano de 2020 durante una escala en Cabo Verde en ruta a Ir\u00e1n, a donde se dirig\u00eda para negociar acuerdos petroleros en nombre del r\u00e9gimen de Maduro. Luego de ser capturado, permaneci\u00f3 bajo arresto hasta que se otorg\u00f3 la extradici\u00f3n el 7 de septiembre de 2021 a Estados Unidos.<\/p>\r\n\r\n\r\n\r\n<p>Sin embargo, el gobierno del presidente Joe Biden le concedi\u00f3 la libertad en un canje por 10 estadounidenses detenidos en Venezuela y 14 presos pol\u00edticos, en diciembre 2023. Para entonces,\u00a0el secretario de Estado Antony Blinken\u00a0asegur\u00f3 que el presidente Biden no ten\u00eda \u00abotra prioridad\u00bb que tratar de liberar a todos los estadounidenses que puedan estar en peligro en el extranjero, justificando de esa manera la liberaci\u00f3n de Saab, una pieza clave en la investigaci\u00f3n de la trama corrupta del r\u00e9gimen chavista.<\/p>\r\n\r\n\r\n\r\n<p>El colombiano, aliado del r\u00e9gimen de Maduro fue acusado de conspiraci\u00f3n para cometer lavado de dinero vinculado a un esquema de soborno que supuestamente desvi\u00f3 350 millones de d\u00f3lares, a trav\u00e9s de contratos estatales para construir viviendas asequibles para la dictadura de Venezuela. Adem\u00e1s de estar se\u00f1alado de ser uno de los principales testaferros de Maduro.<\/p>\r\n\r\n\r\n\r\n<p><strong><em>DIARIOLASAMERICAS<\/em><\/strong><\/p>\r\n\r\n<p>&nbsp;<\/p>\r\n<p>&nbsp;<\/p>","protected":false},"excerpt":{"rendered":"<p>El\u00a0presidente de Colombia,\u00a0Gustavo Petro,\u00a0reiter\u00f3 que el ministro de Industria y Producci\u00f3n Nacional del r\u00e9gimen de Venezuela,\u00a0Alex Saab, no s\u00f3lo es colombiano sino que adem\u00e1s tiene nexos con el\u00a0narcotr\u00e1fico, siendo una pieza clave en el entramado de corrupci\u00f3n que nace en Caracas. En diversas entrevistas ofrecidas a medios locales, el jefe de Estado, tambi\u00e9n de corriente [&hellip;]<\/p>\n","protected":false},"author":1,"featured_media":12439,"comment_status":"open","ping_status":"open","sticky":false,"template":"","format":"standard","meta":{"h5ap_radio_sources":[],"footnotes":""},"categories":[1],"tags":[],"class_list":["post-12438","post","type-post","status-publish","format-standard","has-post-thumbnail","hentry","category-ciudadgotica"],"aioseo_notices":[],"_links":{"self":[{"href":"https:\/\/www.ciudadgoticanews.com\/index.php\/wp-json\/wp\/v2\/posts\/12438","targetHints":{"allow":["GET"]}}],"collection":[{"href":"https:\/\/www.ciudadgoticanews.com\/index.php\/wp-json\/wp\/v2\/posts"}],"about":[{"href":"https:\/\/www.ciudadgoticanews.com\/index.php\/wp-json\/wp\/v2\/types\/post"}],"author":[{"embeddable":true,"href":"https:\/\/www.ciudadgoticanews.com\/index.php\/wp-json\/wp\/v2\/users\/1"}],"replies":[{"embeddable":true,"href":"https:\/\/www.ciudadgoticanews.com\/index.php\/wp-json\/wp\/v2\/comments?post=12438"}],"version-history":[{"count":0,"href":"https:\/\/www.ciudadgoticanews.com\/index.php\/wp-json\/wp\/v2\/posts\/12438\/revisions"}],"wp:featuredmedia":[{"embeddable":true,"href":"https:\/\/www.ciudadgoticanews.com\/index.php\/wp-json\/wp\/v2\/media\/12439"}],"wp:attachment":[{"href":"https:\/\/www.ciudadgoticanews.com\/index.php\/wp-json\/wp\/v2\/media?parent=12438"}],"wp:term":[{"taxonomy":"category","embeddable":true,"href":"https:\/\/www.ciudadgoticanews.com\/index.php\/wp-json\/wp\/v2\/categories?post=12438"},{"taxonomy":"post_tag","embeddable":true,"href":"https:\/\/www.ciudadgoticanews.com\/index.php\/wp-json\/wp\/v2\/tags?post=12438"}],"curies":[{"name":"wp","href":"https:\/\/api.w.org\/{rel}","templated":true}]}}