{"id":12552,"date":"2024-12-01T22:02:41","date_gmt":"2024-12-02T02:02:41","guid":{"rendered":"https:\/\/www.ciudadgoticanews.com\/?p=12552"},"modified":"2024-12-17T13:58:43","modified_gmt":"2024-12-17T17:58:43","slug":"ysmael-jose-rodriguez-suarez-y-larry-jose-zea-guillen-presunto-lavado-de-dinero-con-cargo-elite-en-miami","status":"publish","type":"post","link":"https:\/\/www.ciudadgoticanews.com\/index.php\/2024\/12\/01\/ysmael-jose-rodriguez-suarez-y-larry-jose-zea-guillen-presunto-lavado-de-dinero-con-cargo-elite-en-miami\/","title":{"rendered":"Ysmael Jos\u00e9 Rodr\u00edguez Su\u00e1rez y Larry Jos\u00e9 Zea Guill\u00e9n vinculados a presunto lavado de dinero con Cargo \u00c9lite en Miami"},"content":{"rendered":"<p>Recientemente, la figura de Larry Jos\u00e9 Zea Guill\u00e9n, exdirector general de la Imprenta Nacional de Venezuela y exdirector general del Ministerio del Poder Popular para la Juventud, ha vuelto a estar en el ojo del hurac\u00e1n debido a acusaciones en redes sociales. Un comentario en la red social X, publicado el 30 de noviembre de 2024 por el usuario <a href=\"https:\/\/x.com\/pedr0estrada\/status\/1862845121538007279\" target=\"_blank\" rel=\"noopener\">@pedr0estrada<\/a>, lo se\u00f1ala junto a Ysmael Jos\u00e9 Rodr\u00edguez Su\u00e1rez y Suhail Fonseca por haber establecido una empresa fachada en Miami llamada \u00abCargo \u00c9lite\u00bb, presuntamente para cometer delitos como lavado de dinero, estafa y robo.<\/p>\n<p><a href=\"https:\/\/www.ciudadgoticanews.com\/wp-content\/uploads\/2024\/12\/Ysmael-Rodriguez002.jpg\"><img loading=\"lazy\" decoding=\"async\" class=\"aligncenter size-full wp-image-12563\" src=\"https:\/\/www.ciudadgoticanews.com\/wp-content\/uploads\/2024\/12\/Ysmael-Rodriguez002.jpg\" alt=\"\" width=\"1200\" height=\"1451\" srcset=\"https:\/\/www.ciudadgoticanews.com\/wp-content\/uploads\/2024\/12\/Ysmael-Rodriguez002.jpg 1200w, https:\/\/www.ciudadgoticanews.com\/wp-content\/uploads\/2024\/12\/Ysmael-Rodriguez002-248x300.jpg 248w, https:\/\/www.ciudadgoticanews.com\/wp-content\/uploads\/2024\/12\/Ysmael-Rodriguez002-847x1024.jpg 847w, https:\/\/www.ciudadgoticanews.com\/wp-content\/uploads\/2024\/12\/Ysmael-Rodriguez002-768x929.jpg 768w\" sizes=\"auto, (max-width: 1200px) 100vw, 1200px\" \/><\/a><\/p>\n<p>Esta nueva pol\u00e9mica se suma a la ya convulsionada historia de Cargo \u00c9lite, una empresa de log\u00edstica y transporte que operaba entre Estados Unidos y Venezuela. Entre finales de 2023 y comienzos de 2024, cientos de clientes de la compa\u00f1\u00eda se vieron afectados por el cierre repentino de sus oficinas en Estados Unidos y la retenci\u00f3n de sus mercanc\u00edas en la aduana venezolana.<\/p>\n<h3>El colapso de Cargo \u00c9lite y la crisis de sus clientes<\/h3>\n<p>La empresa, que ofrec\u00eda servicios de env\u00edo de carga comercial y paqueter\u00eda, dej\u00f3 a sus clientes en la incertidumbre al cerrar sus puertas sin previo aviso ni explicaci\u00f3n alguna. Las oficinas de Cargo \u00c9lite en Orlando, Tampa, Miami, Atlanta y Espa\u00f1a (Madrid y Barcelona) fueron clausuradas, dejando a los usuarios sin respuestas y con la imposibilidad de rastrear sus env\u00edos.<\/p>\n<p>En Venezuela, la situaci\u00f3n no era mucho mejor. Las oficinas de Caracas y Valencia tambi\u00e9n cerraron sus puertas, y solo la sede en Maracay, estado Aragua, permaneci\u00f3 operativa, atendiendo al p\u00fablico una vez por semana.<\/p>\n<p>Los clientes, desesperados por la falta de informaci\u00f3n y la posibilidad de perder sus pertenencias, comenzaron a organizarse en redes sociales para denunciar la situaci\u00f3n y exigir respuestas. A trav\u00e9s de estos medios, se publicaron im\u00e1genes de Ysmael Rodr\u00edguez, due\u00f1o legal de Cargo \u00c9lite en Estados Unidos, y de Suhail Fonseca, gerente general de la compa\u00f1\u00eda, se\u00f1al\u00e1ndolos como responsables de la situaci\u00f3n.<\/p>\n<figure id=\"attachment_12556\" aria-describedby=\"caption-attachment-12556\" style=\"width: 1200px\" class=\"wp-caption aligncenter\"><a href=\"https:\/\/www.ciudadgoticanews.com\/wp-content\/uploads\/2024\/12\/Ysmael-Rodriguez.jpg\"><img loading=\"lazy\" decoding=\"async\" class=\"size-full wp-image-12556\" src=\"https:\/\/www.ciudadgoticanews.com\/wp-content\/uploads\/2024\/12\/Ysmael-Rodriguez.jpg\" alt=\"\" width=\"1200\" height=\"771\" srcset=\"https:\/\/www.ciudadgoticanews.com\/wp-content\/uploads\/2024\/12\/Ysmael-Rodriguez.jpg 1200w, https:\/\/www.ciudadgoticanews.com\/wp-content\/uploads\/2024\/12\/Ysmael-Rodriguez-300x193.jpg 300w, https:\/\/www.ciudadgoticanews.com\/wp-content\/uploads\/2024\/12\/Ysmael-Rodriguez-1024x658.jpg 1024w, https:\/\/www.ciudadgoticanews.com\/wp-content\/uploads\/2024\/12\/Ysmael-Rodriguez-768x493.jpg 768w\" sizes=\"auto, (max-width: 1200px) 100vw, 1200px\" \/><\/a><figcaption id=\"caption-attachment-12556\" class=\"wp-caption-text\">Ysmael Rodr\u00edguez Su\u00e1rez<\/figcaption><\/figure>\n<p>Las denuncias contra Cargo \u00c9lite no se limitaban a la falta de entrega de las mercanc\u00edas. Algunos exempleados de la empresa tambi\u00e9n se sumaron a las quejas, denunciando adeudos y una gesti\u00f3n deficiente. Adem\u00e1s, se descubri\u00f3 que la empresa hab\u00eda proporcionado a sus clientes n\u00fameros de contenedores inexistentes, lo que complicaba a\u00fan m\u00e1s el rastreo de las pertenencias.<\/p>\n<h3>Relaciones turbulentas y acusaciones de corrupci\u00f3n<\/h3>\n<p>En el centro de la pol\u00e9mica, surgieron dos nombres: Larry Jos\u00e9 Zea Guill\u00e9n e Ysmael Rodr\u00edguez. Seg\u00fan informes period\u00edsticos, una disputa entre ambos socios habr\u00eda sido el detonante de la debacle de Cargo \u00c9lite. Zea Guill\u00e9n, quien adem\u00e1s de sus cargos p\u00fablicos en Venezuela, posee un historial de acusaciones de corrupci\u00f3n, habr\u00eda utilizado sus influencias en las altas esferas aduaneras del pa\u00eds para retener la carga enviada por Rodr\u00edguez desde Estados Unidos. Esta acci\u00f3n, aparentemente motivada por una deuda pendiente de Rodr\u00edguez hacia Zea Guill\u00e9n, habr\u00eda sido la causa de la retenci\u00f3n de las mercanc\u00edas en la aduana venezolana y la posterior crisis de la empresa.<\/p>\n<figure id=\"attachment_12559\" aria-describedby=\"caption-attachment-12559\" style=\"width: 1200px\" class=\"wp-caption aligncenter\"><a href=\"https:\/\/www.ciudadgoticanews.com\/wp-content\/uploads\/2024\/12\/Suhail-Fonseca.jpg\"><img loading=\"lazy\" decoding=\"async\" class=\"size-full wp-image-12559\" src=\"https:\/\/www.ciudadgoticanews.com\/wp-content\/uploads\/2024\/12\/Suhail-Fonseca.jpg\" alt=\"\" width=\"1200\" height=\"771\" srcset=\"https:\/\/www.ciudadgoticanews.com\/wp-content\/uploads\/2024\/12\/Suhail-Fonseca.jpg 1200w, https:\/\/www.ciudadgoticanews.com\/wp-content\/uploads\/2024\/12\/Suhail-Fonseca-300x193.jpg 300w, https:\/\/www.ciudadgoticanews.com\/wp-content\/uploads\/2024\/12\/Suhail-Fonseca-1024x658.jpg 1024w, https:\/\/www.ciudadgoticanews.com\/wp-content\/uploads\/2024\/12\/Suhail-Fonseca-768x493.jpg 768w\" sizes=\"auto, (max-width: 1200px) 100vw, 1200px\" \/><\/a><figcaption id=\"caption-attachment-12559\" class=\"wp-caption-text\">Suhail Fonseca<\/figcaption><\/figure>\n<p>Suhail Fonseca, gerente general de Cargo \u00c9lite, tambi\u00e9n fue se\u00f1alada en las denuncias. Se le acus\u00f3 de ser la mano derecha de Rodr\u00edguez y de haberlo ayudado en el supuesto fraude en perjuicio de Zea Guill\u00e9n.<\/p>\n<p>A pesar de las denuncias y la presi\u00f3n medi\u00e1tica, la empresa no ofreci\u00f3 soluciones claras ni un final a la vista para la crisis. Sus escasos comunicados se limitaban a disculparse por los inconvenientes causados, sin asumir responsabilidades ni proponer medidas concretas para la devoluci\u00f3n de la carga o el reembolso del dinero a los afectados.<\/p>\n<p>El caso de Cargo \u00c9lite dej\u00f3 en evidencia la vulnerabilidad de los clientes que conf\u00edan en empresas de env\u00edos internacionales, especialmente cuando se trata de env\u00edos a pa\u00edses con sistemas aduaneros complejos y con un alto \u00edndice de corrupci\u00f3n.<\/p>\n<p>La reciente publicaci\u00f3n en redes sociales que vincula a Zea Guill\u00e9n, Rodr\u00edguez y Fonseca con delitos de lavado de dinero, estafa y robo, reaviva la pol\u00e9mica y pone en tela de juicio la naturaleza de las operaciones de Cargo \u00c9lite. Este nuevo se\u00f1alamiento aumenta las sospechas sobre la extinta empresa y sus responsables.<\/p>\n","protected":false},"excerpt":{"rendered":"<p>Recientemente, la figura de Larry Jos\u00e9 Zea Guill\u00e9n, exdirector general de la Imprenta Nacional de Venezuela y exdirector general del Ministerio del Poder Popular para la Juventud, ha vuelto a estar en el ojo del hurac\u00e1n debido a acusaciones en redes sociales. Un comentario en la red social X, publicado el 30 de noviembre de [&hellip;]<\/p>\n","protected":false},"author":1,"featured_media":12560,"comment_status":"open","ping_status":"open","sticky":false,"template":"","format":"standard","meta":{"h5ap_radio_sources":[],"footnotes":""},"categories":[36],"tags":[],"class_list":["post-12552","post","type-post","status-publish","format-standard","has-post-thumbnail","hentry","category-internacionales"],"aioseo_notices":[],"_links":{"self":[{"href":"https:\/\/www.ciudadgoticanews.com\/index.php\/wp-json\/wp\/v2\/posts\/12552","targetHints":{"allow":["GET"]}}],"collection":[{"href":"https:\/\/www.ciudadgoticanews.com\/index.php\/wp-json\/wp\/v2\/posts"}],"about":[{"href":"https:\/\/www.ciudadgoticanews.com\/index.php\/wp-json\/wp\/v2\/types\/post"}],"author":[{"embeddable":true,"href":"https:\/\/www.ciudadgoticanews.com\/index.php\/wp-json\/wp\/v2\/users\/1"}],"replies":[{"embeddable":true,"href":"https:\/\/www.ciudadgoticanews.com\/index.php\/wp-json\/wp\/v2\/comments?post=12552"}],"version-history":[{"count":0,"href":"https:\/\/www.ciudadgoticanews.com\/index.php\/wp-json\/wp\/v2\/posts\/12552\/revisions"}],"wp:featuredmedia":[{"embeddable":true,"href":"https:\/\/www.ciudadgoticanews.com\/index.php\/wp-json\/wp\/v2\/media\/12560"}],"wp:attachment":[{"href":"https:\/\/www.ciudadgoticanews.com\/index.php\/wp-json\/wp\/v2\/media?parent=12552"}],"wp:term":[{"taxonomy":"category","embeddable":true,"href":"https:\/\/www.ciudadgoticanews.com\/index.php\/wp-json\/wp\/v2\/categories?post=12552"},{"taxonomy":"post_tag","embeddable":true,"href":"https:\/\/www.ciudadgoticanews.com\/index.php\/wp-json\/wp\/v2\/tags?post=12552"}],"curies":[{"name":"wp","href":"https:\/\/api.w.org\/{rel}","templated":true}]}}