{"id":13015,"date":"2025-02-14T09:38:36","date_gmt":"2025-02-14T13:38:36","guid":{"rendered":"https:\/\/www.ciudadgoticanews.com\/?p=13015"},"modified":"2025-02-14T09:38:36","modified_gmt":"2025-02-14T13:38:36","slug":"petro-y-xavier-vendrell-un-catalan-independentista-en-el-centro-de-las-conspiraciones-del-gobierno-de-colombia","status":"publish","type":"post","link":"https:\/\/www.ciudadgoticanews.com\/index.php\/2025\/02\/14\/petro-y-xavier-vendrell-un-catalan-independentista-en-el-centro-de-las-conspiraciones-del-gobierno-de-colombia\/","title":{"rendered":"Petro y Xavier Vendrell: un catal\u00e1n independentista en el centro de las conspiraciones del Gobierno de Colombia"},"content":{"rendered":"<p>&nbsp;<\/p>\n<header class=\"a_e _g _g-xs\">\n<div class=\"a_e_txt _df\">\n<h2 class=\"a_st\">El pol\u00edtico espa\u00f1ol ha reconocido que recibi\u00f3 de un contrabandista m\u00e1s de 115.000 d\u00f3lares para la campa\u00f1a del presidente. El caso, sin embargo, est\u00e1 lleno de incongruencias<\/h2>\n<\/div>\n<\/header>\n<div class=\"a_c clearfix\" data-dtm-region=\"articulo_cuerpo\">\n<p class=\"\"><em>(Fuente: El Pa\u00eds. Publicado el 12 de Febrero de 2025)<\/em> Una guerra civil se libra en el entorno de Gustavo Petro. <a href=\"https:\/\/elpais.com\/america-colombia\/2025-02-05\/petro-preside-un-consejo-de-ministros-transmitido-en-vivo-lleno-de-reproches-y-acusaciones-laura-miente-presidente.html\" data-link-track-dtm=\"\" data-mrf-link=\"https:\/\/elpais.com\/america-colombia\/2025-02-05\/petro-preside-un-consejo-de-ministros-transmitido-en-vivo-lleno-de-reproches-y-acusaciones-laura-miente-presidente.html\">El presidente habla de \u201ccanibalismo\u201d<\/a>\u00a0a su alrededor. Desde la campa\u00f1a, ha estado rodeado de distintas facciones enfrentadas entre s\u00ed. Los bandos compiten por ocupar puestos de poder. Eso se traduce en colocar a afines, conseguir que el presidente reciba a este empresario o a aquel. No cultivan la discreci\u00f3n. Se difaman mutuamente, incluso de forma p\u00fablica. Solo los muy duros resisten y sobreviven. La Casa de Nari\u00f1o vive d\u00edas de tormenta.<\/p>\n<p class=\"\"><a href=\"https:\/\/elpais.com\/diario\/2008\/06\/15\/catalunya\/1213492038_850215.html\" data-link-track-dtm=\"\" data-mrf-link=\"https:\/\/elpais.com\/diario\/2008\/06\/15\/catalunya\/1213492038_850215.html\">El \u00faltimo en entrar en este juego de conspiraciones ha sido Xavier Vendrell,\u00a0<\/a>exconseller de ERC y se\u00f1alado en varios casos de corrupci\u00f3n. Si alguien resiste y se amolda es \u00e9l. A prueba de balas. En Colombia se ha comportado con discreci\u00f3n, aunque en Espa\u00f1a se le conoce. Naci\u00f3 en Sant Joan Desp\u00ed, un pueblo de Barcelona. Se le puede considerar un pol\u00edtico, pero tambi\u00e9n un empresario. Mantenerse en la l\u00ednea que separa una cosa de otra no resulta sencillo. Ese juego de equilibrismos le mantiene cerca de Petro y tambi\u00e9n de las sociedades an\u00f3nimas. Lleg\u00f3 a integrar una \u201ccomisi\u00f3n pol\u00edtica\u201d que se celebraba los lunes en la Casa de Nari\u00f1o con gente de la m\u00e1s absoluta confianza del presidente. Se conocieron en Bogot\u00e1 cuando era alcalde y el catal\u00e1n empez\u00f3 a montar residencias de estudiantes bajo la marca Spot.<\/p>\n<p class=\"\">Fue uno de los ide\u00f3logos del 1-O, el refer\u00e9ndum ilegal que serv\u00eda, ficticiamente, para independizar Catalu\u00f1a. Por eso ha sido perseguido por la justicia espa\u00f1ola. Ahora, tambi\u00e9n se expone a serlo por la colombiana.\u00a0<a href=\"https:\/\/elpais.com\/america-colombia\/2025-02-12\/entre-papa-pitufo-y-el-oso-yogui.html\" data-link-track-dtm=\"\" data-mrf-link=\"https:\/\/elpais.com\/america-colombia\/2025-02-12\/entre-papa-pitufo-y-el-oso-yogui.html\">Vendrell ha reconocido que recibi\u00f3 500 millones de pesos<\/a>\u00a0(115.500 d\u00f3lares) para ingresar en la campa\u00f1a de Petro de un contrabandista llamado Diego Mar\u00edn, conocido como\u00a0<i>Pap\u00e1 Pitufo<\/i>. El espa\u00f1ol acept\u00f3 la donaci\u00f3n, de acuerdo a un comunicado que ha emitido este mi\u00e9rcoles, pensando que proven\u00eda de un grupo de comerciantes de Bogot\u00e1. Seg\u00fan \u00e9l, devolvi\u00f3 el dinero apenas le notificaron en la campa\u00f1a que no hab\u00eda podido verificarse el origen del dinero. \u201cNo entiendo el objeto de la filtraci\u00f3n sesgada y llena de mentiras\u201d, dice Vendrell. La periodista Mar\u00eda Jimena Duz\u00e1n ha liderado una serie de investigaciones sobre todo el caso y ha explicado que ese pago solo era el primero de otros cinco m\u00e1s por la misma cantidad. Es decir: 693.000 d\u00f3lares.<\/p>\n<p class=\"\">La revelaci\u00f3n no ha corrido a cargo de la oposici\u00f3n, ni de ning\u00fan medio de comunicaci\u00f3n. Sino de una de las personas m\u00e1s cercanas a Petro, Augusto Rodr\u00edguez, quien lidera ahora la Unidad de Protecci\u00f3n, una entidad encargada de los escoltas que protegen a personas amenazadas. En el famoso Consejo de Ministros televisado, donde quedaron expuestas todas las diferencias de los ministros con el presidente y entre s\u00ed, Rodr\u00edguez involucr\u00f3 en el mismo tema a Armando Benedetti, ahora mismo el principal asesor del presidente. Benedetti resulta pol\u00e9mico porque arrastra varios casos judiciales -\u00e9l dice que orquestados por sus enemigos- y por ser el autor de unos audios en los que insin\u00faa que hubo dinero sucio en la campa\u00f1a. Petro justifica su nombramiento asegurando que merece \u201cuna segunda oportunidad\u201d. En realidad es porque se trata de uno de los mejores operadores pol\u00edticos, con amigos aqu\u00ed y all\u00e1, y el presidente conf\u00eda en mejorar con \u00e9l la gobernabilidad en su \u00faltimo tramo como presidente.<\/p>\n<p class=\"\">Benedetti ha denunciado a Augusto Rodr\u00edguez ante la Fiscal\u00eda por injurias y calumnias. Rodr\u00edguez tambi\u00e9n ha filtrado una foto de Benedetti y Vendrell en la que se les ve charlando en un edificio que parece el Capitolio, en el que se\u00f1ala ser un instante posterior al Consejo de Ministros. M\u00e1s all\u00e1 de que se conocen, lo que es obvio, la instant\u00e1nea no demuestra nada. Sin embargo, Rodr\u00edguez da a entender que conspiraban. Y que \u00e9l, que investig\u00f3 el paramilitarismo para el Petro senador, le ha seguido el rastro a esta historia. La historia, en cualquier caso, no es nueva. Quien primero habl\u00f3 de Pitufo fue el propio presidente, el 2 de febrero. Dos d\u00edas antes del ca\u00f3tico Consejo de Ministros, Petro ha reconocido que conoci\u00f3 a Pitufo, pero que no ten\u00eda ni idea de qui\u00e9n era. En esa reuni\u00f3n estaba Vendrell.<\/p>\n<p class=\"\">\u201cDiego Mar\u00edn intent\u00f3 infiltrar mi campa\u00f1a y mi Gobierno\u201d, escribi\u00f3 Petro en X. Reiter\u00f3 los presuntos delitos de Pitufo y reclamaba a Portugal, donde est\u00e1 detenido, que agilice su extradici\u00f3n a Colombia. Luego vino la acusaci\u00f3n de Rodr\u00edguez, la denuncia de Benedetti y una serie de revelaciones period\u00edsticas. Un embrollo que no ayuda nada al Gobierno en un momento cr\u00edtico. La revista\u00a0<i>Cambio\u00a0<\/i>revel\u00f3 el monto de la donaci\u00f3n, la orden que dio el hoy presidente de devolverla y su instrucci\u00f3n de grabar la operaci\u00f3n.<\/p>\n<p class=\"\">La revista cita a Rodr\u00edguez. Dice que, como persona de toda la confianza de Petro desde que militaron juntos en la extinta guerrilla del M-19, se encarg\u00f3 de las dos cosas. Se reuni\u00f3 con Vendrell y acord\u00f3 la devoluci\u00f3n del dinero. La sospecha no queda ah\u00ed. Rodr\u00edguez asegura que Vendrell no sigui\u00f3 las instrucciones. \u00c9l le pidi\u00f3 que grabara en secreto el retorno del dinero. Vendrell nunca le entreg\u00f3 esas im\u00e1genes, si es que existen. Acabaron en manos de otro espa\u00f1ol, el hacker Ram\u00f3n Devesa (de C\u00e1diz, 35 a\u00f1os),<a href=\"https:\/\/cambiocolombia.com\/poder\/ramon-devesa-hacker-petro-xavier-vendrell-pitufo?\" target=\"_blank\" rel=\"noopener\" data-link-track-dtm=\"\" data-mrf-link=\"https:\/\/cambiocolombia.com\/poder\/ramon-devesa-hacker-petro-xavier-vendrell-pitufo?\">\u00a0un detalle que tambi\u00e9n ha revelado Cambio.<\/a>\u00a0En 2019, un juzgado de Nueva York revel\u00f3 que Devesa particip\u00f3 en labores de espionaje contra Julian Assange, seg\u00fan cont\u00f3 en exclusiva EL PA\u00cdS. Cuando Rodr\u00edguez le pidi\u00f3 al hacker el v\u00eddeo, este le pidi\u00f3 dinero.<\/p>\n<p class=\"\">\u00bfExisti\u00f3 en realidad esa \u00faltima transacci\u00f3n, la de la devoluci\u00f3n del dinero? Duz\u00e1n, una periodista legendaria en Colombia, lo ha visto. Ha visto a Vendrell entrar en una habitaci\u00f3n oscura con un malet\u00edn de cuero caf\u00e9. Abre el malet\u00edn y se ven unos billetes. Fundido a negro. Hasta ahora, es todo lo que se sabe. As\u00ed es como un pol\u00edtico catal\u00e1n, involucrado en intrigas y conspiraciones pol\u00edticas en Espa\u00f1a, ha logrado lo mismo en Colombia. \u201c\u00bfSer\u00e1 que uno no se informa qui\u00e9n es el que le va a dar millones de pesos en efectivo para una campa\u00f1a?\u201d, se pregunta Duz\u00e1n en su podcast.<\/p>\n<\/div>\n","protected":false},"excerpt":{"rendered":"<p>&nbsp; El pol\u00edtico espa\u00f1ol ha reconocido que recibi\u00f3 de un contrabandista m\u00e1s de 115.000 d\u00f3lares para la campa\u00f1a del presidente. El caso, sin embargo, est\u00e1 lleno de incongruencias (Fuente: El Pa\u00eds. Publicado el 12 de Febrero de 2025) Una guerra civil se libra en el entorno de Gustavo Petro. El presidente habla de \u201ccanibalismo\u201d\u00a0a su [&hellip;]<\/p>\n","protected":false},"author":3,"featured_media":13016,"comment_status":"open","ping_status":"open","sticky":false,"template":"","format":"standard","meta":{"h5ap_radio_sources":[],"footnotes":""},"categories":[36],"tags":[],"class_list":["post-13015","post","type-post","status-publish","format-standard","has-post-thumbnail","hentry","category-internacionales"],"aioseo_notices":[],"_links":{"self":[{"href":"https:\/\/www.ciudadgoticanews.com\/index.php\/wp-json\/wp\/v2\/posts\/13015","targetHints":{"allow":["GET"]}}],"collection":[{"href":"https:\/\/www.ciudadgoticanews.com\/index.php\/wp-json\/wp\/v2\/posts"}],"about":[{"href":"https:\/\/www.ciudadgoticanews.com\/index.php\/wp-json\/wp\/v2\/types\/post"}],"author":[{"embeddable":true,"href":"https:\/\/www.ciudadgoticanews.com\/index.php\/wp-json\/wp\/v2\/users\/3"}],"replies":[{"embeddable":true,"href":"https:\/\/www.ciudadgoticanews.com\/index.php\/wp-json\/wp\/v2\/comments?post=13015"}],"version-history":[{"count":1,"href":"https:\/\/www.ciudadgoticanews.com\/index.php\/wp-json\/wp\/v2\/posts\/13015\/revisions"}],"predecessor-version":[{"id":13017,"href":"https:\/\/www.ciudadgoticanews.com\/index.php\/wp-json\/wp\/v2\/posts\/13015\/revisions\/13017"}],"wp:featuredmedia":[{"embeddable":true,"href":"https:\/\/www.ciudadgoticanews.com\/index.php\/wp-json\/wp\/v2\/media\/13016"}],"wp:attachment":[{"href":"https:\/\/www.ciudadgoticanews.com\/index.php\/wp-json\/wp\/v2\/media?parent=13015"}],"wp:term":[{"taxonomy":"category","embeddable":true,"href":"https:\/\/www.ciudadgoticanews.com\/index.php\/wp-json\/wp\/v2\/categories?post=13015"},{"taxonomy":"post_tag","embeddable":true,"href":"https:\/\/www.ciudadgoticanews.com\/index.php\/wp-json\/wp\/v2\/tags?post=13015"}],"curies":[{"name":"wp","href":"https:\/\/api.w.org\/{rel}","templated":true}]}}