{"id":13717,"date":"2025-05-09T07:52:38","date_gmt":"2025-05-09T11:52:38","guid":{"rendered":"https:\/\/www.ciudadgoticanews.com\/?p=13717"},"modified":"2025-05-09T07:52:38","modified_gmt":"2025-05-09T11:52:38","slug":"miami-milagros-y-manipulacion-la-trama-que-rodea-al-beato-jose-gregorio","status":"publish","type":"post","link":"https:\/\/www.ciudadgoticanews.com\/index.php\/2025\/05\/09\/miami-milagros-y-manipulacion-la-trama-que-rodea-al-beato-jose-gregorio\/","title":{"rendered":"Miami, Milagros y Manipulaci\u00f3n: La Trama que Rodea al Beato Jos\u00e9 Gregorio"},"content":{"rendered":"<p data-start=\"200\" data-end=\"227\"><strong data-start=\"200\" data-end=\"227\">Especial Santos Luzardo<\/strong><\/p>\n<p data-start=\"229\" data-end=\"520\">En declaraciones que han generado controversia internacional, el cuestionado arzobispo de Miami, Thomas Gerard Wenski, lanz\u00f3 una advertencia velada al reci\u00e9n electo Papa Le\u00f3n XIV sobre la postura que la Santa Sede deber\u00eda adoptar frente a los gobiernos de Venezuela, Nicaragua, Hait\u00ed y Cuba.<\/p>\n<p data-start=\"229\" data-end=\"520\"><!--more--><\/p>\n<blockquote data-start=\"522\" data-end=\"1018\">\n<div class=\"blockquote-content\">\n<p data-start=\"524\" data-end=\"930\">\u201cEl Papa tendr\u00e1 que levantar su voz\u201d, afirm\u00f3 Wenski durante una entrevista en el programa\u00a0<em data-start=\"614\" data-end=\"630\">Club de Prensa<\/em>\u00a0del canal colombiano NTN24, conducido por Trever, seg\u00fan titul\u00f3 el medio en su edici\u00f3n digital del d\u00eda de ayer:<br data-start=\"741\" data-end=\"744\" \/><a class=\"\" href=\"https:\/\/www.ntn24.com\/noticias-actualidad\/el-papa-tendra-que-levantar-su-voz-arzobispo-de-miami-sobre-posicion-que-se-espera-de-leon-xiv-sobre-venezuela-nicaragua-haiti-y-cuba-554753\" target=\"_new\" rel=\"noopener\" data-start=\"746\" data-end=\"928\">https:\/\/www.ntn24.com\/noticias-actualidad\/el-papa-tendra-que-levantar-su-voz-arzobispo-de-miami-sobre-posicion-que-se-espera-de-leon-xiv-sobre-venezuela-nicaragua-haiti-y-cuba-554753<\/a><\/p>\n<p data-start=\"937\" data-end=\"1018\"><a class=\"\" href=\"https:\/\/www.youtube.com\/watch?v=Fv5zZELKNk4\" target=\"_new\" rel=\"noopener\" data-start=\"937\" data-end=\"1018\">Ver entrevista completa en YouTube<\/a><\/p>\n<\/div>\n<\/blockquote>\n<p data-start=\"1020\" data-end=\"1488\">Sin embargo, las pol\u00e9micas declaraciones del prelado no han sido las \u00fanicas que lo colocan en el ojo del hurac\u00e1n. Wenski ha estado vinculado en el pasado a maniobras cuestionables dentro de la Iglesia, incluyendo su presunta participaci\u00f3n en una estrategia para imponer como milagro \u2014clave en la canonizaci\u00f3n del beato Jos\u00e9 Gregorio Hern\u00e1ndez\u2014 el caso del empresario venezolano\u00a0<strong data-start=\"1398\" data-end=\"1422\">Gonzalo Morales Divo<\/strong>, un individuo con antecedentes de adicci\u00f3n a sustancias il\u00edcitas.<\/p>\n<h3 data-start=\"1490\" data-end=\"1518\">El \u201cmilagro\u201d cuestionado<\/h3>\n<p data-start=\"1520\" data-end=\"1916\">Seg\u00fan se public\u00f3 en varios portales, Morales Divo fue presentado como un beneficiario de una supuesta curaci\u00f3n milagrosa atribuida a la intercesi\u00f3n de Jos\u00e9 Gregorio Hern\u00e1ndez. El empresario, residenciado en Miami, habr\u00eda sufrido una falla multiorg\u00e1nica que lo llev\u00f3 a un coma inducido, tras la cual afirm\u00f3 haber visto al beato venezolano en dos ocasiones previas a su recuperaci\u00f3n \u201cinexplicable\u201d.<\/p>\n<p data-start=\"1918\" data-end=\"1995\">Fragmento de la narrativa difundida por medios aliados al grupo eclesi\u00e1stico:<\/p>\n<blockquote data-start=\"1997\" data-end=\"2169\">\n<div class=\"blockquote-icon\"><\/div>\n<div class=\"blockquote-content\">\n<p data-start=\"1999\" data-end=\"2169\"><em data-start=\"1999\" data-end=\"2169\">\u201cLa bendici\u00f3n recibida por Morales Divo: un testimonio conmovedor del empresario venezolano que allana el camino hacia la santidad del Beato Jos\u00e9 Gregorio Hern\u00e1ndez\u2026\u201d<\/em><\/p>\n<\/div>\n<\/blockquote>\n<p data-start=\"2171\" data-end=\"2313\">Fuente original:<br data-start=\"2187\" data-end=\"2190\" \/><a class=\"\" href=\"https:\/\/www.ciudadgoticanews.com\/index.php\/2024\/06\/25\/papa-francisco-confirma-rumores-sobre-beatificacion-de-jose-gregorio-\" target=\"_new\" rel=\"noopener\" data-start=\"2190\" data-end=\"2313\">https:\/\/www.ciudadgoticanews.com\/index.php\/2024\/06\/25\/papa-francisco-confirma-rumores-sobre-beatificacion-de-jose-gregorio-<\/a><\/p>\n<p data-start=\"2315\" data-end=\"2695\">No obstante, investigaciones paralelas revelan que Morales Divo fue ingresado de emergencia a un hospital tras sufrir una sobredosis de \u201ccoca\u00edna rosada\u201d durante una fiesta navide\u00f1a, hecho que fue omitido en los informes eclesi\u00e1sticos. Seg\u00fan fuentes m\u00e9dicas y testimonios reservados, el coma inducido no tuvo relaci\u00f3n alguna con un proceso m\u00edstico, sino con una grave intoxicaci\u00f3n.<\/p>\n<h3 data-start=\"2697\" data-end=\"2730\">La maquinaria de manipulaci\u00f3n<\/h3>\n<p data-start=\"2732\" data-end=\"3015\">Para imponer esta narrativa, se habr\u00edan activado los mecanismos de propaganda del llamado\u00a0<em data-start=\"2822\" data-end=\"2855\">Cartel de la Extorsi\u00f3n de Miami<\/em>, incluyendo al desacreditado \u201cpatriota cooperante\u201d Alberto Rodr\u00edguez Palencia, quien promovi\u00f3 el caso como un milagro leg\u00edtimo. Su publicaci\u00f3n puede leerse en:<\/p>\n<p data-start=\"3017\" data-end=\"3177\"><a class=\"\" href=\"https:\/\/albertonews.com\/principales\/los-milagros-por-el-que-el-venezolano-jose-gregorio-hernandez-sera-santo-el-caso-de-yaxury-solorzano-y-gonzalo-morales-divo\/\" target=\"_new\" rel=\"noopener\" data-start=\"3017\" data-end=\"3177\">https:\/\/albertonews.com\/principales\/los-milagros-por-el-que-el-venezolano-jose-gregorio-hernandez-sera-santo-el-caso-de-yaxury-solorzano-y-gonzalo-morales-divo\/<\/a><\/p>\n<p data-start=\"3179\" data-end=\"3196\">El medio destaca:<\/p>\n<blockquote data-start=\"3198\" data-end=\"3369\">\n<div class=\"blockquote-icon\"><\/div>\n<div class=\"blockquote-content\">\n<p data-start=\"3200\" data-end=\"3369\"><em data-start=\"3200\" data-end=\"3369\">\u201cEl beato Jos\u00e9 Gregorio Hern\u00e1ndez est\u00e1 a punto de ser canonizado por la Iglesia gracias a un milagro concebido en Miami al empresario venezolano Gonzalo Morales Divo.\u201d<\/em><\/p>\n<\/div>\n<\/blockquote>\n<p data-start=\"3371\" data-end=\"3653\">La Arquidi\u00f3cesis de Miami \u2014presidida por Wenski\u2014 habr\u00eda enviado a Roma un informe con los resultados de su propia investigaci\u00f3n sobre el caso, buscando validar el supuesto milagro sin el aval de la di\u00f3cesis original del beato, que corresponde al cardenal Baltazar Porras en Caracas.<\/p>\n<hr data-start=\"3655\" data-end=\"3658\" \/>\n<p data-start=\"3660\" data-end=\"4007\">Este caso pone en evidencia c\u00f3mo ciertos sectores de la Iglesia podr\u00edan estar manipulando procesos espirituales con fines pol\u00edticos o econ\u00f3micos. Y ahora, uno de los protagonistas de esa presunta conspiraci\u00f3n, el arzobispo Wenski, se permite lanzar advertencias p\u00fablicas al nuevo Papa, quien enfrenta un delicado escenario geopol\u00edtico y religioso.<\/p>\n<p data-start=\"4009\" data-end=\"4147\">\u00bfSer\u00e1 Le\u00f3n XIV capaz de limpiar los escombros de las viejas estructuras corruptas o caer\u00e1 en los juegos de poder del clero norteamericano?<\/p>\n<hr data-start=\"4149\" data-end=\"4152\" \/>\n<h3 data-start=\"213\" data-end=\"274\">LA FASE DIOCESANA DEL \u201cMILAGRO\u201d Y LAS DUDAS QUE LE RODEAN<\/h3>\n<p data-start=\"276\" data-end=\"743\">En la investigaci\u00f3n del presunto milagro atribuido a la intercesi\u00f3n del Beato Jos\u00e9 Gregorio Hern\u00e1ndez participaron 16 testigos, entre ellos m\u00e9dicos tratantes, peritos y testigos considerados \u201cobjetivos\u201d. El proceso fue sorprendentemente breve: dur\u00f3 apenas poco m\u00e1s de dos semanas, desde el 31 de mayo hasta el 17 de junio, y culmin\u00f3 con la presentaci\u00f3n formal de la documentaci\u00f3n en una discreta ceremonia celebrada en el Centro Pastoral de la Arquidi\u00f3cesis de Miami.<\/p>\n<p data-start=\"745\" data-end=\"847\">Al cierre de esta etapa, conocida como la\u00a0<strong data-start=\"787\" data-end=\"805\">fase diocesana<\/strong>, el padre Gerardino Barrachini declar\u00f3:<\/p>\n<blockquote data-start=\"848\" data-end=\"968\">\n<div class=\"blockquote-icon\"><\/div>\n<div class=\"blockquote-content\">\n<p data-start=\"850\" data-end=\"968\">\u00abConcluimos la llamada fase diocesana del presunto milagro. El documento ahora pasa a lo que se llama la fase romana\u00bb.<\/p>\n<\/div>\n<\/blockquote>\n<p data-start=\"970\" data-end=\"1298\">Seg\u00fan la versi\u00f3n oficial, durante su estancia hospitalaria el empresario venezolano Gonzalo Morales Divo \u2014quien padec\u00eda una falla multiorg\u00e1nica\u2014 habr\u00eda visto en dos ocasiones la imagen del Dr. Jos\u00e9 Gregorio Hern\u00e1ndez, lo que habr\u00eda precedido una recuperaci\u00f3n m\u00e9dica \u201csin explicaci\u00f3n cient\u00edfica alguna y contra todo diagn\u00f3stico\u201d.<\/p>\n<p data-start=\"1300\" data-end=\"1412\">Sin embargo, este caso levanta serias interrogantes, y vale la pena destacar al menos cuatro elementos cr\u00edticos:<\/p>\n<ol data-start=\"1414\" data-end=\"2428\">\n<li data-start=\"1414\" data-end=\"1602\">\n<p data-start=\"1417\" data-end=\"1602\"><strong data-start=\"1417\" data-end=\"1457\">El supuesto milagro ocurri\u00f3 en Miami<\/strong>, y fue presentado como la causa directa que permitir\u00eda la canonizaci\u00f3n del Beato Jos\u00e9 Gregorio Hern\u00e1ndez, a trav\u00e9s de la figura de Morales Divo.<\/p>\n<\/li>\n<li data-start=\"1604\" data-end=\"1818\">\n<p data-start=\"1607\" data-end=\"1818\"><strong data-start=\"1607\" data-end=\"1685\">El proceso cont\u00f3 con la participaci\u00f3n directa del Cardenal Baltazar Porras<\/strong>, arzobispo de Caracas, adem\u00e1s de los 16 testigos citados, lo que sugiere coordinaci\u00f3n transnacional entre autoridades eclesi\u00e1sticas.<\/p>\n<\/li>\n<li data-start=\"1820\" data-end=\"2047\">\n<p data-start=\"1823\" data-end=\"2047\"><strong data-start=\"1823\" data-end=\"1843\">Todos los gastos<\/strong>\u00a0relacionados con la investigaci\u00f3n, incluyendo viajes, vi\u00e1ticos, estad\u00edas y honorarios de testigos y peritos, fueron sufragados por el propio Morales Divo, lo cual pone en duda la objetividad del proceso.<\/p>\n<\/li>\n<li data-start=\"2049\" data-end=\"2428\">\n<p data-start=\"2052\" data-end=\"2428\"><strong data-start=\"2052\" data-end=\"2127\">La Arquidi\u00f3cesis de Miami promovi\u00f3 activamente la narrativa del milagro<\/strong>, como puede comprobarse en su sitio web oficial:<br data-start=\"2176\" data-end=\"2179\" \/><a class=\"\" href=\"https:\/\/www.miamiarch.org\/CatholicDiocese.php?op=Article_curacion-de-un-desahuciado-venezolano-llevaria-a-los-altares-al-beato-jose-gregorio-hernandez_S\" target=\"_new\" rel=\"noopener\" data-start=\"2179\" data-end=\"2428\">Curaci\u00f3n de un desahuciado venezolano llevar\u00eda a los altares al beato Jos\u00e9 Gregorio Hern\u00e1ndez<\/a><\/p>\n<\/li>\n<\/ol>\n<p data-start=\"2430\" data-end=\"2683\">Finalmente, a pesar de que se ha intentado desvincular p\u00fablicamente, existen indicios de colaboraci\u00f3n entre Gonzalo Morales Divo y\u00a0<strong data-start=\"2561\" data-end=\"2580\">Ernesto Guevara<\/strong>, se\u00f1alado por su implicaci\u00f3n en tramas de corrupci\u00f3n vinculadas a PDVSA y a propiedades no declaradas:<\/p>\n<ul data-start=\"2685\" data-end=\"2843\">\n<li data-start=\"2685\" data-end=\"2725\">\n<p data-start=\"2687\" data-end=\"2725\"><a class=\"\" href=\"https:\/\/search.app\/kmZQVV4pt9V2YyxM6\" target=\"_new\" rel=\"noopener\" data-start=\"2687\" data-end=\"2723\">https:\/\/search.app\/kmZQVV4pt9V2YyxM6<\/a><\/p>\n<\/li>\n<li data-start=\"2726\" data-end=\"2843\">\n<p data-start=\"2728\" data-end=\"2843\"><a class=\"\" href=\"https:\/\/evtv.online\/actualizados\/detalles-ernesto-guevara-vinculado-a-corrupcion-en-pdvsa-y-con-una-casa-explosiva\/\" target=\"_new\" rel=\"noopener\" data-start=\"2728\" data-end=\"2843\">https:\/\/evtv.online\/actualizados\/detalles-ernesto-guevara-vinculado-a-corrupcion-en-pdvsa-y-con-una-casa-explosiva\/<\/a><\/p>\n<\/li>\n<\/ul>\n<p data-start=\"2845\" data-end=\"3137\">Todo parece indicar que el llamado \u201cmilagro\u201d no solo es cuestionable desde el punto de vista m\u00e9dico, sino tambi\u00e9n desde el moral, legal y eclesi\u00e1stico. \u00bfEstamos ante un montaje orquestado para blanquear reputaciones, mover influencias en el Vaticano y servir intereses econ\u00f3micos y pol\u00edticos?<\/p>\n<p data-start=\"2845\" data-end=\"3137\">\n<p class=\"c-topper__headline\"><a href=\"https:\/\/elplaneta.com\/2020\/11\/02\/deportes\/acusado-de-corrupcion-y-lavado-de-dinero-vinculado\/\">Acusado de corrupci\u00f3n y lavado de dinero vinculado a CITGO ir\u00e1 a un juicio en enero<\/a><\/p>\n<p>&nbsp;<\/p>\n<p><a class=\"thickbox\" href=\"https:\/\/www.ciudadgoticanews.com\/wp-content\/uploads\/2025\/05\/photo_2025-05-09_13-43-40.jpg\"><img loading=\"lazy\" decoding=\"async\" class=\"aligncenter size-full wp-image-93351\" src=\"https:\/\/www.ciudadgoticanews.com\/wp-content\/uploads\/2025\/05\/photo_2025-05-09_13-43-40.jpg\" sizes=\"auto, (max-width: 939px) 100vw, 939px\" srcset=\"https:\/\/www.ciudadgoticanews.com\/wp-content\/uploads\/2025\/05\/photo_2025-05-09_13-43-40.jpg 939w, https:\/\/www.ciudadgoticanews.com\/wp-content\/uploads\/2025\/05\/photo_2025-05-09_13-43-40-230x300.jpg 230w, https:\/\/www.ciudadgoticanews.com\/wp-content\/uploads\/2025\/05\/1_photo_2025-05-09_13-43-40-786x1024.jpg 786w, https:\/\/www.ciudadgoticanews.com\/wp-content\/uploads\/2025\/05\/1_photo_2025-05-09_13-43-40-768x1000.jpg 768w, https:\/\/www.ciudadgoticanews.com\/wp-content\/uploads\/2025\/05\/photo_2025-05-09_13-43-40-150x195.jpg 150w, https:\/\/www.ciudadgoticanews.com\/wp-content\/uploads\/2025\/05\/photo_2025-05-09_13-43-40-650x847.jpg 650w, https:\/\/www.ciudadgoticanews.com\/wp-content\/uploads\/2025\/05\/photo_2025-05-09_13-43-40-400x521.jpg 400w, https:\/\/www.ciudadgoticanews.com\/wp-content\/uploads\/2025\/05\/photo_2025-05-09_13-43-40-250x326.jpg 250w\" alt=\"\" width=\"939\" height=\"1223\" \/><\/a><a class=\"thickbox\" href=\"https:\/\/www.ciudadgoticanews.com\/wp-content\/uploads\/2025\/05\/photo_2025-05-09_13-43-41.jpg\"><img loading=\"lazy\" decoding=\"async\" class=\"aligncenter size-full wp-image-93352\" src=\"https:\/\/www.ciudadgoticanews.com\/wp-content\/uploads\/2025\/05\/photo_2025-05-09_13-43-41.jpg\" sizes=\"auto, (max-width: 1192px) 100vw, 1192px\" srcset=\"https:\/\/www.ciudadgoticanews.com\/wp-content\/uploads\/2025\/05\/photo_2025-05-09_13-43-41.jpg 1192w, https:\/\/www.ciudadgoticanews.com\/wp-content\/uploads\/2025\/05\/1_photo_2025-05-09_13-43-41-300x296.jpg 300w, https:\/\/www.ciudadgoticanews.com\/wp-content\/uploads\/2025\/05\/1_photo_2025-05-09_13-43-41-1024x1010.jpg 1024w, https:\/\/www.ciudadgoticanews.com\/wp-content\/uploads\/2025\/05\/1_photo_2025-05-09_13-43-41-768x758.jpg 768w, https:\/\/www.ciudadgoticanews.com\/wp-content\/uploads\/2025\/05\/photo_2025-05-09_13-43-41-150x148.jpg 150w, https:\/\/www.ciudadgoticanews.com\/wp-content\/uploads\/2025\/05\/photo_2025-05-09_13-43-41-650x641.jpg 650w, https:\/\/www.ciudadgoticanews.com\/wp-content\/uploads\/2025\/05\/photo_2025-05-09_13-43-41-400x395.jpg 400w, https:\/\/www.ciudadgoticanews.com\/wp-content\/uploads\/2025\/05\/photo_2025-05-09_13-43-41-250x247.jpg 250w\" alt=\"\" width=\"1192\" height=\"1176\" \/><\/a><a class=\"thickbox\" href=\"https:\/\/www.ciudadgoticanews.com\/wp-content\/uploads\/2025\/05\/photo_2025-05-09_13-43-43.jpg\"><img loading=\"lazy\" decoding=\"async\" class=\"aligncenter size-full wp-image-93353\" src=\"https:\/\/www.ciudadgoticanews.com\/wp-content\/uploads\/2025\/05\/photo_2025-05-09_13-43-43.jpg\" sizes=\"auto, (max-width: 853px) 100vw, 853px\" srcset=\"https:\/\/www.ciudadgoticanews.com\/wp-content\/uploads\/2025\/05\/photo_2025-05-09_13-43-43.jpg 853w, https:\/\/www.ciudadgoticanews.com\/wp-content\/uploads\/2025\/05\/1_photo_2025-05-09_13-43-43-200x300.jpg 200w, https:\/\/www.ciudadgoticanews.com\/wp-content\/uploads\/2025\/05\/1_photo_2025-05-09_13-43-43-682x1024.jpg 682w, https:\/\/www.ciudadgoticanews.com\/wp-content\/uploads\/2025\/05\/1_photo_2025-05-09_13-43-43-768x1152.jpg 768w, https:\/\/www.ciudadgoticanews.com\/wp-content\/uploads\/2025\/05\/photo_2025-05-09_13-43-43-150x225.jpg 150w, https:\/\/www.ciudadgoticanews.com\/wp-content\/uploads\/2025\/05\/photo_2025-05-09_13-43-43-650x975.jpg 650w, https:\/\/www.ciudadgoticanews.com\/wp-content\/uploads\/2025\/05\/photo_2025-05-09_13-43-43-400x600.jpg 400w, https:\/\/www.ciudadgoticanews.com\/wp-content\/uploads\/2025\/05\/photo_2025-05-09_13-43-43-250x375.jpg 250w\" alt=\"\" width=\"853\" height=\"1280\" \/><\/a><a class=\"thickbox\" href=\"https:\/\/www.ciudadgoticanews.com\/wp-content\/uploads\/2025\/05\/photo_2025-05-09_13-43-45.jpg\"><img loading=\"lazy\" decoding=\"async\" class=\"aligncenter size-full wp-image-93354\" src=\"https:\/\/www.ciudadgoticanews.com\/wp-content\/uploads\/2025\/05\/photo_2025-05-09_13-43-45.jpg\" sizes=\"auto, (max-width: 440px) 100vw, 440px\" srcset=\"https:\/\/www.ciudadgoticanews.com\/wp-content\/uploads\/2025\/05\/photo_2025-05-09_13-43-45.jpg 440w, https:\/\/www.ciudadgoticanews.com\/wp-content\/uploads\/2025\/05\/photo_2025-05-09_13-43-45-200x300.jpg 200w, https:\/\/www.ciudadgoticanews.com\/wp-content\/uploads\/2025\/05\/photo_2025-05-09_13-43-45-150x225.jpg 150w, https:\/\/www.ciudadgoticanews.com\/wp-content\/uploads\/2025\/05\/photo_2025-05-09_13-43-45-400x600.jpg 400w, https:\/\/www.ciudadgoticanews.com\/wp-content\/uploads\/2025\/05\/photo_2025-05-09_13-43-45-250x375.jpg 250w\" alt=\"\" width=\"440\" height=\"660\" \/><\/a><a class=\"thickbox\" href=\"https:\/\/www.ciudadgoticanews.com\/wp-content\/uploads\/2025\/05\/photo_2025-05-09_13-43-46.jpg\"><img loading=\"lazy\" decoding=\"async\" class=\"aligncenter size-full wp-image-93355\" src=\"https:\/\/www.ciudadgoticanews.com\/wp-content\/uploads\/2025\/05\/photo_2025-05-09_13-43-46.jpg\" sizes=\"auto, (max-width: 408px) 100vw, 408px\" srcset=\"https:\/\/www.ciudadgoticanews.com\/wp-content\/uploads\/2025\/05\/photo_2025-05-09_13-43-46.jpg 408w, https:\/\/www.ciudadgoticanews.com\/wp-content\/uploads\/2025\/05\/1_photo_2025-05-09_13-43-46-300x294.jpg 300w, https:\/\/www.ciudadgoticanews.com\/wp-content\/uploads\/2025\/05\/photo_2025-05-09_13-43-46-150x147.jpg 150w, https:\/\/www.ciudadgoticanews.com\/wp-content\/uploads\/2025\/05\/photo_2025-05-09_13-43-46-400x392.jpg 400w, https:\/\/www.ciudadgoticanews.com\/wp-content\/uploads\/2025\/05\/photo_2025-05-09_13-43-46-250x245.jpg 250w\" alt=\"\" width=\"408\" height=\"400\" \/><\/a><a class=\"thickbox\" href=\"https:\/\/www.ciudadgoticanews.com\/wp-content\/uploads\/2025\/05\/photo_2025-05-09_13-43-49.jpg\"><img loading=\"lazy\" decoding=\"async\" class=\"aligncenter size-full wp-image-93356\" src=\"https:\/\/www.ciudadgoticanews.com\/wp-content\/uploads\/2025\/05\/photo_2025-05-09_13-43-49.jpg\" sizes=\"auto, (max-width: 1175px) 100vw, 1175px\" srcset=\"https:\/\/www.ciudadgoticanews.com\/wp-content\/uploads\/2025\/05\/photo_2025-05-09_13-43-49.jpg 1175w, https:\/\/www.ciudadgoticanews.com\/wp-content\/uploads\/2025\/05\/1_photo_2025-05-09_13-43-49-300x224.jpg 300w, https:\/\/www.ciudadgoticanews.com\/wp-content\/uploads\/2025\/05\/1_photo_2025-05-09_13-43-49-1024x764.jpg 1024w, https:\/\/www.ciudadgoticanews.com\/wp-content\/uploads\/2025\/05\/1_photo_2025-05-09_13-43-49-768x573.jpg 768w, https:\/\/www.ciudadgoticanews.com\/wp-content\/uploads\/2025\/05\/photo_2025-05-09_13-43-49-150x112.jpg 150w, https:\/\/www.ciudadgoticanews.com\/wp-content\/uploads\/2025\/05\/photo_2025-05-09_13-43-49-650x485.jpg 650w, https:\/\/www.ciudadgoticanews.com\/wp-content\/uploads\/2025\/05\/photo_2025-05-09_13-43-49-400x299.jpg 400w, https:\/\/www.ciudadgoticanews.com\/wp-content\/uploads\/2025\/05\/photo_2025-05-09_13-43-49-250x187.jpg 250w\" alt=\"\" width=\"1175\" height=\"877\" \/><\/a><a class=\"thickbox\" href=\"https:\/\/www.ciudadgoticanews.com\/wp-content\/uploads\/2025\/05\/photo_2025-05-09_13-43-51.jpg\"><img loading=\"lazy\" decoding=\"async\" class=\"aligncenter size-full wp-image-93357\" src=\"https:\/\/www.ciudadgoticanews.com\/wp-content\/uploads\/2025\/05\/photo_2025-05-09_13-43-51.jpg\" sizes=\"auto, (max-width: 1214px) 100vw, 1214px\" srcset=\"https:\/\/www.ciudadgoticanews.com\/wp-content\/uploads\/2025\/05\/photo_2025-05-09_13-43-51.jpg 1214w, https:\/\/www.ciudadgoticanews.com\/wp-content\/uploads\/2025\/05\/1_photo_2025-05-09_13-43-51-292x300.jpg 292w, https:\/\/www.ciudadgoticanews.com\/wp-content\/uploads\/2025\/05\/1_photo_2025-05-09_13-43-51-995x1024.jpg 995w, https:\/\/www.ciudadgoticanews.com\/wp-content\/uploads\/2025\/05\/1_photo_2025-05-09_13-43-51-768x790.jpg 768w, https:\/\/www.ciudadgoticanews.com\/wp-content\/uploads\/2025\/05\/photo_2025-05-09_13-43-51-150x154.jpg 150w, https:\/\/www.ciudadgoticanews.com\/wp-content\/uploads\/2025\/05\/photo_2025-05-09_13-43-51-650x669.jpg 650w, https:\/\/www.ciudadgoticanews.com\/wp-content\/uploads\/2025\/05\/photo_2025-05-09_13-43-51-400x412.jpg 400w, https:\/\/www.ciudadgoticanews.com\/wp-content\/uploads\/2025\/05\/photo_2025-05-09_13-43-51-250x257.jpg 250w\" alt=\"\" width=\"1214\" height=\"1249\" \/><\/a><a class=\"thickbox\" href=\"https:\/\/www.ciudadgoticanews.com\/wp-content\/uploads\/2025\/05\/photo_2025-05-09_13-43-52.jpg\"><img loading=\"lazy\" decoding=\"async\" class=\"aligncenter size-full wp-image-93358\" src=\"https:\/\/www.ciudadgoticanews.com\/wp-content\/uploads\/2025\/05\/photo_2025-05-09_13-43-52.jpg\" sizes=\"auto, (max-width: 729px) 100vw, 729px\" srcset=\"https:\/\/www.ciudadgoticanews.com\/wp-content\/uploads\/2025\/05\/photo_2025-05-09_13-43-52.jpg 729w, https:\/\/www.ciudadgoticanews.com\/wp-content\/uploads\/2025\/05\/1_photo_2025-05-09_13-43-52-171x300.jpg 171w, https:\/\/www.ciudadgoticanews.com\/wp-content\/uploads\/2025\/05\/1_photo_2025-05-09_13-43-52-583x1024.jpg 583w, https:\/\/www.ciudadgoticanews.com\/wp-content\/uploads\/2025\/05\/photo_2025-05-09_13-43-52-150x263.jpg 150w, https:\/\/www.ciudadgoticanews.com\/wp-content\/uploads\/2025\/05\/photo_2025-05-09_13-43-52-650x1141.jpg 650w, https:\/\/www.ciudadgoticanews.com\/wp-content\/uploads\/2025\/05\/photo_2025-05-09_13-43-52-400x702.jpg 400w, https:\/\/www.ciudadgoticanews.com\/wp-content\/uploads\/2025\/05\/photo_2025-05-09_13-43-52-250x439.jpg 250w\" alt=\"\" width=\"729\" height=\"1280\" \/><\/a><a class=\"thickbox\" href=\"https:\/\/www.ciudadgoticanews.com\/wp-content\/uploads\/2025\/05\/photo_2025-05-09_13-43-54.jpg\"><img loading=\"lazy\" decoding=\"async\" class=\"aligncenter size-full wp-image-93359\" src=\"https:\/\/www.ciudadgoticanews.com\/wp-content\/uploads\/2025\/05\/photo_2025-05-09_13-43-54.jpg\" sizes=\"auto, (max-width: 770px) 100vw, 770px\" srcset=\"https:\/\/www.ciudadgoticanews.com\/wp-content\/uploads\/2025\/05\/photo_2025-05-09_13-43-54.jpg 770w, https:\/\/www.ciudadgoticanews.com\/wp-content\/uploads\/2025\/05\/1_photo_2025-05-09_13-43-54-300x172.jpg 300w, https:\/\/www.ciudadgoticanews.com\/wp-content\/uploads\/2025\/05\/1_photo_2025-05-09_13-43-54-768x440.jpg 768w, https:\/\/www.ciudadgoticanews.com\/wp-content\/uploads\/2025\/05\/photo_2025-05-09_13-43-54-150x86.jpg 150w, https:\/\/www.ciudadgoticanews.com\/wp-content\/uploads\/2025\/05\/photo_2025-05-09_13-43-54-650x372.jpg 650w, https:\/\/www.ciudadgoticanews.com\/wp-content\/uploads\/2025\/05\/photo_2025-05-09_13-43-54-400x229.jpg 400w, https:\/\/www.ciudadgoticanews.com\/wp-content\/uploads\/2025\/05\/photo_2025-05-09_13-43-54-250x143.jpg 250w\" alt=\"\" width=\"770\" height=\"441\" \/><\/a><a class=\"thickbox\" href=\"https:\/\/www.ciudadgoticanews.com\/wp-content\/uploads\/2025\/05\/photo_2025-05-09_13-43-56.jpg\"><img loading=\"lazy\" decoding=\"async\" class=\"aligncenter size-full wp-image-93360\" src=\"https:\/\/www.ciudadgoticanews.com\/wp-content\/uploads\/2025\/05\/photo_2025-05-09_13-43-56.jpg\" sizes=\"auto, (max-width: 1117px) 100vw, 1117px\" srcset=\"https:\/\/www.ciudadgoticanews.com\/wp-content\/uploads\/2025\/05\/photo_2025-05-09_13-43-56.jpg 1117w, https:\/\/www.ciudadgoticanews.com\/wp-content\/uploads\/2025\/05\/photo_2025-05-09_13-43-56-262x300.jpg 262w, https:\/\/www.ciudadgoticanews.com\/wp-content\/uploads\/2025\/05\/1_photo_2025-05-09_13-43-56-894x1024.jpg 894w, https:\/\/www.ciudadgoticanews.com\/wp-content\/uploads\/2025\/05\/1_photo_2025-05-09_13-43-56-768x880.jpg 768w, https:\/\/www.ciudadgoticanews.com\/wp-content\/uploads\/2025\/05\/photo_2025-05-09_13-43-56-150x172.jpg 150w, https:\/\/www.ciudadgoticanews.com\/wp-content\/uploads\/2025\/05\/photo_2025-05-09_13-43-56-650x745.jpg 650w, https:\/\/www.ciudadgoticanews.com\/wp-content\/uploads\/2025\/05\/photo_2025-05-09_13-43-56-400x458.jpg 400w, https:\/\/www.ciudadgoticanews.com\/wp-content\/uploads\/2025\/05\/photo_2025-05-09_13-43-56-250x286.jpg 250w\" alt=\"\" width=\"1117\" height=\"1280\" \/><\/a><\/p>\n<div class=\"c-topper__meta\">\n<div>\n<div class=\"c-byline c-topper__byline\"><\/div>\n<\/div>\n<\/div>\n","protected":false},"excerpt":{"rendered":"<p>Especial Santos Luzardo En declaraciones que han generado controversia internacional, el cuestionado arzobispo de Miami, Thomas Gerard Wenski, lanz\u00f3 una advertencia velada al reci\u00e9n electo Papa Le\u00f3n XIV sobre la postura que la Santa Sede deber\u00eda adoptar frente a los gobiernos de Venezuela, Nicaragua, Hait\u00ed y Cuba.<\/p>\n","protected":false},"author":1,"featured_media":13718,"comment_status":"open","ping_status":"open","sticky":false,"template":"","format":"standard","meta":{"h5ap_radio_sources":[],"footnotes":""},"categories":[9],"tags":[],"class_list":["post-13717","post","type-post","status-publish","format-standard","has-post-thumbnail","hentry","category-venezuela"],"aioseo_notices":[],"_links":{"self":[{"href":"https:\/\/www.ciudadgoticanews.com\/index.php\/wp-json\/wp\/v2\/posts\/13717","targetHints":{"allow":["GET"]}}],"collection":[{"href":"https:\/\/www.ciudadgoticanews.com\/index.php\/wp-json\/wp\/v2\/posts"}],"about":[{"href":"https:\/\/www.ciudadgoticanews.com\/index.php\/wp-json\/wp\/v2\/types\/post"}],"author":[{"embeddable":true,"href":"https:\/\/www.ciudadgoticanews.com\/index.php\/wp-json\/wp\/v2\/users\/1"}],"replies":[{"embeddable":true,"href":"https:\/\/www.ciudadgoticanews.com\/index.php\/wp-json\/wp\/v2\/comments?post=13717"}],"version-history":[{"count":1,"href":"https:\/\/www.ciudadgoticanews.com\/index.php\/wp-json\/wp\/v2\/posts\/13717\/revisions"}],"predecessor-version":[{"id":13787,"href":"https:\/\/www.ciudadgoticanews.com\/index.php\/wp-json\/wp\/v2\/posts\/13717\/revisions\/13787"}],"wp:featuredmedia":[{"embeddable":true,"href":"https:\/\/www.ciudadgoticanews.com\/index.php\/wp-json\/wp\/v2\/media\/13718"}],"wp:attachment":[{"href":"https:\/\/www.ciudadgoticanews.com\/index.php\/wp-json\/wp\/v2\/media?parent=13717"}],"wp:term":[{"taxonomy":"category","embeddable":true,"href":"https:\/\/www.ciudadgoticanews.com\/index.php\/wp-json\/wp\/v2\/categories?post=13717"},{"taxonomy":"post_tag","embeddable":true,"href":"https:\/\/www.ciudadgoticanews.com\/index.php\/wp-json\/wp\/v2\/tags?post=13717"}],"curies":[{"name":"wp","href":"https:\/\/api.w.org\/{rel}","templated":true}]}}