{"id":14410,"date":"2025-07-24T04:44:21","date_gmt":"2025-07-24T08:44:21","guid":{"rendered":"https:\/\/www.ciudadgoticanews.com\/?p=14410"},"modified":"2025-07-24T04:44:21","modified_gmt":"2025-07-24T08:44:21","slug":"es-total-y-completamente-falso-tulio-capriles-y-los-capriles-lopez-no-tienen-ningun-vinculo-familiar","status":"publish","type":"post","link":"https:\/\/www.ciudadgoticanews.com\/index.php\/2025\/07\/24\/es-total-y-completamente-falso-tulio-capriles-y-los-capriles-lopez-no-tienen-ningun-vinculo-familiar\/","title":{"rendered":"ES TOTAL Y COMPLETAMENTE FALSO: TULIO CAPRILES Y LOS CAPRILES L\u00d3PEZ NO TIENEN NING\u00daN V\u00cdNCULO FAMILIAR"},"content":{"rendered":"<p data-start=\"267\" data-end=\"291\"><strong data-start=\"267\" data-end=\"289\">Especial Redacci\u00f3n<\/strong>.-<\/p>\n<p data-start=\"293\" data-end=\"597\">Desde hace meses, el peligroso delincuente venezolano WENDER ENRIQUE VILLALOBOS PADR\u00d3N ha insistido en tratar de imponer una narrativa donde asegura que: \u201cTulio Capriles Mendoza es familia de los hermanos Capriles L\u00f3pez y del dirigente pol\u00edtico Enrique Capriles Radonski\u201d, lo cual es completamente falso.<\/p>\n<p data-start=\"599\" data-end=\"961\"><!--more--><\/p>\n<p data-start=\"599\" data-end=\"961\">WENDER VILLALOBOS, cada vez que sale a diario por su canal de YouTube, habla en nombre de \u201cun grupo de periodistas que apoyan abiertamente a Mar\u00eda Corina Machado, conformado por Nitu P\u00e9rez Ozuna, Norbey Mar\u00edn, Carla Angola, Miguel \u00c1ngel Rodr\u00edguez, EVTV y \u00e9l, cuya misi\u00f3n es deponer del poder a Nicol\u00e1s Maduro, contando con el apoyo del gobierno de Donald Trump\u201d.<\/p>\n<p data-start=\"963\" data-end=\"1094\">Hasta ahora, ning\u00fan vocero del partido pol\u00edtico \u201cVENTE VENEZUELA\u201d, la Sra. Machado o algunos de los que menciona lo han desmentido.<\/p>\n<p data-start=\"1096\" data-end=\"1437\">Entendemos que un orate como VILLALOBOS PADR\u00d3N diga semejantes barbaridades, como consecuencia de que se trata de un analfabeta, carente de escolaridad y sin ning\u00fan tipo de formaci\u00f3n acad\u00e9mica. Pero cre\u00edamos que Nitu, Carla y Miguel \u00c1ngel eran medianamente cultos. Con su silencio, c\u00f3mplices, convalidan los delitos de este enajenado mental.<\/p>\n<p data-start=\"1439\" data-end=\"1990\">D\u00e1ndole cumplimiento a su misi\u00f3n de desinformar y generar confusi\u00f3n, WENDER VILLALOBOS se\u00f1ala como responsable del manejo de la plataforma comunicacional multimedia de Tulio Capriles Mendoza a Gustavo Lainette, omitiendo intencionalmente la presencia de GERARDO GILL DAM (alias \u00abEl Ping\u00fcino\u00bb, \u00abYo soy Justin\u00bb, \u00abVV periodistas\u00bb, etc., etc., etc.), quien es realmente el asesor de todas las campa\u00f1as sucias que ordena \u201cTulito\u201d (as\u00ed lo llama Gill), Carlos M\u00e9ndez (CEO de EVTV) y Miguel \u00c1ngel Rodr\u00edguez (imagen publicitaria de la empresa de Gerardo Gill).<\/p>\n<p data-start=\"1439\" data-end=\"1990\"><iframe loading=\"lazy\" class=\"rumble\" src=\"https:\/\/rumble.com\/embed\/v6uf76s\/?pub=4dw2ke\" width=\"640\" height=\"360\" frameborder=\"0\" allowfullscreen=\"allowfullscreen\" data-mce-fragment=\"1\"><\/iframe><\/p>\n<p>Porque Miguel Angel Rodr\u00edguez no explica a quienes pertenece esta empresa:<\/p>\n<p><iframe loading=\"lazy\" class=\"rumble\" src=\"https:\/\/rumble.com\/embed\/v6uf778\/?pub=4dw2ke\" width=\"640\" height=\"360\" frameborder=\"0\" allowfullscreen=\"allowfullscreen\" data-mce-fragment=\"1\"><\/iframe><\/p>\n<p data-start=\"166\" data-end=\"400\">El juego es claro y siempre es el mismo: Gerardo Gill cobra por atacar a Mar\u00eda Corina Machado o a quien le pague, y WENDER sale a defender al o a los afectados, por lo cual tambi\u00e9n se lucran. Entre ellos no se atacan, ni se mencionan.<\/p>\n<p data-start=\"402\" data-end=\"652\">Como hacemos siempre, desmentiremos con argumentos contundentes sus aseveraciones, pero tengan claro que la persona que ha puesto a rodar la informaci\u00f3n falsa que lo vincula familiarmente con los Capriles L\u00f3pez es el propio Tulio, experto embaucador.<\/p>\n<p data-start=\"402\" data-end=\"652\"><a href=\"https:\/\/www.ciudadgoticanews.com\/wp-content\/uploads\/2025\/07\/photo_2025-07-24_10-29-38.jpg\"><img loading=\"lazy\" decoding=\"async\" class=\"aligncenter size-full wp-image-94966\" src=\"https:\/\/www.ciudadgoticanews.com\/wp-content\/uploads\/2025\/07\/photo_2025-07-24_10-29-38.jpg\" alt=\"\" width=\"835\" height=\"731\" \/><\/a><\/p>\n<p data-start=\"201\" data-end=\"389\"><strong data-start=\"201\" data-end=\"232\">Miguel \u00c1ngel Capriles Ayala<\/strong> (8 de febrero de 1915, San Esteban, Puerto Cabello, estado Carabobo \u2013 25 de abril de 1996) fue el jefe del grupo medi\u00e1tico <strong data-start=\"356\" data-end=\"375\">Cadena Capriles<\/strong> de Venezuela.<\/p>\n<h3 data-start=\"391\" data-end=\"415\">Informaci\u00f3n personal<\/h3>\n<ul data-start=\"417\" data-end=\"676\">\n<li data-start=\"417\" data-end=\"514\">\n<p data-start=\"419\" data-end=\"514\"><strong data-start=\"419\" data-end=\"434\">Nacimiento:<\/strong> 8 de febrero de 1915, San Esteban, Puerto Cabello, estado Carabobo, Venezuela<\/p>\n<\/li>\n<li data-start=\"515\" data-end=\"567\">\n<p data-start=\"517\" data-end=\"567\"><strong data-start=\"517\" data-end=\"535\">Fallecimiento:<\/strong> 25 de abril de 1996 (81 a\u00f1os)<\/p>\n<\/li>\n<li data-start=\"568\" data-end=\"600\">\n<p data-start=\"570\" data-end=\"600\"><strong data-start=\"570\" data-end=\"587\">Nacionalidad:<\/strong> Venezolana<\/p>\n<\/li>\n<li data-start=\"601\" data-end=\"646\">\n<p data-start=\"603\" data-end=\"646\"><strong data-start=\"603\" data-end=\"623\">Cargos ocupados:<\/strong> Senador de Venezuela<\/p>\n<\/li>\n<li data-start=\"647\" data-end=\"676\">\n<p data-start=\"649\" data-end=\"676\"><strong data-start=\"649\" data-end=\"670\">Partido pol\u00edtico:<\/strong> COPEI<\/p>\n<\/li>\n<\/ul>\n<hr data-start=\"678\" data-end=\"681\" \/>\n<h3 data-start=\"683\" data-end=\"696\">Biograf\u00eda<\/h3>\n<p data-start=\"698\" data-end=\"867\">Miguel \u00c1ngel Capriles lanz\u00f3 el diario <em data-start=\"736\" data-end=\"754\">\u00daltimas Noticias<\/em> en 1941, luego de las medidas libertarias implementadas por el presidente venezolano <strong data-start=\"840\" data-end=\"866\">Isa\u00edas Medina Angarita<\/strong>.<\/p>\n<p data-start=\"869\" data-end=\"1094\">En 1956, adquiri\u00f3 el diario <em data-start=\"897\" data-end=\"908\">La Esfera<\/em>. Durante una huelga declarada por la prensa caraque\u00f1a el 1 de enero de 1958 \u2014tras la sublevaci\u00f3n de la aviaci\u00f3n durante la dictadura de <strong data-start=\"1045\" data-end=\"1069\">Marcos P\u00e9rez Jim\u00e9nez<\/strong>\u2014, Capriles fue detenido.<\/p>\n<p data-start=\"1096\" data-end=\"1443\">El 3 de febrero de 1958, poco despu\u00e9s del fin de la dictadura (el 23 de enero), fund\u00f3 el vespertino <em data-start=\"1196\" data-end=\"1206\">El Mundo<\/em>, que durante gran parte de su existencia fue el \u00fanico peri\u00f3dico de su tipo en Venezuela. <em data-start=\"1296\" data-end=\"1307\">La Esfera<\/em> fue vendida en 1966. En 1959 compr\u00f3 la revista <em data-start=\"1355\" data-end=\"1362\">\u00c9lite<\/em>, y en 1962 adquiri\u00f3 <em data-start=\"1383\" data-end=\"1402\">Venezuela Gr\u00e1fica<\/em> y <em data-start=\"1405\" data-end=\"1414\">P\u00e1ginas<\/em> (esta \u00faltima cerr\u00f3 en 1999).<\/p>\n<p data-start=\"1445\" data-end=\"2059\">En 1965, fue nuevamente detenido, esta vez acusado de conspiraci\u00f3n por el gobierno de <strong data-start=\"1531\" data-end=\"1545\">Ra\u00fal Leoni<\/strong>. En 1966 fund\u00f3 el diario <em data-start=\"1571\" data-end=\"1580\">Cr\u00edtica<\/em> en Maracaibo (cerr\u00f3 en 1990); en 1968 cre\u00f3 el <em data-start=\"1627\" data-end=\"1648\">Suplemento Cultural<\/em> de <em data-start=\"1652\" data-end=\"1670\">\u00daltimas Noticias<\/em>; en 1969 fund\u00f3 el diario deportivo <em data-start=\"1706\" data-end=\"1713\">Extra<\/em> (cerrado un a\u00f1o despu\u00e9s); en 1970 fund\u00f3 <em data-start=\"1754\" data-end=\"1765\">Dominical<\/em>, revista dominical de <em data-start=\"1788\" data-end=\"1806\">\u00daltimas Noticias<\/em>, y la revista <em data-start=\"1821\" data-end=\"1832\">Hip\u00f3dromo<\/em>. En 1972 compr\u00f3 la revista <em data-start=\"1860\" data-end=\"1866\">Kena<\/em> (cerrada en 1999) y fund\u00f3 <em data-start=\"1893\" data-end=\"1901\">Kabala<\/em> y <em data-start=\"1904\" data-end=\"1912\">Alarma<\/em> (cerrada en 1973). En 1974 fund\u00f3 el peri\u00f3dico <em data-start=\"1959\" data-end=\"1974\">El Vespertino<\/em> en Maracaibo (cerrado en 1982). En 1988 cre\u00f3 <em data-start=\"2020\" data-end=\"2033\">Gu\u00eda H\u00edpica<\/em>, que funcion\u00f3 hasta 2007.<\/p>\n<p data-start=\"2061\" data-end=\"2261\">Fue elegido senador en 1968 por la lista del partido <strong data-start=\"2114\" data-end=\"2123\">COPEI<\/strong>. Siete candidatos vinculados a Capriles, incluido Pedro Ram\u00f3n Romero (editor de <em data-start=\"2204\" data-end=\"2214\">El Mundo<\/em>), fueron elegidos para la C\u00e1mara de Diputados.<\/p>\n<p data-start=\"2263\" data-end=\"2609\">Durante su per\u00edodo parlamentario, <em data-start=\"2297\" data-end=\"2307\">El Mundo<\/em> public\u00f3 \u201cun documento secreto\u201d sobre la situaci\u00f3n militar con Colombia y una eventual invasi\u00f3n a Venezuela. Como consecuencia, se le allan\u00f3 la inmunidad parlamentaria, por lo que se refugi\u00f3 en la embajada de Nicaragua y parti\u00f3 al exilio. A su regreso, fue detenido, pero los cargos fueron sobrese\u00eddos.<\/p>\n<p data-start=\"2611\" data-end=\"2741\">Tras su muerte en 1996, la presidencia de la <strong data-start=\"2656\" data-end=\"2675\">Cadena Capriles<\/strong> fue asumida en 1998 por su hijo, <strong data-start=\"2709\" data-end=\"2740\">Miguel \u00c1ngel Capriles L\u00f3pez<\/strong>.<\/p>\n<hr data-start=\"2743\" data-end=\"2746\" \/>\n<h3 data-start=\"2748\" data-end=\"2759\">Familia<\/h3>\n<p data-start=\"2761\" data-end=\"2853\">Su hermano, <strong data-start=\"2773\" data-end=\"2792\">Carlos Capriles<\/strong>, periodista e historiador, fue nombrado embajador en Espa\u00f1a.<\/p>\n<p data-start=\"2855\" data-end=\"3156\">Miguel \u00c1ngel Capriles Ayala fue padre de <strong data-start=\"2896\" data-end=\"2930\">Tanya Capriles de Brillembourg<\/strong>, reconocida coleccionista de arte, propietaria de la galer\u00eda <strong data-start=\"2992\" data-end=\"3003\">Ideobox<\/strong> en Miami y miembro de las juntas directivas del Museo de Bellas Artes de Houston, la New World Symphony en Miami Beach y el Museo Reina Sof\u00eda de Madrid.<\/p>\n<p data-start=\"3158\" data-end=\"3297\">Fue abuelo de <strong data-start=\"3172\" data-end=\"3194\">David Brillembourg<\/strong>, director del Instituto Latinoamericano del <strong data-start=\"3239\" data-end=\"3257\">Babson College<\/strong> y asesor de la <strong data-start=\"3273\" data-end=\"3296\">Fundaci\u00f3n SaludArte<\/strong>.<\/p>\n<p data-start=\"3304\" data-end=\"3457\" data-is-last-node=\"\" data-is-only-node=\"\"><a href=\"https:\/\/www.ciudadgoticanews.com\/wp-content\/uploads\/2025\/07\/photo_2025-07-24_10-31-32.jpg\"><img loading=\"lazy\" decoding=\"async\" class=\"aligncenter size-full wp-image-94969\" src=\"https:\/\/www.ciudadgoticanews.com\/wp-content\/uploads\/2025\/07\/photo_2025-07-24_10-31-32.jpg\" alt=\"\" width=\"1280\" height=\"880\" \/><\/a> <a href=\"https:\/\/www.ciudadgoticanews.com\/wp-content\/uploads\/2025\/07\/photo_2025-07-24_10-31-34.jpg\"><img loading=\"lazy\" decoding=\"async\" class=\"aligncenter size-full wp-image-94970\" src=\"https:\/\/www.ciudadgoticanews.com\/wp-content\/uploads\/2025\/07\/photo_2025-07-24_10-31-34.jpg\" alt=\"\" width=\"1280\" height=\"1085\" \/><\/a> <a href=\"https:\/\/www.ciudadgoticanews.com\/wp-content\/uploads\/2025\/07\/photo_2025-07-24_10-31-37.jpg\"><img loading=\"lazy\" decoding=\"async\" class=\"aligncenter size-full wp-image-94971\" src=\"https:\/\/www.ciudadgoticanews.com\/wp-content\/uploads\/2025\/07\/photo_2025-07-24_10-31-37.jpg\" alt=\"\" width=\"874\" height=\"1280\" \/><\/a> <a href=\"https:\/\/www.ciudadgoticanews.com\/wp-content\/uploads\/2025\/07\/photo_2025-07-24_10-31-40.jpg\"><img loading=\"lazy\" decoding=\"async\" class=\"aligncenter size-full wp-image-94972\" src=\"https:\/\/www.ciudadgoticanews.com\/wp-content\/uploads\/2025\/07\/photo_2025-07-24_10-31-40.jpg\" alt=\"\" width=\"1240\" height=\"1280\" \/><\/a><\/p>\n<p data-start=\"137\" data-end=\"175\"><strong data-start=\"137\" data-end=\"175\">MENTIRA CONTADA REPETIDA MIL VECES<\/strong><\/p>\n<p data-start=\"177\" data-end=\"620\">Muchos a\u00f1os atr\u00e1s, el padre o el abuelo de Tulio Capriles conoci\u00f3 personalmente a Miguel \u00c1ngel Capriles L\u00f3pez. Creo que fue en Maracay. Pudieron conversar por un par de horas. Cuando le insistieron en un posible v\u00ednculo familiar ancestral, Capriles Ayala neg\u00f3 rotundamente cualquier posibilidad al respecto. Personalmente, escuch\u00e9 en una ocasi\u00f3n \u2014antes de morir\u2014 cuando el fundador de la \u201cCadena Capriles\u201d nos cont\u00f3 la an\u00e9cdota en una reuni\u00f3n.<\/p>\n<p data-start=\"177\" data-end=\"620\"><a href=\"https:\/\/www.ciudadgoticanews.com\/wp-content\/uploads\/2025\/07\/photo_2025-07-24_10-32-21.jpg\"><img loading=\"lazy\" decoding=\"async\" class=\"aligncenter size-full wp-image-94976\" src=\"https:\/\/www.ciudadgoticanews.com\/wp-content\/uploads\/2025\/07\/photo_2025-07-24_10-32-21.jpg\" alt=\"\" width=\"1280\" height=\"880\" \/><\/a><\/p>\n<p data-start=\"213\" data-end=\"446\"><strong data-start=\"213\" data-end=\"446\">\u201cEn una ocasi\u00f3n acus\u00f3 a Eduardo Machado (familiar de Mar\u00eda Corina) de tratante de blancas, y cuando \u00e9ste lo demand\u00f3, solicit\u00f3 que le pasaran toda la informaci\u00f3n sobre el juez (Lemus) que hab\u00eda asumido el caso, para &#8216;reventarlo&#8217;.\u201d<\/strong><\/p>\n<p data-start=\"448\" data-end=\"583\">Tomado de un trabajo que public\u00f3 el periodista <strong data-start=\"495\" data-end=\"512\">Jos\u00e9 Sant Roz<\/strong> en septiembre de 2020. Aqu\u00ed podr\u00eda originarse el odio de Mar\u00eda Corina.<\/p>\n<hr data-start=\"585\" data-end=\"588\" \/>\n<p data-start=\"590\" data-end=\"655\"><strong data-start=\"590\" data-end=\"610\">Machado, Eduardo<\/strong><br data-start=\"610\" data-end=\"613\" \/><strong data-start=\"613\" data-end=\"655\">Caracas, 2.11.1902 \u2013 Caracas, 6.2.1996<\/strong><\/p>\n<p data-start=\"657\" data-end=\"1029\">Dirigente pol\u00edtico, fundador del <strong data-start=\"690\" data-end=\"724\">Partido Comunista de Venezuela<\/strong> junto con su hermano <strong data-start=\"746\" data-end=\"765\">Gustavo Machado<\/strong>, <strong data-start=\"767\" data-end=\"791\">Salvador de la Plaza<\/strong> y otros venezolanos. Descendiente de una familia de acaudalados terratenientes, abandon\u00f3 la comodidad del hogar formado por sus padres <strong data-start=\"927\" data-end=\"952\">Carlos Machado Romero<\/strong> y <strong data-start=\"955\" data-end=\"972\">Mar\u00eda Morales<\/strong> para militar en la causa del proletariado internacional.<\/p>\n<p data-start=\"1031\" data-end=\"1501\">Curs\u00f3 estudios primarios en el <strong data-start=\"1062\" data-end=\"1089\">Colegio Cat\u00f3lico Alem\u00e1n<\/strong> y secundarios en el <strong data-start=\"1110\" data-end=\"1127\">Liceo Caracas<\/strong>. Fervoroso deportista desde la adolescencia, fund\u00f3 junto con sus hermanos Gustavo y Roberto el <strong data-start=\"1223\" data-end=\"1242\">Los Samanes BBC<\/strong>, uno de los clubes de b\u00e9isbol que entre 1914 y 1918 mantuvo f\u00e9rrea rivalidad con el <strong data-start=\"1327\" data-end=\"1344\">Independencia<\/strong>, polarizando a los aficionados caraque\u00f1os del b\u00e9isbol de la \u00e9poca. Tambi\u00e9n sobresali\u00f3 en la pr\u00e1ctica del tenis, llegando a ser <strong data-start=\"1472\" data-end=\"1500\">campe\u00f3n nacional en 1923<\/strong>.<\/p>\n<p data-start=\"1503\" data-end=\"2005\">Desde muy joven particip\u00f3 en las luchas antigomecistas, lo que le vali\u00f3 persecuci\u00f3n y destierro. En 1924 abandon\u00f3 el pa\u00eds y se radic\u00f3 en <strong data-start=\"1640\" data-end=\"1648\">Cuba<\/strong>, donde colabor\u00f3 en la redacci\u00f3n del peri\u00f3dico <em data-start=\"1695\" data-end=\"1712\">Venezuela Libre<\/em>, particip\u00f3 activamente en los trabajos de la <strong data-start=\"1758\" data-end=\"1792\">Universidad Popular Jos\u00e9 Mart\u00ed<\/strong>, y en la fundaci\u00f3n del <strong data-start=\"1816\" data-end=\"1844\">Partido Comunista Cubano<\/strong> (1925), junto con <strong data-start=\"1863\" data-end=\"1886\">Julio Antonio Mella<\/strong> y otros luchadores pol\u00edticos. Asediado por la persecuci\u00f3n de la polic\u00eda cubana, fue obligado a asilarse en <strong data-start=\"1994\" data-end=\"2004\">M\u00e9xico<\/strong>.<\/p>\n<hr data-start=\"2007\" data-end=\"2010\" \/>\n<p data-start=\"2012\" data-end=\"2092\"><strong data-start=\"2012\" data-end=\"2092\">Los que no sab\u00edan, ahora conocen el origen ideol\u00f3gico de la familia Machado.<\/strong><\/p>\n<hr data-start=\"2094\" data-end=\"2097\" \/>\n<p data-start=\"2099\" data-end=\"2317\" data-is-last-node=\"\" data-is-only-node=\"\">Henrique Capriles Radonsky.<\/p>\n<p data-start=\"2099\" data-end=\"2317\" data-is-last-node=\"\" data-is-only-node=\"\"><a href=\"https:\/\/www.ciudadgoticanews.com\/wp-content\/uploads\/2025\/07\/photo_2025-07-24_10-33-33.jpg\"><img loading=\"lazy\" decoding=\"async\" class=\"aligncenter size-full wp-image-94980\" src=\"https:\/\/www.ciudadgoticanews.com\/wp-content\/uploads\/2025\/07\/photo_2025-07-24_10-33-33.jpg\" alt=\"\" width=\"107\" height=\"150\" \/><\/a><\/p>\n<p data-start=\"246\" data-end=\"290\"><strong data-start=\"246\" data-end=\"290\">Genealog\u00eda de Henrique Capriles Radonski<\/strong><\/p>\n<p data-start=\"292\" data-end=\"565\">La genealog\u00eda del dirigente pol\u00edtico venezolano <strong data-start=\"340\" data-end=\"370\">Henrique Capriles Radonski<\/strong> incluye a sus padres, <strong data-start=\"393\" data-end=\"414\">Leopoldo Capriles<\/strong> y <strong data-start=\"417\" data-end=\"436\">M\u00f3nica Radonski<\/strong>, y a sus abuelos maternos, <strong data-start=\"464\" data-end=\"483\">Andr\u00e9s Radonski<\/strong> y <strong data-start=\"486\" data-end=\"503\">Lili Bochenek<\/strong>, quienes emigraron desde <strong data-start=\"529\" data-end=\"540\">Polonia<\/strong> a <strong data-start=\"543\" data-end=\"556\">Venezuela<\/strong> en 1947.<\/p>\n<p data-start=\"567\" data-end=\"847\">Los Radonski se involucraron activamente en la <strong data-start=\"614\" data-end=\"654\">industria cinematogr\u00e1fica venezolana<\/strong>, siendo los creadores del <strong data-start=\"681\" data-end=\"702\">Circuito Radonski<\/strong>, que posteriormente se fusion\u00f3 con otros operadores para dar origen a <strong data-start=\"773\" data-end=\"782\">Cinex<\/strong>, hoy considerada la <strong data-start=\"803\" data-end=\"846\">cadena de cines m\u00e1s grande de Venezuela<\/strong>.<\/p>\n<p data-start=\"849\" data-end=\"1042\">Por el lado paterno, Henrique Capriles tambi\u00e9n tiene v\u00ednculos con el <strong data-start=\"918\" data-end=\"960\">conglomerado de medios Cadena Capriles<\/strong>, una de las empresas editoriales m\u00e1s influyentes del pa\u00eds durante varias d\u00e9cadas.<\/p>\n<hr data-start=\"1044\" data-end=\"1047\" \/>\n<p data-start=\"1049\" data-end=\"1078\"><strong data-start=\"1049\" data-end=\"1078\">Resumen de su genealog\u00eda:<\/strong><\/p>\n<ul data-start=\"1080\" data-end=\"1441\">\n<li data-start=\"1080\" data-end=\"1131\">\n<p data-start=\"1082\" data-end=\"1131\"><strong data-start=\"1082\" data-end=\"1093\">Padres:<\/strong> Leopoldo Capriles y M\u00f3nica Radonski<\/p>\n<\/li>\n<li data-start=\"1132\" data-end=\"1189\">\n<p data-start=\"1134\" data-end=\"1189\"><strong data-start=\"1134\" data-end=\"1155\">Abuelos maternos:<\/strong> Andr\u00e9s Radonski y Lili Bochenek<\/p>\n<\/li>\n<li data-start=\"1190\" data-end=\"1260\">\n<p data-start=\"1192\" data-end=\"1260\"><strong data-start=\"1192\" data-end=\"1219\">Origen de los Radonski:<\/strong> Polonia; emigraron a Venezuela en 1947<\/p>\n<\/li>\n<li data-start=\"1261\" data-end=\"1364\">\n<p data-start=\"1263\" data-end=\"1364\"><strong data-start=\"1263\" data-end=\"1293\">Actividad de los Radonski:<\/strong> Industria cinematogr\u00e1fica (fundadores del Circuito Radonski \u2192 Cinex)<\/p>\n<\/li>\n<li data-start=\"1365\" data-end=\"1441\">\n<p data-start=\"1367\" data-end=\"1441\"><strong data-start=\"1367\" data-end=\"1391\">Ascendencia paterna:<\/strong> Relaci\u00f3n con el grupo medi\u00e1tico Cadena Capriles<\/p>\n<\/li>\n<\/ul>\n<hr data-start=\"1443\" data-end=\"1446\" \/>\n<p data-start=\"1448\" data-end=\"1464\"><strong data-start=\"1448\" data-end=\"1464\">Referencias:<\/strong><\/p>\n<ul data-start=\"1466\" data-end=\"1687\">\n<li data-start=\"1466\" data-end=\"1561\">\n<p data-start=\"1468\" data-end=\"1561\"><a class=\"\" href=\"https:\/\/es.m.wikipedia.org\/wiki\/Henrique_Capriles\" target=\"_new\" rel=\"noopener\" data-start=\"1468\" data-end=\"1559\">Wikipedia \u2013 Henrique Capriles Radonski<\/a><\/p>\n<\/li>\n<li data-start=\"1562\" data-end=\"1687\">\n<p data-start=\"1564\" data-end=\"1687\"><a class=\"\" href=\"https:\/\/www.geni.com\/people\/Henrique-Capriles-Radonski\/6000000007335817466\" target=\"_new\" rel=\"noopener\" data-start=\"1564\" data-end=\"1687\">Geni \u2013 \u00c1rbol geneal\u00f3gico de Henrique Capriles<\/a><\/p>\n<\/li>\n<\/ul>\n<p>&nbsp;<\/p>\n<p><a href=\"https:\/\/www.ciudadgoticanews.com\/wp-content\/uploads\/2025\/07\/photo_2025-07-24_10-35-06.jpg\"><img loading=\"lazy\" decoding=\"async\" class=\"aligncenter size-full wp-image-94985\" src=\"https:\/\/www.ciudadgoticanews.com\/wp-content\/uploads\/2025\/07\/photo_2025-07-24_10-35-06.jpg\" alt=\"\" width=\"958\" height=\"1264\" \/><\/a><\/p>\n<p><img loading=\"lazy\" decoding=\"async\" class=\"aligncenter size-full wp-image-94987\" src=\"https:\/\/www.ciudadgoticanews.com\/wp-content\/uploads\/2025\/07\/photo_2025-07-24_10-35-50.jpg\" alt=\"\" width=\"566\" height=\"802\" \/><\/p>\n<h3 data-start=\"340\" data-end=\"370\"><strong data-start=\"344\" data-end=\"370\">Tulio Capriles Mendoza<\/strong><\/h3>\n<p data-start=\"372\" data-end=\"635\"><strong data-start=\"372\" data-end=\"449\">Doctorado Honoris Causa en Periodismo y Medios de Comunicaci\u00f3n por la UBA<\/strong><br data-start=\"449\" data-end=\"452\" \/><strong data-start=\"452\" data-end=\"467\">Nacimiento:<\/strong> Maracay, 1970<br data-start=\"481\" data-end=\"484\" \/><strong data-start=\"484\" data-end=\"495\">Padres:<\/strong> Tulio Randolfo Capriles Hern\u00e1ndez y Mary Mendoza de Capriles<br data-start=\"556\" data-end=\"559\" \/><strong data-start=\"559\" data-end=\"570\">Esposa:<\/strong> Desideria D\u2019Caro (<a class=\"\" href=\"https:\/\/www.dessideria.com\/\" target=\"_new\" rel=\"noopener\" data-start=\"589\" data-end=\"634\">dessideria.com<\/a>)<\/p>\n<hr data-start=\"637\" data-end=\"640\" \/>\n<h3 data-start=\"642\" data-end=\"673\"><strong data-start=\"646\" data-end=\"673\">Informaci\u00f3n Profesional<\/strong><\/h3>\n<p data-start=\"675\" data-end=\"1014\"><strong data-start=\"675\" data-end=\"709\">Tulio Manas\u00e9s Capriles Mendoza<\/strong> es propietario y operador de una empresa familiar de tercera generaci\u00f3n con intereses en prensa escrita, medios de comunicaci\u00f3n, distribuci\u00f3n, venta de materiales de construcci\u00f3n, seguros, salud, deportes profesionales, distribuci\u00f3n automotriz, alimentos y bienes ra\u00edces, con presencia en Am\u00e9rica Latina.<\/p>\n<p data-start=\"1016\" data-end=\"1267\">Posee amplia experiencia en <strong data-start=\"1044\" data-end=\"1084\">finanzas corporativas en Wall Street<\/strong> y tambi\u00e9n en <strong data-start=\"1098\" data-end=\"1124\">comercio internacional<\/strong>, especialmente entre Asia, Estados Unidos y Am\u00e9rica Latina, lo que ha contribuido a la expansi\u00f3n internacional del grupo empresarial familiar.<\/p>\n<p data-start=\"1269\" data-end=\"1623\">La familia Capriles es considerada <strong data-start=\"1304\" data-end=\"1366\">tradicional y fundadora temprana del apellido en Venezuela<\/strong>. Uno de sus antecesores, <strong data-start=\"1392\" data-end=\"1427\">Joseph Manas\u00e9s Capriles Ricardo<\/strong> (1837\u20131894), un jud\u00edo sefard\u00ed, fue nombrado <strong data-start=\"1472\" data-end=\"1505\">vicec\u00f3nsul en La Vela de Coro<\/strong> y distinguido como <strong data-start=\"1525\" data-end=\"1577\">Caballero Real de la Orden de Isabel la Cat\u00f3lica<\/strong> por el rey <strong data-start=\"1589\" data-end=\"1614\">Alfonso XII de Espa\u00f1a<\/strong> en 1878.<\/p>\n<p data-start=\"1625\" data-end=\"2292\">Nieto de <strong data-start=\"1634\" data-end=\"1659\">Tulio Capriles Senior<\/strong>, quien fund\u00f3 su primera estaci\u00f3n de radio en 1939, e hijo de <strong data-start=\"1721\" data-end=\"1749\">Tulio Capriles Hern\u00e1ndez<\/strong>, fundador del <strong data-start=\"1764\" data-end=\"1783\">Diario El Siglo<\/strong> en 1973, Tulio Capriles Mendoza impuls\u00f3 la creaci\u00f3n de <strong data-start=\"1839\" data-end=\"1858\">WorldNews24.com<\/strong>, una plataforma multinacional de noticias digitales. Esta se basa en una aplicaci\u00f3n llamada <strong data-start=\"1951\" data-end=\"1960\">FLASH<\/strong>, que permite a los usuarios convertirse en reporteros desde sus tel\u00e9fonos m\u00f3viles y recibir pagos por su contenido. Esta revolucionaria app ha sido llamada \u00abel <strong data-start=\"2121\" data-end=\"2147\">Uber de la informaci\u00f3n<\/strong>\u00bb y estaba prevista para lanzarse en noviembre de 2020. Est\u00e1 dirigida principalmente a la comunidad hispana en EE.UU. y otras regiones del mundo.<\/p>\n<p data-start=\"2294\" data-end=\"2461\">Con m\u00e1s de 85 a\u00f1os de tradici\u00f3n empresarial, la familia Capriles ha generado <strong data-start=\"2371\" data-end=\"2430\">m\u00e1s de 2.500 empleos directos y m\u00e1s de 3.000 indirectos<\/strong> en Venezuela y Am\u00e9rica Latina.<\/p>\n<p data-start=\"2463\" data-end=\"2818\">El <strong data-start=\"2466\" data-end=\"2502\">Grupo de Empresas Capriles (GEC)<\/strong> tambi\u00e9n lidera iniciativas sociales a trav\u00e9s de <strong data-start=\"2551\" data-end=\"2580\">FUNDACI\u00d3N TOROS DE ARAGUA<\/strong>, que promueve el deporte en comunidades de bajos recursos como herramienta contra las drogas. Adem\u00e1s, la organizaci\u00f3n <strong data-start=\"2699\" data-end=\"2725\">MANO AMIGA DE EL SIGLO<\/strong>, tambi\u00e9n sin fines de lucro, ha contribuido al tratamiento de pacientes gravemente enfermos.<\/p>\n<p data-start=\"2820\" data-end=\"2909\"><strong data-start=\"2820\" data-end=\"2831\">Fuente:<\/strong> <a class=\"\" href=\"https:\/\/tuliocaprilesmendoza.com\/\" target=\"_new\" rel=\"noopener\" data-start=\"2832\" data-end=\"2909\">P\u00e1gina oficial de Tulio Capriles Mendoza<\/a><\/p>\n<hr data-start=\"2911\" data-end=\"2914\" \/>\n<h3 data-start=\"2916\" data-end=\"2946\"><strong data-start=\"2920\" data-end=\"2946\">\u00bfUn toque bolivariano?<\/strong><\/h3>\n<p data-start=\"2948\" data-end=\"3293\"><em data-start=\"2948\" data-end=\"3293\">\u00abSe dice que la familia Capriles acogi\u00f3 en alg\u00fan momento al Libertador Sim\u00f3n Bol\u00edvar a su llegada, el 27 de agosto de 1812, a Curazao, cuando arrib\u00f3 en la goleta \u00abJes\u00fas, Mar\u00eda y Jos\u00e9\u00bb como pr\u00f3fugo. Luego de regresar a Venezuela, se supo que el Libertador dej\u00f3 una carta en agradecimiento a esta familia, la cual \u2014seg\u00fan afirman\u2014 a\u00fan conservan.\u00bb<\/em><\/p>\n<p data-start=\"3295\" data-end=\"3589\">Y claro, <strong data-start=\"3304\" data-end=\"3337\">Tulio no pod\u00eda quedarse atr\u00e1s<\/strong>. No ser\u00e1 descendiente del Libertador Sim\u00f3n Bol\u00edvar, pero <strong data-start=\"3395\" data-end=\"3424\">alg\u00fan supuesto antepasado<\/strong> suyo lo habr\u00eda alojado en el exilio, lo que \u2014seg\u00fan algunos\u2014 explicar\u00eda su genialidad: <strong data-start=\"3511\" data-end=\"3541\">un efluvio divino heredado<\/strong> de tan ilustre hu\u00e9sped. Nada mal para \u00abTulito\u00bb.<\/p>\n<p data-start=\"3596\" data-end=\"3884\" data-is-last-node=\"\" data-is-only-node=\"\"><a href=\"https:\/\/www.ciudadgoticanews.com\/wp-content\/uploads\/2025\/07\/photo_2025-07-24_10-36-37.jpg\"><img loading=\"lazy\" decoding=\"async\" class=\"aligncenter size-full wp-image-94992\" src=\"https:\/\/www.ciudadgoticanews.com\/wp-content\/uploads\/2025\/07\/photo_2025-07-24_10-36-37.jpg\" alt=\"\" width=\"406\" height=\"570\" \/><\/a><\/p>\n<h3 data-start=\"139\" data-end=\"194\"><strong data-start=\"143\" data-end=\"194\">UN ASESINO EN LA FAMILIA Y EL C\u00c1RTEL DE MARACAY<\/strong><\/h3>\n<p data-start=\"196\" data-end=\"483\">A inicios de la d\u00e9cada de los 90, la muerte de <strong data-start=\"243\" data-end=\"261\">Lorena M\u00e1rquez<\/strong> fue el caso que marc\u00f3 al centro del pa\u00eds, especialmente a la ciudad de <strong data-start=\"333\" data-end=\"344\">Maracay<\/strong>, capital del estado <strong data-start=\"365\" data-end=\"375\">Aragua<\/strong>, donde uno de sus protagonistas, <strong data-start=\"409\" data-end=\"429\">Manas\u00e9s Capriles<\/strong>, era due\u00f1o del principal medio de comunicaci\u00f3n local.<\/p>\n<p data-start=\"485\" data-end=\"651\">Adem\u00e1s de ser un reconocido empresario, <strong data-start=\"525\" data-end=\"536\">Manas\u00e9s<\/strong> fue uno de los financistas de la campa\u00f1a electoral que llev\u00f3 a la gobernaci\u00f3n a su candidato, <strong data-start=\"631\" data-end=\"650\">Carlos Tablante<\/strong>.<\/p>\n<p data-start=\"653\" data-end=\"723\"><strong data-start=\"653\" data-end=\"723\">Manas\u00e9s estaba claramente vinculado al narcotr\u00e1fico internacional.<\/strong><\/p>\n<p data-start=\"653\" data-end=\"723\"><a href=\"https:\/\/www.ciudadgoticanews.com\/wp-content\/uploads\/2025\/07\/photo_2025-07-24_10-36-58.jpg\"><img loading=\"lazy\" decoding=\"async\" class=\"aligncenter size-full wp-image-94995\" src=\"https:\/\/www.ciudadgoticanews.com\/wp-content\/uploads\/2025\/07\/photo_2025-07-24_10-36-58.jpg\" alt=\"\" width=\"627\" height=\"833\" \/><\/a> <a href=\"https:\/\/www.ciudadgoticanews.com\/wp-content\/uploads\/2025\/07\/photo_2025-07-24_10-37-01.jpg\"><img loading=\"lazy\" decoding=\"async\" class=\"aligncenter size-full wp-image-94996\" src=\"https:\/\/www.ciudadgoticanews.com\/wp-content\/uploads\/2025\/07\/photo_2025-07-24_10-37-01.jpg\" alt=\"\" width=\"851\" height=\"1233\" \/><\/a> <a href=\"https:\/\/www.ciudadgoticanews.com\/wp-content\/uploads\/2025\/07\/photo_2025-07-24_10-37-04.jpg\"><img loading=\"lazy\" decoding=\"async\" class=\"aligncenter size-full wp-image-94997\" src=\"https:\/\/www.ciudadgoticanews.com\/wp-content\/uploads\/2025\/07\/photo_2025-07-24_10-37-04.jpg\" alt=\"\" width=\"1105\" height=\"1192\" \/><\/a> <a href=\"https:\/\/www.ciudadgoticanews.com\/wp-content\/uploads\/2025\/07\/photo_2025-07-24_10-37-07.jpg\"><img loading=\"lazy\" decoding=\"async\" class=\"aligncenter size-full wp-image-94998\" src=\"https:\/\/www.ciudadgoticanews.com\/wp-content\/uploads\/2025\/07\/photo_2025-07-24_10-37-07.jpg\" alt=\"\" width=\"502\" height=\"586\" \/><\/a> <a href=\"https:\/\/www.ciudadgoticanews.com\/wp-content\/uploads\/2025\/07\/photo_2025-07-24_10-37-10.jpg\"><img loading=\"lazy\" decoding=\"async\" class=\"aligncenter size-full wp-image-94999\" src=\"https:\/\/www.ciudadgoticanews.com\/wp-content\/uploads\/2025\/07\/photo_2025-07-24_10-37-10.jpg\" alt=\"\" width=\"768\" height=\"602\" \/><\/a><\/p>\n","protected":false},"excerpt":{"rendered":"<p>Especial Redacci\u00f3n.- Desde hace meses, el peligroso delincuente venezolano WENDER ENRIQUE VILLALOBOS PADR\u00d3N ha insistido en tratar de imponer una narrativa donde asegura que: \u201cTulio Capriles Mendoza es familia de los hermanos Capriles L\u00f3pez y del dirigente pol\u00edtico Enrique Capriles Radonski\u201d, lo cual es completamente falso.<\/p>\n","protected":false},"author":1,"featured_media":14411,"comment_status":"open","ping_status":"open","sticky":false,"template":"","format":"standard","meta":{"h5ap_radio_sources":[],"footnotes":""},"categories":[9],"tags":[],"class_list":["post-14410","post","type-post","status-publish","format-standard","has-post-thumbnail","hentry","category-venezuela"],"aioseo_notices":[],"_links":{"self":[{"href":"https:\/\/www.ciudadgoticanews.com\/index.php\/wp-json\/wp\/v2\/posts\/14410","targetHints":{"allow":["GET"]}}],"collection":[{"href":"https:\/\/www.ciudadgoticanews.com\/index.php\/wp-json\/wp\/v2\/posts"}],"about":[{"href":"https:\/\/www.ciudadgoticanews.com\/index.php\/wp-json\/wp\/v2\/types\/post"}],"author":[{"embeddable":true,"href":"https:\/\/www.ciudadgoticanews.com\/index.php\/wp-json\/wp\/v2\/users\/1"}],"replies":[{"embeddable":true,"href":"https:\/\/www.ciudadgoticanews.com\/index.php\/wp-json\/wp\/v2\/comments?post=14410"}],"version-history":[{"count":1,"href":"https:\/\/www.ciudadgoticanews.com\/index.php\/wp-json\/wp\/v2\/posts\/14410\/revisions"}],"predecessor-version":[{"id":14427,"href":"https:\/\/www.ciudadgoticanews.com\/index.php\/wp-json\/wp\/v2\/posts\/14410\/revisions\/14427"}],"wp:featuredmedia":[{"embeddable":true,"href":"https:\/\/www.ciudadgoticanews.com\/index.php\/wp-json\/wp\/v2\/media\/14411"}],"wp:attachment":[{"href":"https:\/\/www.ciudadgoticanews.com\/index.php\/wp-json\/wp\/v2\/media?parent=14410"}],"wp:term":[{"taxonomy":"category","embeddable":true,"href":"https:\/\/www.ciudadgoticanews.com\/index.php\/wp-json\/wp\/v2\/categories?post=14410"},{"taxonomy":"post_tag","embeddable":true,"href":"https:\/\/www.ciudadgoticanews.com\/index.php\/wp-json\/wp\/v2\/tags?post=14410"}],"curies":[{"name":"wp","href":"https:\/\/api.w.org\/{rel}","templated":true}]}}