{"id":14428,"date":"2025-07-25T03:35:11","date_gmt":"2025-07-25T07:35:11","guid":{"rendered":"https:\/\/www.ciudadgoticanews.com\/?p=14428"},"modified":"2025-07-25T03:35:11","modified_gmt":"2025-07-25T07:35:11","slug":"queda-confirmada-la-denuncia-contra-antonio-ledezma-y-su-familia-por-propiedades-en-panama","status":"publish","type":"post","link":"https:\/\/www.ciudadgoticanews.com\/index.php\/2025\/07\/25\/queda-confirmada-la-denuncia-contra-antonio-ledezma-y-su-familia-por-propiedades-en-panama\/","title":{"rendered":"Queda Confirmada la Denuncia Contra Antonio Ledezma y su Familia por Propiedades en Panam\u00e1"},"content":{"rendered":"<p data-start=\"283\" data-end=\"741\"><strong data-start=\"283\" data-end=\"295\">Especial<\/strong>.\u2013 Qued\u00f3 absolutamente demostrada la veracidad de nuestras denuncias en contra de <strong data-start=\"377\" data-end=\"396\">Antonio Ledezma<\/strong> (quien fungi\u00f3 por un tiempo como \u201cCanciller\u201d de <strong data-start=\"445\" data-end=\"465\">Edmundo Gonz\u00e1lez<\/strong>), su esposa <strong data-start=\"478\" data-end=\"496\">Mitzy Capriles<\/strong> y una de las hijas de estos, en relaci\u00f3n con la existencia de al menos <strong data-start=\"568\" data-end=\"646\">cuatro lujosos apartamentos ubicados en el exclusivo barrio Punta Pac\u00edfica<\/strong>, en Ciudad de Panam\u00e1.<br data-start=\"668\" data-end=\"671\" \/>\ud83d\udd17 <a class=\"\" href=\"https:\/\/share.google\/EvaYLYHXjLrT0scfG\" target=\"_new\" rel=\"noopener\" data-start=\"674\" data-end=\"741\">Ver documento de respaldo<\/a><\/p>\n<p data-start=\"283\" data-end=\"741\"><!--more--><\/p>\n<h3 data-start=\"748\" data-end=\"783\">Entrevista en \u201cPlomo Parejo TV\u201d<\/h3>\n<p data-start=\"785\" data-end=\"1233\">Dicha denuncia fue ratificada durante una <strong data-start=\"827\" data-end=\"849\">entrevista en vivo<\/strong> que nos hiciera d\u00edas atr\u00e1s el comunicador <strong data-start=\"892\" data-end=\"912\">Iv\u00e1n Ballesteros<\/strong>, a trav\u00e9s de su canal en YouTube <strong data-start=\"946\" data-end=\"967\">\u201cPlomo Parejo TV\u201d<\/strong>, lo que gener\u00f3 diversas reacciones y acusaciones por parte de un reducido grupo de influencers tarifados al servicio de una de las mafias pol\u00edticas que operan en Venezuela.<br data-start=\"1140\" data-end=\"1143\" \/>\ud83d\udcfa <a class=\"\" href=\"https:\/\/www.youtube.com\/live\/GF68nl9-imw?si=C9tE3nt5_gTlJyWK\" target=\"_new\" rel=\"noopener\" data-start=\"1146\" data-end=\"1233\">Ver entrevista completa<\/a><\/p>\n<p data-start=\"1235\" data-end=\"1470\">Ballesteros fue acusado de \u201c<strong data-start=\"1263\" data-end=\"1296\">atacar a Mar\u00eda Corina Machado<\/strong>\u201d por brindarnos su tribuna para amplificar la difusi\u00f3n de la denuncia, pero ni la l\u00edder ultraderechista ni el exalcalde y exgobernador <strong data-start=\"1432\" data-end=\"1443\">Ledezma<\/strong> negaron los se\u00f1alamientos.<\/p>\n<hr data-start=\"1472\" data-end=\"1475\" \/>\n<h3 data-start=\"1477\" data-end=\"1508\">Acusaciones Contra el Autor<\/h3>\n<p data-start=\"1510\" data-end=\"1725\">A m\u00ed, <strong data-start=\"1516\" data-end=\"1536\">Nitu P\u00e9rez Osuna<\/strong> y su esposo <strong data-start=\"1549\" data-end=\"1574\">Vladimir Petit Medina<\/strong> me acusaron de pertenecer al \u201c<strong data-start=\"1605\" data-end=\"1618\">c\u00edrculo 0<\/strong>\u201d del ministro <strong data-start=\"1633\" data-end=\"1653\">Diosdado Cabello<\/strong> y de ser uno de los informantes de su programa \u201c<strong data-start=\"1702\" data-end=\"1723\">Con el Mazo Dando<\/strong>\u201d.<\/p>\n<p data-start=\"1727\" data-end=\"2134\">Pero cuando Ballesteros me increp\u00f3 se\u00f1alando que dichas denuncias eran muy graves y me ret\u00f3 a presentar pruebas, le respond\u00ed que <strong data-start=\"1856\" data-end=\"1899\">tengo copia de los t\u00edtulos de propiedad<\/strong>. A partir de ese momento, <strong data-start=\"1926\" data-end=\"2062\">los miembros del equipo de Mar\u00eda Corina Machado no tocaron m\u00e1s el tema y relevaron a Ledezma de cualquier actividad pol\u00edtica p\u00fablica<\/strong>.<br data-start=\"2063\" data-end=\"2066\" \/>\ud83d\udd17 <a class=\"\" href=\"https:\/\/share.google\/3oVe8f7kV53d1ofDP\" target=\"_new\" rel=\"noopener\" data-start=\"2069\" data-end=\"2134\">Ver documento adicional<\/a><\/p>\n<hr data-start=\"2136\" data-end=\"2139\" \/>\n<h3 data-start=\"2141\" data-end=\"2165\">Ataques e Hipocres\u00eda<\/h3>\n<p data-start=\"2167\" data-end=\"2414\">Este enajenado mental profiri\u00f3 todo tipo de <strong data-start=\"2211\" data-end=\"2283\">insultos y descalificaciones contra la periodista Sebastiana Barr\u00e1ez<\/strong>:<br data-start=\"2284\" data-end=\"2287\" \/>\ud83d\udcfa <a class=\"\" href=\"https:\/\/youtu.be\/J7c2zojIuqI?si=ORS_pLey3k4d5gRe\" target=\"_new\" rel=\"noopener\" data-start=\"2290\" data-end=\"2349\">Video 1<\/a><br data-start=\"2349\" data-end=\"2352\" \/>\ud83d\udcfa <a class=\"\" href=\"https:\/\/youtu.be\/GOCl-awC264?si=HitaqaX5IxHJdstu\" target=\"_new\" rel=\"noopener\" data-start=\"2355\" data-end=\"2414\">Video 2<\/a><\/p>\n<p data-start=\"2416\" data-end=\"2765\">Pero a <strong data-start=\"2423\" data-end=\"2448\">Do\u00f1a Nitu P\u00e9rez Osuna<\/strong> le parece que su actuaci\u00f3n es digna de un caballero, y en cambio <strong data-start=\"2514\" data-end=\"2548\">me acusa a m\u00ed de extorsionador<\/strong> por haberme atrevido a cuestionar el desempe\u00f1o medi\u00e1tico de su \u201cpandilla\u201d de influencers asalariados, al servicio de sus incuestionables \u00f3rdenes.<br data-start=\"2694\" data-end=\"2697\" \/>\ud83d\udcfa <a class=\"\" href=\"https:\/\/youtu.be\/Gwv45O7oHgU?si=dvQERvFzaJ86t3NI\" target=\"_new\" rel=\"noopener\" data-start=\"2700\" data-end=\"2765\">Ver acusaci\u00f3n<\/a><\/p>\n<p data-start=\"281\" data-end=\"454\">\ud83d\udd17 <a class=\"\" href=\"https:\/\/hable.se\/2024\/02\/chamel-y-jose-gaspard-morell-los-delitos-que-les-imputan-a-los-hermanos-venezolanos-buscados-por-interpol.html\" target=\"_new\" rel=\"noopener\" data-start=\"284\" data-end=\"454\">Art\u00edculo original de referencia<\/a><\/p>\n<p data-start=\"456\" data-end=\"737\"><strong data-start=\"456\" data-end=\"488\">Jos\u00e9 y Chamel Gaspard Morell<\/strong> son dos peligrosos estafadores seriales que actualmente cuentan con <strong data-start=\"557\" data-end=\"618\">alerta roja de captura internacional emitida por INTERPOL<\/strong>. El <strong data-start=\"623\" data-end=\"668\">Tribunal Supremo de Justicia de Venezuela<\/strong> emiti\u00f3 meses atr\u00e1s una solicitud formal de extradici\u00f3n en su contra.<\/p>\n<p data-start=\"739\" data-end=\"1146\">Adem\u00e1s, una corte del estado de <strong data-start=\"771\" data-end=\"790\">Florida, EE.UU.<\/strong>, exige su encarcelamiento por una <strong data-start=\"825\" data-end=\"861\">condena ratificada recientemente<\/strong>. El <strong data-start=\"866\" data-end=\"908\">gobierno federal de los Estados Unidos<\/strong> los requiere para ser juzgados bajo la <strong data-start=\"948\" data-end=\"960\">Ley RICO<\/strong> (Racketeer Influenced and Corrupt Organizations Act), al considerarlos <strong data-start=\"1032\" data-end=\"1074\">miembros activos del crimen organizado<\/strong>, involucrados en delitos como <strong data-start=\"1105\" data-end=\"1145\">sobornos, fraudes y lavado de dinero<\/strong>.<\/p>\n<hr data-start=\"1148\" data-end=\"1151\" \/>\n<h3 data-start=\"1153\" data-end=\"1196\">M\u00faltiples Procesos en Diferentes Pa\u00edses<\/h3>\n<p data-start=\"1198\" data-end=\"1395\">Los hermanos tambi\u00e9n son requeridos por la <strong data-start=\"1241\" data-end=\"1262\">justicia espa\u00f1ola<\/strong>, pa\u00eds del que poseen <strong data-start=\"1284\" data-end=\"1306\">doble nacionalidad<\/strong>, junto a un <strong data-start=\"1319\" data-end=\"1340\">letrado (abogado)<\/strong> que los asist\u00eda, quien fue imputado como <strong data-start=\"1382\" data-end=\"1394\">c\u00f3mplice<\/strong>.<\/p>\n<p data-start=\"1397\" data-end=\"1644\">Por su parte, las <strong data-start=\"1415\" data-end=\"1440\">autoridades paname\u00f1as<\/strong>, encabezadas por el <strong data-start=\"1461\" data-end=\"1492\">presidente Jos\u00e9 Ra\u00fal Mulino<\/strong> y el <strong data-start=\"1498\" data-end=\"1531\">ministro de Seguridad P\u00fablica<\/strong>, ordenaron <strong data-start=\"1543\" data-end=\"1582\">revocarles la nacionalidad paname\u00f1a<\/strong>, tras comprobarse que la hab\u00edan obtenido <strong data-start=\"1624\" data-end=\"1643\">mediante fraude<\/strong>.<\/p>\n<p data-start=\"1646\" data-end=\"1821\">Actualmente, enfrentan adem\u00e1s una investigaci\u00f3n abierta por parte de un <strong data-start=\"1718\" data-end=\"1747\">fiscal especial en Panam\u00e1<\/strong>, al estar incursos en <strong data-start=\"1770\" data-end=\"1799\">nuevas violaciones graves<\/strong> a las leyes vigentes.<\/p>\n<hr data-start=\"1823\" data-end=\"1826\" \/>\n<h3 data-start=\"1828\" data-end=\"1850\">Interpol al Acecho<\/h3>\n<p data-start=\"1852\" data-end=\"2058\">Los Gaspard Morell intentan desesperadamente evadir a la justicia, pero <strong data-start=\"1924\" data-end=\"1953\">su huida se ha complicado<\/strong>: <strong data-start=\"1955\" data-end=\"1988\">INTERPOL les pisa los talones<\/strong> y espera capturarlos <strong data-start=\"2010\" data-end=\"2057\">tan pronto abandonen el territorio paname\u00f1o<\/strong>.<\/p>\n<hr data-start=\"2060\" data-end=\"2063\" \/>\n<h3 data-start=\"2065\" data-end=\"2090\">Pr\u00f3ximas Revelaciones<\/h3>\n<p data-start=\"2092\" data-end=\"2429\">Ma\u00f1ana se ofrecer\u00e1n <strong data-start=\"2112\" data-end=\"2149\">detalles sobre el abogado espa\u00f1ol<\/strong> que actu\u00f3 en complicidad con ellos, as\u00ed como sobre el <strong data-start=\"2204\" data-end=\"2224\">Realtor paname\u00f1o<\/strong> (agente inmobiliario) implicado en el <strong data-start=\"2263\" data-end=\"2290\">encubrimiento de bienes<\/strong>, junto a los hijos de los Gaspard Morell y la familia de <strong data-start=\"2348\" data-end=\"2367\">Antonio Ledezma<\/strong>: su esposa <strong data-start=\"2379\" data-end=\"2388\">Mitzy<\/strong>, una de sus hijas, y otros relacionados.<\/p>\n<p data-start=\"2431\" data-end=\"2607\">Seg\u00fan las investigaciones, estar\u00edan implicados en <strong data-start=\"2481\" data-end=\"2529\">ventas simuladas, ocultamiento de patrimonio<\/strong> y <strong data-start=\"2532\" data-end=\"2561\">fingimiento de bancarrota<\/strong>, todo ello para <strong data-start=\"2578\" data-end=\"2606\">burlar la justicia local<\/strong>.<\/p>\n<hr data-start=\"2609\" data-end=\"2612\" \/>\n<h3 data-start=\"2614\" data-end=\"2644\">Operaci\u00f3n de Encubrimiento<\/h3>\n<p data-start=\"2646\" data-end=\"2844\">Actualmente, los implicados est\u00e1n finiquitando un entramado legal para <strong data-start=\"2717\" data-end=\"2767\">ocultar la participaci\u00f3n de la familia Ledezma<\/strong> en la <strong data-start=\"2774\" data-end=\"2843\">adquisici\u00f3n de millonarios inmuebles con dinero de origen il\u00edcito<\/strong>.<\/p>\n<p data-start=\"2846\" data-end=\"3125\">Y una <strong data-start=\"2852\" data-end=\"2874\">sorpresa adicional<\/strong>: se investiga que el <strong data-start=\"2896\" data-end=\"2951\">verdadero accionista mayoritario de Las Anclas Mall<\/strong> es el <strong data-start=\"2958\" data-end=\"3030\">exgobernador del estado Gu\u00e1rico y exalcalde metropolitano de Caracas<\/strong>, quien adem\u00e1s habr\u00eda sido <strong data-start=\"3057\" data-end=\"3075\">socio y amante<\/strong> de una de las principales \u201c<strong data-start=\"3103\" data-end=\"3114\">mu\u00f1ecas<\/strong>\u201d de PDVSA.<\/p>\n<p data-start=\"3127\" data-end=\"3295\">\ud83d\udd17 <a class=\"\" href=\"https:\/\/elpublique.me\/2025\/02\/antonio-ledezma-tuvo-romance-con-ely-jeims-siendo-ella-menor-de-edad.html\" target=\"_new\" rel=\"noopener\" data-start=\"3130\" data-end=\"3295\">Ver art\u00edculo relacionado sobre Antonio Ledezma y Ely Jeims<\/a><\/p>\n<p data-start=\"3127\" data-end=\"3295\"><a href=\"https:\/\/www.ciudadgoticanews.com\/wp-content\/uploads\/2025\/07\/photo_2025-07-25_09-31-20.jpg\"><img loading=\"lazy\" decoding=\"async\" class=\"aligncenter size-full wp-image-4020\" src=\"https:\/\/www.ciudadgoticanews.com\/wp-content\/uploads\/2025\/07\/photo_2025-07-25_09-31-20.jpg\" alt=\"\" width=\"1280\" height=\"834\" \/><\/a><\/p>\n<p data-start=\"3127\" data-end=\"3295\"><a href=\"https:\/\/www.ciudadgoticanews.com\/wp-content\/uploads\/2025\/07\/1_photo_2025-07-25_09-33-12.jpg\"><img loading=\"lazy\" decoding=\"async\" class=\"aligncenter size-full wp-image-4022\" src=\"https:\/\/www.ciudadgoticanews.com\/wp-content\/uploads\/2025\/07\/1_photo_2025-07-25_09-33-12.jpg\" alt=\"\" width=\"1280\" height=\"754\" \/><\/a><\/p>\n","protected":false},"excerpt":{"rendered":"<p>Especial.\u2013 Qued\u00f3 absolutamente demostrada la veracidad de nuestras denuncias en contra de Antonio Ledezma (quien fungi\u00f3 por un tiempo como \u201cCanciller\u201d de Edmundo Gonz\u00e1lez), su esposa Mitzy Capriles y una de las hijas de estos, en relaci\u00f3n con la existencia de al menos cuatro lujosos apartamentos ubicados en el exclusivo barrio Punta Pac\u00edfica, en Ciudad [&hellip;]<\/p>\n","protected":false},"author":1,"featured_media":14430,"comment_status":"open","ping_status":"open","sticky":false,"template":"","format":"standard","meta":{"h5ap_radio_sources":[],"footnotes":""},"categories":[9],"tags":[],"class_list":["post-14428","post","type-post","status-publish","format-standard","has-post-thumbnail","hentry","category-venezuela"],"aioseo_notices":[],"_links":{"self":[{"href":"https:\/\/www.ciudadgoticanews.com\/index.php\/wp-json\/wp\/v2\/posts\/14428","targetHints":{"allow":["GET"]}}],"collection":[{"href":"https:\/\/www.ciudadgoticanews.com\/index.php\/wp-json\/wp\/v2\/posts"}],"about":[{"href":"https:\/\/www.ciudadgoticanews.com\/index.php\/wp-json\/wp\/v2\/types\/post"}],"author":[{"embeddable":true,"href":"https:\/\/www.ciudadgoticanews.com\/index.php\/wp-json\/wp\/v2\/users\/1"}],"replies":[{"embeddable":true,"href":"https:\/\/www.ciudadgoticanews.com\/index.php\/wp-json\/wp\/v2\/comments?post=14428"}],"version-history":[{"count":1,"href":"https:\/\/www.ciudadgoticanews.com\/index.php\/wp-json\/wp\/v2\/posts\/14428\/revisions"}],"predecessor-version":[{"id":14433,"href":"https:\/\/www.ciudadgoticanews.com\/index.php\/wp-json\/wp\/v2\/posts\/14428\/revisions\/14433"}],"wp:featuredmedia":[{"embeddable":true,"href":"https:\/\/www.ciudadgoticanews.com\/index.php\/wp-json\/wp\/v2\/media\/14430"}],"wp:attachment":[{"href":"https:\/\/www.ciudadgoticanews.com\/index.php\/wp-json\/wp\/v2\/media?parent=14428"}],"wp:term":[{"taxonomy":"category","embeddable":true,"href":"https:\/\/www.ciudadgoticanews.com\/index.php\/wp-json\/wp\/v2\/categories?post=14428"},{"taxonomy":"post_tag","embeddable":true,"href":"https:\/\/www.ciudadgoticanews.com\/index.php\/wp-json\/wp\/v2\/tags?post=14428"}],"curies":[{"name":"wp","href":"https:\/\/api.w.org\/{rel}","templated":true}]}}