{"id":14440,"date":"2025-07-26T07:32:16","date_gmt":"2025-07-26T11:32:16","guid":{"rendered":"https:\/\/www.ciudadgoticanews.com\/?p=14440"},"modified":"2025-07-26T07:32:16","modified_gmt":"2025-07-26T11:32:16","slug":"antonio-ledezma-ordena-a-sus-testaferros-jose-y-chamel-gaspard-morell-traspasar-lujosos-inmuebles-en-panama","status":"publish","type":"post","link":"https:\/\/www.ciudadgoticanews.com\/index.php\/2025\/07\/26\/antonio-ledezma-ordena-a-sus-testaferros-jose-y-chamel-gaspard-morell-traspasar-lujosos-inmuebles-en-panama\/","title":{"rendered":"ANTONIO LEDEZMA ORDENA A SUS TESTAFERROS JOS\u00c9 Y CHAMEL GASPARD MORELL TRASPASAR LUJOSOS INMUEBLES EN PANAM\u00c1"},"content":{"rendered":"<p data-start=\"313\" data-end=\"335\"><em data-start=\"313\" data-end=\"335\">Especial Redacci\u00f3n.-<\/em><\/p>\n<p data-start=\"337\" data-end=\"804\">Hemos podido confirmar que recientemente el exalcalde y exgobernador venezolano Antonio Ledezma y su esposa Mitzy Capriles ordenaron a sus testaferros en Panam\u00e1, los peligrosos delincuentes internacionales Jos\u00e9 y Chamel Gaspard Morell, traspasar los lujosos inmuebles que poseen en ese pa\u00eds \u2014entre ellos, cuatro lujosos apartamentos ubicados en Punta Pac\u00edfica y en Las Anclas Mall, en La Chorrera\u2014 a un entramado de sociedades an\u00f3nimas donde no aparezcan sus nombres.<\/p>\n<p data-start=\"806\" data-end=\"979\"><!--more--><\/p>\n<p data-start=\"806\" data-end=\"979\">Dichos apartamentos estaban originalmente registrados a nombre de Antonio Ledezma, Mitzy Capriles, una hija de estos, as\u00ed como de los hijos mayores de Jos\u00e9 y Chamel Gaspard.<\/p>\n<p data-start=\"981\" data-end=\"1207\">El mecanismo empleado es una especie de venta simulada de las acciones de las empresas donde aparec\u00edan los antes mencionados, a otras de reciente creaci\u00f3n, donde en esta oportunidad Antonio, Mitzy y su hija quedar\u00e1n excluidos.<\/p>\n<p data-start=\"1209\" data-end=\"1789\">Hacemos un llamado al presidente de Panam\u00e1, Jos\u00e9 Ra\u00fal Mulino; al ministro de Seguridad P\u00fablica, Frank \u00c1brego; y al procurador general de la Naci\u00f3n, Luis Carlos G\u00f3mez Rudy, para que act\u00faen con urgencia en este asunto, ya que dichos inmuebles fueron comprados y\/o desarrollados con dinero producto de hechos de corrupci\u00f3n cometidos a lo largo de los a\u00f1os, en detrimento del Estado venezolano, vali\u00e9ndose de los altos cargos que ocup\u00f3 Ledezma en la administraci\u00f3n p\u00fablica de Venezuela. En este caso, est\u00e1n perfectamente configurados los delitos de lavado y legitimaci\u00f3n de capitales.<\/p>\n<p data-start=\"1791\" data-end=\"1983\">Debemos destacar p\u00fablicamente que el presidente Mulino ha actuado con mucha premura y diligencia cuando le hemos realizado alg\u00fan llamado p\u00fablico relacionado con hechos de corrupci\u00f3n y delitos.<\/p>\n<figure id=\"attachment_95026\" aria-describedby=\"caption-attachment-95026\" style=\"width: 783px\" class=\"wp-caption aligncenter\"><a href=\"https:\/\/www.ciudadgoticanews.com\/wp-content\/uploads\/2025\/07\/photo_2025-07-26_13-13-42.jpg\"><img loading=\"lazy\" decoding=\"async\" class=\"size-full wp-image-95026\" src=\"https:\/\/www.ciudadgoticanews.com\/wp-content\/uploads\/2025\/07\/photo_2025-07-26_13-13-42.jpg\" alt=\"\" width=\"783\" height=\"785\" \/><\/a><figcaption id=\"caption-attachment-95026\" class=\"wp-caption-text\">Frank Horna<\/figcaption><\/figure>\n<figure id=\"attachment_95027\" aria-describedby=\"caption-attachment-95027\" style=\"width: 1280px\" class=\"wp-caption aligncenter\"><a href=\"https:\/\/www.ciudadgoticanews.com\/wp-content\/uploads\/2025\/07\/photo_2025-07-26_13-13-44.jpg\"><img loading=\"lazy\" decoding=\"async\" class=\"size-full wp-image-95027\" src=\"https:\/\/www.ciudadgoticanews.com\/wp-content\/uploads\/2025\/07\/photo_2025-07-26_13-13-44.jpg\" alt=\"\" width=\"1280\" height=\"1122\" \/><\/a><figcaption id=\"caption-attachment-95027\" class=\"wp-caption-text\">Frank Horna<\/figcaption><\/figure>\n<p><iframe loading=\"lazy\" class=\"rumble\" src=\"https:\/\/rumble.com\/embed\/v6uihz4\/?pub=4dw2ke\" width=\"640\" height=\"360\" frameborder=\"0\" allowfullscreen=\"allowfullscreen\" data-mce-fragment=\"1\"><\/iframe><\/p>\n<p data-start=\"184\" data-end=\"555\">Frank Horna es el agente inmobiliario (realtor) a quien le han otorgado un contrato de exclusividad para vender algunos de los inmuebles: cuatro lujosos apartamentos en el exclusivo condominio <strong data-start=\"377\" data-end=\"390\">Oceanaire<\/strong>, dos en el <strong data-start=\"402\" data-end=\"417\">PH Bellagio<\/strong> \u2014todos ubicados en Punta Pac\u00edfica\u2014 y varios locales comerciales en <strong data-start=\"485\" data-end=\"504\">Las Anclas Mall<\/strong>. Es lo que hemos podido detectar hasta el momento.<\/p>\n<p data-start=\"557\" data-end=\"1257\">Frank Horna est\u00e1 actuando como <strong data-start=\"588\" data-end=\"600\">c\u00f3mplice<\/strong> de estos delincuentes y estar\u00eda incurso, entre otros delitos, en: <strong data-start=\"667\" data-end=\"783\">blanqueo de capitales, quiebra e insolvencia fraudulenta, evasi\u00f3n fiscal, quebrantamiento de medidas y sanciones<\/strong>, entre otros, en Panam\u00e1. Adem\u00e1s, se colocar\u00eda en la mira de las autoridades federales estadounidenses al colaborar con estos criminales, quienes est\u00e1n solicitados por la violaci\u00f3n de la <strong data-start=\"970\" data-end=\"982\">Ley RICO<\/strong> (Racketeer Influenced and Corrupt Organizations Act), conocida como Ley de Organizaciones Corruptas e Influenciadas por el Crimen Organizado, al ser considerados miembros de redes del crimen organizado e involucrados en delitos como <strong data-start=\"1216\" data-end=\"1256\">sobornos, fraudes y lavado de dinero<\/strong>.<\/p>\n<p data-start=\"557\" data-end=\"1257\"><a href=\"https:\/\/www.ciudadgoticanews.com\/wp-content\/uploads\/2025\/07\/photo_2025-07-26_13-15-47.jpg\"><img loading=\"lazy\" decoding=\"async\" class=\"aligncenter size-full wp-image-95032\" src=\"https:\/\/www.ciudadgoticanews.com\/wp-content\/uploads\/2025\/07\/photo_2025-07-26_13-15-47.jpg\" alt=\"\" width=\"1069\" height=\"1280\" \/><\/a> <a href=\"https:\/\/www.ciudadgoticanews.com\/wp-content\/uploads\/2025\/07\/photo_2025-07-26_13-15-51.jpg\"><img loading=\"lazy\" decoding=\"async\" class=\"aligncenter size-full wp-image-95033\" src=\"https:\/\/www.ciudadgoticanews.com\/wp-content\/uploads\/2025\/07\/photo_2025-07-26_13-15-51.jpg\" alt=\"\" width=\"1181\" height=\"1280\" \/><\/a><\/p>\n<p data-start=\"263\" data-end=\"358\">Este anuncio publicitario fue distribuido en el mercado inmobiliario por el propio Frank Horna:<\/p>\n<p data-start=\"365\" data-end=\"566\"><strong data-start=\"365\" data-end=\"388\">\u00a1Hola colegas! \ud83d\udc4b\ud83c\udffc<\/strong><br data-start=\"388\" data-end=\"391\" \/>Tengo disponibles <em data-start=\"409\" data-end=\"459\">varios modelos de unidades en venta en Oceanaire<\/em>, todos con vista al mar, en uno de los mejores edificios de Punta Pac\u00edfica. Aqu\u00ed les comparto info r\u00e1pida:<\/p>\n<p data-start=\"568\" data-end=\"666\">\ud83d\udccd<strong data-start=\"570\" data-end=\"594\">Modelo 03 \u2013 $450,000<\/strong><br data-start=\"594\" data-end=\"597\" \/>192 m\u00b2 | 2 rec\u00e1maras | 2.5 ba\u00f1os | 2 estacionamientos<br data-start=\"650\" data-end=\"653\" \/>Balc\u00f3n tipo L<\/p>\n<p data-start=\"668\" data-end=\"757\">\ud83d\udccd<strong data-start=\"670\" data-end=\"694\">Modelo 07 \u2013 $245,000<\/strong><br data-start=\"694\" data-end=\"697\" \/>86 m\u00b2 | 1 rec\u00e1mara | 1 ba\u00f1o | 1 estacionamiento<br data-start=\"744\" data-end=\"747\" \/>Con balc\u00f3n<\/p>\n<p data-start=\"759\" data-end=\"848\">\ud83d\udccd<strong data-start=\"761\" data-end=\"785\">Modelo 08 \u2013 $236,000<\/strong><br data-start=\"785\" data-end=\"788\" \/>84 m\u00b2 | 1 rec\u00e1mara | 1 ba\u00f1o | 1 estacionamiento<br data-start=\"835\" data-end=\"838\" \/>Con balc\u00f3n<\/p>\n<p data-start=\"850\" data-end=\"940\">\ud83d\udccd<strong data-start=\"852\" data-end=\"876\">Modelo 04 \u2013 $280,000<\/strong><br data-start=\"876\" data-end=\"879\" \/>119 m\u00b2 | 1 rec\u00e1mara | 1 ba\u00f1o | 1 estacionamiento<br data-start=\"927\" data-end=\"930\" \/>Con balc\u00f3n<\/p>\n<p data-start=\"942\" data-end=\"1047\">\ud83d\udce9 <em data-start=\"945\" data-end=\"1047\">Soy Frank Horna de House Hunters Panam\u00e1. Escr\u00edbanme si quieren m\u00e1s info o agendar visitas. \u00a1Gracias!<\/em><\/p>\n<p data-start=\"942\" data-end=\"1047\">P\u00e1gina web de la empresa inmobiliaria:<\/p>\n<p><a href=\"https:\/\/househunterspanama.com\/es\/sobre-nosotros\/\">https:\/\/househunterspanama.com\/es\/sobre-nosotros\/<\/a><\/p>\n<p>Este apartamento se asemeja a uno de los que esta en venta:<\/p>\n<blockquote class=\"wp-embedded-content\" data-secret=\"dMKRtwxfKk\"><p><a href=\"https:\/\/househunterspanama.com\/es\/listings\/apartamento-remodelado-de-2-dormitorios-en-oceanaire-punta-pacifica\/\">Apartamento Remodelado de 2 Dormitorios en Oceanaire, Punta Pacifica<\/a><\/p><\/blockquote>\n<p><iframe loading=\"lazy\" class=\"wp-embedded-content\" sandbox=\"allow-scripts\" security=\"restricted\" style=\"position: absolute; visibility: hidden;\" title=\"\u00abApartamento Remodelado de 2 Dormitorios en Oceanaire, Punta Pacifica\u00bb \u2014 HouseHuntersPanama\" src=\"https:\/\/househunterspanama.com\/es\/listings\/apartamento-remodelado-de-2-dormitorios-en-oceanaire-punta-pacifica\/embed\/#?secret=0XDMXf6bSG#?secret=dMKRtwxfKk\" data-secret=\"dMKRtwxfKk\" width=\"600\" height=\"338\" frameborder=\"0\" marginwidth=\"0\" marginheight=\"0\" scrolling=\"no\"><\/iframe><\/p>\n<p>A continuaci\u00f3n algunas im\u00e1genes del PH Bellagio Tower , para que tengan una idea del costo, lujo y confort:<\/p>\n<p><a href=\"https:\/\/www.ciudadgoticanews.com\/wp-content\/uploads\/2025\/07\/photo_2025-07-26_13-18-42.jpg\"><img loading=\"lazy\" decoding=\"async\" class=\"aligncenter size-full wp-image-95042\" src=\"https:\/\/www.ciudadgoticanews.com\/wp-content\/uploads\/2025\/07\/photo_2025-07-26_13-18-42.jpg\" alt=\"\" width=\"1280\" height=\"870\" \/><\/a> <a href=\"https:\/\/www.ciudadgoticanews.com\/wp-content\/uploads\/2025\/07\/photo_2025-07-26_13-18-44.jpg\"><img loading=\"lazy\" decoding=\"async\" class=\"aligncenter size-full wp-image-95043\" src=\"https:\/\/www.ciudadgoticanews.com\/wp-content\/uploads\/2025\/07\/photo_2025-07-26_13-18-44.jpg\" alt=\"\" width=\"878\" height=\"655\" \/><\/a> <a href=\"https:\/\/www.ciudadgoticanews.com\/wp-content\/uploads\/2025\/07\/photo_2025-07-26_13-18-47.jpg\"><img loading=\"lazy\" decoding=\"async\" class=\"aligncenter size-full wp-image-95044\" src=\"https:\/\/www.ciudadgoticanews.com\/wp-content\/uploads\/2025\/07\/photo_2025-07-26_13-18-47.jpg\" alt=\"\" width=\"932\" height=\"1280\" \/><\/a> <a href=\"https:\/\/www.ciudadgoticanews.com\/wp-content\/uploads\/2025\/07\/photo_2025-07-26_13-18-49.jpg\"><img loading=\"lazy\" decoding=\"async\" class=\"aligncenter size-full wp-image-95045\" src=\"https:\/\/www.ciudadgoticanews.com\/wp-content\/uploads\/2025\/07\/photo_2025-07-26_13-18-49.jpg\" alt=\"\" width=\"1006\" height=\"716\" \/><\/a> <a href=\"https:\/\/www.ciudadgoticanews.com\/wp-content\/uploads\/2025\/07\/photo_2025-07-26_13-18-52.jpg\"><img loading=\"lazy\" decoding=\"async\" class=\"aligncenter size-full wp-image-95046\" src=\"https:\/\/www.ciudadgoticanews.com\/wp-content\/uploads\/2025\/07\/photo_2025-07-26_13-18-52.jpg\" alt=\"\" width=\"908\" height=\"758\" \/><\/a><br \/>\nCuentas en instagram de de Frank Horna y de House Hunters Panam\u00e1:<\/p>\n<p>https:\/\/www.instagram.com\/househunters.panama?igsh=YXE0Y21wa3YyeDUx<\/p>\n<p>https:\/\/www.instagram.com\/frankhornare?igsh=bjBrNnV5cWx5c2Zy<\/p>\n<h3 data-start=\"201\" data-end=\"213\">ESCISI\u00d3N<\/h3>\n<p data-start=\"215\" data-end=\"380\">Esta es una figura legal que existe en Panam\u00e1, pero que Jos\u00e9 y Chamel Gaspard tratan de usar fraudulentamente. Primero explicaremos en qu\u00e9 consiste y c\u00f3mo se aplica:<\/p>\n<p data-start=\"382\" data-end=\"783\">En Panam\u00e1, la <strong data-start=\"396\" data-end=\"420\">escisi\u00f3n de empresas<\/strong> es un proceso legal y financiero que permite a una sociedad dividir su patrimonio \u2014ya sea en su totalidad o en parte\u2014 para transferirlo a una o m\u00e1s sociedades existentes o de nueva creaci\u00f3n, conocidas como <em data-start=\"627\" data-end=\"653\">sociedades beneficiarias<\/em>. Este proceso implica la segregaci\u00f3n de activos, pasivos y capital de la sociedad escindida y su traspaso a las nuevas entidades.<\/p>\n<h4 data-start=\"785\" data-end=\"843\">\u00bfEn qu\u00e9 consiste la escisi\u00f3n de sociedades en Panam\u00e1?<\/h4>\n<p data-start=\"845\" data-end=\"966\">La escisi\u00f3n, regulada por la <strong data-start=\"874\" data-end=\"896\">Ley No. 85 de 2012<\/strong>, que modifica el C\u00f3digo de Comercio, contempla dos tipos principales:<\/p>\n<ul data-start=\"968\" data-end=\"1287\">\n<li data-start=\"968\" data-end=\"1121\">\n<p data-start=\"970\" data-end=\"1121\"><strong data-start=\"970\" data-end=\"989\">Escisi\u00f3n total:<\/strong> La sociedad escindida transfiere la totalidad de sus activos, pasivos y operaciones a dos o m\u00e1s sociedades nuevas, y se disuelve.<\/p>\n<\/li>\n<li data-start=\"1122\" data-end=\"1287\">\n<p data-start=\"1124\" data-end=\"1287\"><strong data-start=\"1124\" data-end=\"1145\">Escisi\u00f3n parcial:<\/strong> La sociedad escindida divide una parte de su patrimonio para formar nuevas sociedades, mientras que la sociedad original contin\u00faa existiendo.<\/p>\n<\/li>\n<\/ul>\n<h4 data-start=\"1289\" data-end=\"1340\">Aspectos importantes de la escisi\u00f3n en Panam\u00e1:<\/h4>\n<ul data-start=\"1342\" data-end=\"2444\">\n<li data-start=\"1342\" data-end=\"1506\">\n<p data-start=\"1344\" data-end=\"1506\">La escisi\u00f3n puede realizarse mediante la divisi\u00f3n del patrimonio de la sociedad escindida o mediante su traspaso a sociedades ya existentes o de nueva creaci\u00f3n.<\/p>\n<\/li>\n<li data-start=\"1507\" data-end=\"1714\">\n<p data-start=\"1509\" data-end=\"1714\">Las sociedades beneficiarias pueden ser preexistentes o de reciente creaci\u00f3n, pero deben contar con los mismos socios o accionistas que la sociedad escindida, o bien, tener a esta \u00faltima como accionista.<\/p>\n<\/li>\n<li data-start=\"1715\" data-end=\"1828\">\n<p data-start=\"1717\" data-end=\"1828\">La escisi\u00f3n puede incluir la transferencia de activos, pasivos y del capital social de la sociedad escindida.<\/p>\n<\/li>\n<li data-start=\"1829\" data-end=\"1992\">\n<p data-start=\"1831\" data-end=\"1992\">La legislaci\u00f3n paname\u00f1a permite la transferencia aislada de activos y\/o pasivos, incluso si no guardan relaci\u00f3n entre s\u00ed, a diferencia de otras jurisdicciones.<\/p>\n<\/li>\n<li data-start=\"1993\" data-end=\"2168\">\n<p data-start=\"1995\" data-end=\"2168\"><strong data-start=\"1995\" data-end=\"2010\">Importante:<\/strong> La escisi\u00f3n no se considera una enajenaci\u00f3n a efectos fiscales, siempre que el valor de transferencia sea igual al valor contable de la sociedad escindida.<\/p>\n<\/li>\n<li data-start=\"2169\" data-end=\"2308\">\n<p data-start=\"2171\" data-end=\"2308\">La sociedad beneficiaria ser\u00e1 <strong data-start=\"2201\" data-end=\"2231\">solidariamente responsable<\/strong> con la sociedad escindida por las obligaciones tributarias de esta \u00faltima.<\/p>\n<\/li>\n<li data-start=\"2309\" data-end=\"2444\">\n<p data-start=\"2311\" data-end=\"2444\">La escisi\u00f3n debe ser comunicada a la <strong data-start=\"2348\" data-end=\"2387\">Direcci\u00f3n General de Ingresos (DGI)<\/strong> con al menos <strong data-start=\"2401\" data-end=\"2428\">30 d\u00edas de anticipaci\u00f3n<\/strong> a su ejecuci\u00f3n.<\/p>\n<\/li>\n<\/ul>\n<p>&nbsp;<\/p>\n<p><a href=\"https:\/\/www.ciudadgoticanews.com\/wp-content\/uploads\/2025\/07\/photo_2025-07-26_13-20-57.jpg\"><img loading=\"lazy\" decoding=\"async\" class=\"aligncenter size-full wp-image-95053\" src=\"https:\/\/www.ciudadgoticanews.com\/wp-content\/uploads\/2025\/07\/photo_2025-07-26_13-20-57.jpg\" alt=\"\" width=\"1280\" height=\"754\" \/><\/a><\/p>\n<p data-start=\"211\" data-end=\"549\">Ahora bien, como a estos estafadores sus v\u00edctimas les acaban de embargar un importante n\u00famero de locales en <strong data-start=\"319\" data-end=\"338\">Las Anclas Mall<\/strong>, est\u00e1n tratando \u2014a trav\u00e9s de una supuesta escisi\u00f3n\u2014 de <strong data-start=\"394\" data-end=\"442\">burlarse una vez m\u00e1s de la justicia paname\u00f1a<\/strong>, intentando traspasar dichos locales a nombre de otras empresas pertenecientes al mismo grupo empresarial.<\/p>\n<p data-start=\"551\" data-end=\"785\">Sin embargo, no debe olvidarse que en Panam\u00e1 <strong data-start=\"596\" data-end=\"684\">una fiscal\u00eda especial ha sido designada para investigarlos por blanqueo de capitales<\/strong>, lo que deja en evidencia que las autoridades est\u00e1n al tanto de las maniobras que intentan ejecutar.<\/p>\n<p data-start=\"787\" data-end=\"1225\">Adem\u00e1s, en el mes de octubre pr\u00f3ximo, <strong data-start=\"825\" data-end=\"874\">deber\u00edan comparecer en una audiencia en Miami<\/strong>, donde ser\u00e1n imputados por <strong data-start=\"902\" data-end=\"931\">violaciones a la Ley RICO<\/strong> (Racketeer Influenced and Corrupt Organizations Act). <strong data-start=\"986\" data-end=\"1043\">INTERPOL mantiene una alerta roja activa en su contra<\/strong>, por lo que, en cuanto salgan del territorio paname\u00f1o, <strong data-start=\"1099\" data-end=\"1125\">deber\u00e1n ser capturados<\/strong>. Tambi\u00e9n se les ha revocado la residencia, tras descubrirse que fue obtenida de manera fraudulenta.<\/p>\n<p data-start=\"1227\" data-end=\"1372\">As\u00ed que no lo tienen nada f\u00e1cil. <strong data-start=\"1260\" data-end=\"1372\">Que aprovechen el tiempo para seguir difam\u00e1ndonos e injuri\u00e1ndonos a mi hijo y a m\u00ed. Tiempo tendr\u00e1n de sobra.<\/strong><\/p>\n<p data-start=\"1227\" data-end=\"1372\">BONUS TRACK<\/p>\n<blockquote class=\"wp-embedded-content\" data-secret=\"D7JEpDrlZC\"><p><a href=\"https:\/\/reportedelaeconomia.com\/venezuela\/el-liderazgo-no-es-propiedad-de-nadie-es-un-mandato-ciudadano-por-oswaldo-munoz\/\">El liderazgo no es propiedad de nadie, es un mandato ciudadano, por Oswaldo Mu\u00f1oz<\/a><\/p><\/blockquote>\n<p><iframe loading=\"lazy\" class=\"wp-embedded-content\" sandbox=\"allow-scripts\" security=\"restricted\" style=\"position: absolute; visibility: hidden;\" title=\"\u00abEl liderazgo no es propiedad de nadie, es un mandato ciudadano, por Oswaldo Mu\u00f1oz\u00bb \u2014 REPORTE DE LA ECONOM\u00cdA\" src=\"https:\/\/reportedelaeconomia.com\/venezuela\/el-liderazgo-no-es-propiedad-de-nadie-es-un-mandato-ciudadano-por-oswaldo-munoz\/embed\/#?secret=xqd3Cdi6lv#?secret=D7JEpDrlZC\" data-secret=\"D7JEpDrlZC\" width=\"600\" height=\"338\" frameborder=\"0\" marginwidth=\"0\" marginheight=\"0\" scrolling=\"no\"><\/iframe><\/p>\n<p><iframe loading=\"lazy\" class=\"rumble\" src=\"https:\/\/rumble.com\/embed\/v6uii9s\/?pub=4dw2ke\" width=\"640\" height=\"360\" frameborder=\"0\" allowfullscreen=\"allowfullscreen\"><\/iframe><\/p>\n<p data-start=\"192\" data-end=\"496\">Todo lo conversaba o coordinaba por mensajes de WhatsApp con <strong data-start=\"253\" data-end=\"270\">Oswaldo Mu\u00f1oz<\/strong>. Adem\u00e1s de ser mi gran amigo, era miembro de nuestro consejo editorial. A las 9:40 p.m., hora de Madrid, me envi\u00f3 \u2014como siempre\u2014 en un archivo PDF, la pr\u00f3xima edici\u00f3n de <em data-start=\"441\" data-end=\"456\">El Venezolano<\/em> de Miami, y con ella su \u00faltima columna.<\/p>\n<p data-start=\"498\" data-end=\"653\">A primera hora de ayer viernes, me enter\u00e9 de su fallecimiento a trav\u00e9s de las redes sociales. Oswaldo llevaba meses luchando contra un c\u00e1ncer muy agresivo.<\/p>\n<p data-start=\"655\" data-end=\"798\">Lo he llorado como se llora la muerte f\u00edsica de un amigo, compa\u00f1ero de luchas, sue\u00f1os, esperanzas y confidencias. <strong data-start=\"769\" data-end=\"798\">Cu\u00e1nto lo voy a extra\u00f1ar.<\/strong><\/p>\n<p data-start=\"800\" data-end=\"979\">A Oswaldo lo mat\u00f3 <strong data-start=\"818\" data-end=\"835\">Carlos M\u00e9ndez<\/strong>, quien fuera su socio y amigo, y quien de manera fraudulenta le arrebat\u00f3 la mayor\u00eda accionaria de <strong data-start=\"934\" data-end=\"942\">EVTV<\/strong>, su gran sue\u00f1o, proyecto y creaci\u00f3n.<\/p>\n<p data-start=\"981\" data-end=\"1117\">Tengan la seguridad de que <strong data-start=\"1008\" data-end=\"1116\">no descansar\u00e9 hasta que M\u00e9ndez pague por todo el sufrimiento y la dolorosa agon\u00eda que le caus\u00f3 a Oswaldo<\/strong>.<\/p>\n<p data-start=\"1119\" data-end=\"1205\"><strong data-start=\"1119\" data-end=\"1205\">Amigos en las buenas y en las malas. Nos volveremos a ver. Paz a su alma. Q.E.P.D.<\/strong><\/p>\n<p data-start=\"1207\" data-end=\"1238\"><strong data-start=\"1207\" data-end=\"1238\">Jorge, Yenny y Aar\u00f3n Castro<\/strong><\/p>\n<p data-start=\"1207\" data-end=\"1238\"><a href=\"https:\/\/www.ciudadgoticanews.com\/wp-content\/uploads\/2025\/07\/photo_2025-07-26_13-31-15.jpg\"><img loading=\"lazy\" decoding=\"async\" class=\"aligncenter size-full wp-image-14441\" src=\"https:\/\/www.ciudadgoticanews.com\/wp-content\/uploads\/2025\/07\/photo_2025-07-26_13-31-15.jpg\" alt=\"\" width=\"512\" height=\"1280\" srcset=\"https:\/\/www.ciudadgoticanews.com\/wp-content\/uploads\/2025\/07\/photo_2025-07-26_13-31-15.jpg 512w, https:\/\/www.ciudadgoticanews.com\/wp-content\/uploads\/2025\/07\/photo_2025-07-26_13-31-15-120x300.jpg 120w, https:\/\/www.ciudadgoticanews.com\/wp-content\/uploads\/2025\/07\/photo_2025-07-26_13-31-15-410x1024.jpg 410w\" sizes=\"auto, (max-width: 512px) 100vw, 512px\" \/><\/a><\/p>\n","protected":false},"excerpt":{"rendered":"<p>Especial Redacci\u00f3n.- Hemos podido confirmar que recientemente el exalcalde y exgobernador venezolano Antonio Ledezma y su esposa Mitzy Capriles ordenaron a sus testaferros en Panam\u00e1, los peligrosos delincuentes internacionales Jos\u00e9 y Chamel Gaspard Morell, traspasar los lujosos inmuebles que poseen en ese pa\u00eds \u2014entre ellos, cuatro lujosos apartamentos ubicados en Punta Pac\u00edfica y en Las [&hellip;]<\/p>\n","protected":false},"author":1,"featured_media":14442,"comment_status":"open","ping_status":"open","sticky":false,"template":"","format":"standard","meta":{"h5ap_radio_sources":[],"footnotes":""},"categories":[9],"tags":[],"class_list":["post-14440","post","type-post","status-publish","format-standard","has-post-thumbnail","hentry","category-venezuela"],"aioseo_notices":[],"_links":{"self":[{"href":"https:\/\/www.ciudadgoticanews.com\/index.php\/wp-json\/wp\/v2\/posts\/14440","targetHints":{"allow":["GET"]}}],"collection":[{"href":"https:\/\/www.ciudadgoticanews.com\/index.php\/wp-json\/wp\/v2\/posts"}],"about":[{"href":"https:\/\/www.ciudadgoticanews.com\/index.php\/wp-json\/wp\/v2\/types\/post"}],"author":[{"embeddable":true,"href":"https:\/\/www.ciudadgoticanews.com\/index.php\/wp-json\/wp\/v2\/users\/1"}],"replies":[{"embeddable":true,"href":"https:\/\/www.ciudadgoticanews.com\/index.php\/wp-json\/wp\/v2\/comments?post=14440"}],"version-history":[{"count":1,"href":"https:\/\/www.ciudadgoticanews.com\/index.php\/wp-json\/wp\/v2\/posts\/14440\/revisions"}],"predecessor-version":[{"id":14453,"href":"https:\/\/www.ciudadgoticanews.com\/index.php\/wp-json\/wp\/v2\/posts\/14440\/revisions\/14453"}],"wp:featuredmedia":[{"embeddable":true,"href":"https:\/\/www.ciudadgoticanews.com\/index.php\/wp-json\/wp\/v2\/media\/14442"}],"wp:attachment":[{"href":"https:\/\/www.ciudadgoticanews.com\/index.php\/wp-json\/wp\/v2\/media?parent=14440"}],"wp:term":[{"taxonomy":"category","embeddable":true,"href":"https:\/\/www.ciudadgoticanews.com\/index.php\/wp-json\/wp\/v2\/categories?post=14440"},{"taxonomy":"post_tag","embeddable":true,"href":"https:\/\/www.ciudadgoticanews.com\/index.php\/wp-json\/wp\/v2\/tags?post=14440"}],"curies":[{"name":"wp","href":"https:\/\/api.w.org\/{rel}","templated":true}]}}