{"id":14455,"date":"2025-08-01T05:24:25","date_gmt":"2025-08-01T09:24:25","guid":{"rendered":"https:\/\/www.ciudadgoticanews.com\/?p=14455"},"modified":"2025-08-01T05:24:25","modified_gmt":"2025-08-01T09:24:25","slug":"el-tren-del-estafador-serial-tulio-capriles-hernandez-y-sus-sicarios-digitales-gerardo-gill-dams-y-wender-villalobos","status":"publish","type":"post","link":"https:\/\/www.ciudadgoticanews.com\/index.php\/2025\/08\/01\/el-tren-del-estafador-serial-tulio-capriles-hernandez-y-sus-sicarios-digitales-gerardo-gill-dams-y-wender-villalobos\/","title":{"rendered":"EL TREN DEL ESTAFADOR SERIAL TULIO CAPRILES HERNANDEZ  Y SUS SICARIOS DIGITALES GERARDO GILL DAMS Y WENDER VILLALOBOS"},"content":{"rendered":"<p data-start=\"245\" data-end=\"479\">Aproximadamente 8 a\u00f1os atr\u00e1s, y a trav\u00e9s de mi hijo, quien a\u00fan no hab\u00eda cumplido los 16 a\u00f1os, conoc\u00ed por v\u00eda telef\u00f3nica a Gerardo Gill Dams (alias \u201cJustin\u201d, \u201cEl Ping\u00fcino\u201d, \u201cVVperiodistas\u201d y una docena de identidades digitales falsas).<\/p>\n<p data-start=\"481\" data-end=\"750\">Nunca nos hemos visto personalmente. Al parecer, Gerardo residi\u00f3 un corto per\u00edodo en Panam\u00e1 y despu\u00e9s se march\u00f3 a Miami, donde reside y solicit\u00f3 asilo pol\u00edtico. Dicha solicitud fue admitida y, hasta la fecha, el gobierno norteamericano no la ha confirmado ni rechazado.<\/p>\n<p data-start=\"752\" data-end=\"1002\">Durante estos a\u00f1os ha tenido tiempo suficiente para conocerme: entorno familiar, vida pasada y presente, visi\u00f3n, vinculaciones, trabajo, etc., etc., etc. Como todo un psic\u00f3pata fr\u00edo y calculador, se fue convirtiendo en mi amigo y hasta en confidente.<\/p>\n<p data-start=\"1004\" data-end=\"1361\">A trav\u00e9s de Gerardo conoc\u00ed a un buen n\u00famero de empresarios y enchufados: Gonzalo Morales Divo, David Osio, Norka Luque, etc. Su verdadera fortaleza es la capacidad que tiene en el mundillo de los \u201cenchufados\u201d miameros. Es un gran relacionista p\u00fablico, ambicioso, sin escr\u00fapulos de ning\u00fan tipo, adicto al dinero f\u00e1cil, la dolce vita, las escort y la coca\u00edna.<\/p>\n<p data-start=\"1363\" data-end=\"2018\"><!--more--><\/p>\n<p data-start=\"1363\" data-end=\"2018\">Se dio a conocer como un \u201chacker arrech\u00edsimo\u201d quien fue imputado por el Ministerio P\u00fablico al atribuirle el acceso remoto a las pantallas electr\u00f3nicas de los aeropuertos internacionales de Maiquet\u00eda y Porlamar, para colocar mensajes vulgares en contra del presidente Nicol\u00e1s Maduro. Luego encabez\u00f3, en distintos momentos y circunstancias, ataques cibern\u00e9ticos en contra de p\u00e1ginas web de los gobiernos de Venezuela, Cuba y otros destinos del mundo. Esa fama de \u201cciberdelincuente\u201d y \u201chacker\u201d le ha permitido lucrarse como \u201cconsultor de seguridad cibern\u00e9tica\u201d, \u201climpiador reputacional\u201d y \u201cgenerador de contenidos pol\u00edticos digitales\u201d que luego se viralizan.<\/p>\n<p data-start=\"2020\" data-end=\"2735\">Al igual que Rafael \u201cRafa\u201d N\u00fa\u00f1ez, vende una especie de \u201ccobertura de servicios de seguridad digital\u201d que consiste en monitorear las 24 horas del d\u00eda las RRSS e internet, para desaparecer cualquier comentario o publicaci\u00f3n \u2014sin importar su extensi\u00f3n\u2014 que moleste a su cliente, denunciarla y reportarla usando herramientas digitales que generan cientos de comentarios y quejas, hasta que la respectiva RRSS cede y la borra. Esa gesti\u00f3n llega mucho m\u00e1s all\u00e1 y, en ocasiones, negocia con los administradores y\/o webmasters para que borren alg\u00fan contenido en particular. Adicionalmente, vende servicios para contraatacar y destruir civil y moralmente la reputaci\u00f3n de quien se atreva a denunciarlos, a \u00e9l o a su cliente.<\/p>\n<p data-start=\"2737\" data-end=\"3519\">A pesar de ser un hombre inculto, sin m\u00e9ritos acad\u00e9micos, carente de talento para escribir una nota de prensa y mucho menos un reportaje, gana miles de d\u00f3lares semanalmente por \u201censuciar reputaciones\u201d. Usando herramientas digitales \u2014que cualquier persona puede comprar\u2014 destruye a personas que luego quedar\u00e1n inevitablemente \u201cmanchadas\u201d de por vida, perjudic\u00e1ndolas en su entorno familiar, impidi\u00e9ndoles conseguir trabajo, pr\u00e9stamos, tarjetas de cr\u00e9dito, aperturar cuentas bancarias, obtener cr\u00e9ditos de la banca y hasta ingresar a un pa\u00eds. Todo, absolutamente todo, es consultado o revisado previamente por Google (googleando). Si el \u201ccliente\u201d no accede a sus pretensiones, termina convirti\u00e9ndose en su v\u00edctima. El mismo esquema de chantaje, fraude y estafa que ejecuta Rafa N\u00fa\u00f1ez.<\/p>\n<p data-start=\"3521\" data-end=\"3868\">Otro servicio es el llamado \u201cposicionamiento\u201d: consiste en publicar todo tipo de contenidos a favor de determinada persona (de todo tipo, sin perfil definido ni relaci\u00f3n alguna con su realidad, pero positivo). Lo publican en p\u00e1ginas de altos vol\u00famenes de visitas y desplazan a los negativos en los primeros lugares del motor de b\u00fasqueda de Google.<\/p>\n<p data-start=\"3521\" data-end=\"3868\"><img loading=\"lazy\" decoding=\"async\" class=\"aligncenter size-full wp-image-95150\" src=\"https:\/\/www.ciudadgoticanews.com\/wp-content\/uploads\/2025\/08\/photo_2025-08-01_10-30-36.jpg\" alt=\"\" width=\"856\" height=\"1280\" \/><\/p>\n<p data-start=\"269\" data-end=\"315\"><strong data-start=\"269\" data-end=\"315\">UN PSIC\u00d3PATA PELIGROSO: VENGATIVO Y DA\u00d1INO<\/strong><\/p>\n<p data-start=\"317\" data-end=\"815\">Al carecer de cultura y formaci\u00f3n acad\u00e9mica, plagia, copia y\/o duplica los contenidos. Aprendi\u00f3 con un maestro: Gonzalo Morales, mejor conocido como el \u201cGordo\u201d Gonzalo. Era el \u201cRey\u201d del mercado reputacional en Miami. Convirti\u00f3 el portal \u201cMiami Diario\u201d en un arma temida. Si alg\u00fan empresario, enchufado, banquero o bolichico ca\u00eda en sus manos, eran destruidos. Todos le rend\u00edan pleites\u00eda y le daban \u201cofrendas\u201d para gozar de sus buenos oficios y no caer en sus garras. Su sola menci\u00f3n generaba miedo.<\/p>\n<p data-start=\"817\" data-end=\"1241\">Gonzalo lleg\u00f3 a niveles inmanejables: mansiones en Miami, apartamentos en Nueva York (donde llegaban la plana mayor de Primero Justicia), un apartamento ubicado en el m\u00e1s exclusivo y lujoso condominio de Miami que le prest\u00f3 un par de a\u00f1os a Gustavo Guaid\u00f3, a cambio de \u201cmillonarios\u201d favores del gobierno interino; las mujeres m\u00e1s bellas (Aleska G\u00e9nesis y sus hermanas, una exnovia de Marc Anthony, Fabiola Colmenares, etc.).<\/p>\n<p data-start=\"1243\" data-end=\"1490\">El \u201cGordo\u201d obten\u00eda un cr\u00e9dito, sin ning\u00fan tipo de garant\u00eda, con tan solo levantar un tel\u00e9fono y comunicarse con alg\u00fan banquero venezolano residenciado en Miami, al que le conoc\u00eda historias que, si se filtraban a la opini\u00f3n p\u00fablica, lo destruir\u00edan.<\/p>\n<p data-start=\"1492\" data-end=\"2349\">Gonzalo era el propietario de un famoso restaurante italiano en Miami, donde se daba cita la \u00e9lite de los contratistas de PDVSA, funcionarios petroleros venezolanos, banqueros, pol\u00edticos y hasta artistas. El restaurante estaba repleto de micr\u00f3fonos ocultos. Las grabaciones obtenidas se negociaban con los protagonistas. As\u00ed, Gonz\u00e1lez Morales obtuvo cr\u00e9ditos que nunca pag\u00f3, contratos en CITGO y BARIVEN, tom\u00f3 el control tras bastidores de \u201cD\u00f3lar Today\u201d y la televisora por YouTube VPITV. As\u00ed se hizo amigo \u00edntimo de Lilian Tintori y Leopoldo L\u00f3pez. El Departamento de Justicia lo contrat\u00f3 como confidente y lo ha protegido hasta hoy. Ha delatado a decenas de c\u00e9lebres venezolanos. Su \u00faltimo chantaje m\u00e1s famoso fue en contra del clero cat\u00f3lico y la Arquidi\u00f3cesis de Miami, para que \u201ccertificaran\u201d que fue \u201ccurado\u201d por un milagro de Jos\u00e9 Gregorio Hern\u00e1ndez.<\/p>\n<p data-start=\"2351\" data-end=\"2754\">Su alumno m\u00e1s aventajado y <em data-start=\"2378\" data-end=\"2390\">office boy<\/em> o mandadero fue Gerardo Gill, a quien llamaba cari\u00f1osamente \u201cJerry\u201d, quien incluso vivi\u00f3 en uno de sus apartamentos. Gerardo aprendi\u00f3 con Gonzalo el \u201carte\u201d de usar a bellas escorts para obtener informaci\u00f3n incalculablemente valiosa y usarlas como llave para ingresar a los m\u00e1s exclusivos c\u00edrculos sociales. Luego puli\u00f3 dicho conocimiento junto a Gustavo Lainette.<\/p>\n<p data-start=\"2756\" data-end=\"3079\">Gonzalo Morales Divo me confes\u00f3 personalmente haber tenido en su \u201cn\u00f3mina personal\u201d a Jes\u00fas Medina Ezaine, Leocenis Garc\u00eda, Casto Ocando, Maibort Petit, Alberto Rodr\u00edguez Palencia, Raymond Azar e Iv\u00e1n Simonovis, a quienes empleaba para sus fines. Entre sus socios y c\u00f3mplices tuvo a Alberto Federico Ravell y Gustavo Guaid\u00f3.<\/p>\n<h3 data-start=\"263\" data-end=\"279\">UN TAL JERRY<\/h3>\n<p data-start=\"281\" data-end=\"508\">Cuando una p\u00e1gina web se posicionaba, Gonzalo hac\u00eda una oferta de compra o enviaba a \u201cJerry\u201d como emisario. Le sal\u00eda m\u00e1s barato comprarla y cobrar individualmente a los interesados en borrar alg\u00fan contenido que les perjudicara.<\/p>\n<p data-start=\"281\" data-end=\"508\"><a href=\"https:\/\/www.ciudadgoticanews.com\/wp-content\/uploads\/2025\/08\/photo_2025-08-01_10-31-45.jpg\"><img loading=\"lazy\" decoding=\"async\" class=\"aligncenter size-full wp-image-95155\" src=\"https:\/\/www.ciudadgoticanews.com\/wp-content\/uploads\/2025\/08\/photo_2025-08-01_10-31-45.jpg\" alt=\"\" width=\"947\" height=\"1235\" \/><\/a><\/p>\n<p data-start=\"510\" data-end=\"994\">Si no acced\u00edas, actuaban de manera hostil: atacaban la p\u00e1gina a trav\u00e9s de distintos mecanismos, buscaban alguna falla en el panel de control para ingresar a la base de datos, hac\u00edan denuncias por derechos de autor y, \u00faltimamente, compraban herramientas que les permiten obtener las claves de acceso archivadas en cualquier dispositivo electr\u00f3nico e ingresar a algunos portales para modificar sus bases de datos. Existe una herramienta que ingresa de manera directa a la base de datos.<\/p>\n<p data-start=\"996\" data-end=\"1438\">Abundan los ejemplos: D\u00f3lar Today (la base de datos fue negociada y alterada), PanAm Post (cuando un familiar de Mar\u00eda Corina Machado del personal qued\u00f3 inconforme con la liquidaci\u00f3n y se cobraron \u201cborrando\u201d contenidos), Maibort Petit y Norbey Mar\u00edn en su momento denunciaron haber sido \u201cv\u00edctimas\u201d de ciberataques en sus canales de YouTube, pero se rumora que recibieron grandes cantidades de dinero a cambio de desaparecer todo el contenido.<\/p>\n<p data-start=\"1440\" data-end=\"1641\">Pero debo reconocer que el \u201cGordo\u201d Gonzalo era medianamente culto, generoso, agradecido y leal. A trav\u00e9s de Gonzalo obtuve la valiosa informaci\u00f3n que me permiti\u00f3 develar al \u201ctriple agente\u201d C\u00e9sar Oma\u00f1a.<\/p>\n<p data-start=\"1643\" data-end=\"1973\">En varias ocasiones modificaron noticias dentro de la base de datos de la p\u00e1gina web del diario <em data-start=\"1739\" data-end=\"1753\">El Universal<\/em>, a solicitud de Francisco y Franco D\u2019Agostino, y alteraron el contenido de publicaciones donde ambos quedaban al descubierto. Simult\u00e1neamente, modificaron una noticia relativa a m\u00ed, para luego atribuirme la acci\u00f3n a m\u00ed.<\/p>\n<ul data-start=\"1975\" data-end=\"2552\">\n<li data-start=\"1975\" data-end=\"2261\">\n<p data-start=\"1977\" data-end=\"2261\"><a class=\"\" href=\"https:\/\/www.eluniversal.com\/politica\/134347\/francisco-dagostino-cunado-de-allup-seria-socio-de-julio-velutini-imputado-por-soborno-de-la-de\" target=\"_new\" rel=\"noopener\" data-start=\"1977\" data-end=\"2259\">https:\/\/www.eluniversal.com\/politica\/134347\/francisco-dagostino-cunado-de-allup-seria-socio-de-julio-velutini-imputado-por-soborno-de-la-de<\/a><\/p>\n<\/li>\n<li data-start=\"2262\" data-end=\"2552\">\n<p data-start=\"2264\" data-end=\"2552\"><a class=\"\" href=\"https:\/\/www.eluniversal.com\/internacional\/148702\/el-extorsionador-mas-grande-de-venezuela-jorge-elias-castro-fernandez-es-localizado-en-espana\" target=\"_new\" rel=\"noopener\" data-start=\"2264\" data-end=\"2552\">https:\/\/www.eluniversal.com\/internacional\/148702\/el-extorsionador-mas-grande-de-venezuela-jorge-elias-castro-fernandez-es-localizado-en-espana<\/a><\/p>\n<\/li>\n<\/ul>\n<p data-start=\"2559\" data-end=\"2747\" data-is-last-node=\"\" data-is-only-node=\"\"><a href=\"https:\/\/www.ciudadgoticanews.com\/wp-content\/uploads\/2025\/08\/Captura-de-pantalla-2025-08-01-a-las-10.33.58.png\"><img loading=\"lazy\" decoding=\"async\" class=\"aligncenter size-full wp-image-95159\" src=\"https:\/\/www.ciudadgoticanews.com\/wp-content\/uploads\/2025\/08\/Captura-de-pantalla-2025-08-01-a-las-10.33.58.png\" alt=\"\" width=\"1634\" height=\"770\" \/><\/a><\/p>\n<p data-start=\"2559\" data-end=\"2747\" data-is-last-node=\"\" data-is-only-node=\"\">En el pasado, cuando Gerardo Gill resid\u00eda en Venezuela, trabaj\u00f3 en PDVSA. En el a\u00f1o 2019 fue demandado junto a Angie P\u00e9rez por presunta difamaci\u00f3n al restaurante Bocas Grill, una trama que algunos catalogaron como un intento fallido de extorsi\u00f3n.<\/p>\n<blockquote class=\"wp-embedded-content\" data-secret=\"QUn17jRQQn\"><p><a href=\"https:\/\/www.diariocontraste.com\/2019\/10\/bocas-group-demanda-ante-corte-de-miami-por-difamacion-y-conspiracion-a-angie-perez-cesar-gonzalez-y-gerardo-gil-dams\/\">Bocas Group demanda ante corte de Miami por difamaci\u00f3n y conspiraci\u00f3n a Angie P\u00e9rez, Cesar Gonz\u00e1lez y Gerardo Gil Dams<\/a><\/p><\/blockquote>\n<p><iframe loading=\"lazy\" class=\"wp-embedded-content\" sandbox=\"allow-scripts\" security=\"restricted\" style=\"position: absolute; visibility: hidden;\" title=\"\u00abBocas Group demanda ante corte de Miami por difamaci\u00f3n y conspiraci\u00f3n a Angie P\u00e9rez, Cesar Gonz\u00e1lez y Gerardo Gil Dams\u00bb \u2014 Diario Contraste Noticias\" src=\"https:\/\/www.diariocontraste.com\/2019\/10\/bocas-group-demanda-ante-corte-de-miami-por-difamacion-y-conspiracion-a-angie-perez-cesar-gonzalez-y-gerardo-gil-dams\/embed\/#?secret=bo3sywJCzl#?secret=QUn17jRQQn\" data-secret=\"QUn17jRQQn\" width=\"600\" height=\"338\" frameborder=\"0\" marginwidth=\"0\" marginheight=\"0\" scrolling=\"no\"><\/iframe><\/p>\n<p><iframe loading=\"lazy\" class=\"scribd_iframe_embed\" tabindex=\"0\" title=\"Bocas Group demanda ante corte de Miami por difamaci\u00f3n y conspiraci\u00f3n a Angie P\u00e9rez\" src=\"https:\/\/www.scribd.com\/embeds\/431561100\/content?start_page=1&amp;view_mode=scroll&amp;access_key=key-BUk9ahxPP0sSE6pS7lD8\" width=\"100%\" height=\"600\" frameborder=\"0\" scrolling=\"no\" data-auto-height=\"true\" data-aspect-ratio=\"0.7729220222793488\" data-mce-fragment=\"1\"><\/iframe><\/p>\n<p style=\"margin: 12px auto 6px auto; font-family: Helvetica,Arial,Sans-serif; font-size: 14px; line-height: normal; display: block;\"><a style=\"color: #098642; text-decoration: underline;\" title=\"View Bocas Group demanda ante corte de Miami por difamaci\u00f3n y conspiraci\u00f3n a Angie P\u00e9rez on Scribd\" href=\"https:\/\/www.scribd.com\/document\/431561100\/Bocas-Group-demanda-ante-corte-de-Miami-por-difamacion-y-conspiracion-a-Angie-Perez#from_embed\"> Bocas Group demanda ante corte de Miami por difamaci\u00f3n y conspiraci\u00f3n a Angie P\u00e9rez <\/a> by <a style=\"color: #098642; text-decoration: underline;\" title=\"View Kenyer's profile on Scribd\" href=\"https:\/\/www.scribd.com\/user\/446035805\/Kenyer#from_embed\"> Kenyer <\/a><\/p>\n<p>EL DREAM TEAM<\/p>\n<p><a href=\"https:\/\/www.ciudadgoticanews.com\/wp-content\/uploads\/2025\/08\/photo_2025-08-01_10-38-17.jpg\"><img loading=\"lazy\" decoding=\"async\" class=\"aligncenter size-full wp-image-95166\" src=\"https:\/\/www.ciudadgoticanews.com\/wp-content\/uploads\/2025\/08\/photo_2025-08-01_10-38-17.jpg\" alt=\"\" width=\"750\" height=\"763\" \/><\/a><\/p>\n<p><iframe loading=\"lazy\" class=\"rumble\" src=\"https:\/\/rumble.com\/embed\/v6usbdw\/?pub=4dw2ke\" width=\"640\" height=\"360\" frameborder=\"0\" allowfullscreen=\"allowfullscreen\" data-mce-fragment=\"1\"><\/iframe><\/p>\n<p>Gerardo Gill Dams es una persona inculta, resentido, acomplejado, pero muy ambicioso, sin escr\u00fapulos, dispuesto a lo que sea para mantener su opulento tren de vida. Acostumbrado a gastar el dinero mal habido a manos llenas y a salir todas las noches en Miami a los mejores sitios, a cambio de traicionar hasta a su madre.<\/p>\n<p data-start=\"655\" data-end=\"962\">En diciembre de 2019 la situaci\u00f3n econ\u00f3mica estaba muy mal, y Gonzalo fue la \u00fanica persona que se compadeci\u00f3 y me hizo un generoso obsequio. \u00a1Dios m\u00edo! Tuvimos cena de A\u00f1o Nuevo, regalos tard\u00edos pero recibidos con mucho gusto, y pudimos pagar parte de los gastos acad\u00e9micos de mi hijo, que ten\u00eda pendientes.<\/p>\n<p data-start=\"964\" data-end=\"1808\">Tan pronto se enter\u00f3, estall\u00f3 la ira de Gerardo. Jur\u00f3 venganza, y lo hizo. Un par de semanas despu\u00e9s me enter\u00e9, por boca del propio Gerardo, que la junta directiva del portal \u201cThe Freedom Post\u201d, encabezada por Laura De Rosa Mart\u00ednez, hab\u00eda publicado un amplio comunicado desvincul\u00e1ndose de m\u00ed, porque \u2014a trav\u00e9s de una intensa campa\u00f1a de descr\u00e9dito\u2014 dec\u00edan que eran mis empleados y que dicho portal me pertenec\u00eda. La respuesta fue peor que la campa\u00f1a misma. Cuando les respond\u00ed, publicaron un segundo comunicado, peor que el primero. Mi hijo era a\u00fan menor de edad, ten\u00eda 17 a\u00f1os; nos acusaron de las peores atrocidades y nos criminalizaron. A\u00fan en la web se encuentran algunas de esas publicaciones. No midieron las consecuencias. Nos subestimaron. Tomamos el hacha de la guerra y algunos de su <em data-start=\"1758\" data-end=\"1765\">staff<\/em> salieron salpicados de mierda de por vida.<\/p>\n<p data-start=\"1810\" data-end=\"2089\">Pocos d\u00edas despu\u00e9s, y por intermediaci\u00f3n del propio Gerardo, pactamos una tregua. Todo era obra de su mente maquiav\u00e9lica. A trav\u00e9s de ellos me enter\u00e9 de \u201cinterioridades\u201d del equipo de <em data-start=\"1994\" data-end=\"2013\">Factores de Poder<\/em> que habr\u00eda preferido no conocer. Laura era la productora de Patricia Poleo.<\/p>\n<p data-start=\"2091\" data-end=\"2335\">En medio de la refriega, y sin que nadie lo hubiera mencionado, apareci\u00f3 el anodino Tulio Capriles Mendoza a meterse con mi hijo. Fue f\u00e1cil detenerlo: solo hace falta recordarle algunas verdades. Como deben ya imaginar, el mediador fue Gerardo.<\/p>\n<p data-start=\"2337\" data-end=\"2556\">Ese <em data-start=\"2341\" data-end=\"2357\">modus operandi<\/em> es recurrente por parte de \u201cJerry\u201d: cree conocerme y siempre est\u00e1 seguro de predecir mis reacciones, apelando constantemente a ofender a mi madre, esposa e hijo. Este \u00faltimo ya va a cumplir 24 a\u00f1os.<\/p>\n<p data-start=\"281\" data-end=\"508\"><a href=\"https:\/\/www.ciudadgoticanews.com\/wp-content\/uploads\/2025\/08\/Captura-de-pantalla-2025-08-01-a-las-10.42.31.png\"><img loading=\"lazy\" decoding=\"async\" class=\"aligncenter size-full wp-image-95171\" src=\"https:\/\/www.ciudadgoticanews.com\/wp-content\/uploads\/2025\/08\/Captura-de-pantalla-2025-08-01-a-las-10.42.31.png\" alt=\"\" width=\"1214\" height=\"1508\" \/><\/a> <a href=\"https:\/\/www.ciudadgoticanews.com\/wp-content\/uploads\/2025\/08\/Captura-de-pantalla-2025-08-01-a-las-10.42.12.png\"><img loading=\"lazy\" decoding=\"async\" class=\"aligncenter size-full wp-image-95172\" src=\"https:\/\/www.ciudadgoticanews.com\/wp-content\/uploads\/2025\/08\/Captura-de-pantalla-2025-08-01-a-las-10.42.12.png\" alt=\"\" width=\"1192\" height=\"1486\" \/><\/a> <a href=\"https:\/\/www.ciudadgoticanews.com\/wp-content\/uploads\/2025\/08\/Captura-de-pantalla-2025-08-01-a-las-10.42.04.png\"><img loading=\"lazy\" decoding=\"async\" class=\"aligncenter size-full wp-image-95173\" src=\"https:\/\/www.ciudadgoticanews.com\/wp-content\/uploads\/2025\/08\/Captura-de-pantalla-2025-08-01-a-las-10.42.04.png\" alt=\"\" width=\"1468\" height=\"1474\" \/><\/a><\/p>\n<p data-start=\"281\" data-end=\"508\"><a href=\"https:\/\/www.ciudadgoticanews.com\/wp-content\/uploads\/2025\/08\/Captura-de-pantalla-2025-08-01-a-las-10.43.25.png\"><img loading=\"lazy\" decoding=\"async\" class=\"aligncenter size-full wp-image-95176\" src=\"https:\/\/www.ciudadgoticanews.com\/wp-content\/uploads\/2025\/08\/Captura-de-pantalla-2025-08-01-a-las-10.43.25.png\" alt=\"\" width=\"1108\" height=\"1244\" \/><\/a> <a href=\"https:\/\/www.ciudadgoticanews.com\/wp-content\/uploads\/2025\/08\/Captura-de-pantalla-2025-08-01-a-las-10.43.18.png\"><img loading=\"lazy\" decoding=\"async\" class=\"aligncenter size-full wp-image-95177\" src=\"https:\/\/www.ciudadgoticanews.com\/wp-content\/uploads\/2025\/08\/Captura-de-pantalla-2025-08-01-a-las-10.43.18.png\" alt=\"\" width=\"1152\" height=\"1150\" \/><\/a><a href=\"https:\/\/www.ciudadgoticanews.com\/wp-content\/uploads\/2025\/08\/Captura-de-pantalla-2025-08-01-a-las-10.44.06.png\"><img loading=\"lazy\" decoding=\"async\" class=\"aligncenter size-full wp-image-95179\" src=\"https:\/\/www.ciudadgoticanews.com\/wp-content\/uploads\/2025\/08\/Captura-de-pantalla-2025-08-01-a-las-10.44.06.png\" alt=\"\" width=\"1074\" height=\"1128\" \/><\/a><a href=\"https:\/\/www.ciudadgoticanews.com\/wp-content\/uploads\/2025\/08\/Captura-de-pantalla-2025-08-01-a-las-10.44.29.png\"><img loading=\"lazy\" decoding=\"async\" class=\"aligncenter size-full wp-image-95180\" src=\"https:\/\/www.ciudadgoticanews.com\/wp-content\/uploads\/2025\/08\/Captura-de-pantalla-2025-08-01-a-las-10.44.29.png\" alt=\"\" width=\"1404\" height=\"1176\" \/><\/a><\/p>\n<p class=\"p1\">A d\u00eda de hoy fund\u00f3 la empresa TURBO CREDIT, una supuesta empresa de reparaci\u00f3n de cr\u00e9ditos, junto a su compa\u00f1era sentimental Maria Infante (complice de muchas fechor\u00edas del se\u00f1or Gerardo). Esta se autodenomina como \u201c<b>Credit Repair Specialist\u201d<\/b><\/p>\n<p>&nbsp;<\/p>\n<p><iframe loading=\"lazy\" class=\"rumble\" src=\"https:\/\/rumble.com\/embed\/v6usbjk\/?pub=4dw2ke\" width=\"640\" height=\"360\" frameborder=\"0\" allowfullscreen=\"allowfullscreen\" data-mce-fragment=\"1\"><\/iframe><\/p>\n<p><iframe loading=\"lazy\" class=\"rumble\" src=\"https:\/\/rumble.com\/embed\/v6usbl6\/?pub=4dw2ke\" width=\"640\" height=\"360\" frameborder=\"0\" allowfullscreen=\"allowfullscreen\" data-mce-fragment=\"1\"><\/iframe><\/p>\n<figure id=\"attachment_95185\" aria-describedby=\"caption-attachment-95185\" style=\"width: 1098px\" class=\"wp-caption aligncenter\"><a href=\"https:\/\/www.ciudadgoticanews.com\/wp-content\/uploads\/2025\/08\/Captura-de-pantalla-2025-08-01-a-las-10.48.31.png\"><img loading=\"lazy\" decoding=\"async\" class=\"size-full wp-image-95185\" src=\"https:\/\/www.ciudadgoticanews.com\/wp-content\/uploads\/2025\/08\/Captura-de-pantalla-2025-08-01-a-las-10.48.31.png\" alt=\"\" width=\"1098\" height=\"1358\" \/><\/a><figcaption id=\"caption-attachment-95185\" class=\"wp-caption-text\">Maria Infante junto al artista Zion<\/figcaption><\/figure>\n<p>&nbsp;<\/p>\n<figure id=\"attachment_95187\" aria-describedby=\"caption-attachment-95187\" style=\"width: 1112px\" class=\"wp-caption aligncenter\"><a href=\"https:\/\/www.ciudadgoticanews.com\/wp-content\/uploads\/2025\/08\/Captura-de-pantalla-2025-08-01-a-las-10.49.09.png\"><img loading=\"lazy\" decoding=\"async\" class=\"size-full wp-image-95187\" src=\"https:\/\/www.ciudadgoticanews.com\/wp-content\/uploads\/2025\/08\/Captura-de-pantalla-2025-08-01-a-las-10.49.09.png\" alt=\"\" width=\"1112\" height=\"1118\" \/><\/a><figcaption id=\"caption-attachment-95187\" class=\"wp-caption-text\">Gerardo Gil, Maria Infante junto a Guaynaa, cantante y pareja de Lele Pons<\/figcaption><\/figure>\n<p>Esta empresa ha recibido el apoyo de Carlos Mendez a trav\u00e9s del medio de comunicaci\u00f3n que le robaron al difunto OSWALDO MU\u00d1OZ. Llegando a recibir entrevistas y el apoyo medi\u00e1tico de <span class=\"x1lliihq x1plvlek xryxfnj x1n2onr6 x1ji0vk5 x18bv5gf x193iq5w xeuugli x1fj9vlw x13faqbe x1vvkbs x1s928wv xhkezso x1gmr53x x1cpjm7i x1fgarty x1943h6x x1i0vuye xvs91rp x1s688f x5n08af x10wh9bi xpm28yp x8viiok x1o7cslx\" dir=\"auto\">Miguel A\u0301ngel Rodri\u0301guez<\/span><\/p>\n<p><iframe loading=\"lazy\" class=\"rumble\" src=\"https:\/\/rumble.com\/embed\/v6usbq6\/?pub=4dw2ke\" width=\"640\" height=\"360\" frameborder=\"0\" allowfullscreen=\"allowfullscreen\" data-mce-fragment=\"1\"><\/iframe><\/p>\n<p><iframe loading=\"lazy\" class=\"rumble\" src=\"https:\/\/rumble.com\/embed\/v6usbrw\/?pub=4dw2ke\" width=\"640\" height=\"360\" frameborder=\"0\" allowfullscreen=\"allowfullscreen\" data-mce-fragment=\"1\"><\/iframe><a href=\"https:\/\/www.ciudadgoticanews.com\/wp-content\/uploads\/2025\/08\/Captura-de-pantalla-2025-08-01-a-las-10.55.46.png\"><img loading=\"lazy\" decoding=\"async\" class=\"aligncenter size-full wp-image-95194\" src=\"https:\/\/www.ciudadgoticanews.com\/wp-content\/uploads\/2025\/08\/Captura-de-pantalla-2025-08-01-a-las-10.55.46.png\" alt=\"\" width=\"1192\" height=\"1308\" \/><\/a><\/p>\n<p><iframe loading=\"lazy\" class=\"rumble\" src=\"https:\/\/rumble.com\/embed\/v6usbty\/?pub=4dw2ke\" width=\"640\" height=\"360\" frameborder=\"0\" allowfullscreen=\"allowfullscreen\" data-mce-fragment=\"1\"><\/iframe><\/p>\n<figure id=\"attachment_95197\" aria-describedby=\"caption-attachment-95197\" style=\"width: 1018px\" class=\"wp-caption aligncenter\"><a href=\"https:\/\/www.ciudadgoticanews.com\/wp-content\/uploads\/2025\/08\/Captura-de-pantalla-2025-08-01-a-las-11.00.22.png\"><img loading=\"lazy\" decoding=\"async\" class=\"size-full wp-image-95197\" src=\"https:\/\/www.ciudadgoticanews.com\/wp-content\/uploads\/2025\/08\/Captura-de-pantalla-2025-08-01-a-las-11.00.22.png\" alt=\"\" width=\"1018\" height=\"1234\" \/><\/a><figcaption id=\"caption-attachment-95197\" class=\"wp-caption-text\">Gerardo Gil junto a \u00abBling\u00bb, joyero de Miami<\/figcaption><\/figure>\n<h3 data-start=\"250\" data-end=\"280\">SIN TALENTO Y SIN PROBIDAD<\/h3>\n<p data-start=\"282\" data-end=\"921\">A lo largo de estos a\u00f1os ha creado un perfil falso de m\u00ed. Al carecer de talento, valores y una buena educaci\u00f3n, siempre recurre a la creaci\u00f3n de alg\u00fan sitio <em data-start=\"439\" data-end=\"445\">fake<\/em> para copiar (plagiar) lo que escribo, llegando a tener varias p\u00e1ginas que simult\u00e1neamente los reproducen, incluso de manera autom\u00e1tica. En otros casos, junto a R. Azar, han tomado el control de p\u00e1ginas como por ejemplo <a class=\"\" href=\"https:\/\/elfarodelmorro.net\/\" target=\"_new\" rel=\"noopener\" data-start=\"665\" data-end=\"723\">https:\/\/elfarodelmorro.net\/<\/a>, donde antagonizan conmigo, atacan cobardemente a mi hijo y a m\u00ed, y hasta publican contenidos bajo mi firma que realmente no son de mi autor\u00eda, pero cuyo objetivo es generarme problemas y enemigos.<\/p>\n<p data-start=\"923\" data-end=\"1301\">Sistem\u00e1ticamente han creado p\u00e1ginas web, blogs, redes sociales, correos electr\u00f3nicos, incluso hasta un estilo caracter\u00edstico (de ellos), usurpando mi identidad. De esta manera, se han lucrado groseramente ofreciendo mis servicios, haci\u00e9ndose pasar por m\u00ed y cobrando grandes cantidades de dinero para \u201climpiar\u201d contenidos o campa\u00f1as destinadas a difundir determinados contenidos.<\/p>\n<p data-start=\"1303\" data-end=\"1767\">Han llegado al extremo de crear perfiles de WhatsApp con mi mismo avatar, donde se hac\u00edan pasar por m\u00ed, y cuando no pod\u00edan justificar m\u00e1s que las personas no puedan verme \u2014en una videollamada, por ejemplo\u2014 les hac\u00edan creer que les atend\u00eda mi hijo o mi socio, que result\u00f3 ser nada m\u00e1s y nada menos que Gerardo Gill Dams, ya que seg\u00fan ellos, yo estoy preso en una c\u00e1rcel en Barcelona. Preg\u00fantenle sobre este \u00faltimo punto a Nitu P\u00e9rez Osuna y a Vladimir Petit Medina.<\/p>\n<p data-start=\"1769\" data-end=\"1925\">Todos estos a\u00f1os han contado con la complicidad, participaci\u00f3n y colaboraci\u00f3n de <strong data-start=\"1850\" data-end=\"1886\">Wender Enrique Villalobos Padr\u00f3n<\/strong>, de quien m\u00e1s adelante les hablaremos.<\/p>\n<p data-start=\"1769\" data-end=\"1925\">COMO DICEN EN MARACAIBO: TRIMARDITO<\/p>\n<p data-start=\"1769\" data-end=\"1925\"><a href=\"https:\/\/www.ciudadgoticanews.com\/wp-content\/uploads\/2025\/08\/photo_2025-08-01_11-02-13.jpg\"><img loading=\"lazy\" decoding=\"async\" class=\"aligncenter size-full wp-image-95202\" src=\"https:\/\/www.ciudadgoticanews.com\/wp-content\/uploads\/2025\/08\/photo_2025-08-01_11-02-13.jpg\" alt=\"\" width=\"1280\" height=\"733\" \/><\/a><\/p>\n<p data-start=\"352\" data-end=\"980\">Gracias a Dios he podido ganarme la vida con las investigaciones privadas que realizo: particulares y corporativas (<em data-start=\"468\" data-end=\"485\">\u00abdue diligence\u00bb<\/em>, o diligencia debida, es un proceso de investigaci\u00f3n y an\u00e1lisis exhaustivo que se realiza antes de una adquisici\u00f3n, inversi\u00f3n o transacci\u00f3n importante, para evaluar el estado actual de una empresa o activo. Este an\u00e1lisis, generalmente realizado por terceros independientes, ayuda a identificar riesgos, evaluar la viabilidad de la operaci\u00f3n y determinar un precio justo). Mi esposa trabaja y nuestro hijo es el \u00fanico nieto de abuelos paternos, lo que le genera una serie de apoyos y beneficios.<\/p>\n<p data-start=\"982\" data-end=\"1164\">Dentro de su mente, Gerardo cree que yo soy su esclavo o su sumiso sexual; por lo tanto, no me puedo oponer a sus designios o planes, porque, en caso de hacerlo, lo pagar\u00e9 bien caro.<\/p>\n<p data-start=\"1166\" data-end=\"1831\">Durante el confinamiento, esta parte de Europa se qued\u00f3 sin tapabocas. Se agotaron completamente por varios d\u00edas. Le coment\u00e9 a Gerardo para ver si las consegu\u00eda en Miami, y me inform\u00f3 que estaba vendiendo las <em data-start=\"1375\" data-end=\"1387\">faceshield<\/em> (en ingl\u00e9s se traduce como pantalla de protecci\u00f3n facial o careta de protecci\u00f3n en espa\u00f1ol), y con gusto nos pod\u00eda enviar de regalo una para cada uno de nosotros. Me emocion\u00e9 y le di la direcci\u00f3n de mi casa para que me las enviara por un <em data-start=\"1626\" data-end=\"1635\">courier<\/em>. Como ya supondr\u00e1n, nunca llegaron. Los que s\u00ed aparecieron varias semanas despu\u00e9s, un 23 de diciembre, fueron tres individuos de nacionalidad venezolana, quienes se estacionaron cerca de la casa.<\/p>\n<p data-start=\"1833\" data-end=\"2428\">Todos los d\u00edas sal\u00edamos a caminar, junto a mi hijo. Les pasamos por detr\u00e1s. Cuando ven\u00edamos de regreso, se detuvieron cerca de nosotros para preguntarnos si sab\u00edamos d\u00f3nde se encontraba un supuesto hotel. Simplemente negamos con la cabeza. No articulamos palabra alguna. Llev\u00e1bamos tapabocas, gorra, chaqueta y guantes. Nos tomaron una fotograf\u00eda a unos 500 metros de distancia y, cuando nos marchamos, tomaron unas fotograf\u00edas externas de la casa, donde se aprecia claramente el n\u00famero de la vivienda y la camioneta de mi esposa, estacionada adentro, donde se distingue claramente la matr\u00edcula.<\/p>\n<p data-start=\"2430\" data-end=\"2753\">Entre febrero o marzo siguiente fueron ampliamente difundidas en Venezuela, anunciando que mi casa hab\u00eda sido allanada por las autoridades policiales y que yo hab\u00eda sido capturado, ya que era requerido por las autoridades paname\u00f1as, seg\u00fan ellos, por ser pr\u00f3fugo de la justicia de ese pa\u00eds. <strong data-start=\"2720\" data-end=\"2753\">Ahora bien, presten atenci\u00f3n:<\/strong><\/p>\n<ol data-start=\"2755\" data-end=\"4400\">\n<li data-start=\"2755\" data-end=\"2856\">\n<p data-start=\"2758\" data-end=\"2856\">La noticia de \u00ab\u00faltima hora\u00bb fue difundida principalmente por <strong data-start=\"2819\" data-end=\"2834\">Globovisi\u00f3n<\/strong> y <strong data-start=\"2837\" data-end=\"2853\">El Universal<\/strong>.<\/p>\n<\/li>\n<li data-start=\"2857\" data-end=\"2943\">\n<p data-start=\"2860\" data-end=\"2943\">El primero en viralizarla en medios digitales fue <strong data-start=\"2910\" data-end=\"2940\">Alberto Rodr\u00edguez Palencia<\/strong>.<\/p>\n<\/li>\n<li data-start=\"2944\" data-end=\"3082\">\n<p data-start=\"2947\" data-end=\"3082\">La difusi\u00f3n de dichos datos personales (direcci\u00f3n, n\u00famero de la casa y n\u00famero de matr\u00edcula de la camioneta) constituye un <strong data-start=\"3069\" data-end=\"3079\">delito<\/strong>.<\/p>\n<\/li>\n<li data-start=\"3083\" data-end=\"3169\">\n<p data-start=\"3086\" data-end=\"3169\">Se crearon no menos de <strong data-start=\"3109\" data-end=\"3136\">50 portales en internet<\/strong> para difundir esa <em data-start=\"3155\" data-end=\"3166\">fake news<\/em>.<\/p>\n<\/li>\n<li data-start=\"3170\" data-end=\"3289\">\n<p data-start=\"3173\" data-end=\"3289\">(Este punto estaba faltando en el listado original, lo conservo como numeral omitido para fidelidad al contenido.)<\/p>\n<\/li>\n<li data-start=\"3290\" data-end=\"3475\">\n<p data-start=\"3293\" data-end=\"3475\">Meses atr\u00e1s, <strong data-start=\"3306\" data-end=\"3321\">Juan Guaid\u00f3<\/strong> y <strong data-start=\"3324\" data-end=\"3351\">Alberto Federico Ravell<\/strong> financiaron una campa\u00f1a similar en mi contra, por denunciar los hechos il\u00edcitos en los que incurri\u00f3 el gobierno interino.<\/p>\n<\/li>\n<li data-start=\"3476\" data-end=\"3675\">\n<p data-start=\"3479\" data-end=\"3675\">En la primera web que se utiliz\u00f3, la versi\u00f3n \u2014digna de una pel\u00edcula de James Bond\u2014 aseguraba que me hab\u00edan ubicado gracias a lo \u00faltimo en tecnolog\u00eda de geolocalizaci\u00f3n e inteligencia telef\u00f3nica.<\/p>\n<\/li>\n<li data-start=\"3676\" data-end=\"3906\">\n<p data-start=\"3679\" data-end=\"3906\">Desconozco las razones que llevaron a <strong data-start=\"3717\" data-end=\"3732\">Ra\u00fal Gorr\u00edn<\/strong> y a <strong data-start=\"3737\" data-end=\"3756\">Gustavo Perdomo<\/strong> a participar, m\u00e1s a\u00fan cuando Gorr\u00edn, tiempo despu\u00e9s, sirvi\u00f3 de puente para que yo conversara con un conocido empresario vinculado al alto gobierno.<\/p>\n<\/li>\n<li data-start=\"3907\" data-end=\"4400\">\n<p data-start=\"3910\" data-end=\"4400\">Esa es la misma narrativa impuesta luego por el delincuente <strong data-start=\"3970\" data-end=\"4006\">Wender Enrique Villalobos Padr\u00f3n<\/strong>, plagada de mentiras y falsedades: que estuve preso en Espa\u00f1a y que luego me concedieron una libertad condicional, que hab\u00eda estado preso en Panam\u00e1, que estaba poniendo tierra de por medio con Gerardo y Tulio Capriles porque yo tem\u00eda perder los beneficios procesales, que mi esposa estaba molesta conmigo y me puso un ultim\u00e1tum por los constantes ataques de Wender \u201cEl Orate\u201d, etc., etc., etc.<\/p>\n<\/li>\n<\/ol>\n<p data-start=\"4402\" data-end=\"4601\">Queda evidenciado que el \u201cpatriota cooperante\u201d <strong data-start=\"4449\" data-end=\"4470\">Gerardo Gill Dams<\/strong>, muy amigo de <strong data-start=\"4485\" data-end=\"4506\">Pedro Carvajalino<\/strong>, desde hace a\u00f1os atr\u00e1s act\u00faa en complicidad con ese degenerado travesti <strong data-start=\"4579\" data-end=\"4600\">Wender Villalobos<\/strong>.<\/p>\n<p data-start=\"4608\" data-end=\"4830\" data-is-last-node=\"\" data-is-only-node=\"\"><a href=\"https:\/\/www.ciudadgoticanews.com\/wp-content\/uploads\/2025\/08\/photo_2025-08-01_11-04-03.jpg\"><img loading=\"lazy\" decoding=\"async\" class=\"aligncenter size-full wp-image-95208\" src=\"https:\/\/www.ciudadgoticanews.com\/wp-content\/uploads\/2025\/08\/photo_2025-08-01_11-04-03.jpg\" alt=\"\" width=\"1024\" height=\"1024\" \/><\/a><\/p>\n<p data-start=\"313\" data-end=\"595\">A finales del a\u00f1o pasado, un conocido empresario petrolero decidi\u00f3 contactarme directamente. Para ello, acudi\u00f3 a <strong data-start=\"426\" data-end=\"441\">Ra\u00fal Gorr\u00edn<\/strong> y este a mi difunto amigo <strong data-start=\"468\" data-end=\"485\">Oswaldo Mu\u00f1oz<\/strong>. En pocas horas est\u00e1bamos conversando. La conversaci\u00f3n se extendi\u00f3 por casi tres horas. No lo pod\u00edamos creer.<\/p>\n<p data-start=\"597\" data-end=\"937\">Durante casi dos a\u00f1os lo hab\u00eda enga\u00f1ado, suplant\u00e1ndome, y, sacando cuentas, a trav\u00e9s de diversos trabajos, se hab\u00eda ganado en ese tiempo unos <strong data-start=\"739\" data-end=\"758\">250 mil d\u00f3lares<\/strong>. El empresario inmediatamente rompi\u00f3 relaciones con <strong data-start=\"811\" data-end=\"819\">Gill<\/strong>, y yo, junto a mi equipo, me encargu\u00e9 de sus investigaciones. Pero sab\u00eda que, en alg\u00fan momento, <strong data-start=\"916\" data-end=\"936\">tomar\u00eda venganza<\/strong>.<\/p>\n<p data-start=\"939\" data-end=\"1337\">Demostramos que la calidad de nuestro trabajo era <strong data-start=\"989\" data-end=\"1001\">superior<\/strong> al de todos los anteriores que hab\u00eda contratado, e incluso <strong data-start=\"1061\" data-end=\"1086\">t\u00e9cnicamente superior<\/strong> al que le brindaban los jefes policiales que lo rodean. Le hemos servido de manera <strong data-start=\"1170\" data-end=\"1216\">profesional, transparente, leal y discreta<\/strong>. Hemos cultivado una valiosa amistad, pero nunca he olvidado que \u00e9l es el jefe y yo la persona contratada para servirle.<\/p>\n<p data-start=\"1339\" data-end=\"1631\">Ser\u00eda bueno preguntarle a <strong data-start=\"1365\" data-end=\"1396\">Francisco D\u2019Agostino Casado<\/strong> c\u00f3mo lo trata y qu\u00e9 tanto lo enga\u00f1a; a <strong data-start=\"1436\" data-end=\"1460\">Jorge Andr\u00e9s Gim\u00e9nez<\/strong> y\/o a <strong data-start=\"1467\" data-end=\"1484\">Carlos M\u00e9ndez<\/strong>. En el bajo mundo miamero se rumora que su empresa <strong data-start=\"1536\" data-end=\"1551\">TurboCredit<\/strong> reinici\u00f3 operaciones meses atr\u00e1s gracias al <strong data-start=\"1596\" data-end=\"1630\">apoyo financiero de D\u2019Agostino<\/strong>.<\/p>\n<p data-start=\"1339\" data-end=\"1631\"><a href=\"https:\/\/www.ciudadgoticanews.com\/wp-content\/uploads\/2025\/08\/photo_2025-08-01_11-04-47.jpg\"><img loading=\"lazy\" decoding=\"async\" class=\"aligncenter size-full wp-image-95212\" src=\"https:\/\/www.ciudadgoticanews.com\/wp-content\/uploads\/2025\/08\/photo_2025-08-01_11-04-47.jpg\" alt=\"\" width=\"1024\" height=\"1024\" \/><\/a><\/p>\n<p data-start=\"1339\" data-end=\"1631\">MAS CLIENTES<\/p>\n<p data-start=\"1339\" data-end=\"1631\"><a href=\"https:\/\/www.ciudadgoticanews.com\/wp-content\/uploads\/2025\/08\/photo_2025-08-01_11-05-13.jpg\"><img loading=\"lazy\" decoding=\"async\" class=\"aligncenter size-full wp-image-95216\" src=\"https:\/\/www.ciudadgoticanews.com\/wp-content\/uploads\/2025\/08\/photo_2025-08-01_11-05-13.jpg\" alt=\"\" width=\"810\" height=\"1080\" \/><\/a><\/p>\n<p data-start=\"265\" data-end=\"512\">Desde finales del a\u00f1o pasado empec\u00e9 a recibir amenazas de un comerciante de origen \u00e1rabe, a quien a\u00f1os atr\u00e1s dictaron orden de captura y tuvo que huir del pa\u00eds, porque el propio gobierno lo acus\u00f3 de estar presuntamente vinculado al \u201cLoco\u201d Barrera.<\/p>\n<p data-start=\"514\" data-end=\"790\">En Estados Unidos le otorgaron asilo pol\u00edtico, y en a\u00f1os recientes regres\u00f3 a Venezuela, donde reside sin problema alguno. Es amigo de <strong data-start=\"648\" data-end=\"669\">Pedro Carvajalino<\/strong> y dice ser amigo de <strong data-start=\"690\" data-end=\"715\">Nicol\u00e1s Maduro Guerra<\/strong>, del Fiscal General <strong data-start=\"736\" data-end=\"758\">Tarek William Saab<\/strong> y de altos jefes del <strong data-start=\"780\" data-end=\"789\">CICPC<\/strong>.<\/p>\n<p data-start=\"792\" data-end=\"1225\">A partir del pasado 14 de febrero, sus ataques se intensificaron. Aseguraba que era v\u00edctima m\u00eda y que yo peri\u00f3dicamente lo extorsionaba con publicaciones en relaci\u00f3n a su pasado, pero que ya estaba harto. Logr\u00f3 que la Divisi\u00f3n Contra la Delincuencia Organizada le ordenara al <strong data-start=\"1068\" data-end=\"1077\">SAREN<\/strong> una investigaci\u00f3n en mi contra, y nos asegur\u00f3 que lograr\u00eda que emitieran orden de captura y alerta internacional de <strong data-start=\"1194\" data-end=\"1206\">INTERPOL<\/strong> por extorsionarlo.<\/p>\n<p data-start=\"1227\" data-end=\"1742\">Milim\u00e9tricamente, a partir de las 12:01 a.m., comenz\u00f3 una oleada de publicaciones en decenas de cuentas compradas en Instagram, con cientos de miles de seguidores, con un remitido firmado por el ciudadano <strong data-start=\"1432\" data-end=\"1440\">NAGF<\/strong>, acus\u00e1ndome de llevar a\u00f1os desplegando una campa\u00f1a difamatoria, extorsiones y chantajes en su contra. Adicionalmente, me acusaba de narcotraficante; a mi esposa, de dirigir una red de trata de blancas y regentar un burdel; y a mi hijo, de ser mi c\u00f3mplice y el encargado de mis supuestas publicaciones.<\/p>\n<p data-start=\"1744\" data-end=\"2122\">La batalla dur\u00f3 15 d\u00edas. Resistimos, respondimos y negamos las mentiras, luego de lo cual el webmaster de <strong data-start=\"1850\" data-end=\"1858\">T.G.<\/strong> pidi\u00f3 una tregua. Durante todo ese tiempo, <strong data-start=\"1902\" data-end=\"1918\">Gerardo Gill<\/strong> se desentendi\u00f3 y ausent\u00f3. Era un viernes. Amenazaban con sabotear un seminario en directo que mi hijo dictar\u00eda; ten\u00edan puestos reservados <em data-start=\"2057\" data-end=\"2065\">online<\/em> para abochornarlo en vivo, frente a unos 200 asistentes.<\/p>\n<p data-start=\"2124\" data-end=\"2568\">Gracias a Dios logr\u00e9 conversar con T.G. antes del evento, y adivinen la sorpresa: <strong data-start=\"2206\" data-end=\"2222\">Gerardo Gill<\/strong> llevaba unos 7 a\u00f1os extorsionando a T.G., y este \u00faltimo subiendo contenidos en contra de nosotros para destruir nuestra reputaci\u00f3n. Todo hab\u00eda sido orquestado criminalmente por <strong data-start=\"2400\" data-end=\"2413\">Gill Dams<\/strong>. Le sac\u00f3 miles de d\u00f3lares en ese tiempo, supuestamente para m\u00ed, para borrar contenidos que \u00e9l me atribu\u00eda en p\u00e1ginas creadas por \u201cJerry\u201d para tales fines.<\/p>\n<p data-start=\"2570\" data-end=\"2922\">La mayor\u00eda las cerr\u00f3, pero a\u00fan sobreviven <strong data-start=\"2612\" data-end=\"2634\">dataconfirmada.com<\/strong> y <strong data-start=\"2637\" data-end=\"2656\">abcnoticias.com<\/strong>, creadas \u00fanicamente para extorsionar, y <strong data-start=\"2697\" data-end=\"2712\">dateado.com<\/strong>, creada para ponerla al servicio del oficialismo y ganarse indulgencia. Con esas mismas p\u00e1ginas trat\u00f3 de extorsionar a <strong data-start=\"2832\" data-end=\"2852\">Eduardo Capriles<\/strong> y <strong data-start=\"2855\" data-end=\"2883\">Alexander Granko Arteaga<\/strong>, con la misma intenci\u00f3n de implicarme.<\/p>\n<p data-start=\"2924\" data-end=\"3187\">Me reservo por ahora la identidad de quienes actuaron junto a Gerardo para sacarle varios miles de d\u00f3lares a T.G. Pero les dar\u00e9 pistas: un l\u00edder de la resistencia en Miami y una conocida periodista, amiga de <strong data-start=\"3132\" data-end=\"3147\">Ra\u00fal Gorr\u00edn<\/strong> y quien recientemente contrajo nupcias.<\/p>\n<p data-start=\"3189\" data-end=\"3456\">En esos mismos d\u00edas, extorsionaron a un exmagistrado zuliano, quien form\u00f3 parte de la Sala Penal del <strong data-start=\"3290\" data-end=\"3297\">TSJ<\/strong>, e intentaron hacerlo con <strong data-start=\"3324\" data-end=\"3350\">Waldo y Vicente Rujano<\/strong>, quienes de manera p\u00fablica y notoria est\u00e1n vinculados al desaparecido narcotraficante <strong data-start=\"3437\" data-end=\"3455\">\u00d1e\u00f1e Hern\u00e1ndez<\/strong>.<\/p>\n<p data-start=\"3458\" data-end=\"3596\">Pero <strong data-start=\"3463\" data-end=\"3479\">Waldo Rujano<\/strong> les tendi\u00f3 una trampa, y resultaron imputados el periodista <strong data-start=\"3540\" data-end=\"3558\">Gustavo Az\u00f3car<\/strong> y el influencer <strong data-start=\"3575\" data-end=\"3595\">Jonatan Palacios<\/strong>.<\/p>\n<p data-start=\"3598\" data-end=\"3944\">Yo no me escond\u00ed. Los denunci\u00e9 y desment\u00ed cualquier posibilidad de implicaci\u00f3n. Contact\u00e9 al periodista de <em data-start=\"3704\" data-end=\"3722\">\u00daltimas Noticias<\/em> que public\u00f3 la denuncia, demostr\u00e9 mi inocencia, pero <strong data-start=\"3776\" data-end=\"3792\">Waldo Rujano<\/strong>, <strong data-start=\"3794\" data-end=\"3821\">Vicente Rujano Garofalo<\/strong> y toda la familia no han podido desmentir nuestra investigaci\u00f3n, que permanece inmutable en nuestras p\u00e1ginas electr\u00f3nicas.<\/p>\n<p data-start=\"3946\" data-end=\"4313\">Hasta el d\u00eda de hoy, nadie ha podido desmentir ninguna de nuestras denuncias. Cuando pretenden descalificarnos, tildan a los portales de <em data-start=\"4083\" data-end=\"4094\">fake news<\/em> y falsos noticieros, pero no hay ning\u00fan argumento o prueba en contra de nosotros. Despu\u00e9s de casi <strong data-start=\"4193\" data-end=\"4237\">30 a\u00f1os de investigaciones period\u00edsticas<\/strong>, no existe ni una prueba en mi contra que pueda demostrar alguna extorsi\u00f3n.<\/p>\n<p data-start=\"289\" data-end=\"480\">Los \u00faltimos 15 a\u00f1os guard\u00e9 silencio. Hice caso omiso a las acusaciones y se\u00f1alamientos infundados, pero me cans\u00e9 y sal\u00ed del anonimato para desmentir, con argumentos y pruebas, a unos cuantos.<\/p>\n<p data-start=\"482\" data-end=\"790\">A las pruebas me remito: le respond\u00ed con el mayor respeto posible a do\u00f1a <strong data-start=\"555\" data-end=\"577\">Sebastiana Barr\u00e1ez<\/strong>, quien guard\u00f3 silencio ante mis argumentos. Luego, cuando otros cobardemente la atacaron en un momento de debilidad pol\u00edtica, insult\u00e1ndola y vej\u00e1ndola, los denunciamos y exigimos respeto por su condici\u00f3n de dama.<\/p>\n<p data-start=\"792\" data-end=\"989\">Ret\u00e9 p\u00fablicamente y desment\u00ed a <strong data-start=\"823\" data-end=\"843\">Nitu P\u00e9rez Osuna<\/strong> y a su esposo <strong data-start=\"858\" data-end=\"883\">Vladimir Petit Medina<\/strong>, y tuvieron que meterse la lengua en el culo. No pudieron desmentir mis argumentos, pruebas y documentos.<\/p>\n<p data-start=\"991\" data-end=\"1224\">Ambos, acostumbrados a reinar entre enanos y eunucos, pensaron que yo era alg\u00fan otro analfabeta, inculto y del arrabal como <strong data-start=\"1115\" data-end=\"1151\">Wender Enrique Villalobos Padr\u00f3n<\/strong>, cuya conducta evidencia que fue v\u00edctima de abusos sexuales cuando ni\u00f1o.<\/p>\n<blockquote data-start=\"1226\" data-end=\"1489\">\n<p data-start=\"1228\" data-end=\"1489\">\u201cSus problemas sociales y de adaptabilidad a lo largo de su vida, violencia contra parejas anteriores, rechazo hacia la parentalidad y figuras masculinas con autoridad, evidencia que fue abusado sexualmente en su infancia por un miembro de su entorno familiar.\u201d<\/p>\n<\/blockquote>\n<hr data-start=\"1491\" data-end=\"1494\" \/>\n<h3 data-start=\"1496\" data-end=\"1542\">PERFIL DE LA CONDUCTA DE WENDER VILLALOBOS<\/h3>\n<blockquote data-start=\"1544\" data-end=\"2998\">\n<p data-start=\"1546\" data-end=\"1975\"><strong data-start=\"1546\" data-end=\"1673\">\u00bfDe tal palo\u2026? Parentalidad, g\u00e9nero y violencia en la infancia de los hombres que han ejercido violencia contra sus parejas<\/strong><br data-start=\"1673\" data-end=\"1676\" \/><strong data-start=\"1678\" data-end=\"1707\">Mat\u00edas De St\u00e9fano Barbero<\/strong><br data-start=\"1707\" data-end=\"1710\" \/>Universidad de Buenos Aires &#8211; CONICET, Argentina<br data-start=\"1760\" data-end=\"1763\" \/><a class=\"cursor-pointer\" rel=\"noopener\" data-start=\"1765\" data-end=\"1792\">matiasdestefano@hotmail.com<\/a><br data-start=\"1792\" data-end=\"1795\" \/>BIBLID [ISSN 2174-6753, Vol.18: a1803]<br data-start=\"1835\" data-end=\"1838\" \/>Art\u00edculo ubicado en: <a class=\"\" href=\"http:\/\/www.encrucijadas.org\" target=\"_new\" rel=\"noopener\" data-start=\"1861\" data-end=\"1881\">www.encrucijadas.org<\/a><br data-start=\"1881\" data-end=\"1884\" \/>Fecha de recepci\u00f3n: 27 de marzo de 2019 || Fecha de aceptaci\u00f3n: 25 de noviembre de 2019<\/p>\n<p data-start=\"1982\" data-end=\"2643\"><strong data-start=\"1982\" data-end=\"1993\">RESUMEN<\/strong>: El presente art\u00edculo aborda la intersecci\u00f3n entre parentalidad, g\u00e9nero y violencia que caracteriza frecuentemente las infancias de los hombres que ejercen violencia contra sus parejas. En sus experiencias familiares, la violencia aparece como un <em data-start=\"2241\" data-end=\"2252\">continuum<\/em>, presenta un car\u00e1cter simult\u00e1neamente destructivo y productivo, lleva consigo una forma de pedagog\u00eda que conduce a su normalizaci\u00f3n y aprendizaje como un recurso de uso leg\u00edtimo en sus relaciones afectivas y es instrumentalizada por sus padres \u2013y en ocasiones con reconocimiento por parte de sus madres\u2013 para inculcarles el principio de jerarqu\u00eda de g\u00e9nero, su deseabilidad y legitimidad.<\/p>\n<p data-start=\"2650\" data-end=\"2915\">El an\u00e1lisis de sus experiencias infantiles sugiere que la construcci\u00f3n de sus masculinidades est\u00e1 estrechamente vinculada al poder, pero tambi\u00e9n a la vulnerabilidad y a la alienaci\u00f3n, donde diferentes formas de violencia tienen un papel fundamental y fundacional.<\/p>\n<p data-start=\"2922\" data-end=\"2998\"><strong data-start=\"2922\" data-end=\"2940\">Palabras clave<\/strong>: parentalidad, infancia, violencia, g\u00e9nero, masculinidad.<\/p>\n<\/blockquote>\n<p data-start=\"3005\" data-end=\"3240\" data-is-last-node=\"\" data-is-only-node=\"\">TULIO CAPRILES<\/p>\n<p data-start=\"3005\" data-end=\"3240\" data-is-last-node=\"\" data-is-only-node=\"\"><a href=\"https:\/\/www.ciudadgoticanews.com\/wp-content\/uploads\/2025\/08\/photo_2025-08-01_11-07-16.jpg\"><img loading=\"lazy\" decoding=\"async\" class=\"aligncenter size-full wp-image-95222\" src=\"https:\/\/www.ciudadgoticanews.com\/wp-content\/uploads\/2025\/08\/photo_2025-08-01_11-07-16.jpg\" alt=\"\" width=\"1280\" height=\"1087\" \/><\/a><\/p>\n<p data-start=\"3005\" data-end=\"3240\" data-is-last-node=\"\" data-is-only-node=\"\"><a href=\"https:\/\/www.ciudadgoticanews.com\/wp-content\/uploads\/2025\/08\/Captura-de-pantalla-2025-08-01-a-las-11.07.45.png\"><img loading=\"lazy\" decoding=\"async\" class=\"aligncenter size-full wp-image-95224\" src=\"https:\/\/www.ciudadgoticanews.com\/wp-content\/uploads\/2025\/08\/Captura-de-pantalla-2025-08-01-a-las-11.07.45.png\" alt=\"\" width=\"1516\" height=\"1124\" \/><\/a> <a href=\"https:\/\/www.ciudadgoticanews.com\/wp-content\/uploads\/2025\/08\/Captura-de-pantalla-2025-08-01-a-las-11.08.02.png\"><img loading=\"lazy\" decoding=\"async\" class=\"aligncenter size-full wp-image-95226\" src=\"https:\/\/www.ciudadgoticanews.com\/wp-content\/uploads\/2025\/08\/Captura-de-pantalla-2025-08-01-a-las-11.08.02.png\" alt=\"\" width=\"1084\" height=\"1280\" \/><\/a><\/p>\n<p data-start=\"311\" data-end=\"1052\">Desde hace varios a\u00f1os atr\u00e1s empez\u00f3 una extra\u00f1a relaci\u00f3n de dependencia entre <strong data-start=\"389\" data-end=\"415\">Tulio Capriles Mendoza<\/strong> y <strong data-start=\"418\" data-end=\"439\">Gerardo Gill Dams<\/strong>. Este \u00faltimo siempre interven\u00eda cuando, en alg\u00fan trabajo o investigaci\u00f3n que se hac\u00eda p\u00fablica, evidenci\u00e1bamos que Tulio no ten\u00eda ning\u00fan v\u00ednculo familiar con los <strong data-start=\"601\" data-end=\"619\">Capriles L\u00f3pez<\/strong>; que, a pesar de insistir en una supuesta ascendencia familiar noble, exist\u00edan pocas pruebas geneal\u00f3gicas que avalaran sus historias. Ha hecho lo humanamente posible por eliminar de internet toda evidencia de la participaci\u00f3n de <strong data-start=\"849\" data-end=\"869\">Manas\u00e9s Capriles<\/strong> en el asesinato de su esposa <strong data-start=\"899\" data-end=\"917\">Lorena M\u00e1rquez<\/strong>, y la vinculaci\u00f3n en el tr\u00e1fico de coca\u00edna a gran escala, tanto que se lleg\u00f3 a hablar de un <strong data-start=\"1010\" data-end=\"1031\">\u201cCartel Capriles\u201d<\/strong> en el estado Aragua.<\/p>\n<p data-start=\"1054\" data-end=\"1332\">En varias ocasiones Gerardo insisti\u00f3 en que lo conociera y me sumara a su <strong data-start=\"1128\" data-end=\"1154\">\u201cCapriles Media Group\u201d<\/strong>, pero la idea de este individuo de una relaci\u00f3n consiste en un tipo de subalternidad, sumisi\u00f3n y adoraci\u00f3n sin cuestionamientos a sus designios. Por supuesto, nunca congeniamos.<\/p>\n<p data-start=\"1334\" data-end=\"1664\">Primero alardeaba y luego trat\u00f3 de borrar su designaci\u00f3n como <strong data-start=\"1396\" data-end=\"1433\">viceministro de Tareck El Aissami<\/strong>, cuando este estuvo al frente del Ministerio de Finanzas.<br data-start=\"1491\" data-end=\"1494\" \/>Despu\u00e9s se exhib\u00eda en sus redes sociales como todo un magnate, jugando golf casi a diario y consumiendo sendos habanos en el resort de <strong data-start=\"1629\" data-end=\"1645\">Donald Trump<\/strong> en <strong data-start=\"1649\" data-end=\"1663\">Mar-a-Lago<\/strong>.<\/p>\n<p data-start=\"1666\" data-end=\"2011\">Gerardo sirvi\u00f3 como puente para acercarlo a <strong data-start=\"1710\" data-end=\"1727\">Carlos M\u00e9ndez<\/strong>.<br data-start=\"1728\" data-end=\"1731\" \/>Tan pronto <strong data-start=\"1742\" data-end=\"1762\">Edmundo Gonz\u00e1lez<\/strong> se residenci\u00f3 en Madrid, Tulio viaj\u00f3 expresamente para sostener un almuerzo con Carlos M\u00e9ndez, con la \u00fanica intenci\u00f3n de pedirle que le sirviera de puente, junto a <strong data-start=\"1927\" data-end=\"1946\">Antonio Ledezma<\/strong>, para penetrar \u201cen caliente\u201d el c\u00edrculo del \u201cpresidente electo\u201d.<\/p>\n<p data-start=\"2013\" data-end=\"2323\">En esos d\u00edas, Gerardo me confirm\u00f3 que <strong data-start=\"2051\" data-end=\"2069\">Tulio Capriles<\/strong> era el autor intelectual de una campa\u00f1a de descr\u00e9dito desplegada con particular sa\u00f1a en contra de <strong data-start=\"2168\" data-end=\"2188\">Antonieta Jurado<\/strong>, su hijo <strong data-start=\"2198\" data-end=\"2219\">Jorge Makriniotis<\/strong> y <strong data-start=\"2222\" data-end=\"2256\">Miguel Henrique Otero Castillo<\/strong>, quienes por cierto se han ganado, con mucho m\u00e9rito, su mala fama.<\/p>\n<p data-start=\"2325\" data-end=\"2489\">La visita de Tulio result\u00f3 en una mudanza permanente y, a partir de ese momento, empez\u00f3 a ejercer acciones para posicionarse como \u201c<strong data-start=\"2456\" data-end=\"2464\">Capo<\/strong>\u201d en un nuevo territorio.<\/p>\n<p data-start=\"2491\" data-end=\"2918\"><strong data-start=\"2491\" data-end=\"2507\">Gerardo Gill<\/strong>, en los \u00faltimos cinco a\u00f1os aproximadamente, se ha convertido en el brazo ejecutor de todas las c\u00edclicas y peri\u00f3dicas campa\u00f1as de descr\u00e9dito reputacional, desplegadas a trav\u00e9s de internet y RRSS en contra de la familia <strong data-start=\"2726\" data-end=\"2750\">Villarroel Sierralta<\/strong>, pero esta \u00faltima inclu\u00eda a la embajadora de Venezuela en Madrid y expresidenta del TSJ, <strong data-start=\"2840\" data-end=\"2860\">Gladys Guti\u00e9rrez<\/strong>. Apenas me lo plante\u00f3, le inform\u00e9 que no contara conmigo.<\/p>\n<p data-start=\"2920\" data-end=\"3402\">\u201cJerry\u201d es muy h\u00e1bil y creativo para convencer a personas de su entorno para que hagan eco y repliquen sus destructivas publicaciones en la web y redes sociales.<br data-start=\"3081\" data-end=\"3084\" \/>Una de sus estrategias predilectas consist\u00eda en asegurar que los Villarroel le hab\u00edan pedido un presupuesto para \u201climpieza reputacional\u201d y, semanas despu\u00e9s, dec\u00eda que lo hab\u00edan enga\u00f1ado, que se hab\u00edan burlado de \u00e9l y no lo hab\u00edan contratado, por lo que invocaba la solidaridad \u201cgremial\u201d para atacarlos de forma masiva.<\/p>\n<p data-start=\"3404\" data-end=\"3728\">Una madrugada, por casualidad, vi una guerra entre un grupo de cuentas de Instagram con cientos de miles de seguidores, y todo se resum\u00eda en las peores acusaciones y se\u00f1alamientos entre los afectos a los Villarroel y la pandilla digital de esa ficci\u00f3n denominada <strong data-start=\"3667\" data-end=\"3693\">\u201cCapriles Media Group\u201d<\/strong>, \u201c<strong data-start=\"3696\" data-end=\"3708\">La Marca<\/strong>\u201d del Tren de Tulio.<\/p>\n<p data-start=\"3730\" data-end=\"4035\">Quienes defend\u00edan a los Villarroel Sierralta aseguraban que yo formaba parte de dicha pandilla. Inmediatamente me comuniqu\u00e9 con Gerardo y lo tom\u00f3 a chanza, confirm\u00e1ndome que era obra de \u201cTulito\u201d. Intervine, los insult\u00e9 a todos y les ped\u00ed no me mezclaran en sus problemas homosexuales. Amanec\u00eda un viernes.<\/p>\n<p data-start=\"4037\" data-end=\"4242\">El domingo siguiente se volvi\u00f3 a armar otra guerra de insultos. Me comuniqu\u00e9 con Gill Dams. Me sent\u00ed claramente aludido. Me dijo que agradeciera que no dec\u00edan mi nombre. Se\u00f1alaban a \u201c<strong data-start=\"4220\" data-end=\"4240\">Noticias Candela<\/strong>\u201d.<\/p>\n<p data-start=\"4244\" data-end=\"4476\">Gerardo, meses atr\u00e1s, cre\u00f3 un clon de <em data-start=\"4282\" data-end=\"4300\">Noticias Candela<\/em> que reproduce autom\u00e1ticamente todos los contenidos que publicamos y emplea cuando desea hacer p\u00fablica alguna informaci\u00f3n que desea me atribuyan a m\u00ed.<br data-start=\"4450\" data-end=\"4453\" \/>Es la tercera que crea:<\/p>\n<p data-start=\"4478\" data-end=\"4518\">\ud83d\udd17 <a class=\"\" href=\"https:\/\/noticiascandelainforme25.com\/\" target=\"_new\" rel=\"noopener\" data-start=\"4481\" data-end=\"4518\">https:\/\/noticiascandelainforme25.com\/<\/a><\/p>\n<p data-start=\"283\" data-end=\"656\">Le ped\u00ed el n\u00famero telef\u00f3nico de <strong data-start=\"315\" data-end=\"333\">Tulio Capriles<\/strong>. Se neg\u00f3. Inmediatamente ubiqu\u00e9 el de <strong data-start=\"372\" data-end=\"393\">Morris Villarroel<\/strong> y, despu\u00e9s de una acalorada conversaci\u00f3n, dej\u00e9 claramente establecido que no tengo ning\u00fan v\u00ednculo y no conozco a tan despreciable personajillo. Nunca he conversado con \u00e9l en mi vida. Es un tipo gris, carente de alg\u00fan talento, acomplejado y de conducta gansteril.<\/p>\n<p data-start=\"658\" data-end=\"1182\"><strong data-start=\"658\" data-end=\"667\">Tulio<\/strong> est\u00e1 tan demente que no le importa que hablen mal de \u00e9l, pero que hablen. \u00c9l mismo financia campa\u00f1as para generar controversia en su contra, tratando de imponer una visi\u00f3n mitificada: que la gente crea que es una especie de <em data-start=\"892\" data-end=\"909\">g\u00e1nster digital<\/em>, una versi\u00f3n venezolanizada de <strong data-start=\"941\" data-end=\"959\">Julian Assange<\/strong>. No le perturban en lo m\u00e1s m\u00ednimo las acusaciones o descalificativos, los asume como un da\u00f1o colateral necesario. Trata de imponer aquel pensamiento de <em data-start=\"1112\" data-end=\"1125\">El Pr\u00edncipe<\/em> de Maquiavelo: \u201cEl respeto se pierde, pero el miedo no\u201d.<\/p>\n<p data-start=\"1184\" data-end=\"1372\"><strong data-start=\"1184\" data-end=\"1210\">Tulio Capriles Mendoza<\/strong> est\u00e1 tan chalado que \u00e9l mismo le paga a <strong data-start=\"1251\" data-end=\"1287\">Wender Enrique Villalobos Padr\u00f3n<\/strong> para que finja ser su enemigo y lo ataque a trav\u00e9s de se\u00f1alamientos intrascendentes.<\/p>\n<p data-start=\"1374\" data-end=\"2012\">Pero es parte de su plan: lleg\u00f3 a <strong data-start=\"1408\" data-end=\"1418\">Madrid<\/strong> con un capital aproximado de <strong data-start=\"1448\" data-end=\"1471\">4 millones de euros<\/strong>, que es poco para su nivel de vida. A estas alturas debe haber gastado al menos un mill\u00f3n. Solo el mes en <strong data-start=\"1578\" data-end=\"1587\">Ibiza<\/strong> cuesta unos <strong data-start=\"1600\" data-end=\"1616\">50 mil euros<\/strong> o m\u00e1s. Matricul\u00f3 a sus hijas en las clases de golf m\u00e1s caras y exclusivas. All\u00ed puede codearse y conocer a las \u00e9lites, mientras <strong data-start=\"1745\" data-end=\"1766\">Wender Villalobos<\/strong> asegura que <strong data-start=\"1779\" data-end=\"1803\">Tulio \u2014el estafador\u2014<\/strong> es familia de los <strong data-start=\"1822\" data-end=\"1840\">Capriles L\u00f3pez<\/strong> y primo de <strong data-start=\"1852\" data-end=\"1881\">Enrique Capriles Radonski<\/strong>. De esta manera, busca una v\u00edctima adinerada a quien convencer de asociarse en alguno de sus \u201clucrativos y maravillosos\u201d negocios.<\/p>\n<p>&nbsp;<\/p>\n<p><iframe loading=\"lazy\" class=\"rumble\" src=\"https:\/\/rumble.com\/embed\/v6usc4o\/?pub=4dw2ke\" width=\"640\" height=\"360\" frameborder=\"0\" allowfullscreen=\"allowfullscreen\" data-mce-fragment=\"1\"><\/iframe><\/p>\n<p><iframe loading=\"lazy\" class=\"rumble\" src=\"https:\/\/rumble.com\/embed\/v6usc8k\/?pub=4dw2ke\" width=\"640\" height=\"360\" frameborder=\"0\" allowfullscreen=\"allowfullscreen\" data-mce-fragment=\"1\"><\/iframe><\/p>\n<p data-start=\"203\" data-end=\"353\">Este atrevido delincuente y peligroso manipulador serial lleva unos 8 a\u00f1os atac\u00e1ndome a m\u00ed y a mi familia. Desde que yo viv\u00eda en Panam\u00e1 y \u00e9l en Chile.<\/p>\n<p data-start=\"355\" data-end=\"622\">Cuando <strong data-start=\"362\" data-end=\"380\">Patricia Poleo<\/strong> se enfrent\u00f3 p\u00fablicamente contra la diputada paname\u00f1a <strong data-start=\"434\" data-end=\"453\">Zulay Rodr\u00edguez<\/strong>, por sus acciones xen\u00f3fobas contra venezolanos, <strong data-start=\"502\" data-end=\"512\">Wender<\/strong> aseguraba que yo me dedicaba a extorsionar a ciudadanos venezolanos que se encontraban ilegalmente en Panam\u00e1.<\/p>\n<p data-start=\"624\" data-end=\"866\">En una ocasi\u00f3n la entrevist\u00f3 y le critic\u00f3 su supuesta amistad conmigo. <strong data-start=\"695\" data-end=\"704\">Zulay<\/strong> respondi\u00f3 que no conoc\u00eda a nadie con mi nombre y \u00e9l insisti\u00f3 en coment\u00e1rselo luego por conversaci\u00f3n telef\u00f3nica privada. Nunca en mi vida he conocido a <strong data-start=\"856\" data-end=\"865\">Zulay<\/strong>.<\/p>\n<p data-start=\"868\" data-end=\"889\"><strong data-start=\"868\" data-end=\"889\">Presten atenci\u00f3n:<\/strong><\/p>\n<ol data-start=\"891\" data-end=\"4314\">\n<li data-start=\"891\" data-end=\"940\">\n<p data-start=\"894\" data-end=\"940\">Acosa a mi hijo desde que era menor de edad.<\/p>\n<\/li>\n<li data-start=\"941\" data-end=\"1002\">\n<p data-start=\"944\" data-end=\"1002\">Nunca lo he visto personalmente ni he conversado con \u00e9l.<\/p>\n<\/li>\n<li data-start=\"1003\" data-end=\"1124\">\n<p data-start=\"1006\" data-end=\"1124\">Una vez se tom\u00f3 el atrevimiento de enviarme un mensaje privado por Instagram para recriminarme por \u201chaberle tirado\u201d.<\/p>\n<\/li>\n<li data-start=\"1125\" data-end=\"1172\">\n<p data-start=\"1128\" data-end=\"1172\">Me fui de Anzo\u00e1tegui 10 a\u00f1os antes que \u00e9l.<\/p>\n<\/li>\n<li data-start=\"1173\" data-end=\"1302\">\n<p data-start=\"1176\" data-end=\"1302\">Se entiende de manera privada con <strong data-start=\"1210\" data-end=\"1226\">Gerardo Gill<\/strong>, nunca lo ataca ni menciona y, cuando lo hace, es para lavarle el rostro.<\/p>\n<\/li>\n<li data-start=\"1303\" data-end=\"1517\">\n<p data-start=\"1306\" data-end=\"1517\">En una ocasi\u00f3n <strong data-start=\"1321\" data-end=\"1332\">Gerardo<\/strong> me inform\u00f3 que se rumoraba que yo ten\u00eda buenas relaciones con <strong data-start=\"1395\" data-end=\"1405\">Wender<\/strong>. Le advert\u00ed que el \u00fanico capaz de decir semejante mentira era \u00e9l y que yo lo perseguir\u00eda el resto de mi vida.<\/p>\n<\/li>\n<li data-start=\"1518\" data-end=\"1674\">\n<p data-start=\"1521\" data-end=\"1674\">De manera obsesiva insulta, acusa y amenaza a mi hijo. Proyecta as\u00ed su frustraci\u00f3n y envidia al no poder brindarle al suyo lo que yo le he dado al m\u00edo.<\/p>\n<\/li>\n<li data-start=\"1675\" data-end=\"1913\">\n<p data-start=\"1678\" data-end=\"1913\">Me ha inventado cuanta historia se le ocurre sin mostrar pruebas: que <strong data-start=\"1748\" data-end=\"1760\">INTERPOL<\/strong> me busca, que trabaj\u00e9 para <strong data-start=\"1788\" data-end=\"1810\">Tarek William Saab<\/strong> y ahora lo hago para <strong data-start=\"1832\" data-end=\"1844\">Diosdado<\/strong>, y que soy el \u201cpatriota cooperante\u201d que le suministra informaci\u00f3n.<\/p>\n<\/li>\n<li data-start=\"1914\" data-end=\"2105\">\n<p data-start=\"1917\" data-end=\"2105\">Que en Anzo\u00e1tegui me dedicaba a extorsionar a comerciantes junto al marihuanero <strong data-start=\"1997\" data-end=\"2024\">Augusto Hern\u00e1ndez Soria<\/strong>. Es p\u00fablico y notorio que este \u00faltimo es mi enemigo desde hace m\u00e1s de 20 a\u00f1os.<\/p>\n<\/li>\n<li data-start=\"2106\" data-end=\"2188\">\n<p data-start=\"2110\" data-end=\"2188\">Que estuve preso, me fugu\u00e9 y estoy solicitado por las autoridades de Panam\u00e1.<\/p>\n<\/li>\n<li data-start=\"2189\" data-end=\"2548\">\n<p data-start=\"2193\" data-end=\"2548\">Que he atacado por a\u00f1os a sus hermosas hijas (no son sus hijas biol\u00f3gicas), a quienes he se\u00f1alado de prostitutas, junto a su esposa (quien, al igual que \u00e9l, fue chavista incluso durante su estad\u00eda en Chile y fue fiscal del Ministerio P\u00fablico al servicio de <strong data-start=\"2450\" data-end=\"2471\">Luisa Ortega D\u00edaz<\/strong>) y a su madre de haber muerto de <strong data-start=\"2505\" data-end=\"2513\">SIDA<\/strong>, lo cual es completamente falso.<\/p>\n<\/li>\n<li data-start=\"2549\" data-end=\"2663\">\n<p data-start=\"2553\" data-end=\"2663\">Que la polic\u00eda allan\u00f3 mi casa, pagu\u00e9 pena de prisi\u00f3n y actualmente estoy bajo presentaciones en un tribunal.<\/p>\n<\/li>\n<li data-start=\"2664\" data-end=\"2781\">\n<p data-start=\"2668\" data-end=\"2781\">Que yo lo extorsion\u00e9 y tiene la prueba escondida para que no se \u201ccontamine\u201d. (Ser\u00e1 con tanta mierda que habla).<\/p>\n<\/li>\n<li data-start=\"2782\" data-end=\"2836\">\n<p data-start=\"2786\" data-end=\"2836\">Nunca ha presentado ninguna prueba en mi contra.<\/p>\n<\/li>\n<li data-start=\"2837\" data-end=\"3123\">\n<p data-start=\"2841\" data-end=\"3123\">Anunci\u00f3 que le har\u00eda una entrevista a <strong data-start=\"2879\" data-end=\"2899\">Mario Villarroel<\/strong> para que me denunciara. A\u00fan estoy esperando la cacareada entrevista. Me lo imagino con su peluca \u2014<strong data-start=\"2998\" data-end=\"3008\">Wender<\/strong> es travesti\u2014 gritando: \u201c\u00a1Que pase el desgraciado!\u201d o un martillazo en el estrado sentenciando: \u201c\u00a1Caso cerrado!\u201d.<\/p>\n<\/li>\n<li data-start=\"3124\" data-end=\"4314\">\n<p data-start=\"3128\" data-end=\"4314\">Asegur\u00f3 que yo desarroll\u00e9 campa\u00f1as de descr\u00e9dito contra la familia <strong data-start=\"3195\" data-end=\"3207\">Petricca<\/strong> en Anzo\u00e1tegui. Estoy esperando que entreviste a <strong data-start=\"3256\" data-end=\"3276\">Gustavo Petricca<\/strong>, como anunci\u00f3, y este le informe que, a partir de 1999, fui asesor del <strong data-start=\"3348\" data-end=\"3364\">Grupo PEDECA<\/strong> por tres a\u00f1os y fui su ejecutivo mejor pagado: <strong data-start=\"3412\" data-end=\"3439\">3 millones de bol\u00edvares<\/strong> al mes. Entonces, el sueldo m\u00ednimo en Venezuela era <strong data-start=\"3492\" data-end=\"3513\">120.000 bol\u00edvares<\/strong>. En el 2000 inici\u00e9 en <strong data-start=\"3536\" data-end=\"3543\">TVO<\/strong> ganando <strong data-start=\"3552\" data-end=\"3585\">1 mill\u00f3n y medio de bol\u00edvares<\/strong> y, cuando finalic\u00e9 mis servicios para ellos en 2007, ganaba <strong data-start=\"3646\" data-end=\"3673\">5 millones de bol\u00edvares<\/strong> al mes. Conduje el programa con mayor sinton\u00eda en la historia de <strong data-start=\"3739\" data-end=\"3746\">TVO<\/strong> y reportajes impactantes. Solo por mencionar unos pocos: entrevist\u00e9 de manera exclusiva al \u201cGordo\u201d <strong data-start=\"3846\" data-end=\"3854\">Kike<\/strong>, <strong data-start=\"3856\" data-end=\"3879\">Hugo Ojeda Negretti<\/strong> y <strong data-start=\"3882\" data-end=\"3904\">Jeffry Andrew Sams<\/strong> dentro del penal de <strong data-start=\"3925\" data-end=\"3941\">Puente Ayala<\/strong>. Fui el \u00fanico reportero que logr\u00f3 ingresar al hospital de <strong data-start=\"4000\" data-end=\"4013\">Guaraguao<\/strong> para entrevistar a unos polizones africanos que la tripulaci\u00f3n del barco intent\u00f3 asesinar roci\u00e1ndolos con un poderoso pesticida. El sueldo m\u00ednimo en Venezuela era de unos <strong data-start=\"4185\" data-end=\"4206\">615.000 bol\u00edvares<\/strong>. Como columnista exclusivo, <strong data-start=\"4235\" data-end=\"4268\">Reporte Diario de la Econom\u00eda<\/strong> me pagaba <strong data-start=\"4279\" data-end=\"4306\">3 millones de bol\u00edvares<\/strong> al mes.<\/p>\n<\/li>\n<\/ol>\n<p data-start=\"4321\" data-end=\"4484\" data-is-last-node=\"\" data-is-only-node=\"\">\n<p data-start=\"317\" data-end=\"465\">Trabaj\u00e9 para <strong data-start=\"330\" data-end=\"361\">Miguel \u00c1ngel Capriles L\u00f3pez<\/strong>, <strong data-start=\"363\" data-end=\"381\">Tob\u00edas Carrero<\/strong> y, posteriormente, para agencias internacionales y empresarios de presencia global.<\/p>\n<p data-start=\"467\" data-end=\"625\">All\u00ed se origina el odio de estos acomplejados e incultos personajes. Yo sab\u00eda que cuando <strong data-start=\"556\" data-end=\"570\">Sebastiana<\/strong> lo conociera intelectualmente, le generar\u00eda repulsi\u00f3n.<\/p>\n<h3 data-start=\"627\" data-end=\"667\">CARTA ABIERTA A SEBASTIANA BARR\u00c1EZ<\/h3>\n<p data-start=\"668\" data-end=\"931\">\ud83d\udd17 <a class=\"\" href=\"https:\/\/writerwithfreedom.com\/index.php\/2025\/07\/uno-by-real-madrid-en-panama-una-gran-mentira-que-encubre-un-posible-fraude.html\" target=\"_new\" rel=\"noopener\" data-start=\"671\" data-end=\"931\">https:\/\/writerwithfreedom.com\/index.php\/2025\/07\/uno-by-real-madrid-en-panama-una-gran-mentira-que-encubre-un-posible-fraude.html<\/a><\/p>\n<p data-start=\"933\" data-end=\"1059\">Hasta ahora no hab\u00eda respondido p\u00fablicamente a sus se\u00f1alamientos. B\u00e1sicamente por dos razones: giramos en \u00f3rbitas distintas.<\/p>\n<p data-start=\"1061\" data-end=\"1381\">Primero, las personas que me siguen ni remotamente perder\u00edan el tiempo viendo uno de sus programas.<br data-start=\"1160\" data-end=\"1163\" \/>Segundo, dice puras incoherencias sin sentido: <em data-start=\"1210\" data-end=\"1221\">fake news<\/em>, manipulaciones y denuncias sin sustento. Ninguna persona medianamente culta, informada y con estudios superiores le da credibilidad a ninguna de sus sandeces.<\/p>\n<p data-start=\"1383\" data-end=\"1633\">Pero la cosa se puso seria pocos d\u00edas atr\u00e1s, cuando me empez\u00f3 a vincular \u2014y a <strong data-start=\"1461\" data-end=\"1481\">Iv\u00e1n Ballesteros<\/strong> (por haberme realizado una entrevista)\u2014 con un posible atentado contra <strong data-start=\"1553\" data-end=\"1577\">Mar\u00eda Corina Machado<\/strong>, los d\u00edas previos o durante las elecciones municipales:<\/p>\n<p data-start=\"1635\" data-end=\"2114\">\ud83d\udd17 <a class=\"\" href=\"https:\/\/reportedelaeconomia.com\/venezuela\/corrige-posibles-errores-respeta-todo-el-contenido-es-para-un-articulo-ahora-donde-se-van-a-meter-la-lengua-nitu-perez-ozuna-vladimir-petit-medina-y-el-orate-wender-enrique-villabobos-en-el-cul\/\" target=\"_new\" rel=\"noopener\" data-start=\"1638\" data-end=\"2114\">https:\/\/reportedelaeconomia.com\/venezuela\/corrige-posibles-errores-respeta-todo-el-contenido-es-para-un-articulo-ahora-donde-se-van-a-meter-la-lengua-nitu-perez-ozuna-vladimir-petit-medina-y-el-orate-wender-enrique-villabobos-en-el-cul\/<\/a><\/p>\n<p data-start=\"2116\" data-end=\"2264\">Como hemos desmontado cada una de sus mentiras, ha creado una narrativa incoherente y nunca ha ofrecido disculpas a su audiencia por las falsedades.<\/p>\n<p data-start=\"2266\" data-end=\"2831\">En una de sus \u00faltimas demenciales apariciones trat\u00f3 de justificar sus incongruencias y aberraciones. Pero por nada aclara ni admite que a <strong data-start=\"2404\" data-end=\"2422\">Tulio Capriles<\/strong> lo denunciamos m\u00e1s de un a\u00f1o atr\u00e1s, al intentar penetrar el entorno de <strong data-start=\"2494\" data-end=\"2514\">Gonz\u00e1lez Urrutia<\/strong>; que el d\u00eda anterior publicamos un reportaje donde mostramos la genealog\u00eda de <strong data-start=\"2593\" data-end=\"2611\">Tulio Capriles<\/strong> y los <strong data-start=\"2618\" data-end=\"2636\">Capriles L\u00f3pez<\/strong>, y que ni remotamente son familiares; y que <strong data-start=\"2681\" data-end=\"2727\">no tengo ning\u00fan v\u00ednculo con ese nuevo rico<\/strong>, <strong data-start=\"2729\" data-end=\"2759\">nunca he trabajado para \u00e9l<\/strong> y <strong data-start=\"2762\" data-end=\"2830\">no tengo nada que ver con sus acciones delictivas y fraudulentas<\/strong>.<\/p>\n<p data-start=\"2833\" data-end=\"3126\">\ud83d\udd17 <a class=\"\" href=\"https:\/\/reportedelaeconomia.com\/venezuela\/es-total-y-completamente-falso-tulio-capriles-y-los-capriles-lopez-no-tienen-ningun-vinculo-familiar\/\" target=\"_new\" rel=\"noopener\" data-start=\"2836\" data-end=\"3126\">https:\/\/reportedelaeconomia.com\/venezuela\/es-total-y-completamente-falso-tulio-capriles-y-los-capriles-lopez-no-tienen-ningun-vinculo-familiar\/<\/a><\/p>\n<p data-start=\"3128\" data-end=\"3361\">\ud83d\udd17 <a class=\"\" href=\"https:\/\/www.ciudadgoticanews.com\/index.php\/2024\/09\/27\/doble-juego-carlos-mendez-evtv-miami-madrid-tulio-capriles\/\" target=\"_new\" rel=\"noopener\" data-start=\"3131\" data-end=\"3361\">https:\/\/www.ciudadgoticanews.com\/index.php\/2024\/09\/27\/doble-juego-carlos-mendez-evtv-miami-madrid-tulio-capriles\/<\/a><\/p>\n<p data-start=\"3363\" data-end=\"3682\">Cr\u00e9anme que es nauseabundo para m\u00ed hablar de este delincuente, y tengan claro que el verdadero cerebro tras bastidores de todas estas \u201collas\u201d es <strong data-start=\"3508\" data-end=\"3529\">Gerardo Gill Dams<\/strong>, quien, poniendo a esos grupos a enfrentarse, recibe beneficios de ambas partes, en complicidad con este demente, vanagloriado por <strong data-start=\"3661\" data-end=\"3681\">Nitu P\u00e9rez Osuna<\/strong>:<\/p>\n<p data-start=\"3684\" data-end=\"3917\">\ud83d\udd17 <a class=\"\" href=\"https:\/\/www.youtube.com\/live\/7um38-3eWf8?si=hZyjhFRm6_do0Ck9\" target=\"_new\" rel=\"noopener\" data-start=\"3687\" data-end=\"3811\">https:\/\/www.youtube.com\/live\/7um38-3eWf8?si=hZyjhFRm6_do0Ck9<\/a><br data-start=\"3811\" data-end=\"3814\" \/>\ud83d\udd17 <a class=\"\" href=\"https:\/\/youtu.be\/TUZ_cW0T2qg?si=3FftJqoV28DzpJ0d\" target=\"_new\" rel=\"noopener\" data-start=\"3817\" data-end=\"3917\">https:\/\/youtu.be\/TUZ_cW0T2qg?si=3FftJqoV28DzpJ0d<\/a><\/p>\n<p data-start=\"3684\" data-end=\"3917\">AQU\u00cd SE ORIGINA EL ODIO DE WENDER ENRIQUE VILLALOBOS:<br \/>\nSu envidia por no poder mostrar con orgullo haber cultivado las virtudes en su hijo.<\/p>\n<p data-start=\"3684\" data-end=\"3917\">\n<div data-video-id=\"\" class='wp-block-html5-player-video html5_video_players' class=\"wp-block-html5-player-video\" data-nonce=\"68fe4d5eb1\" data-attributes=\"{&quot;provider&quot;:&quot;library&quot;,&quot;uniqueId&quot;:&quot;h5vp1&quot;,&quot;source&quot;:&quot;https:\\\/\\\/www.ciudadgoticanews.com\\\/wp-content\\\/uploads\\\/2025\\\/08\\\/video_2025-08-01_11-23-40.mp4&quot;,&quot;poster&quot;:&quot;&quot;,&quot;options&quot;:{&quot;controls&quot;:[&quot;play-large&quot;,&quot;play&quot;,&quot;progress&quot;,&quot;duration&quot;,&quot;current-time&quot;,&quot;mute&quot;,&quot;volume&quot;,&quot;settings&quot;,&quot;fullscreen&quot;],&quot;settings&quot;:[&quot;captions&quot;,&quot;quality&quot;,&quot;speed&quot;,&quot;loop&quot;],&quot;loadSprite&quot;:true,&quot;autoplay&quot;:false,&quot;playsinline&quot;:true,&quot;seekTime&quot;:10,&quot;volume&quot;:1,&quot;muted&quot;:false,&quot;hideControls&quot;:false,&quot;resetOnEnd&quot;:true,&quot;tooltips&quot;:{&quot;controls&quot;:true,&quot;seek&quot;:true},&quot;captions&quot;:{&quot;active&quot;:false,&quot;language&quot;:&quot;auto&quot;,&quot;update&quot;:true},&quot;ratio&quot;:&quot;16:9&quot;,&quot;storage&quot;:{&quot;enabled&quot;:true,&quot;key&quot;:&quot;plyr&quot;},&quot;speed&quot;:{&quot;options&quot;:[&quot;0.5&quot;,&quot; 0.75&quot;,&quot; 1&quot;,&quot; 1.25&quot;,&quot; 1.5&quot;,&quot; 1.75&quot;,&quot; 2&quot;,&quot; 4&quot;]},&quot;loop&quot;:{&quot;active&quot;:false},&quot;ads&quot;:{&quot;enabled&quot;:false,&quot;tagUrl&quot;:&quot;&quot;},&quot;preload&quot;:&quot;metadata&quot;,&quot;markers&quot;:{&quot;enabled&quot;:false,&quot;points&quot;:[]},&quot;urls&quot;:{&quot;enabled&quot;:false}},&quot;features&quot;:{&quot;popup&quot;:{&quot;enabled&quot;:false,&quot;type&quot;:&quot;button&quot;,&quot;btnText&quot;:&quot;Watch Video&quot;,&quot;btnStyle&quot;:{&quot;color&quot;:&quot;#fff&quot;,&quot;backgroundColor&quot;:&quot;#f00&quot;,&quot;padding&quot;:{&quot;top&quot;:&quot;7px&quot;,&quot;right&quot;:&quot;10px&quot;,&quot;bottom&quot;:&quot;7px&quot;,&quot;left&quot;:&quot;10px&quot;}}},&quot;overlay&quot;:{&quot;enabled&quot;:false,&quot;items&quot;:[]},&quot;endScreen&quot;:{&quot;enabled&quot;:false},&quot;thumbInPause&quot;:{&quot;enabled&quot;:false,&quot;type&quot;:&quot;default&quot;},&quot;watermark&quot;:{&quot;enabled&quot;:false,&quot;type&quot;:&quot;email&quot;,&quot;text&quot;:&quot;watermark text&quot;,&quot;color&quot;:&quot;#f00&quot;},&quot;passwordProtected&quot;:{&quot;enabled&quot;:false,&quot;password&quot;:null},&quot;sticky&quot;:{&quot;enabled&quot;:false,&quot;position&quot;:&quot;top_right&quot;},&quot;playWhenVisible&quot;:false,&quot;disablePause&quot;:false,&quot;hideYoutubeUI&quot;:false,&quot;startTime&quot;:false,&quot;hideLoadingPlaceholder&quot;:false,&quot;saveState&quot;:false},&quot;onlyLoggedIn&quot;:{&quot;whoCanSeeThisVideo&quot;:&quot;everyone&quot;,&quot;allowedRoles&quot;:[&quot;&quot;],&quot;message&quot;:&quot;This video is only for registered users. Please login to view the video.&quot;},&quot;hideYoutubeUI&quot;:false,&quot;additionalCSS&quot;:&quot;&quot;,&quot;additionalID&quot;:&quot;&quot;,&quot;autoplayWhenVisible&quot;:false,&quot;styles&quot;:{&quot;plyr_wrapper&quot;:{&quot;width&quot;:&quot;px&quot;,&quot;borderRadius&quot;:&quot;0px&quot;,&quot;overflow&quot;:&quot;hidden&quot;},&quot;.plyr&quot;:{&quot;--plyr-color-main&quot;:&quot;#00b2ff&quot;}},&quot;imported&quot;:false,&quot;seo&quot;:{&quot;title&quot;:&quot;&quot;,&quot;description&quot;:&quot;&quot;,&quot;duration&quot;:&quot;&quot;},&quot;quality&quot;:[],&quot;subtitle&quot;:[{&quot;label&quot;:&quot;English\\\/en&quot;,&quot;caption_file&quot;:&quot;&quot;}],&quot;thumbInPause&quot;:false,&quot;CSS&quot;:&quot;&quot;,&quot;isCDURL&quot;:false,&quot;posterTime&quot;:20,&quot;chapters&quot;:[],&quot;controls&quot;:{&quot;play-large&quot;:true,&quot;restart&quot;:false,&quot;rewind&quot;:false,&quot;play&quot;:true,&quot;fast-forward&quot;:false,&quot;progress&quot;:true,&quot;current-time&quot;:true,&quot;duration&quot;:false,&quot;mute&quot;:true,&quot;volume&quot;:true,&quot;pip&quot;:false,&quot;airplay&quot;:false,&quot;settings&quot;:true,&quot;downlaod&quot;:false,&quot;fullscreen&quot;:true},&quot;brandColor&quot;:&quot;#00B3FF&quot;,&quot;width&quot;:{&quot;deprecated&quot;:true,&quot;number&quot;:100,&quot;unit&quot;:&quot;%&quot;},&quot;radius&quot;:{&quot;number&quot;:0,&quot;unit&quot;:&quot;px&quot;},&quot;repeat&quot;:false,&quot;autoplay&quot;:false,&quot;muted&quot;:false,&quot;sticky&quot;:false,&quot;stickyPosition&quot;:&quot;top-right&quot;,&quot;popup&quot;:false,&quot;popupType&quot;:&quot;button&quot;,&quot;playsinline&quot;:false,&quot;popupBtnStyle&quot;:{&quot;color&quot;:&quot;#fff&quot;,&quot;backgroundColor&quot;:&quot;#006BA1&quot;,&quot;fontSize&quot;:&quot;16px&quot;,&quot;padding&quot;:{&quot;top&quot;:&quot;10px&quot;,&quot;right&quot;:&quot;20px&quot;,&quot;bottom&quot;:&quot;10px&quot;,&quot;left&quot;:&quot;20px&quot;},&quot;align&quot;:&quot;center&quot;},&quot;popupBtnText&quot;:&quot;Watch Video&quot;,&quot;disablePause&quot;:false,&quot;thumbStyle&quot;:&quot;default&quot;,&quot;resetOnEnd&quot;:false,&quot;autoHideControl&quot;:true,&quot;protected&quot;:false,&quot;protectedText&quot;:&quot;Please enter password to wath the video&quot;,&quot;seekTime&quot;:10,&quot;startTime&quot;:0,&quot;preload&quot;:&quot;metadata&quot;,&quot;overlay&quot;:false,&quot;overlayPosition&quot;:&quot;top_right&quot;,&quot;overlayBackground&quot;:&quot;#333&quot;,&quot;overlayOpacity&quot;:0.8000000000000000444089209850062616169452667236328125,&quot;overlayTextColor&quot;:&quot;#ffffff&quot;,&quot;overlayFontSize&quot;:{&quot;number&quot;:20,&quot;unit&quot;:&quot;px&quot;},&quot;overlayTextHoverColor&quot;:&quot;#ffffff&quot;,&quot;endScreen&quot;:{&quot;enabled&quot;:false,&quot;text&quot;:&quot;Simple Text&quot;,&quot;btnText&quot;:&quot;Watch Again&quot;,&quot;btnLink&quot;:&quot;&quot;,&quot;btnStyle&quot;:[]},&quot;endscreen&quot;:false,&quot;endscreenText&quot;:&quot;Endscreen text&quot;,&quot;endscreenTextLink&quot;:&quot;#&quot;,&quot;streaming&quot;:false,&quot;streamingType&quot;:&quot;hls&quot;,&quot;speed&quot;:{&quot;1&quot;:true,&quot;2&quot;:true,&quot;3&quot;:true,&quot;0.5&quot;:true,&quot;0.75&quot;:true,&quot;1.25&quot;:true,&quot;1.5&quot;:true,&quot;1.75&quot;:true,&quot;2.5&quot;:true},&quot;captionEnabled&quot;:false,&quot;saveState&quot;:false}\" >\n    <style>\n        .preload_poster svg {background: var(--plyr-video-control-background-hover, var(--plyr-color-main, var(--plyr-color-main, #1ABAFF)));border: 0;border-radius: 100%;left: 50%;opacity: .9;padding: calc(var(--plyr-control-spacing, 8px) * 1.5);position: absolute;top: 50%;transform: translate(-50%, -50%);transition: .3s;z-index: 2;box-sizing: content-box;fill: #fff;}\n        .preload_poster {display: block}\n    <\/style>\n    <div class=\"preload_poster\" style=\"overflow:hidden;aspect-ratio:16:9;background-image:url()\">\n        <svg width=\"24px\" height=\"24px\" viewBox=\"0 0 15 15\" fill=\"none\" xmlns=\"http:\/\/www.w3.org\/2000\/svg\">\n            <path d=\"M4.79062 2.09314C4.63821 1.98427 4.43774 1.96972 4.27121 2.05542C4.10467 2.14112 4 2.31271 4 2.5V12.5C4 12.6873 4.10467 12.8589 4.27121 12.9446C4.43774 13.0303 4.63821 13.0157 4.79062 12.9069L11.7906 7.90687C11.922 7.81301 12 7.66148 12 7.5C12 7.33853 11.922 7.18699 11.7906 7.09314L4.79062 2.09314Z\" \/>\n        <\/svg>\n    <\/div>\n<\/div>\n\n<\/p>\n<p><a href=\"https:\/\/www.ciudadgoticanews.com\/wp-content\/uploads\/2025\/08\/photo_2025-08-01_11-18-05.jpg\"><img loading=\"lazy\" decoding=\"async\" class=\"aligncenter size-full wp-image-95240\" src=\"https:\/\/www.ciudadgoticanews.com\/wp-content\/uploads\/2025\/08\/photo_2025-08-01_11-18-05.jpg\" alt=\"\" width=\"800\" height=\"708\" \/><\/a> <a href=\"https:\/\/www.ciudadgoticanews.com\/wp-content\/uploads\/2025\/08\/photo_2025-08-01_11-18-13.jpg\"><img loading=\"lazy\" decoding=\"async\" class=\"aligncenter size-full wp-image-95241\" src=\"https:\/\/www.ciudadgoticanews.com\/wp-content\/uploads\/2025\/08\/photo_2025-08-01_11-18-13.jpg\" alt=\"\" width=\"960\" height=\"1280\" \/><\/a> <a href=\"https:\/\/www.ciudadgoticanews.com\/wp-content\/uploads\/2025\/08\/photo_2025-08-01_11-18-08.jpg\"><img loading=\"lazy\" decoding=\"async\" class=\"aligncenter size-full wp-image-95242\" src=\"https:\/\/www.ciudadgoticanews.com\/wp-content\/uploads\/2025\/08\/photo_2025-08-01_11-18-08.jpg\" alt=\"\" width=\"739\" height=\"1280\" \/>\n<div data-video-id=\"\" class='wp-block-html5-player-video html5_video_players' class=\"wp-block-html5-player-video\" data-nonce=\"68fe4d5eb1\" data-attributes=\"{&quot;provider&quot;:&quot;library&quot;,&quot;uniqueId&quot;:&quot;h5vp2&quot;,&quot;source&quot;:&quot;https:\\\/\\\/reportedelaeconomia.com\\\/wp-content\\\/uploads\\\/2025\\\/08\\\/video_2025-08-01_11-18-47.mp4&quot;,&quot;poster&quot;:&quot;&quot;,&quot;options&quot;:{&quot;controls&quot;:[&quot;play-large&quot;,&quot;play&quot;,&quot;progress&quot;,&quot;duration&quot;,&quot;current-time&quot;,&quot;mute&quot;,&quot;volume&quot;,&quot;settings&quot;,&quot;fullscreen&quot;],&quot;settings&quot;:[&quot;captions&quot;,&quot;quality&quot;,&quot;speed&quot;,&quot;loop&quot;],&quot;loadSprite&quot;:true,&quot;autoplay&quot;:false,&quot;playsinline&quot;:true,&quot;seekTime&quot;:10,&quot;volume&quot;:1,&quot;muted&quot;:false,&quot;hideControls&quot;:false,&quot;resetOnEnd&quot;:true,&quot;tooltips&quot;:{&quot;controls&quot;:true,&quot;seek&quot;:true},&quot;captions&quot;:{&quot;active&quot;:false,&quot;language&quot;:&quot;auto&quot;,&quot;update&quot;:true},&quot;ratio&quot;:&quot;16:9&quot;,&quot;storage&quot;:{&quot;enabled&quot;:true,&quot;key&quot;:&quot;plyr&quot;},&quot;speed&quot;:{&quot;options&quot;:[&quot;0.5&quot;,&quot; 0.75&quot;,&quot; 1&quot;,&quot; 1.25&quot;,&quot; 1.5&quot;,&quot; 1.75&quot;,&quot; 2&quot;,&quot; 4&quot;]},&quot;loop&quot;:{&quot;active&quot;:false},&quot;ads&quot;:{&quot;enabled&quot;:false,&quot;tagUrl&quot;:&quot;&quot;},&quot;preload&quot;:&quot;metadata&quot;,&quot;markers&quot;:{&quot;enabled&quot;:false,&quot;points&quot;:[]},&quot;urls&quot;:{&quot;enabled&quot;:false}},&quot;features&quot;:{&quot;popup&quot;:{&quot;enabled&quot;:false,&quot;type&quot;:&quot;button&quot;,&quot;btnText&quot;:&quot;Watch Video&quot;,&quot;btnStyle&quot;:{&quot;color&quot;:&quot;#fff&quot;,&quot;backgroundColor&quot;:&quot;#f00&quot;,&quot;padding&quot;:{&quot;top&quot;:&quot;7px&quot;,&quot;right&quot;:&quot;10px&quot;,&quot;bottom&quot;:&quot;7px&quot;,&quot;left&quot;:&quot;10px&quot;}}},&quot;overlay&quot;:{&quot;enabled&quot;:false,&quot;items&quot;:[]},&quot;endScreen&quot;:{&quot;enabled&quot;:false},&quot;thumbInPause&quot;:{&quot;enabled&quot;:false,&quot;type&quot;:&quot;default&quot;},&quot;watermark&quot;:{&quot;enabled&quot;:false,&quot;type&quot;:&quot;email&quot;,&quot;text&quot;:&quot;watermark text&quot;,&quot;color&quot;:&quot;#f00&quot;},&quot;passwordProtected&quot;:{&quot;enabled&quot;:false,&quot;password&quot;:null},&quot;sticky&quot;:{&quot;enabled&quot;:false,&quot;position&quot;:&quot;top_right&quot;},&quot;playWhenVisible&quot;:false,&quot;disablePause&quot;:false,&quot;hideYoutubeUI&quot;:false,&quot;startTime&quot;:false,&quot;hideLoadingPlaceholder&quot;:false,&quot;saveState&quot;:false},&quot;onlyLoggedIn&quot;:{&quot;whoCanSeeThisVideo&quot;:&quot;everyone&quot;,&quot;allowedRoles&quot;:[&quot;&quot;],&quot;message&quot;:&quot;This video is only for registered users. Please login to view the video.&quot;},&quot;hideYoutubeUI&quot;:false,&quot;additionalCSS&quot;:&quot;&quot;,&quot;additionalID&quot;:&quot;&quot;,&quot;autoplayWhenVisible&quot;:false,&quot;styles&quot;:{&quot;plyr_wrapper&quot;:{&quot;width&quot;:&quot;px&quot;,&quot;borderRadius&quot;:&quot;0px&quot;,&quot;overflow&quot;:&quot;hidden&quot;},&quot;.plyr&quot;:{&quot;--plyr-color-main&quot;:&quot;#00b2ff&quot;}},&quot;imported&quot;:false,&quot;seo&quot;:{&quot;title&quot;:&quot;&quot;,&quot;description&quot;:&quot;&quot;,&quot;duration&quot;:&quot;&quot;},&quot;quality&quot;:[],&quot;subtitle&quot;:[{&quot;label&quot;:&quot;English\\\/en&quot;,&quot;caption_file&quot;:&quot;&quot;}],&quot;thumbInPause&quot;:false,&quot;CSS&quot;:&quot;&quot;,&quot;isCDURL&quot;:false,&quot;posterTime&quot;:20,&quot;chapters&quot;:[],&quot;controls&quot;:{&quot;play-large&quot;:true,&quot;restart&quot;:false,&quot;rewind&quot;:false,&quot;play&quot;:true,&quot;fast-forward&quot;:false,&quot;progress&quot;:true,&quot;current-time&quot;:true,&quot;duration&quot;:false,&quot;mute&quot;:true,&quot;volume&quot;:true,&quot;pip&quot;:false,&quot;airplay&quot;:false,&quot;settings&quot;:true,&quot;downlaod&quot;:false,&quot;fullscreen&quot;:true},&quot;brandColor&quot;:&quot;#00B3FF&quot;,&quot;width&quot;:{&quot;deprecated&quot;:true,&quot;number&quot;:100,&quot;unit&quot;:&quot;%&quot;},&quot;radius&quot;:{&quot;number&quot;:0,&quot;unit&quot;:&quot;px&quot;},&quot;repeat&quot;:false,&quot;autoplay&quot;:false,&quot;muted&quot;:false,&quot;sticky&quot;:false,&quot;stickyPosition&quot;:&quot;top-right&quot;,&quot;popup&quot;:false,&quot;popupType&quot;:&quot;button&quot;,&quot;playsinline&quot;:false,&quot;popupBtnStyle&quot;:{&quot;color&quot;:&quot;#fff&quot;,&quot;backgroundColor&quot;:&quot;#006BA1&quot;,&quot;fontSize&quot;:&quot;16px&quot;,&quot;padding&quot;:{&quot;top&quot;:&quot;10px&quot;,&quot;right&quot;:&quot;20px&quot;,&quot;bottom&quot;:&quot;10px&quot;,&quot;left&quot;:&quot;20px&quot;},&quot;align&quot;:&quot;center&quot;},&quot;popupBtnText&quot;:&quot;Watch Video&quot;,&quot;disablePause&quot;:false,&quot;thumbStyle&quot;:&quot;default&quot;,&quot;resetOnEnd&quot;:false,&quot;autoHideControl&quot;:true,&quot;protected&quot;:false,&quot;protectedText&quot;:&quot;Please enter password to wath the video&quot;,&quot;seekTime&quot;:10,&quot;startTime&quot;:0,&quot;preload&quot;:&quot;metadata&quot;,&quot;overlay&quot;:false,&quot;overlayPosition&quot;:&quot;top_right&quot;,&quot;overlayBackground&quot;:&quot;#333&quot;,&quot;overlayOpacity&quot;:0.8000000000000000444089209850062616169452667236328125,&quot;overlayTextColor&quot;:&quot;#ffffff&quot;,&quot;overlayFontSize&quot;:{&quot;number&quot;:20,&quot;unit&quot;:&quot;px&quot;},&quot;overlayTextHoverColor&quot;:&quot;#ffffff&quot;,&quot;endScreen&quot;:{&quot;enabled&quot;:false,&quot;text&quot;:&quot;Simple Text&quot;,&quot;btnText&quot;:&quot;Watch Again&quot;,&quot;btnLink&quot;:&quot;&quot;,&quot;btnStyle&quot;:[]},&quot;endscreen&quot;:false,&quot;endscreenText&quot;:&quot;Endscreen text&quot;,&quot;endscreenTextLink&quot;:&quot;#&quot;,&quot;streaming&quot;:false,&quot;streamingType&quot;:&quot;hls&quot;,&quot;speed&quot;:{&quot;1&quot;:true,&quot;2&quot;:true,&quot;3&quot;:true,&quot;0.5&quot;:true,&quot;0.75&quot;:true,&quot;1.25&quot;:true,&quot;1.5&quot;:true,&quot;1.75&quot;:true,&quot;2.5&quot;:true},&quot;captionEnabled&quot;:false,&quot;saveState&quot;:false}\" >\n    <style>\n        .preload_poster svg {background: var(--plyr-video-control-background-hover, var(--plyr-color-main, var(--plyr-color-main, #1ABAFF)));border: 0;border-radius: 100%;left: 50%;opacity: .9;padding: calc(var(--plyr-control-spacing, 8px) * 1.5);position: absolute;top: 50%;transform: translate(-50%, -50%);transition: .3s;z-index: 2;box-sizing: content-box;fill: #fff;}\n        .preload_poster {display: block}\n    <\/style>\n    <div class=\"preload_poster\" style=\"overflow:hidden;aspect-ratio:16:9;background-image:url()\">\n        <svg width=\"24px\" height=\"24px\" viewBox=\"0 0 15 15\" fill=\"none\" xmlns=\"http:\/\/www.w3.org\/2000\/svg\">\n            <path d=\"M4.79062 2.09314C4.63821 1.98427 4.43774 1.96972 4.27121 2.05542C4.10467 2.14112 4 2.31271 4 2.5V12.5C4 12.6873 4.10467 12.8589 4.27121 12.9446C4.43774 13.0303 4.63821 13.0157 4.79062 12.9069L11.7906 7.90687C11.922 7.81301 12 7.66148 12 7.5C12 7.33853 11.922 7.18699 11.7906 7.09314L4.79062 2.09314Z\" \/>\n        <\/svg>\n    <\/div>\n<\/div>\n\n<\/a><\/p>\n<h3 data-start=\"153\" data-end=\"185\">AHORA MUCHOS FINGEN DEMENCIA<\/h3>\n<p data-start=\"187\" data-end=\"430\">Ahora nadie recuerda cuando el <strong data-start=\"218\" data-end=\"232\">interinato<\/strong>, <strong data-start=\"234\" data-end=\"254\">Benjam\u00edn Rausseo<\/strong>, <strong data-start=\"256\" data-end=\"274\">Manuel Rosales<\/strong>, los hermanos <strong data-start=\"289\" data-end=\"325\">Mag\u00edn y Fernando Blasi-Blanchard<\/strong>, <strong data-start=\"327\" data-end=\"335\">EVTV<\/strong>, <strong data-start=\"337\" data-end=\"354\">Carlos M\u00e9ndez<\/strong> y <strong data-start=\"357\" data-end=\"383\">Miguel \u00c1ngel Rodr\u00edguez<\/strong> contrataban los servicios de <strong data-start=\"413\" data-end=\"429\">Gerardo Gill<\/strong>.<\/p>\n<p data-start=\"187\" data-end=\"430\"><a href=\"https:\/\/www.ciudadgoticanews.com\/wp-content\/uploads\/2025\/08\/photo_2025-08-01_11-19-33.jpg\"><img loading=\"lazy\" decoding=\"async\" class=\"aligncenter size-full wp-image-95248\" src=\"https:\/\/www.ciudadgoticanews.com\/wp-content\/uploads\/2025\/08\/photo_2025-08-01_11-19-33.jpg\" alt=\"\" width=\"1024\" height=\"1024\" \/><\/a><\/p>\n<p data-start=\"187\" data-end=\"430\">Por \u00faltimo les recuerdo que yo soy el que va a llevar ante la justicia por excluirme del testamento fraudulentamente a Julio Martin Herrera Kolters y har\u00e9 que los Cigala paguen para resarcir el da\u00f1o a la honra de mi madre.<\/p>\n<p data-start=\"187\" data-end=\"430\"><a href=\"https:\/\/www.ciudadgoticanews.com\/wp-content\/uploads\/2025\/08\/photo_2025-08-01_11-20-07.jpg\"><img loading=\"lazy\" decoding=\"async\" class=\"aligncenter size-full wp-image-95252\" src=\"https:\/\/www.ciudadgoticanews.com\/wp-content\/uploads\/2025\/08\/photo_2025-08-01_11-20-07.jpg\" alt=\"\" width=\"440\" height=\"585\" \/><\/a><\/p>\n","protected":false},"excerpt":{"rendered":"<p>Aproximadamente 8 a\u00f1os atr\u00e1s, y a trav\u00e9s de mi hijo, quien a\u00fan no hab\u00eda cumplido los 16 a\u00f1os, conoc\u00ed por v\u00eda telef\u00f3nica a Gerardo Gill Dams (alias \u201cJustin\u201d, \u201cEl Ping\u00fcino\u201d, \u201cVVperiodistas\u201d y una docena de identidades digitales falsas). Nunca nos hemos visto personalmente. Al parecer, Gerardo residi\u00f3 un corto per\u00edodo en Panam\u00e1 y despu\u00e9s se [&hellip;]<\/p>\n","protected":false},"author":1,"featured_media":14485,"comment_status":"open","ping_status":"open","sticky":false,"template":"","format":"standard","meta":{"h5ap_radio_sources":[],"footnotes":""},"categories":[9],"tags":[],"class_list":["post-14455","post","type-post","status-publish","format-standard","has-post-thumbnail","hentry","category-venezuela"],"aioseo_notices":[],"_links":{"self":[{"href":"https:\/\/www.ciudadgoticanews.com\/index.php\/wp-json\/wp\/v2\/posts\/14455","targetHints":{"allow":["GET"]}}],"collection":[{"href":"https:\/\/www.ciudadgoticanews.com\/index.php\/wp-json\/wp\/v2\/posts"}],"about":[{"href":"https:\/\/www.ciudadgoticanews.com\/index.php\/wp-json\/wp\/v2\/types\/post"}],"author":[{"embeddable":true,"href":"https:\/\/www.ciudadgoticanews.com\/index.php\/wp-json\/wp\/v2\/users\/1"}],"replies":[{"embeddable":true,"href":"https:\/\/www.ciudadgoticanews.com\/index.php\/wp-json\/wp\/v2\/comments?post=14455"}],"version-history":[{"count":2,"href":"https:\/\/www.ciudadgoticanews.com\/index.php\/wp-json\/wp\/v2\/posts\/14455\/revisions"}],"predecessor-version":[{"id":14486,"href":"https:\/\/www.ciudadgoticanews.com\/index.php\/wp-json\/wp\/v2\/posts\/14455\/revisions\/14486"}],"wp:featuredmedia":[{"embeddable":true,"href":"https:\/\/www.ciudadgoticanews.com\/index.php\/wp-json\/wp\/v2\/media\/14485"}],"wp:attachment":[{"href":"https:\/\/www.ciudadgoticanews.com\/index.php\/wp-json\/wp\/v2\/media?parent=14455"}],"wp:term":[{"taxonomy":"category","embeddable":true,"href":"https:\/\/www.ciudadgoticanews.com\/index.php\/wp-json\/wp\/v2\/categories?post=14455"},{"taxonomy":"post_tag","embeddable":true,"href":"https:\/\/www.ciudadgoticanews.com\/index.php\/wp-json\/wp\/v2\/tags?post=14455"}],"curies":[{"name":"wp","href":"https:\/\/api.w.org\/{rel}","templated":true}]}}