{"id":1466,"date":"2022-10-10T17:22:21","date_gmt":"2022-10-10T21:22:21","guid":{"rendered":"https:\/\/www.ciudadgoticanews.com\/?p=1466"},"modified":"2022-10-10T17:28:08","modified_gmt":"2022-10-10T21:28:08","slug":"periodista-patricia-poleo-realizo-practicas-comerciales-desleales-declaraciones-falsas-y-enganosas-segun-alegatos-de-demandas-contra-la-venezolana-en-cortes-de-florida","status":"publish","type":"post","link":"https:\/\/www.ciudadgoticanews.com\/index.php\/2022\/10\/10\/periodista-patricia-poleo-realizo-practicas-comerciales-desleales-declaraciones-falsas-y-enganosas-segun-alegatos-de-demandas-contra-la-venezolana-en-cortes-de-florida\/","title":{"rendered":"Periodista Patricia Poleo realiz\u00f3 pr\u00e1cticas comerciales desleales, declaraciones falsas y enga\u00f1osas, seg\u00fan alegatos de demandas contra la venezolana en cortes de Florida"},"content":{"rendered":"<p><strong>El abogado estadounidense Rolando V\u00e1zquez contin\u00faa adelante con una demanda en la corte civil del condado Miami-Dade, contra Patricia Poleo, periodista venezolana exiliada en Estados Unidos.<\/strong><\/p>\n<p><a href=\"https:\/\/www.ciudadgoticanews.com\/wp-content\/uploads\/2022\/10\/demanda-rolando-vazquez-patricia-poleo_1.jpg\"><img loading=\"lazy\" decoding=\"async\" class=\"aligncenter size-full wp-image-1492\" src=\"https:\/\/www.ciudadgoticanews.com\/wp-content\/uploads\/2022\/10\/demanda-rolando-vazquez-patricia-poleo_1.jpg\" alt=\"\" width=\"1200\" height=\"1374\" srcset=\"https:\/\/www.ciudadgoticanews.com\/wp-content\/uploads\/2022\/10\/demanda-rolando-vazquez-patricia-poleo_1.jpg 1200w, https:\/\/www.ciudadgoticanews.com\/wp-content\/uploads\/2022\/10\/demanda-rolando-vazquez-patricia-poleo_1-262x300.jpg 262w, https:\/\/www.ciudadgoticanews.com\/wp-content\/uploads\/2022\/10\/demanda-rolando-vazquez-patricia-poleo_1-894x1024.jpg 894w, https:\/\/www.ciudadgoticanews.com\/wp-content\/uploads\/2022\/10\/demanda-rolando-vazquez-patricia-poleo_1-768x879.jpg 768w\" sizes=\"auto, (max-width: 1200px) 100vw, 1200px\" \/><\/a><\/p>\n<p>V\u00e1zquez demand\u00f3 a Poleo el pasado mes de noviembre de 2021, por una cifra superior a los $ 100,000, acusando a la venezolana de haberlo difamado, esto luego que Poleo present\u00f3 y entrevist\u00f3 en su podcast Ag\u00e1rrate, seguido por miles de venezolanos, en el canal Factores de Poder en Youtube, a unas personas que hab\u00edan contratado al abogado, quienes al igual que la periodista, se\u00f1alaron a V\u00e1zquez de haber incurrido en mala conducta profesional, al supuestamente no haberlos asistido de manera adecuada en los casos de regularizaci\u00f3n de su condici\u00f3n migratoria en Estados Unidos, para los que las personas presentadas en el podcast de Poleo hab\u00edan contratado al abogado.<\/p>\n<p><strong>Adem\u00e1s de Poleo, aparecen tambi\u00e9n como codemandadas las compa\u00f1\u00edas de la periodista, FREE WORD, INC, FACTORES DE PODER MEDIA LLC, y las ciudadanas Annia Corali M\u00e1rquez, Valeria Sojo, Crissel Elena Jim\u00e9nez y Niurka Natalia Vilaro. La demanda, signada como 2021-024964-CA-01<\/strong>, cursa en el condado Miami-Dade, donde est\u00e1n registradas las compa\u00f1\u00edas de Poleo.<\/p>\n<div class=\"_df_book df-lite\" id=\"df_1476\"  _slug=\"demanda-rolando-vazquez0\" data-title=\"demanda-rolando-vazquez0\" wpoptions=\"true\" thumbtype=\"\" ><\/div><script class=\"df-shortcode-script\" nowprocket type=\"application\/javascript\">window.option_df_1476 = {\"outline\":[],\"autoEnableOutline\":\"false\",\"autoEnableThumbnail\":\"false\",\"overwritePDFOutline\":\"false\",\"direction\":\"1\",\"pageSize\":\"0\",\"source\":\"https:\\\/\\\/www.ciudadgoticanews.com\\\/wp-content\\\/uploads\\\/2022\\\/10\\\/demanda-rolando-vazquez0.pdf\",\"wpOptions\":\"true\"}; if(window.DFLIP && window.DFLIP.parseBooks){window.DFLIP.parseBooks();}<\/script>\n<p>&nbsp;<\/p>\n<p>En contraste con las aseveraciones de Poleo y de los clientes de V\u00e1zquez en contra del abogado, est\u00e1n las respuestas de The Florida Bar o Colegio de Abogados de la Florida, a donde acudieron los clientes del letrado especializado en temas de inmigraci\u00f3n, para quejarse de la supuesta mala conducta profesional de V\u00e1zquez.<\/p>\n<p>Despu\u00e9s de analizar cada demanda en particular, The Florida Bar determin\u00f3 que no hab\u00eda evidencias cre\u00edbles para pensar que V\u00e1zquez hubiese incurrido en una violaci\u00f3n de las reglas que regulan el Colegio de Abogados de la Florida. En consecuencia, The Florida Bar consider\u00f3 que no era apropiado continuar con procedimientos disciplinarios, poniendo fin a las reclamaciones.<\/p>\n<blockquote class=\"wp-embedded-content\" data-secret=\"NljcJVtu8f\"><p><a href=\"https:\/\/www.ciudadgoticanews.com\/index.php\/2022\/10\/09\/colegio-de-abogados-de-florida-rechazo-demandas-contra-el-abogado-rolando-vazquez-por-considerarlas-contradictorias-y-carecer-de-elementos-que-comprobaran-una-mala-conducta-profesional\/\">Colegio de Abogados de Florida rechaz\u00f3 demandas contra el abogado Rolando V\u00e1zquez por considerarlas contradictorias y carecer de elementos que comprobaran una mala conducta profesional<\/a><\/p><\/blockquote>\n<p><iframe loading=\"lazy\" title=\"\u00abColegio de Abogados de Florida rechaz\u00f3 demandas contra el abogado Rolando V\u00e1zquez por considerarlas contradictorias y carecer de elementos que comprobaran una mala conducta profesional\u00bb \u2014 CIUDAD G&Oacute;TICA\" sandbox=\"allow-scripts\" security=\"restricted\" src=\"https:\/\/www.ciudadgoticanews.com\/index.php\/2022\/10\/09\/colegio-de-abogados-de-florida-rechazo-demandas-contra-el-abogado-rolando-vazquez-por-considerarlas-contradictorias-y-carecer-de-elementos-que-comprobaran-una-mala-conducta-profesional\/embed\/#?secret=NljcJVtu8f\" width=\"600\" height=\"338\" data-secret=\"NljcJVtu8f\" frameborder=\"0\" marginwidth=\"0\" marginheight=\"0\" scrolling=\"no\" class=\"wp-embedded-content\"><\/iframe><script>\/*! This file is auto-generated *\/!function(d,l){\"use strict\";l.querySelector&&d.addEventListener&&\"undefined\"!=typeof URL&&(d.wp=d.wp||{},d.wp.receiveEmbedMessage||(d.wp.receiveEmbedMessage=function(e){var t=e.data;if((t||t.secret||t.message||t.value)&&!\/[^a-zA-Z0-9]\/.test(t.secret)){for(var s,r,n,a=l.querySelectorAll('iframe[data-secret=\"'+t.secret+'\"]'),o=l.querySelectorAll('blockquote[data-secret=\"'+t.secret+'\"]'),c=new RegExp(\"^https?:$\",\"i\"),i=0;i<o.length;i++)o[i].style.display=\"none\";for(i=0;i<a.length;i++)s=a[i],e.source===s.contentWindow&#038;&#038;(s.removeAttribute(\"style\"),\"height\"===t.message?(1e3<(r=parseInt(t.value,10))?r=1e3:~~r<200&#038;&#038;(r=200),s.height=r):\"link\"===t.message&#038;&#038;(r=new URL(s.getAttribute(\"src\")),n=new URL(t.value),c.test(n.protocol))&#038;&#038;n.host===r.host&#038;&#038;l.activeElement===s&#038;&#038;(d.top.location.href=t.value))}},d.addEventListener(\"message\",d.wp.receiveEmbedMessage,!1),l.addEventListener(\"DOMContentLoaded\",function(){for(var e,t,s=l.querySelectorAll(\"iframe.wp-embedded-content\"),r=0;r<s.length;r++)(t=(e=s[r]).getAttribute(\"data-secret\"))||(t=Math.random().toString(36).substring(2,12),e.src+=\"#?secret=\"+t,e.setAttribute(\"data-secret\",t)),e.contentWindow.postMessage({message:\"ready\",secret:t},\"*\")},!1)))}(window,document);<\/script><\/p>\n<p>Las decisiones del Colegio de Abogados de la Florida respecto al caso de V\u00e1zquez, suponen que tanto Poleo, como los entrevistados que acusaron al letrado, pudieron haber cometido difamaci\u00f3n y calumnia, al se\u00f1alar reiteradamente a V\u00e1zquez de incurrir en mala conducta profesional, sin contar con documentaci\u00f3n legal v\u00e1lida que as\u00ed lo certificara.<\/p>\n<p>Seg\u00fan indica la demanda, los demandados se\u00f1alaron a V\u00e1zquez y a su bufete de ser unos \u201cestafadores\u201d, y haber supuestamente tomado dinero de extranjeros solicitantes de asilo en Estados Unidos, como parte de la relaci\u00f3n abogado-cliente, asegurando que luego abandonaron a sus clientes en las audiencias de la corte de inmigraci\u00f3n, perjudicando sus respectivos casos.<\/p>\n<p>La demanda tambi\u00e9n se\u00f1ala que los comentarios de los demandados fueron ignorantes, completamente desprovistos de conocimiento sobre c\u00f3mo funciona el proceso de inmigraci\u00f3n y que los demandados actuaron con abierta y notoria malicia y negligencia en sus comentarios sobre el demandante y sus negocios.<\/p>\n<p>La defensa de V\u00e1zquez se\u00f1ala en la demanda que muchas de las declaraciones hechas por los acusados contienen informaci\u00f3n falsa, enga\u00f1osa y tergiversaciones que retratan a los demandantes, como m\u00ednimo como mentirosos, ladrones y estafadores. Los demandados solicitaron adem\u00e1s a terceros que denunciaran a V\u00e1zquez a las autoridades, espec\u00edficamente al Colegio de Abogados de la Florida, para que el demandante pudiera ser inhabilitado.<\/p>\n<p>Tambi\u00e9n se alegra que Poleo y los dem\u00e1s demandados orquestaron y coordinaron esfuerzos para menospreciar el buen nombre y la reputaci\u00f3n del demandante, para que sus clientes rescindieran sus contratos legales, representaci\u00f3n con ellos y\/o incumplir su respectivo acuerdo con el abogado.<\/p>\n<p>Prosigue la demanda, se\u00f1alando que la intenci\u00f3n de los demandados fue la de atacar al demandante y da\u00f1ar su buen nombre y reputaci\u00f3n, someti\u00e9ndolo al escarnio p\u00fablico en las redes sociales. La acusaci\u00f3n tambi\u00e9n se\u00f1ala que otro de los prop\u00f3sitos de los demandados fue el de canalizar a potenciales clientes de V\u00e1zquez, hacia otros profesionales similares al demandante, posiblemente abogados expertos en inmigraci\u00f3n, a quien Poleo se refiere como \"sus socios\", como sucede cuando la periodista promociona en su podcast los servicios del despacho USIA Legal.<\/p>\n<p>La demanda present\u00f3 tambi\u00e9n Menciona un ejemplo de un segmento de video del podcast de la periodista, trasmitido el 2 de noviembre de 2021, en donde Poleo y los demandados promovieron los servicios de otro abogado distinto a V\u00e1zquez, mientras manten\u00eda una campa\u00f1a tendiente a la inhabilitaci\u00f3n de V\u00e1zquez para ejercer profesionalmente. En esa fecha se se\u00f1al\u00f3 en el podcast: \u201cEstamos hablando con nuestro abogado de inmigraci\u00f3n y por cierto, nunca anuncio nada que no est\u00e9 probado y comprobado... Para que lo sepas, Jes\u00fas Reyes es nuestro abogado de inmigraci\u00f3n, est\u00e1 con nosotros\u201d.<\/p>\n<p>Igualmente, se argumenta que el demandante est\u00e1 sufriendo da\u00f1os debido a las <strong>pr\u00e1cticas comerciales desleales de los demandados, as\u00ed como las afirmaciones difamatorias e intencionalmente imprudentes contra el demandante. Se detalla que clientes pasados, actuales y potenciales del demandante, son inmigrantes venezolanos y muchos de ellos han solicitado rescindir sus contratos con el demandante.<\/strong><\/p>\n<p>Parte de los alegatos indican que Poleo y los demandados<strong> incurrieron en m\u00e9todos desleales de competencia, al tratar de afectar el negocio del demandante, para beneficiar a otros despachos de abogados, especializados al igual que V\u00e1zquez, en asuntos de inmigraci\u00f3n.<\/strong><\/p>\n<div class=\"_df_book df-lite\" id=\"df_1504\"  _slug=\"demanda-rolando-vazquez-patricia-poleo3\" data-title=\"demanda-rolando-vazquez-patricia-poleo3\" wpoptions=\"true\" thumbtype=\"\" ><\/div><script class=\"df-shortcode-script\" nowprocket type=\"application\/javascript\">window.option_df_1504 = {\"outline\":[],\"autoEnableOutline\":\"false\",\"autoEnableThumbnail\":\"false\",\"overwritePDFOutline\":\"false\",\"direction\":\"1\",\"pageSize\":\"0\",\"source\":\"https:\\\/\\\/www.ciudadgoticanews.com\\\/wp-content\\\/uploads\\\/2022\\\/10\\\/demanda-rolando-vazquez-patricia-poleo3.pdf\",\"wpOptions\":\"true\"}; if(window.DFLIP && window.DFLIP.parseBooks){window.DFLIP.parseBooks();}<\/script>\n<p>&nbsp;<\/p>\n<p><strong>La siguiente audiencia de la demanda instaurada por V\u00e1zquez est\u00e1 prevista para el lunes 17 de octubre a trav\u00e9s de la plataforma Zoom. El abogado del demandante present\u00f3 una petici\u00f3n para anular las m\u00faltiples mociones interpuestas por la defensa de la demandada, que piden la desestimaci\u00f3n del caso.<\/strong><\/p>\n<p>&nbsp;<\/p>\n<div class=\"_df_book df-lite\" id=\"df_1469\"  _slug=\"demanda-rolando-vazquez\" data-title=\"demanda-rolando-vazquez\" wpoptions=\"true\" thumbtype=\"\" ><\/div><script class=\"df-shortcode-script\" nowprocket type=\"application\/javascript\">window.option_df_1469 = {\"outline\":[],\"autoEnableOutline\":\"false\",\"autoEnableThumbnail\":\"false\",\"overwritePDFOutline\":\"false\",\"direction\":\"1\",\"pageSize\":\"0\",\"source\":\"https:\\\/\\\/www.ciudadgoticanews.com\\\/wp-content\\\/uploads\\\/2022\\\/10\\\/demanda-rolando-vazquez.pdf\",\"wpOptions\":\"true\"}; if(window.DFLIP && window.DFLIP.parseBooks){window.DFLIP.parseBooks();}<\/script>\n<p>&nbsp;<\/p>\n<h3><strong>Otra demanda<\/strong><\/h3>\n<p><strong>Pero la del abogado V\u00e1zquez no es la \u00fanica demanda que enfrenta Poleo en la Florida. En el mes de junio de 2020, la periodista fue demandada, tambi\u00e9n bajo cargos de difamaci\u00f3n y calumnia, en la corte civil del condado de Broward, donde reside la periodista, en un caso numerado como CACE20010527.<\/strong> En este otro caso, los demandantes son el empresario<strong> Ra\u00fal Morales y sus compa\u00f1\u00edas La Ceiba Tire Shop Florida Corp y La Ceiba Tire Shop Miami LLC, con domicilio en el condado de Miami-Dade. El monto exigido para resolver la demanda es de $250,000.<\/strong><\/p>\n<p><a href=\"https:\/\/www.ciudadgoticanews.com\/wp-content\/uploads\/2022\/10\/raul-morales-patricia-poleo_1.jpg\"><img loading=\"lazy\" decoding=\"async\" class=\"aligncenter size-full wp-image-1499\" src=\"https:\/\/www.ciudadgoticanews.com\/wp-content\/uploads\/2022\/10\/raul-morales-patricia-poleo_1.jpg\" alt=\"\" width=\"1200\" height=\"1553\" srcset=\"https:\/\/www.ciudadgoticanews.com\/wp-content\/uploads\/2022\/10\/raul-morales-patricia-poleo_1.jpg 1200w, https:\/\/www.ciudadgoticanews.com\/wp-content\/uploads\/2022\/10\/raul-morales-patricia-poleo_1-232x300.jpg 232w, https:\/\/www.ciudadgoticanews.com\/wp-content\/uploads\/2022\/10\/raul-morales-patricia-poleo_1-791x1024.jpg 791w, https:\/\/www.ciudadgoticanews.com\/wp-content\/uploads\/2022\/10\/raul-morales-patricia-poleo_1-768x994.jpg 768w, https:\/\/www.ciudadgoticanews.com\/wp-content\/uploads\/2022\/10\/raul-morales-patricia-poleo_1-1187x1536.jpg 1187w\" sizes=\"auto, (max-width: 1200px) 100vw, 1200px\" \/><\/a><\/p>\n<p>La demanda de Morales alega que el 22 de abril de 2020, 23 de abril de 2020 y 30 de mayo de 2020, Poleo difundi\u00f3 videos en YouTube en los que aseguraba a sus oyentes que el demandante, Ra\u00fal Morales, era socio comercial de dos narcotraficantes conocidos en Venezuela, y que Morales hab\u00eda utilizado dinero de las drogas de los dos narcotraficantes, para crear y construir su negocio. La periodista se\u00f1al\u00f3 directa e indirectamente, que las empresas LA CEIBA TIRE SHOP FLORIDA, CORP. y LA CEIBA TIRE SHOP MIAMI, LLC., hab\u00edan sido creadas gracias a dinero del narcotr\u00e1fico y del lavado de dinero del narcotr\u00e1fico. Igualmente se alega que: \"<strong>Las declaraciones falsas pronunciadas durante los videos de YouTube de la acusada demuestran un esfuerzo por lastimar a los demandantes en todos los aspectos de su vida personal y corporativa. Estas declaraciones falsas han sido dirigidas a los demandantes para difamarlos y perjudicar sus negocios, pr\u00e1cticas comerciales y destruir su buena reputaci\u00f3n en la comunidad<\/strong>\". Tambi\u00e9n se argumenta que esas declaraciones \"<strong>fueron hechas con malicia y con temeridad con el fin de lesionar a los demandantes, da\u00f1ar la reputaci\u00f3n de los demandantes y\/o destruir su negocio, en el sentido de que los demandantes solicitaron por escrito que la acusada se retractara de sus declaraciones, pero se neg\u00f3 a hacerlo y, en cambio, prosigui\u00f3<\/strong>\". Para la defensa de Morales, las declaraciones de Poleo constituyen difamaci\u00f3n per se, al alegar falsamente que los demandantes han cometido un crimen.<\/p>\n<p>Es por eso que los demandantes exigen ante el tribunal que sea dictada una medida cautelar preliminar y permanente, ordenando a la demandada el cese de los actos de difamaci\u00f3n contra Morales y sus empresas y por cualquier otra reparaci\u00f3n adicional que el tribunal considere justa y adecuada.<\/p>\n<div class=\"_df_book df-lite\" id=\"df_1527\"  _slug=\"raul-morales-patricia-poleo\" data-title=\"raul-morales-patricia-poleo\" wpoptions=\"true\" thumbtype=\"\" ><\/div><script class=\"df-shortcode-script\" nowprocket type=\"application\/javascript\">window.option_df_1527 = {\"outline\":[],\"autoEnableOutline\":\"false\",\"autoEnableThumbnail\":\"false\",\"overwritePDFOutline\":\"false\",\"direction\":\"1\",\"pageSize\":\"0\",\"source\":\"https:\\\/\\\/www.ciudadgoticanews.com\\\/wp-content\\\/uploads\\\/2022\\\/10\\\/raul-morales-patricia-poleo.pdf\",\"wpOptions\":\"true\"}; if(window.DFLIP && window.DFLIP.parseBooks){window.DFLIP.parseBooks();}<\/script>\n","protected":false},"excerpt":{"rendered":"<p>El abogado estadounidense Rolando V\u00e1zquez contin\u00faa adelante con una demanda en la corte civil del condado Miami-Dade, contra Patricia Poleo, periodista venezolana exiliada en Estados Unidos. V\u00e1zquez demand\u00f3 a Poleo el pasado mes de noviembre de 2021, por una cifra superior a los $ 100,000, acusando a la venezolana de haberlo difamado, esto luego que [&hellip;]<\/p>\n","protected":false},"author":1,"featured_media":1526,"comment_status":"open","ping_status":"open","sticky":false,"template":"","format":"standard","meta":{"h5ap_radio_sources":[],"footnotes":""},"categories":[1],"tags":[],"class_list":["post-1466","post","type-post","status-publish","format-standard","has-post-thumbnail","hentry","category-ciudadgotica"],"aioseo_notices":[],"_links":{"self":[{"href":"https:\/\/www.ciudadgoticanews.com\/index.php\/wp-json\/wp\/v2\/posts\/1466","targetHints":{"allow":["GET"]}}],"collection":[{"href":"https:\/\/www.ciudadgoticanews.com\/index.php\/wp-json\/wp\/v2\/posts"}],"about":[{"href":"https:\/\/www.ciudadgoticanews.com\/index.php\/wp-json\/wp\/v2\/types\/post"}],"author":[{"embeddable":true,"href":"https:\/\/www.ciudadgoticanews.com\/index.php\/wp-json\/wp\/v2\/users\/1"}],"replies":[{"embeddable":true,"href":"https:\/\/www.ciudadgoticanews.com\/index.php\/wp-json\/wp\/v2\/comments?post=1466"}],"version-history":[{"count":0,"href":"https:\/\/www.ciudadgoticanews.com\/index.php\/wp-json\/wp\/v2\/posts\/1466\/revisions"}],"wp:featuredmedia":[{"embeddable":true,"href":"https:\/\/www.ciudadgoticanews.com\/index.php\/wp-json\/wp\/v2\/media\/1526"}],"wp:attachment":[{"href":"https:\/\/www.ciudadgoticanews.com\/index.php\/wp-json\/wp\/v2\/media?parent=1466"}],"wp:term":[{"taxonomy":"category","embeddable":true,"href":"https:\/\/www.ciudadgoticanews.com\/index.php\/wp-json\/wp\/v2\/categories?post=1466"},{"taxonomy":"post_tag","embeddable":true,"href":"https:\/\/www.ciudadgoticanews.com\/index.php\/wp-json\/wp\/v2\/tags?post=1466"}],"curies":[{"name":"wp","href":"https:\/\/api.w.org\/{rel}","templated":true}]}}