{"id":14666,"date":"2025-09-17T14:03:26","date_gmt":"2025-09-17T18:03:26","guid":{"rendered":"https:\/\/www.ciudadgoticanews.com\/?p=14666"},"modified":"2025-09-17T14:03:26","modified_gmt":"2025-09-17T18:03:26","slug":"exportando-el-caos-el-asesor-venezolano-que-le-apunta-a-dividir-el-uribismo-con-una-jugada-estilo-chavista","status":"publish","type":"post","link":"https:\/\/www.ciudadgoticanews.com\/index.php\/2025\/09\/17\/exportando-el-caos-el-asesor-venezolano-que-le-apunta-a-dividir-el-uribismo-con-una-jugada-estilo-chavista\/","title":{"rendered":"\u00bfExportando el caos? El asesor venezolano que le apunta a dividir el uribismo, con una jugada estilo chavista"},"content":{"rendered":"<p>Por Lola Portela<\/p>\n<p><strong>Una pol\u00e9mica estrategia que nos remite a\u00a0 fracturas de la oposici\u00f3n venezolana sacudi\u00f3 al Centro Democr\u00e1tico en Colombia.<\/strong><\/p>\n<p>La estrategia es del venezolano\u00a0<strong>Lester Toledo<\/strong>, asesor pol\u00edtico con un historial controversial, quien estar\u00eda, como asesor, detr\u00e1s de\u00a0\u00a0<strong>Mar\u00eda Claudia Tarazona<\/strong>\u00a0para que acusara p\u00fablicamente a la senadora y precandidata\u00a0\u00a0<strong>Mar\u00eda Fernanda Cabal<\/strong>\u00a0de amenazas durante la velaci\u00f3n del senador\u00a0<strong>Miguel Uribe Turbay<\/strong>.<\/p>\n<p>Una jugada pol\u00edtica, muy mezquina, contempl\u00f3 una denuncia, presentada como amenaza, por parte de Mar\u00eda Claudia Tarazona el 14 de septiembre de 2025 en una entrevista con Noticias RCN, donde relat\u00f3 que Cabal le habr\u00eda dicho:\u00a0<strong><em>\u201cT\u00fa no conoces Colombia, t\u00fa no sabes c\u00f3mo es este pa\u00eds\u201d<\/em><\/strong>, lo que interpret\u00f3 como una advertencia para no entrar en pol\u00edtica. El hecho habr\u00eda ocurrido el 11 de agosto, frente al f\u00e9retro de su esposo y sus hijas, seg\u00fan Tarazona.<\/p>\n<p><!--more--><\/p>\n<figure class=\"wp-block-image size-full\"><img loading=\"lazy\" decoding=\"async\" class=\"wp-image-39814\" src=\"https:\/\/www.ciudadgoticanews.com\/wp-content\/uploads\/2025\/09\/image-78.png\" sizes=\"auto, (max-width: 947px) 100vw, 947px\" srcset=\"https:\/\/www.ciudadgoticanews.com\/wp-content\/uploads\/2025\/09\/image-78.png 947w, https:\/\/www.ciudadgoticanews.com\/wp-content\/uploads\/2025\/09\/1_image-78-300x129.png 300w, https:\/\/www.ciudadgoticanews.com\/wp-content\/uploads\/2025\/09\/1_image-78-768x330.png 768w, https:\/\/www.ciudadgoticanews.com\/wp-content\/uploads\/2025\/09\/image-78-640x275.png 640w, https:\/\/www.ciudadgoticanews.com\/wp-content\/uploads\/2025\/09\/image-78-681x293.png 681w\" alt=\"\" width=\"947\" height=\"407\" \/><\/figure>\n<p>El domingo, tras conocerse el se\u00f1alamiento de Mar\u00eda Claudia Tarazona, la senadora y precandidata presidencial\u00a0<strong>Mar\u00eda Fernanda Cabal<\/strong>\u00a0se mostr\u00f3 sorprendida y neg\u00f3 las palabras que le atribuyeron.<\/p>\n<p>En un comunicado compartido en su cuenta de X, Cabal escribi\u00f3:<em>\u00a0\u201cEstoy muy extra\u00f1ada porque ella fue muy amable conmigo por estar atenta a la situaci\u00f3n de Miguel. Quiero reiterar, con total transparencia, que ning\u00fan comentario que haya sido transmitido por la se\u00f1ora Mar\u00eda Claudia provino de m\u00ed\u201d<\/em>. Adem\u00e1s, se conoci\u00f3 un video de un breve abrazo, del momento del p\u00e9same, por parte de Cabal con Tarazona, donde se evidencia un breve momento.<\/p>\n<div class=\"wp-block-image\">\n<figure class=\"aligncenter size-large\"><img loading=\"lazy\" decoding=\"async\" class=\"wp-image-39855\" src=\"https:\/\/www.ciudadgoticanews.com\/wp-content\/uploads\/2025\/09\/1_image-85-807x1024.png\" sizes=\"auto, (max-width: 807px) 100vw, 807px\" srcset=\"https:\/\/www.ciudadgoticanews.com\/wp-content\/uploads\/2025\/09\/1_image-85-807x1024.png 807w, https:\/\/www.ciudadgoticanews.com\/wp-content\/uploads\/2025\/09\/1_image-85-236x300.png 236w, https:\/\/www.ciudadgoticanews.com\/wp-content\/uploads\/2025\/09\/1_image-85-768x974.png 768w, https:\/\/www.ciudadgoticanews.com\/wp-content\/uploads\/2025\/09\/image-85-331x420.png 331w, https:\/\/www.ciudadgoticanews.com\/wp-content\/uploads\/2025\/09\/image-85-662x840.png 662w, https:\/\/www.ciudadgoticanews.com\/wp-content\/uploads\/2025\/09\/image-85-640x812.png 640w, https:\/\/www.ciudadgoticanews.com\/wp-content\/uploads\/2025\/09\/image-85-681x864.png 681w, https:\/\/www.ciudadgoticanews.com\/wp-content\/uploads\/2025\/09\/image-85.png 1009w\" alt=\"\" width=\"807\" height=\"1024\" \/><\/figure>\n<\/div>\n<p>Cabal tambi\u00e9n explica que llevaba un micr\u00f3fono por una grabaci\u00f3n previa en el Congreso. Y quienes conocen a Cabal saben que, por lo general, en el Congreso o eventos siempre la senadora lleva ese micr\u00f3fono, por ser parte de su trabajo, y desde donde su equipo de prensa logra tener audios limpios, de sus entrevistas e intervenciones.<\/p>\n<figure class=\"wp-block-image size-large\"><img loading=\"lazy\" decoding=\"async\" class=\"wp-image-39854\" src=\"https:\/\/www.ciudadgoticanews.com\/wp-content\/uploads\/2025\/09\/1_image-84-916x1024.png\" sizes=\"auto, (max-width: 916px) 100vw, 916px\" srcset=\"https:\/\/www.ciudadgoticanews.com\/wp-content\/uploads\/2025\/09\/1_image-84-916x1024.png 916w, https:\/\/www.ciudadgoticanews.com\/wp-content\/uploads\/2025\/09\/1_image-84-268x300.png 268w, https:\/\/www.ciudadgoticanews.com\/wp-content\/uploads\/2025\/09\/1_image-84-768x859.png 768w, https:\/\/www.ciudadgoticanews.com\/wp-content\/uploads\/2025\/09\/image-84-376x420.png 376w, https:\/\/www.ciudadgoticanews.com\/wp-content\/uploads\/2025\/09\/image-84-751x840.png 751w, https:\/\/www.ciudadgoticanews.com\/wp-content\/uploads\/2025\/09\/image-84-640x715.png 640w, https:\/\/www.ciudadgoticanews.com\/wp-content\/uploads\/2025\/09\/image-84-681x761.png 681w, https:\/\/www.ciudadgoticanews.com\/wp-content\/uploads\/2025\/09\/image-84.png 1179w\" alt=\"\" width=\"916\" height=\"1024\" \/><\/figure>\n<p>El incidente provocado por Mar\u00eda Claudia Tarazona encendi\u00f3 las alarmas en el Centro Democr\u00e1tico. Seg\u00fan investigaciones posteriores\u00a0 detr\u00e1s de la tal denuncia estar\u00eda\u00a0<strong>Lester Toledo<\/strong>, exiliado venezolano y asesor de confianza de Miguel Uribe Turbay durante su precampa\u00f1a presidencial.<\/p>\n<p>Lester Toledo habr\u00eda mantenido conversaciones privadas con Mar\u00eda Claudia Tarazona durante la hospitalizaci\u00f3n del senador Miguel Uribe; tras el atentado del 7 de junio de 2025. Toledo sigui\u00f3 como asesor y hablaba al o\u00eddo de Mar\u00eda Claudia Tarazona durante la permanencia de Uribe Turbay en la Fundaci\u00f3n Santa Fe. Y ser\u00eda quien origin\u00f3 la idea de\u00a0<strong><em>construir un ataque p\u00fablico contra la senadora Mar\u00eda Fernanda Cabal<\/em><\/strong>, materializado en la entrevista de Tarazona con Noticias RCN el 14 de septiembre de 2025, donde acus\u00f3 a Cabal de amenazarla en la velaci\u00f3n del 11 de agosto de 2025.<\/p>\n<p>Adem\u00e1s,\u00a0 ninguna salida en p\u00fablico de Tarazona ser\u00eda espont\u00e1nea, mientras su esposo estuvo hospitalizado. Luego del atentado\u00a0 donde fue herido por un menor, que seg\u00fan la Fiscal\u00eda, habr\u00eda sido reclutado por la disidencia de las FARC, Segunda Marquetalia. Y el ataque fue atribuido al grupo de Iv\u00e1n M\u00e1rquez, con capturas posteriores de sus operadores. Aunque todav\u00eda siguen las investigaciones de la justicia colombiana.<\/p>\n<p>Adem\u00e1s, Mar\u00eda Claudia Tarazona, semanas antes de la muerte\u00a0 de su esposo, busc\u00f3 posicionarse como heredera pol\u00edtica del legado de su esposa, y pidi\u00f3 al expresidente \u00c1lvaro Uribe que la proclamara candidata del partido. El expresidente Uribe le dijo que no. Ya desde entonces estaba asesorada por un equipo encabezado por Lester Toledo, conocido internacionalmente por\u00a0<strong>replicar t\u00e1cticas venezolanas de divisi\u00f3n interna en movimientos opositores.<\/strong><\/p>\n<figure class=\"wp-block-image size-large\"><img loading=\"lazy\" decoding=\"async\" class=\"wp-image-39858\" src=\"https:\/\/www.ciudadgoticanews.com\/wp-content\/uploads\/2025\/09\/1_WhatsApp-Image-2025-09-16-at-5.02.17-PM-1024x683.jpg\" sizes=\"auto, (max-width: 1024px) 100vw, 1024px\" srcset=\"https:\/\/www.ciudadgoticanews.com\/wp-content\/uploads\/2025\/09\/1_WhatsApp-Image-2025-09-16-at-5.02.17-PM-1024x683.jpg 1024w, https:\/\/www.ciudadgoticanews.com\/wp-content\/uploads\/2025\/09\/1_WhatsApp-Image-2025-09-16-at-5.02.17-PM-300x200.jpg 300w, https:\/\/www.ciudadgoticanews.com\/wp-content\/uploads\/2025\/09\/1_WhatsApp-Image-2025-09-16-at-5.02.17-PM-768x512.jpg 768w, https:\/\/www.ciudadgoticanews.com\/wp-content\/uploads\/2025\/09\/WhatsApp-Image-2025-09-16-at-5.02.17-PM-630x420.jpg 630w, https:\/\/www.ciudadgoticanews.com\/wp-content\/uploads\/2025\/09\/WhatsApp-Image-2025-09-16-at-5.02.17-PM-640x427.jpg 640w, https:\/\/www.ciudadgoticanews.com\/wp-content\/uploads\/2025\/09\/WhatsApp-Image-2025-09-16-at-5.02.17-PM-681x454.jpg 681w, https:\/\/www.ciudadgoticanews.com\/wp-content\/uploads\/2025\/09\/WhatsApp-Image-2025-09-16-at-5.02.17-PM.jpg 1200w\" alt=\"\" width=\"1024\" height=\"683\" \/><\/figure>\n<p>&nbsp;<\/p>\n<p><strong>\u00bfQui\u00e9n es Lester Toledo?<\/strong>\u00a0En organismos internacionales ya es visto como un \u201ccaballo de Troya\u201d para destruir la derecha de varios pa\u00edses.Lester Toledo\u00a0 naci\u00f3 el 15 de enero de 1983 en Maracaibo, Venezuela, es abogado por la Universidad del Zulia y cofundador de Voluntad Popular en 2009 con Leopoldo L\u00f3pez, exiliado en Espa\u00f1a desde 2020 y quien enfrenta acusaciones por malversaci\u00f3n de fondos humanitarios destinados a Venezuela, incluyendo 4 millones de d\u00f3lares en C\u00facuta en 2019 para militares desertores, con irregularidades en donaciones de Freedom House y Project Cure, y desv\u00edos de hasta 1.200 millones de d\u00f3lares de USAID en 2021, as\u00ed como beneficios de m\u00e1s de 1.000 millones de d\u00f3lares en el caso PDVSA-Cripto en 2024.<\/p>\n<p>En 2016,\u00a0<strong>el ministro venezolano N\u00e9stor Reverol<\/strong>\u00a0emiti\u00f3 una orden de captura contra Lester Toledo por financiamiento al terrorismo y asociaci\u00f3n para delinquir, tras denuncias de corrupci\u00f3n contra el gobernador Francisco Arias C\u00e1rdenas.<\/p>\n<p>Tras 85 d\u00edas en clandestinidad, Toledo se exili\u00f3 en Miami con la nacionalidad espa\u00f1ola, reapareciendo el 21 de noviembre de 2016 en la OEA. En febrero de 2019, Juan Guaid\u00f3 anunci\u00f3 la formaci\u00f3n de la\u00a0<strong>Coalici\u00f3n Ayuda y Libertad Venezuela<\/strong>, con Lester Toledo como coordinador internacional, estableciendo puntos de acopio en C\u00facuta (Colombia), Brasil y una isla del Caribe.<\/p>\n<p>El 14 de febrero de 2019, el empresario\u00a0<strong>Richard Branson anunci\u00f3 el concierto Venezuela Aid Live en C\u00facuta, que recaud\u00f3 2.5 millones de d\u00f3lares para ayuda humanitaria.<\/strong>\u00a0El obispo Mario Moronta, de la Di\u00f3cesis de San Crist\u00f3bal y vicepresidente de la Conferencia Episcopal Venezolana, denunci\u00f3 en junio de 2019 la desviaci\u00f3n de recursos de esta coalici\u00f3n, incluyendo 90 millones de d\u00f3lares de EE.UU., usados para\u00a0<strong>\u00abgastos ostentosos de dirigentes\u00bb<\/strong>\u00a0en lugar de hospitales y servicios, y pidi\u00f3 investigaciones a EE.UU. y la UE, implicando a Lester Toledo en una red de corrupci\u00f3n.<\/p>\n<p>En una entrevista con PanAm Post, el 23 de junio de 2019, Toledo calific\u00f3 el esc\u00e1ndalo de robo de fondos en C\u00facuta como \u00abun caso puntual de corrupci\u00f3n\u00bb que no afectaba el esfuerzo general,\u00a0<strong>negando desv\u00edos de donaciones de pa\u00edses o el concierto<\/strong>. El empresario Marvin Autry, embajador para Am\u00e9rica Latina de la ONG Project Cure desde 2007, denunci\u00f3 en julio de 2020 que conoci\u00f3 a Toledo en Miami en 2019 y acord\u00f3 donar un contenedor de 500.000 d\u00f3lares en insumos m\u00e9dicos para el Hogar Cl\u00ednica San Rafael en Maracaibo, Zulia. Autry pag\u00f3 25.000 d\u00f3lares el 18 de febrero de 2019 a\u00a0<strong>V and Sons Supply<\/strong>, empresa recomendada por Toledo para log\u00edstica, bajo factura #E201420026 por \u00abasesor\u00eda, log\u00edstica y env\u00edo de equipos m\u00e9dicos e insumos para Venezuela\u00bb, sumando un total de 45.000 d\u00f3lares de su bolsillo.<\/p>\n<p>El contenedor permanece en Houston sin retirar, y\u00a0<strong>V and Sons Supply no est\u00e1 registrada legalmente en Florida<\/strong>, con direcciones\u00a0<strong>ficticias en Brickell y Delaware<\/strong>. Autry convers\u00f3 por videollamada con Toledo y Leopoldo L\u00f3pez sobre la donaci\u00f3n.<\/p>\n<p>El periodista Darwin Ch\u00e1vez public\u00f3 la denuncia en\u00a0<strong>A Punto en julio de 2020,<\/strong>\u00a0coincidiendo con el \u00abCucutazo\u00bb. Toledo demand\u00f3 a Autry y Ch\u00e1vez por difamaci\u00f3n en Texas en junio de 2020, alegando que Autry era un agente del r\u00e9gimen de Maduro ligado a Luis Alberto Chac\u00edn Haddad, preso por fraude en Corpoelec, y que las acusaciones eran una campa\u00f1a de descr\u00e9dito.<\/p>\n<p>En el programa\u00a0<strong>Ag\u00e1rrate de Patricia Poleo en julio de 2020<\/strong>, Toledo ejerci\u00f3 derecho de r\u00e9plica, presentando documentos para desmentir el fraude y acusando a Poleo y Ch\u00e1vez de no investigar, afirmando que Autry minti\u00f3 sobre el contenedor y que la ayuda se gestion\u00f3 directamente con empresas de carga. Poleo calific\u00f3 a Toledo y Guaid\u00f3 de\u00a0<strong>\u00abbandidos\u00bb<\/strong>\u00a0por el manejo de Mon\u00f3meros Colombo Venezolanos.<\/p>\n<p>En febrero de 2025, Jordan Goudreau, exmilitar involucrado en la<strong>\u00a0Operaci\u00f3n Gede\u00f3n<\/strong>, acus\u00f3 en X a Toledo de ser due\u00f1o de\u00a0<strong>una empresa financiada por USAID que blanque\u00f3 parte de 1.600 millones de d\u00f3lares desviados de fondos humanitarios<\/strong>, junto a Jorge Betancort, como agentes de la CIA cercanos a L\u00f3pez. Goudreau inst\u00f3 a Elon Musk el 7 de febrero de 2025 a investigar la protecci\u00f3n de la CIA y FBI a Guaid\u00f3, L\u00f3pez y Toledo en fraudes de USAID, alegando destrucci\u00f3n de evidencia y manipulaci\u00f3n medi\u00e1tica.<\/p>\n<div class=\"wp-block-image\">\n<figure class=\"aligncenter size-full\"><img loading=\"lazy\" decoding=\"async\" class=\"wp-image-39859\" src=\"https:\/\/www.ciudadgoticanews.com\/wp-content\/uploads\/2025\/09\/image-88.png\" sizes=\"auto, (max-width: 768px) 100vw, 768px\" srcset=\"https:\/\/www.ciudadgoticanews.com\/wp-content\/uploads\/2025\/09\/image-88.png 768w, https:\/\/www.ciudadgoticanews.com\/wp-content\/uploads\/2025\/09\/1_image-88-300x197.png 300w, https:\/\/www.ciudadgoticanews.com\/wp-content\/uploads\/2025\/09\/image-88-640x420.png 640w, https:\/\/www.ciudadgoticanews.com\/wp-content\/uploads\/2025\/09\/image-88-681x447.png 681w, https:\/\/www.ciudadgoticanews.com\/wp-content\/uploads\/2025\/09\/image-88-741x486.png 741w\" alt=\"\" width=\"768\" height=\"504\" \/><\/figure>\n<\/div>\n<p>Toledo neg\u00f3 las imputaciones, afirmando que no hay evidencia tras cinco a\u00f1os de investigaciones. Toledo asesor\u00f3 a Mar\u00eda Corina Machado en las primarias venezolanas de 2023. Y aunque dicen que estuvo en la vigilancia electoral de 2024, esto fue desmentido por el movimiento de Corina, del cual tampoco sali\u00f3 bien.<\/p>\n<p>Tambi\u00e9n intent\u00f3 penetrar la armon\u00eda del grupo de Nayib Bukele en el Plan de Entrega Segura. Jos\u00e9 Manuel Vivanco, director de Human Rights Watch, coment\u00f3 en marzo de 2021 en El Faro que la vinculaci\u00f3n de miembros de Voluntad Popular como Toledo con Bukele, prendi\u00f3 las alertas entre los Bukelista que ya gozaban de buen prestigio y credibilidad. Por su parte,\u00a0 la oposici\u00f3n venezolana, tambi\u00e9n\u00a0 pidi\u00f3 investigaciones judiciales.<\/p>\n<p>Aunque\u00a0<strong>Toledo ha negado todas las acusaciones y ha intentado desmentirlas en medios y tribunales, los se\u00f1alamientos persisten.<\/strong><\/p>\n<p>En Colombia, Lester Toledo asesor\u00f3 a Miguel Uribe Turbay\u00a0<strong>desde 2024<\/strong>\u00a0en temas de\u00a0<strong>seguridad y unidad opositora para el 2026<\/strong>.<\/p>\n<div class=\"wp-block-image\">\n<figure class=\"aligncenter size-full is-resized\"><img loading=\"lazy\" decoding=\"async\" class=\"wp-image-39860\" src=\"https:\/\/www.ciudadgoticanews.com\/wp-content\/uploads\/2025\/09\/image-89.png\" sizes=\"auto, (max-width: 322px) 100vw, 322px\" srcset=\"https:\/\/www.ciudadgoticanews.com\/wp-content\/uploads\/2025\/09\/image-89.png 322w, https:\/\/www.ciudadgoticanews.com\/wp-content\/uploads\/2025\/09\/1_image-89-300x294.png 300w\" alt=\"\" width=\"322\" height=\"316\" \/><\/figure>\n<\/div>\n<p>Y es que de Toledo, no hay buena imagen\u00a0 \u201c<strong><em>su cercan\u00eda con figuras cuestionadas y su estilo confrontacional han generado suspicacias en distintos sectores\u201d<\/em><\/strong>, por eso aunque llega bien, finalmente sale mal, como en el caso de El Salvador. As\u00ed mismo, tampoco es muy apreciado por los lados de Mar\u00eda Corina Machado.<\/p>\n<div class=\"wp-block-image\">\n<figure class=\"aligncenter size-full is-resized\"><img loading=\"lazy\" decoding=\"async\" class=\"wp-image-39864\" src=\"https:\/\/www.ciudadgoticanews.com\/wp-content\/uploads\/2025\/09\/image-93.png\" sizes=\"auto, (max-width: 472px) 100vw, 472px\" srcset=\"https:\/\/www.ciudadgoticanews.com\/wp-content\/uploads\/2025\/09\/image-93.png 472w, https:\/\/www.ciudadgoticanews.com\/wp-content\/uploads\/2025\/09\/1_image-93-271x300.png 271w, https:\/\/www.ciudadgoticanews.com\/wp-content\/uploads\/2025\/09\/image-93-379x420.png 379w\" alt=\"\" width=\"472\" height=\"523\" \/><\/figure>\n<\/div>\n<p>La acusaci\u00f3n de Tarazona contra Cabal prendi\u00f3 las alertas en el partido colombiano Centro Democr\u00e1tico. Y este ataque se da\u00a0 justo cuando el Centro Democr\u00e1tico avanza en un proceso interno de selecci\u00f3n presidencial con nombres como\u00a0<strong>Paloma Valencia<\/strong>,\u00a0<strong>Paola Holgu\u00edn<\/strong>\u00a0y la propia\u00a0<strong>Mar\u00eda Fernanda Cabal,\u00a0<\/strong>quien tiene un protagonismo en redes y ser\u00eda la candidata m\u00e1s fuerte en el Centro Democr\u00e1tico, seg\u00fan las encuestas.<\/p>\n<div class=\"wp-block-image\">\n<figure class=\"aligncenter size-full is-resized\"><img loading=\"lazy\" decoding=\"async\" class=\"wp-image-39862\" src=\"https:\/\/www.ciudadgoticanews.com\/wp-content\/uploads\/2025\/09\/image-91.png\" sizes=\"auto, (max-width: 509px) 100vw, 509px\" srcset=\"https:\/\/www.ciudadgoticanews.com\/wp-content\/uploads\/2025\/09\/image-91.png 509w, https:\/\/www.ciudadgoticanews.com\/wp-content\/uploads\/2025\/09\/1_image-91-288x300.png 288w, https:\/\/www.ciudadgoticanews.com\/wp-content\/uploads\/2025\/09\/image-91-403x420.png 403w\" alt=\"\" width=\"509\" height=\"531\" \/><\/figure>\n<\/div>\n<p>Todo indica que el expresidente Uribe tambi\u00e9n se aparta de esa estrategia. La l\u00ednea divisoria dentro del partido empieza a recordar\u00a0<strong>las fisuras de la oposici\u00f3n venezolana<\/strong>, que tanto\u00a0<strong>ayudaron a que el chavismo se perpetuara en el poder.<\/strong><\/p>\n<div class=\"wp-block-image\">\n<figure class=\"aligncenter size-full\"><img loading=\"lazy\" decoding=\"async\" class=\"wp-image-39863\" src=\"https:\/\/www.ciudadgoticanews.com\/wp-content\/uploads\/2025\/09\/image-92.png\" sizes=\"auto, (max-width: 410px) 100vw, 410px\" srcset=\"https:\/\/www.ciudadgoticanews.com\/wp-content\/uploads\/2025\/09\/image-92.png 410w, https:\/\/www.ciudadgoticanews.com\/wp-content\/uploads\/2025\/09\/1_image-92-234x300.png 234w, https:\/\/www.ciudadgoticanews.com\/wp-content\/uploads\/2025\/09\/image-92-328x420.png 328w\" alt=\"\" width=\"410\" height=\"525\" \/><\/figure>\n<\/div>\n<p>Y es que, por las entrevistas realizadas, para este informe,\u00a0 tal parece que todo lo que toca\u00a0<strong>Lester Toledo<\/strong>, \u201cel exiliado venezolano\u201d lo pudre, y termina en beneficio de la izquierda o a favor de sus propios intereses.\u00a0Miguel Uribe ten\u00eda a Toledo como un gran amigo, y\u00a0<strong>\u201clleg\u00f3 a confiar plenamente, al extremo en \u00e9l\u201d<\/strong>, nos dice alguien cercano a Miguel Uribe.<\/p>\n<p>Edgard Guti\u00e9rrez, otro asesor de Miguel Uribe, en uno de sus escritos en una cuenta personal dice:\u00a0<em>\u201c\u2026Como solo se ve en las pel\u00edculas, solo hizo falta una llamada de\u00a0<a href=\"https:\/\/www.instagram.com\/lestertoledo\/\">@lestertoledo<\/a>\u00a0en la que dijo \u201cESTE es el personaje que est\u00e1bamos buscando\u201d y as\u00ed fue. No es algo usual: casi siempre los candidatos buscan a sus asesores, en este caso eran los asesores quienes buscaban a un candidato. Y te encontramos Miguel. Nos hiciste pr\u00e1cticamente \u201csocios espirituales\u201d de tu proyecto, porque\u00a0<strong>nos involucraste hasta en los m\u00e1s m\u00ednimos detalles y nos revelaste tus mayores intimidades<\/strong>. Nos compartiste tus anhelos y tus sue\u00f1os haci\u00e9ndonos sentir parte de ellos\u2026\u201d.<\/em><\/p>\n<p>Y, los hechos llevan a pensar\u00a0<strong>\u00bfqu\u00e9 m\u00e1s hay oculto detr\u00e1s\u00a0<\/strong>de las declaraciones de\u00a0<strong>Mar\u00eda Claudia Tarazona<\/strong>? \u00bfCu\u00e1l ser\u00e1 la pr\u00f3xima estocada al Centro Democr\u00e1tico? \u00bfQu\u00e9 tanto da\u00f1o hicieron, en las bases, esas falsas declaraciones, desvirtuadas con pruebas, por parte de\u00a0<strong>Mar\u00eda Fernanda Cabal<\/strong>?<\/p>\n<p>&nbsp;<\/p>\n<p><a href=\"https:\/\/prensallanera.com\/2025\/09\/16\/exportando-el-caos-el-asesor-venezolano-que-le-apunta-a-dividir-el-uribismo-con-una-jugada-estilo-chavista\/?fbclid=IwY2xjawM3brxleHRuA2FlbQIxMQABHpuBt_7cf_ujWBJHxNd5mqmGlvF4PVD2rTKOefI7X1akzDmEva_ispOQrUCR_aem_ah02COurzUatC8eYexw1UQ\">Fuente<\/a><\/p>\n","protected":false},"excerpt":{"rendered":"<p>Por Lola Portela Una pol\u00e9mica estrategia que nos remite a\u00a0 fracturas de la oposici\u00f3n venezolana sacudi\u00f3 al Centro Democr\u00e1tico en Colombia. La estrategia es del venezolano\u00a0Lester Toledo, asesor pol\u00edtico con un historial controversial, quien estar\u00eda, como asesor, detr\u00e1s de\u00a0\u00a0Mar\u00eda Claudia Tarazona\u00a0para que acusara p\u00fablicamente a la senadora y precandidata\u00a0\u00a0Mar\u00eda Fernanda Cabal\u00a0de amenazas durante la velaci\u00f3n [&hellip;]<\/p>\n","protected":false},"author":1,"featured_media":14667,"comment_status":"open","ping_status":"open","sticky":false,"template":"","format":"standard","meta":{"h5ap_radio_sources":[],"footnotes":""},"categories":[9],"tags":[],"class_list":["post-14666","post","type-post","status-publish","format-standard","has-post-thumbnail","hentry","category-venezuela"],"aioseo_notices":[],"_links":{"self":[{"href":"https:\/\/www.ciudadgoticanews.com\/index.php\/wp-json\/wp\/v2\/posts\/14666","targetHints":{"allow":["GET"]}}],"collection":[{"href":"https:\/\/www.ciudadgoticanews.com\/index.php\/wp-json\/wp\/v2\/posts"}],"about":[{"href":"https:\/\/www.ciudadgoticanews.com\/index.php\/wp-json\/wp\/v2\/types\/post"}],"author":[{"embeddable":true,"href":"https:\/\/www.ciudadgoticanews.com\/index.php\/wp-json\/wp\/v2\/users\/1"}],"replies":[{"embeddable":true,"href":"https:\/\/www.ciudadgoticanews.com\/index.php\/wp-json\/wp\/v2\/comments?post=14666"}],"version-history":[{"count":1,"href":"https:\/\/www.ciudadgoticanews.com\/index.php\/wp-json\/wp\/v2\/posts\/14666\/revisions"}],"predecessor-version":[{"id":14712,"href":"https:\/\/www.ciudadgoticanews.com\/index.php\/wp-json\/wp\/v2\/posts\/14666\/revisions\/14712"}],"wp:featuredmedia":[{"embeddable":true,"href":"https:\/\/www.ciudadgoticanews.com\/index.php\/wp-json\/wp\/v2\/media\/14667"}],"wp:attachment":[{"href":"https:\/\/www.ciudadgoticanews.com\/index.php\/wp-json\/wp\/v2\/media?parent=14666"}],"wp:term":[{"taxonomy":"category","embeddable":true,"href":"https:\/\/www.ciudadgoticanews.com\/index.php\/wp-json\/wp\/v2\/categories?post=14666"},{"taxonomy":"post_tag","embeddable":true,"href":"https:\/\/www.ciudadgoticanews.com\/index.php\/wp-json\/wp\/v2\/tags?post=14666"}],"curies":[{"name":"wp","href":"https:\/\/api.w.org\/{rel}","templated":true}]}}