{"id":14822,"date":"2025-09-23T03:30:59","date_gmt":"2025-09-23T07:30:59","guid":{"rendered":"https:\/\/www.ciudadgoticanews.com\/?p=14822"},"modified":"2025-09-23T03:31:20","modified_gmt":"2025-09-23T07:31:20","slug":"maria-corina-machado-complice-y-protectora-de-los-chavistas-y-de-los-ladrones-de-la-oposicion-eres-un-gran-fiasco","status":"publish","type":"post","link":"https:\/\/www.ciudadgoticanews.com\/index.php\/2025\/09\/23\/maria-corina-machado-complice-y-protectora-de-los-chavistas-y-de-los-ladrones-de-la-oposicion-eres-un-gran-fiasco\/","title":{"rendered":"MAR\u00cdA CORINA MACHADO: C\u00d3MPLICE Y PROTECTORA DE LOS CHAVISTAS Y DE LOS LADRONES DE LA OPOSICI\u00d3N. \u00a1ERES UN GRAN FIASCO!"},"content":{"rendered":"<p><a href=\"https:\/\/www.ciudadgoticanews.com\/wp-content\/uploads\/2025\/09\/photo_2025-09-23_09-05-59.jpg\"><img loading=\"lazy\" decoding=\"async\" class=\"aligncenter size-full wp-image-96929\" src=\"https:\/\/www.ciudadgoticanews.com\/wp-content\/uploads\/2025\/09\/photo_2025-09-23_09-05-59.jpg\" alt=\"\" width=\"1280\" height=\"179\" \/><\/a> <a href=\"https:\/\/www.ciudadgoticanews.com\/wp-content\/uploads\/2025\/09\/photo_2025-09-23_09-05-57.jpg\"><img loading=\"lazy\" decoding=\"async\" class=\"aligncenter size-full wp-image-96930\" src=\"https:\/\/www.ciudadgoticanews.com\/wp-content\/uploads\/2025\/09\/photo_2025-09-23_09-05-57.jpg\" alt=\"\" width=\"640\" height=\"359\" \/><\/a><\/p>\n<p data-start=\"186\" data-end=\"561\"><strong data-start=\"186\" data-end=\"203\">Especial JC.-<\/strong><br data-start=\"203\" data-end=\"206\" \/>Definitivamente, Mar\u00eda Corina Machado, con el paso del tiempo, se ha venido rodeando de una serie de asesores, colaboradores y\/o simpatizantes que ocuparon cargos p\u00fablicos \u201cestrat\u00e9gicos\u201d durante el gobierno de Hugo Ch\u00e1vez, o que disfrutaron de los v\u00ednculos y relaciones con dichos exfuncionarios. Se trata de los autodenominados \u201cChavistas Originarios\u201d.<\/p>\n<p data-start=\"563\" data-end=\"1003\">El d\u00eda que Mar\u00eda Corina llegue a asumir la conducci\u00f3n del pa\u00eds, eso es lo que nos espera: los principales cargos p\u00fablicos ser\u00e1n ocupados por personajes cuyo desempe\u00f1o ya conocimos en gobiernos anteriores, a los que se sumar\u00e1n numerosos exmiembros de los viejos partidos pol\u00edticos y hasta uno que otro \u201cguaidista\u201d que ha gozado de abundantes beneficios. Todos ellos, a partir de ese momento, se convertir\u00e1n en sus m\u00e1s radicales seguidores.<\/p>\n<p data-start=\"563\" data-end=\"1003\"><!--more--><\/p>\n<p data-start=\"1005\" data-end=\"1236\">\u00bfDe d\u00f3nde creen ustedes que saldr\u00e1n los venezolanos capaces y dispuestos a asumir los cargos en la administraci\u00f3n p\u00fablica? \u00bfDel espacio exterior? \u00bfDe la di\u00e1spora venezolana? No. Tendr\u00e1 que echar mano de lo que tiene a su alcance.<\/p>\n<p data-start=\"1238\" data-end=\"1320\">Esa ser\u00e1 la gran decepci\u00f3n, cuando ese d\u00eda llegue: <strong data-start=\"1289\" data-end=\"1318\">gatopardismo puro y duro.<\/strong><\/p>\n<p data-start=\"1327\" data-end=\"1764\"><strong><span style=\"color: #ff0000;\">(*) El <em data-start=\"1361\" data-end=\"1375\">gatopardismo<\/em> es una estrategia pol\u00edtica que implica realizar cambios aparentes o superficiales con el objetivo de mantener el poder y las estructuras de un sistema intactas, asegurando que, en esencia, nada cambie. El t\u00e9rmino deriva de la novela italiana <em data-start=\"1618\" data-end=\"1632\">El Gatopardo<\/em>, de Giuseppe Tomasi di Lampedusa, donde un personaje dice: <em data-start=\"1692\" data-end=\"1762\">\u201cSi queremos que todo siga como est\u00e1, es necesario que todo cambie.\u201d<\/em><\/span><\/strong><\/p>\n<p data-start=\"1327\" data-end=\"1764\"><span style=\"color: #000000;\"><a href=\"https:\/\/www.ciudadgoticanews.com\/wp-content\/uploads\/2025\/09\/photo_2025-09-23_09-07-02.jpg\"><img loading=\"lazy\" decoding=\"async\" class=\"aligncenter size-full wp-image-96935\" src=\"https:\/\/www.ciudadgoticanews.com\/wp-content\/uploads\/2025\/09\/photo_2025-09-23_09-07-02.jpg\" alt=\"\" width=\"1280\" height=\"739\" \/><\/a><\/span><\/p>\n<p data-start=\"162\" data-end=\"464\">Cuando la opini\u00f3n p\u00fablica le solicite explicaciones, ella siempre tendr\u00e1 una excusa o justificaci\u00f3n. Ese, precisamente, es el problema de Mar\u00eda Corina: nunca admite un error o un desacierto. Todo lo justifica. Siempre apela a la estrategia mentirosa de alegar que \u201ctodo obedece a un plan, tengan fe\u201d.<\/p>\n<p data-start=\"466\" data-end=\"728\">Nunca recuerdo haberla visto rectificar en algo, admitir que carece de conocimientos sobre alg\u00fan tema o, al menos, comprometerse a mejorar o anunciar la toma de correctivos respecto a alguna promesa incumplida o imposible de alcanzar en un momento determinado.<\/p>\n<p data-start=\"730\" data-end=\"931\">Mar\u00eda Corina Machado siempre se esconde debajo del \u201cmanto del secreto\u201d para no dar explicaciones por sus acciones o inacciones. Ella no quiere simpatizantes cr\u00edticos, revisionistas o librepensadores.<\/p>\n<p data-start=\"938\" data-end=\"1262\"><span style=\"color: #ff0000;\"><strong>Sus \u00f3rdenes y planes son dogmas; por lo tanto, sus seguidores se convierten en adoradores, fieles o creyentes dogm\u00e1ticos. Deben aceptar y defender sus lineamientos sin discusi\u00f3n, debate ni duda alguna, asumi\u00e9ndolos como revelaciones emitidas por una autoridad superior (ella) y por Dios (Trump).<\/strong><\/span><\/p>\n<p data-start=\"1264\" data-end=\"1609\"><span style=\"color: #ff0000;\"><strong>En consecuencia, solo aceptar\u00e1 dentro de su estructura pol\u00edtica a quienes se comporten como miembros de un culto religioso. Sus planteamientos deben ser recibidos como verdades fundamentales que no pueden ser modificadas ni revisadas. Si no te comportas como un fiel creyente, ser\u00e1s excluido. Es su versi\u00f3n de \u201cTradici\u00f3n, Familia y Propiedad\u201d.<\/strong><\/span><\/p>\n<p data-start=\"1616\" data-end=\"2287\">\u00bfAlguna vez Mar\u00eda Corina ha brindado explicaciones a sus seguidores sobre la exclusi\u00f3n de Antonio Ledezma, quien se desempe\u00f1aba como \u201ccanciller\u201d o vocero en materia de pol\u00edtica exterior de Edmundo Gonz\u00e1lez? \u00bfQu\u00e9 papel jug\u00f3 Eudoro Gonz\u00e1lez Dell\u00e1n al lado de Edmundo? \u00bfQu\u00e9 cargo o responsabilidad tiene actualmente Pedro Urruchurtu y qui\u00e9n lo design\u00f3? \u00bfEs cierto que \u00c1rp\u00e1d Bango y Henry L\u00f3pez Sisco manejan la seguridad de Edmundo y de Mar\u00eda Corina? \u00bfQu\u00e9 relaci\u00f3n existe actualmente con la llamada \u201cAsamblea 2015\u201d y el \u201cTSJ en el exilio\u201d? \u00bfQui\u00e9n administra los activos de la naci\u00f3n en el exterior? \u00bfEdmundo y Mar\u00eda Corina reciben parte de ese dinero? Y as\u00ed sucesivamente.<\/p>\n<p data-start=\"2289\" data-end=\"2530\">Existen decenas de dudas m\u00e1s, que no ser\u00e1n respondidas \u201cpor ahora\u201d, apelando a que todo debe mantenerse en secreto por la \u201clucha contra el r\u00e9gimen\u201d. Y si la colectividad se pone muy intensa, ella simplemente recurre a: \u201cver\u00e1n las se\u00f1ales\u201d.<\/p>\n<p data-start=\"2537\" data-end=\"3081\"><strong data-start=\"2537\" data-end=\"2559\">\u00bfY el d\u00eda despu\u00e9s?<\/strong><br data-start=\"2559\" data-end=\"2562\" \/>En caso de triunfar, \u00bfest\u00e1n preparados para gobernar el pa\u00eds?<br data-start=\"2623\" data-end=\"2626\" \/>\u00bfCuentan con los recursos humanos y los liderazgos pol\u00edticos necesarios para manejar la administraci\u00f3n p\u00fablica?<br data-start=\"2737\" data-end=\"2740\" \/>\u00bfQui\u00e9n pacificar\u00e1 al pa\u00eds?<br data-start=\"2766\" data-end=\"2769\" \/>\u00bfQui\u00e9n y c\u00f3mo desarmar\u00e1 a los colectivos, trenes, guerrillas, bandas criminales, etc.?<br data-start=\"2855\" data-end=\"2858\" \/>\u00bfSeremos eternamente un protectorado de los norteamericanos?<br data-start=\"2918\" data-end=\"2921\" \/>\u00bfNos convertiremos en un territorio ocupado militarmente como Irak, Libia o la Franja de Gaza?<br data-start=\"3015\" data-end=\"3018\" \/>\u00bfNos espera una guerra civil despu\u00e9s de que logren imponerse?<\/p>\n<p data-start=\"2537\" data-end=\"3081\"><a href=\"https:\/\/www.ciudadgoticanews.com\/wp-content\/uploads\/2025\/09\/photo_2025-09-23_09-09-29.jpg\"><img loading=\"lazy\" decoding=\"async\" class=\"aligncenter size-full wp-image-96943\" src=\"https:\/\/www.ciudadgoticanews.com\/wp-content\/uploads\/2025\/09\/photo_2025-09-23_09-09-29.jpg\" alt=\"\" width=\"844\" height=\"692\" \/><\/a> <a href=\"https:\/\/www.ciudadgoticanews.com\/wp-content\/uploads\/2025\/09\/photo_2025-09-23_09-09-27.jpg\"><img loading=\"lazy\" decoding=\"async\" class=\"aligncenter size-full wp-image-96944\" src=\"https:\/\/www.ciudadgoticanews.com\/wp-content\/uploads\/2025\/09\/photo_2025-09-23_09-09-27.jpg\" alt=\"\" width=\"987\" height=\"574\" \/><\/a><\/p>\n<h2 data-start=\"60\" data-end=\"142\"><strong data-start=\"101\" data-end=\"142\">EN CUALQUIER ESCENARIO HABR\u00c1 MUERTOS<\/strong><\/h2>\n<p><a href=\"https:\/\/www.ciudadgoticanews.com\/wp-content\/uploads\/2025\/09\/photo_2025-09-23_09-10-35.jpg\"><img loading=\"lazy\" decoding=\"async\" class=\"aligncenter size-full wp-image-96948\" src=\"https:\/\/www.ciudadgoticanews.com\/wp-content\/uploads\/2025\/09\/photo_2025-09-23_09-10-35.jpg\" alt=\"\" width=\"1200\" height=\"800\" \/><\/a> <a href=\"https:\/\/www.ciudadgoticanews.com\/wp-content\/uploads\/2025\/09\/photo_2025-09-23_09-10-31.jpg\"><img loading=\"lazy\" decoding=\"async\" class=\"aligncenter size-full wp-image-96949\" src=\"https:\/\/www.ciudadgoticanews.com\/wp-content\/uploads\/2025\/09\/photo_2025-09-23_09-10-31.jpg\" alt=\"\" width=\"762\" height=\"423\" \/><\/a><\/p>\n<p data-start=\"82\" data-end=\"515\">Mar\u00eda Corina Machado se ha preguntado si, efectivamente, los venezolanos estamos dispuestos a morir en las calles, mat\u00e1ndonos entre nosotros o frente a un ej\u00e9rcito de ocupaci\u00f3n? No creo que el pueblo est\u00e9 dispuesto a servir de escudo humano para proteger a Nicol\u00e1s Maduro o a alguno de los miembros de su gobierno. Pero veo mucho menos probable que est\u00e9n dispuestos a morir para complacer a Mar\u00eda Corina Machado y a Edmundo Gonz\u00e1lez.<\/p>\n<p data-start=\"517\" data-end=\"842\">Me dio pena ajena leer el contenido de la carta p\u00fablica que Nicol\u00e1s Maduro le dirigi\u00f3 a Donald Trump, rog\u00e1ndole clemencia.<br data-start=\"639\" data-end=\"642\" \/>Pero me genera ira y verg\u00fcenza las condiciones que le exige el gobierno de Donald Trump para que Edmundo y Mar\u00eda Corina puedan asumir la presidencia y vicepresidencia de la Rep\u00fablica, respectivamente.<\/p>\n<p data-start=\"844\" data-end=\"929\">Que le hable claro a los venezolanos, Mar\u00eda Corina.<br data-start=\"895\" data-end=\"898\" \/>\u00a1Omitir es una forma de mentir!<\/p>\n<p data-start=\"844\" data-end=\"929\"><a href=\"https:\/\/www.ciudadgoticanews.com\/wp-content\/uploads\/2025\/09\/photo_2025-09-23_09-11-38.jpg\"><img loading=\"lazy\" decoding=\"async\" class=\"aligncenter size-full wp-image-96952\" src=\"https:\/\/www.ciudadgoticanews.com\/wp-content\/uploads\/2025\/09\/photo_2025-09-23_09-11-38.jpg\" alt=\"\" width=\"643\" height=\"311\" \/><\/a> <a href=\"https:\/\/www.ciudadgoticanews.com\/wp-content\/uploads\/2025\/09\/photo_2025-09-23_09-11-35.jpg\"><img loading=\"lazy\" decoding=\"async\" class=\"aligncenter size-full wp-image-96953\" src=\"https:\/\/www.ciudadgoticanews.com\/wp-content\/uploads\/2025\/09\/photo_2025-09-23_09-11-35.jpg\" alt=\"\" width=\"1200\" height=\"675\" \/><\/a> <a href=\"https:\/\/www.ciudadgoticanews.com\/wp-content\/uploads\/2025\/09\/photo_2025-09-23_09-11-32.jpg\"><img loading=\"lazy\" decoding=\"async\" class=\"aligncenter size-full wp-image-96954\" src=\"https:\/\/www.ciudadgoticanews.com\/wp-content\/uploads\/2025\/09\/photo_2025-09-23_09-11-32.jpg\" alt=\"\" width=\"640\" height=\"360\" \/><\/a> <a href=\"https:\/\/www.ciudadgoticanews.com\/wp-content\/uploads\/2025\/09\/photo_2025-09-23_09-11-29.jpg\"><img loading=\"lazy\" decoding=\"async\" class=\"aligncenter size-full wp-image-96955\" src=\"https:\/\/www.ciudadgoticanews.com\/wp-content\/uploads\/2025\/09\/photo_2025-09-23_09-11-29.jpg\" alt=\"\" width=\"576\" height=\"324\" \/><\/a> <a href=\"https:\/\/www.ciudadgoticanews.com\/wp-content\/uploads\/2025\/09\/photo_2025-09-23_09-11-26.jpg\"><img loading=\"lazy\" decoding=\"async\" class=\"aligncenter size-full wp-image-96956\" src=\"https:\/\/www.ciudadgoticanews.com\/wp-content\/uploads\/2025\/09\/photo_2025-09-23_09-11-26.jpg\" alt=\"\" width=\"414\" height=\"276\" \/><\/a><\/p>\n<p data-start=\"135\" data-end=\"574\">Dentro de los cinco escenarios posibles que le ha planteado Marco Rubio, el \u00fanico que le interesa a Mar\u00eda Corina \u2014porque solo as\u00ed podr\u00edan asumir de manera directa los cargos que tanto desean\u2014 implica la presencia activa de cientos de miles de personas protestando en las calles en toda Venezuela, y principalmente en Caracas: que bajen los cerros, salgan los pobres de sus ranchos, los viejitos y los j\u00f3venes inocentes que creen en ella.<\/p>\n<p data-start=\"576\" data-end=\"909\">Tambi\u00e9n implica la presencia f\u00edsica de Edmundo y de Mar\u00eda Corina al frente de las protestas que espera generar el pr\u00f3ximo 19 de octubre, usando como excusa la canonizaci\u00f3n de Jos\u00e9 Gregorio Hern\u00e1ndez y Carmen Rendiles, para lo cual cuenta con la complicidad de la Conferencia Episcopal de Venezuela y de la Arquidi\u00f3cesis de Caracas.<\/p>\n<p data-start=\"576\" data-end=\"909\"><a href=\"https:\/\/www.ciudadgoticanews.com\/wp-content\/uploads\/2025\/09\/photo_2025-09-23_09-12-37.jpg\"><img loading=\"lazy\" decoding=\"async\" class=\"aligncenter size-full wp-image-96960\" src=\"https:\/\/www.ciudadgoticanews.com\/wp-content\/uploads\/2025\/09\/photo_2025-09-23_09-12-37.jpg\" alt=\"\" width=\"576\" height=\"324\" \/><\/a> <a href=\"https:\/\/www.ciudadgoticanews.com\/wp-content\/uploads\/2025\/09\/photo_2025-09-23_09-12-34.jpg\"><img loading=\"lazy\" decoding=\"async\" class=\"aligncenter size-full wp-image-96961\" src=\"https:\/\/www.ciudadgoticanews.com\/wp-content\/uploads\/2025\/09\/photo_2025-09-23_09-12-34.jpg\" alt=\"\" width=\"1263\" height=\"805\" \/><\/a> <a href=\"https:\/\/www.ciudadgoticanews.com\/wp-content\/uploads\/2025\/09\/photo_2025-09-23_09-12-32.jpg\"><img loading=\"lazy\" decoding=\"async\" class=\"aligncenter size-full wp-image-96962\" src=\"https:\/\/www.ciudadgoticanews.com\/wp-content\/uploads\/2025\/09\/photo_2025-09-23_09-12-32.jpg\" alt=\"\" width=\"1280\" height=\"823\" \/><\/a><\/p>\n<p data-start=\"112\" data-end=\"430\">Mar\u00eda Corina Machado deber\u00eda responder si conoce el papel que jug\u00f3 el clero venezolano como factor de obstrucci\u00f3n para la canonizaci\u00f3n del \u201cm\u00e9dico de los pobres\u201d (exig\u00edan lucro del marketing) y si fueron c\u00f3mplices del fraudulento segundo milagro del \u201cGordo\u201d Gonzalo Morales Divo en Miami, donde s\u00ed recibieron dinero.<\/p>\n<p data-start=\"112\" data-end=\"430\"><a href=\"https:\/\/www.ciudadgoticanews.com\/wp-content\/uploads\/2025\/09\/photo_2025-09-23_09-13-28.jpg\"><img loading=\"lazy\" decoding=\"async\" class=\"aligncenter size-full wp-image-96967\" src=\"https:\/\/www.ciudadgoticanews.com\/wp-content\/uploads\/2025\/09\/photo_2025-09-23_09-13-28.jpg\" alt=\"\" width=\"1219\" height=\"1174\" \/><\/a><\/p>\n<blockquote class=\"wp-embedded-content\" data-secret=\"XAULJGzKgW\"><p><a href=\"https:\/\/reportedelaeconomia.com\/venezuela\/obispo-implicado-en-fraude-amenaza-al-nuevo-papa-leon-xiv\/\">OBISPO IMPLICADO EN FRAUDE AMENAZA AL NUEVO PAPA LE\u00d3N XIV<\/a><\/p><\/blockquote>\n<p><iframe loading=\"lazy\" class=\"wp-embedded-content\" sandbox=\"allow-scripts\" security=\"restricted\" style=\"position: absolute; visibility: hidden;\" title=\"\u00abOBISPO IMPLICADO EN FRAUDE AMENAZA AL NUEVO PAPA LE\u00d3N XIV\u00bb \u2014 REPORTE DE LA ECONOM\u00cdA\" src=\"https:\/\/reportedelaeconomia.com\/venezuela\/obispo-implicado-en-fraude-amenaza-al-nuevo-papa-leon-xiv\/embed\/#?secret=7M255y9bPm#?secret=XAULJGzKgW\" data-secret=\"XAULJGzKgW\" width=\"600\" height=\"338\" frameborder=\"0\" marginwidth=\"0\" marginheight=\"0\" scrolling=\"no\"><\/iframe><\/p>\n<p data-start=\"134\" data-end=\"414\">Guarda silencio en relaci\u00f3n con las circunstancias que rodearon la canonizaci\u00f3n de la madre superiora Carmen Rendiles, respondiendo a una exigencia que la poderosa familia Cisneros Rendiles le hizo al difunto Papa Francisco, para lo cual el propio Ricardo Cisneros viaj\u00f3 a Roma.<\/p>\n<p data-start=\"421\" data-end=\"815\"><span style=\"color: #ff0000;\"><strong>\u201cEn 2015 se inici\u00f3 la fase romana del milagro. Habiendo cumplido todos los requerimientos can\u00f3nicos, super\u00f3 con \u00e9xito la Junta M\u00e9dica, la sesi\u00f3n de Te\u00f3logos y la de Cardenales, que atribuyeron a causas inexplicables para la ciencia la curaci\u00f3n del brazo de la Dra. Trinete Dur\u00e1n de Branger. Hasta para eso tienen ventajas los miembros de las clases sociales altas.\u201d<\/strong><\/span><\/p>\n<p data-start=\"817\" data-end=\"1044\"><span style=\"color: #ff0000;\"><strong>Ricardo Cisneros visit\u00f3 al entonces Papa Francisco en el Vaticano pocos d\u00edas antes del anuncio, para asegurarse de que se cumplir\u00edan los deseos de su familia. La visita se mantuvo en secreto hasta despu\u00e9s del anuncio oficial.<\/strong><\/span><\/p>\n<p data-start=\"1046\" data-end=\"1437\">\ud83d\udd17 <a class=\"decorated-link\" href=\"https:\/\/www.instagram.com\/p\/DG4j329t5ie\/\" target=\"_new\" rel=\"noopener\" data-start=\"1049\" data-end=\"1117\">Publicaci\u00f3n en Instagram<\/a><br data-start=\"1117\" data-end=\"1120\" \/>\ud83d\udd17 <a class=\"decorated-link\" href=\"https:\/\/noticiaalminuto.com\/el-papa-tiene-su-uniforme-del-caracas-bbc-propietario-de-leones-visito-al-pontifice-y-le-obsequio-una-camiseta-fotovideo\/\" target=\"_new\" rel=\"noopener\" data-start=\"1123\" data-end=\"1328\">Noticia al Minuto \u2013 El Papa y los Leones del Caracas<\/a><br data-start=\"1328\" data-end=\"1331\" \/>\ud83d\udd17 <a class=\"decorated-link\" href=\"https:\/\/www.instagram.com\/cerveceriaregionaloficial\/p\/DG3voJ7vHYL\/\" target=\"_new\" rel=\"noopener\" data-start=\"1334\" data-end=\"1435\">Cervecer\u00eda Regional \u2013 Instagram<\/a><\/p>\n<p data-start=\"1444\" data-end=\"1693\">El proceso de Jos\u00e9 Gregorio Hern\u00e1ndez tard\u00f3 76 a\u00f1os, mientras que el de la Madre Carmen apenas 30. Una marcada diferencia cuya demora, en el caso de Hern\u00e1ndez, fue atribuida al \u201cculto popular\u201d, por incluir al \u201cM\u00e9dico de los pobres\u201d en sus altares.<\/p>\n<p data-start=\"345\" data-end=\"642\"><strong><span style=\"color: #ff0000;\">DI\u00d3CESIS DE BARQUISIMETO<\/span><\/strong><br data-start=\"400\" data-end=\"403\" \/><strong><span style=\"color: #ff0000;\">A partir de octubre de 2018 comenzaron a moverse las \u201cpiezas\u201d del gobierno de la Iglesia Cat\u00f3lica en Venezuela, proceso que concluy\u00f3 el 28 de junio de 2024 con la designaci\u00f3n del \u201cP\u00e1jaro Espino venezolano\u201d como Arzobispo de Barquisimeto.<\/span><\/strong><\/p>\n<p data-start=\"644\" data-end=\"848\"><strong><span style=\"color: #ff0000;\">A este se le ha encomendado la misi\u00f3n de promover y concretar, en el menor lapso de tiempo posible, el proceso de canonizaci\u00f3n de \u201cChepito\u201d Rodr\u00edguez G\u00f3mez. Se trata de Monse\u00f1or Polit\u00f3 Rodr\u00edguez M\u00e9ndez.<\/span><\/strong><\/p>\n<p><iframe loading=\"lazy\" title=\"Andr\u00e9s Ignacio Rodr\u00edguez (Chepito) CHAMPION\" width=\"640\" height=\"360\" src=\"https:\/\/www.youtube.com\/embed\/Fnu_3yRbbEc?feature=oembed\" frameborder=\"0\" allow=\"accelerometer; autoplay; clipboard-write; encrypted-media; gyroscope; picture-in-picture; web-share\" referrerpolicy=\"strict-origin-when-cross-origin\" allowfullscreen><\/iframe><\/p>\n<h3 data-start=\"126\" data-end=\"154\">MANIPULACI\u00d3N RELIGIOSA<\/h3>\n<p data-start=\"156\" data-end=\"725\">Mar\u00eda Corina debe informar al pueblo venezolano que, el pr\u00f3ximo 19 de octubre, necesita que la acompa\u00f1en a \u201ctomar posesi\u00f3n\u201d de la presidencia en el palacio p\u00fablico que elijan. Y que, cuando las fuerzas del orden p\u00fablico les impidan ingresar, deber\u00e1 generarse una respuesta tan violenta que ambos bandos se enfrenten y se produzcan muchos muertos del lado opositor, acompa\u00f1ados de saqueos, d\u00edas de protestas y violencia en todo el pa\u00eds, allanamientos, detenciones y enfrentamientos entre grupos armados de ambos bandos, algunos de los cuales vendr\u00e1n desde el exterior.<\/p>\n<p data-start=\"727\" data-end=\"1119\">Solo as\u00ed, despu\u00e9s de que reine la anarqu\u00eda, de que las morgues y los hospitales colapsen por la gran cantidad de cad\u00e1veres, ingresar\u00edan las Fuerzas Armadas estadounidenses para \u201crestaurar el orden y la democracia\u201d, imponer la \u201cdecisi\u00f3n de la voluntad popular\u201d y reconocer a Edmundo y a Mar\u00eda Corina como los leg\u00edtimos gobernantes, permaneciendo en el pa\u00eds hasta que puedan tomar el control.<\/p>\n<p data-start=\"1121\" data-end=\"1345\">\u00bfCu\u00e1ntos meses o a\u00f1os tardar\u00e1 dicha ocupaci\u00f3n?<br data-start=\"1167\" data-end=\"1170\" \/>\u00bfCu\u00e1nto tiempo llevar\u00e1 dominar a 40 millones de habitantes donde hay a\u00fan numerosos chavistas y maduristas?<br data-start=\"1276\" data-end=\"1279\" \/>\u00bfCu\u00e1n f\u00e1cil ser\u00e1 controlar los estados fronterizos con Colombia?<\/p>\n<p data-start=\"1347\" data-end=\"1476\">Y, mientras tanto, Chevron y otras transnacionales petroleras extrayendo petr\u00f3leo sin parar, as\u00ed como otros recursos naturales.<\/p>\n<p data-start=\"1483\" data-end=\"1703\" data-is-last-node=\"\" data-is-only-node=\"\"><a href=\"https:\/\/www.ciudadgoticanews.com\/wp-content\/uploads\/2025\/09\/photo_2025-09-23_09-19-11.jpg\"><img loading=\"lazy\" decoding=\"async\" class=\"aligncenter size-full wp-image-96979\" src=\"https:\/\/www.ciudadgoticanews.com\/wp-content\/uploads\/2025\/09\/photo_2025-09-23_09-19-11.jpg\" alt=\"\" width=\"730\" height=\"524\" \/><\/a> <a href=\"https:\/\/www.ciudadgoticanews.com\/wp-content\/uploads\/2025\/09\/photo_2025-09-23_09-19-09.jpg\"><img loading=\"lazy\" decoding=\"async\" class=\"aligncenter size-full wp-image-96980\" src=\"https:\/\/www.ciudadgoticanews.com\/wp-content\/uploads\/2025\/09\/photo_2025-09-23_09-19-09.jpg\" alt=\"\" width=\"678\" height=\"452\" \/><\/a><\/p>\n<p data-start=\"146\" data-end=\"349\">Es por eso que, en estos momentos, necesitan del apoyo de los representantes de la vieja pol\u00edtica y, por esa raz\u00f3n, nunca se han pronunciado p\u00fablicamente sobre los desmanes cometidos por el interinato.<\/p>\n<p data-start=\"351\" data-end=\"727\">\ud83d\udd17 <a class=\"decorated-link\" href=\"https:\/\/reportedelaeconomia.com\/venezuela\/2019-mientras-chavistas-y-opositores-se-mataban-en-las-calles-por-imponer-un-gobierno-juan-guaido-se-robaba-el-dinero-de-la-nacion-y-lo-ocultaba-en-un-fondo-de-inversion-en-complicidad-con-banqueros\/\" target=\"_new\" rel=\"noopener\" data-start=\"354\" data-end=\"725\">Mientras chavistas y opositores se mataban en las calles por imponer un gobierno, Juan Guaid\u00f3 se robaba el dinero de la naci\u00f3n<\/a><\/p>\n<p data-start=\"729\" data-end=\"1273\">Los <em data-start=\"733\" data-end=\"756\">chavistas originarios<\/em> le han ofrecido la adhesi\u00f3n de sus seguidores a Mar\u00eda Corina Machado, y por eso cree que la convocatoria en la calle ser\u00e1 mayor y la resistencia menor. Esa es una de las razones por las que se ha rodeado de exfuncionarios chavistas. Cree, err\u00f3neamente, que delegando en <em data-start=\"1027\" data-end=\"1040\">influencers<\/em> con cientos de miles de seguidores, en esa misma medida el pueblo responder\u00e1 a su convocatoria. Sus voceros son un grupo de mercenarios de las RRSS y fabulistas mediocres, por encima de profesionales cualificados para tales fines.<\/p>\n<p data-start=\"1275\" data-end=\"1625\">Omar Gonz\u00e1lez Moreno te est\u00e1 lanzando por un despe\u00f1adero, movido por sus delirios de grandeza y sus deseos de regresar al poder. \u00bfEst\u00e1 segura \u201cMary Cori\u201d de que con las novelas policiales que escribe <em data-start=\"1475\" data-end=\"1491\">Mentira Fresca<\/em>, los montajes del \u201cCapit\u00e1n Argolla\u201d y las aventuras del \u201cEnano\u201d ser\u00e1 suficiente para motivar a la poblaci\u00f3n e imponer tu narrativa?<\/p>\n<hr data-start=\"1627\" data-end=\"1630\" \/>\n<h2 data-start=\"1632\" data-end=\"1661\">MAR\u00cdA CORINA ES CHAVISTA<\/h2>\n<p data-start=\"1663\" data-end=\"2230\">A pesar de las grav\u00edsimas denuncias que publicamos horas atr\u00e1s \u2014donde pudimos demostrar con pruebas irrefutables qui\u00e9n es Liliana Aumaitre, actual concubina de Iv\u00e1n Simonovis, quien fue Fiscal Superior del estado Anzo\u00e1tegui, primero como personal de confianza de Luisa Ortega D\u00edaz y despu\u00e9s de Tarek William Saab\u2014 no se ha producido ninguna acci\u00f3n por parte de Mar\u00eda Corina al respecto. A ella le parece normal y correcto que una persona de su entorno, que maneja informaci\u00f3n sensible, sea la pareja de alguien que perteneci\u00f3 a los c\u00edrculos de Luisa Ortega y Tarek.<\/p>\n<p data-start=\"2232\" data-end=\"2559\">\ud83d\udd17 <a class=\"decorated-link\" href=\"https:\/\/reportedelaeconomia.com\/venezuela\/conozcan-a-liliana-aumaitre-la-famosa-escort-que-actualmente-es-la-novia-del-enano-simonovis-y-fue-fiscal-superior-del-estado-anzoategui\/\" target=\"_new\" rel=\"noopener\" data-start=\"2235\" data-end=\"2557\">Conozcan a Liliana Aumaitre, la famosa escort que actualmente es la novia del \u201cEnano\u201d Simonovis y fue fiscal superior del estado Anzo\u00e1tegui<\/a><\/p>\n<p data-start=\"2561\" data-end=\"2906\">\ud83d\udd17 <a class=\"decorated-link\" href=\"https:\/\/reportedelaeconomia.com\/venezuela\/esta-es-la-humilde-casita-donde-reside-actualmente-liliana-maria-aumaitre-mendez-exfiscal-superior-del-estado-anzoategui-y-concubina-de-ivan-simonovis\/\" target=\"_new\" rel=\"noopener\" data-start=\"2564\" data-end=\"2904\">La humilde casita donde reside actualmente Liliana Mar\u00eda Aumaitre M\u00e9ndez, exfiscal superior del estado Anzo\u00e1tegui y concubina de Iv\u00e1n Simonovis<\/a><\/p>\n<hr data-start=\"2908\" data-end=\"2911\" \/>\n<p data-start=\"2913\" data-end=\"3195\">\u00bfDebemos aceptar la \u201cnormalizaci\u00f3n\u201d de la presencia de exfuncionarios chavistas en su entorno?<br data-start=\"3007\" data-end=\"3010\" \/>\u00bfEl Cartel de los Soles lo conforman \u00fanicamente militares de la era de Nicol\u00e1s Maduro y afectos a Diosdado Cabello?<br data-start=\"3125\" data-end=\"3128\" \/>\u00bfNing\u00fan civil exfuncionario chavista forma parte de dicho cartel?<\/p>\n<p data-start=\"3197\" data-end=\"3536\">\u00bfCl\u00edver Alcal\u00e1 Cordones, Hugo Carvajal, Manuel Christopher Figuera, Luisa Ortega D\u00edaz y Germ\u00e1n Ferrer ahora son unas \u201cblancas palomas\u201d y no participaron en violaciones a los DD.HH.?<br data-start=\"3378\" data-end=\"3381\" \/>\u00bfSi Tarek William Saab colabora con Mar\u00eda Corina, en el futuro olvidar\u00e1n su pasado?<br data-start=\"3464\" data-end=\"3467\" \/>\u00bfNo ser\u00e1n castigados con todo el peso de la ley si llegan al poder?<\/p>\n<p data-start=\"3538\" data-end=\"3887\">\u00bfAcaso se les olvida que Iv\u00e1n Simonovis fue secretario de Seguridad de la Alcald\u00eda de Caracas durante la gesti\u00f3n de Alfredo Pe\u00f1a (ambos chavistas que luego se sumaron al golpe de Estado del 11 de abril de 2002)?<br data-start=\"3749\" data-end=\"3752\" \/>\u00bfO que Wender Enrique Villalobos fue gerente del Mercado Bolivariano bajo el gobierno de Hugo Ch\u00e1vez, cuando el alcalde era chavista?<\/p>\n<p data-start=\"3889\" data-end=\"4218\">Ese cuento de \u201clas propiedades que le quitaron\u201d es una gran mentira: una casa construida en Playa Maurica en terrenos de origen ejidal, adem\u00e1s en medio de una comunidad Kari\u00f1a, y un apartamento del INAVI del cual solo pag\u00f3 la inicial, nunca la mensualidad, y que termin\u00f3 siendo reasignado a la madre de su \u00fanica hija biol\u00f3gica.<\/p>\n<p data-start=\"4225\" data-end=\"4402\" data-is-last-node=\"\" data-is-only-node=\"\"><a href=\"https:\/\/www.ciudadgoticanews.com\/wp-content\/uploads\/2025\/09\/photo_2025-09-23_09-20-12.jpg\"><img loading=\"lazy\" decoding=\"async\" class=\"aligncenter size-full wp-image-96983\" src=\"https:\/\/www.ciudadgoticanews.com\/wp-content\/uploads\/2025\/09\/photo_2025-09-23_09-20-12.jpg\" alt=\"\" width=\"1242\" height=\"1280\" \/><\/a><\/p>\n<p data-start=\"4225\" data-end=\"4402\" data-is-last-node=\"\" data-is-only-node=\"\"><a href=\"https:\/\/www.ciudadgoticanews.com\/wp-content\/uploads\/2025\/09\/photo_2025-09-23_09-20-40.jpg\"><img loading=\"lazy\" decoding=\"async\" class=\"aligncenter size-full wp-image-96985\" src=\"https:\/\/www.ciudadgoticanews.com\/wp-content\/uploads\/2025\/09\/photo_2025-09-23_09-20-40.jpg\" alt=\"\" width=\"899\" height=\"1280\" \/><\/a> <a href=\"https:\/\/www.ciudadgoticanews.com\/wp-content\/uploads\/2025\/09\/photo_2025-09-23_09-20-37.jpg\"><img loading=\"lazy\" decoding=\"async\" class=\"aligncenter size-full wp-image-96986\" src=\"https:\/\/www.ciudadgoticanews.com\/wp-content\/uploads\/2025\/09\/photo_2025-09-23_09-20-37.jpg\" alt=\"\" width=\"895\" height=\"1280\" \/><\/a><\/p>\n<p data-start=\"106\" data-end=\"295\"><strong data-start=\"106\" data-end=\"293\">Maryorith Esther Rojas Guzm\u00e1n, concubina de Wender Enrique Villalobos, fue fiscal del Ministerio P\u00fablico durante la gesti\u00f3n de Luisa Ortega D\u00edaz y es amiga \u00edntima de Liliana Aumaitre.<\/strong><\/p>\n<p data-start=\"112\" data-end=\"168\"><strong data-start=\"112\" data-end=\"166\">A continuaci\u00f3n, las pruebas que as\u00ed lo demuestran:<\/strong><\/p>\n<p data-start=\"106\" data-end=\"295\"><a href=\"https:\/\/www.ciudadgoticanews.com\/wp-content\/uploads\/2025\/09\/photo_2025-09-23_09-24-09.jpg\"><img loading=\"lazy\" decoding=\"async\" class=\"aligncenter size-full wp-image-96990\" src=\"https:\/\/www.ciudadgoticanews.com\/wp-content\/uploads\/2025\/09\/photo_2025-09-23_09-24-09.jpg\" alt=\"\" width=\"867\" height=\"1166\" \/><\/a> <a href=\"https:\/\/www.ciudadgoticanews.com\/wp-content\/uploads\/2025\/09\/photo_2025-09-23_09-24-07.jpg\"><img loading=\"lazy\" decoding=\"async\" class=\"aligncenter size-full wp-image-96991\" src=\"https:\/\/www.ciudadgoticanews.com\/wp-content\/uploads\/2025\/09\/photo_2025-09-23_09-24-07.jpg\" alt=\"\" width=\"784\" height=\"1060\" \/><\/a> <a href=\"https:\/\/www.ciudadgoticanews.com\/wp-content\/uploads\/2025\/09\/photo_2025-09-23_09-24-06.jpg\"><img loading=\"lazy\" decoding=\"async\" class=\"aligncenter size-full wp-image-96992\" src=\"https:\/\/www.ciudadgoticanews.com\/wp-content\/uploads\/2025\/09\/photo_2025-09-23_09-24-06.jpg\" alt=\"\" width=\"1147\" height=\"1280\" \/><\/a> <a href=\"https:\/\/www.ciudadgoticanews.com\/wp-content\/uploads\/2025\/09\/photo_2025-09-23_09-24-04.jpg\"><img loading=\"lazy\" decoding=\"async\" class=\"aligncenter size-full wp-image-96993\" src=\"https:\/\/www.ciudadgoticanews.com\/wp-content\/uploads\/2025\/09\/photo_2025-09-23_09-24-04.jpg\" alt=\"\" width=\"669\" height=\"516\" \/><\/a> <a href=\"https:\/\/www.ciudadgoticanews.com\/wp-content\/uploads\/2025\/09\/photo_2025-09-23_09-24-03.jpg\"><img loading=\"lazy\" decoding=\"async\" class=\"aligncenter size-full wp-image-96994\" src=\"https:\/\/www.ciudadgoticanews.com\/wp-content\/uploads\/2025\/09\/photo_2025-09-23_09-24-03.jpg\" alt=\"\" width=\"1280\" height=\"179\" \/><\/a> <a href=\"https:\/\/www.ciudadgoticanews.com\/wp-content\/uploads\/2025\/09\/photo_2025-09-23_09-24-01.jpg\"><img loading=\"lazy\" decoding=\"async\" class=\"aligncenter size-full wp-image-96995\" src=\"https:\/\/www.ciudadgoticanews.com\/wp-content\/uploads\/2025\/09\/photo_2025-09-23_09-24-01.jpg\" alt=\"\" width=\"1280\" height=\"994\" \/><\/a><\/p>\n<p data-start=\"106\" data-end=\"295\"><a href=\"https:\/\/www.ciudadgoticanews.com\/wp-content\/uploads\/2025\/09\/photo_2025-09-23_09-25-53.jpg\"><img loading=\"lazy\" decoding=\"async\" class=\"aligncenter size-full wp-image-96999\" src=\"https:\/\/www.ciudadgoticanews.com\/wp-content\/uploads\/2025\/09\/photo_2025-09-23_09-25-53.jpg\" alt=\"\" width=\"903\" height=\"1280\" \/><\/a><\/p>\n<p data-start=\"150\" data-end=\"315\">Para que te enteres qui\u00e9n es <strong data-start=\"179\" data-end=\"215\">Wender Enrique Villalobos Padr\u00f3n<\/strong>, aqu\u00ed lo tienes: su vida es una gran mentira. Deber\u00eda estar recluido en un hospital psiqui\u00e1trico.<\/p>\n<p data-start=\"317\" data-end=\"469\">Maryorith no es su esposa; ten\u00eda una agitada vida \u00edntima, familiar y social.<br data-start=\"393\" data-end=\"396\" \/>Tuvo al menos dos relaciones antes que a Wender y varias infidelidades.<\/p>\n<p data-start=\"471\" data-end=\"544\">Las que identifica como \u201csus hijas\u201d no lo son\u2026 y as\u00ed con todo lo dem\u00e1s.<\/p>\n<p data-start=\"546\" data-end=\"827\">\ud83d\udd17 <a class=\"decorated-link\" href=\"https:\/\/hable.se\/2025\/06\/quien-es-wender-villalobos-padron-las-mentiras-y-verdades-al-descubierto-sobre-el-youtuber-de-yo-por-plata-voy-durisimo.html\" target=\"_new\" rel=\"noopener\" data-start=\"549\" data-end=\"825\">\u00bfQui\u00e9n es Wender Villalobos Padr\u00f3n? Las mentiras y verdades al descubierto sobre el youtuber de \u201cYo por plata voy dur\u00edsimo\u201d<\/a><\/p>\n<p data-start=\"834\" data-end=\"982\">Seguramente se trata de un proyecto ultrasecreto de Mar\u00eda Corina:<br data-start=\"899\" data-end=\"902\" \/>una fuerza de tarea conformada por amantes, barraganas y meretrices chavistas.<\/p>\n<p data-start=\"984\" data-end=\"1046\">La versi\u00f3n de Mar\u00eda Corina de <em data-start=\"1014\" data-end=\"1043\">Pantale\u00f3n y las visitadoras<\/em>.<\/p>\n<p data-start=\"1048\" data-end=\"1092\">Me gustar\u00eda ocupar el puesto de Pantale\u00f3n.<\/p>\n<p data-start=\"1094\" data-end=\"1136\">Atentamente me despido,<br data-start=\"1117\" data-end=\"1120\" \/><strong data-start=\"1120\" data-end=\"1134\">Mary Cori.<\/strong><\/p>\n<p data-start=\"1138\" data-end=\"1156\">Besos,<br data-start=\"1144\" data-end=\"1147\" \/><strong data-start=\"1147\" data-end=\"1154\">JC.<\/strong><\/p>\n<p data-start=\"1138\" data-end=\"1156\"><a href=\"https:\/\/www.ciudadgoticanews.com\/wp-content\/uploads\/2025\/09\/photo_2025-09-23_09-28-28.jpg\"><img loading=\"lazy\" decoding=\"async\" class=\"aligncenter size-full wp-image-97003\" src=\"https:\/\/www.ciudadgoticanews.com\/wp-content\/uploads\/2025\/09\/photo_2025-09-23_09-28-28.jpg\" alt=\"\" width=\"726\" height=\"1141\" \/><\/a><\/p>\n","protected":false},"excerpt":{"rendered":"<p>Especial JC.-Definitivamente, Mar\u00eda Corina Machado, con el paso del tiempo, se ha venido rodeando de una serie de asesores, colaboradores y\/o simpatizantes que ocuparon cargos p\u00fablicos \u201cestrat\u00e9gicos\u201d durante el gobierno de Hugo Ch\u00e1vez, o que disfrutaron de los v\u00ednculos y relaciones con dichos exfuncionarios. Se trata de los autodenominados \u201cChavistas Originarios\u201d. El d\u00eda que Mar\u00eda [&hellip;]<\/p>\n","protected":false},"author":1,"featured_media":14823,"comment_status":"open","ping_status":"open","sticky":false,"template":"","format":"standard","meta":{"h5ap_radio_sources":[],"footnotes":""},"categories":[9],"tags":[],"class_list":["post-14822","post","type-post","status-publish","format-standard","has-post-thumbnail","hentry","category-venezuela"],"aioseo_notices":[],"_links":{"self":[{"href":"https:\/\/www.ciudadgoticanews.com\/index.php\/wp-json\/wp\/v2\/posts\/14822","targetHints":{"allow":["GET"]}}],"collection":[{"href":"https:\/\/www.ciudadgoticanews.com\/index.php\/wp-json\/wp\/v2\/posts"}],"about":[{"href":"https:\/\/www.ciudadgoticanews.com\/index.php\/wp-json\/wp\/v2\/types\/post"}],"author":[{"embeddable":true,"href":"https:\/\/www.ciudadgoticanews.com\/index.php\/wp-json\/wp\/v2\/users\/1"}],"replies":[{"embeddable":true,"href":"https:\/\/www.ciudadgoticanews.com\/index.php\/wp-json\/wp\/v2\/comments?post=14822"}],"version-history":[{"count":2,"href":"https:\/\/www.ciudadgoticanews.com\/index.php\/wp-json\/wp\/v2\/posts\/14822\/revisions"}],"predecessor-version":[{"id":14854,"href":"https:\/\/www.ciudadgoticanews.com\/index.php\/wp-json\/wp\/v2\/posts\/14822\/revisions\/14854"}],"wp:featuredmedia":[{"embeddable":true,"href":"https:\/\/www.ciudadgoticanews.com\/index.php\/wp-json\/wp\/v2\/media\/14823"}],"wp:attachment":[{"href":"https:\/\/www.ciudadgoticanews.com\/index.php\/wp-json\/wp\/v2\/media?parent=14822"}],"wp:term":[{"taxonomy":"category","embeddable":true,"href":"https:\/\/www.ciudadgoticanews.com\/index.php\/wp-json\/wp\/v2\/categories?post=14822"},{"taxonomy":"post_tag","embeddable":true,"href":"https:\/\/www.ciudadgoticanews.com\/index.php\/wp-json\/wp\/v2\/tags?post=14822"}],"curies":[{"name":"wp","href":"https:\/\/api.w.org\/{rel}","templated":true}]}}