{"id":1645,"date":"2022-11-23T10:43:11","date_gmt":"2022-11-23T14:43:11","guid":{"rendered":"https:\/\/www.ciudadgoticanews.com\/?p=1645"},"modified":"2022-11-23T10:43:11","modified_gmt":"2022-11-23T14:43:11","slug":"corte-penal-internacional-descarta-peticion-de-leopoldo-lopez-y-establece-mecanismo-para-reanudar-investigacion-sobre-crimenes-de-lesa-humanidad-en-venezuela","status":"publish","type":"post","link":"https:\/\/www.ciudadgoticanews.com\/index.php\/2022\/11\/23\/corte-penal-internacional-descarta-peticion-de-leopoldo-lopez-y-establece-mecanismo-para-reanudar-investigacion-sobre-crimenes-de-lesa-humanidad-en-venezuela\/","title":{"rendered":"Corte Penal Internacional descarta petici\u00f3n de Leopoldo L\u00f3pez y establece mecanismo para reanudar investigaci\u00f3n sobre cr\u00edmenes de lesa humanidad en Venezuela"},"content":{"rendered":"<p>La Sala de Cuestiones Preliminares de la Corte Penal Internacional (CPI) decidi\u00f3 este viernes 18 de noviembre el procedimiento que aplicar\u00e1 para resolver la solicitud presentada por el fiscal Karim Khan de reanudar la investigaci\u00f3n por cr\u00edmenes de lesa humanidad cometidos por el r\u00e9gimen venezolano dirigido por Nicol\u00e1s Maduro.<\/p>\n<p>En su decisi\u00f3n, la Sala acogi\u00f3 los argumentos presentados recientemente por el canciller chavista, Carlos Far\u00eda, el pasado 11 de noviembre, as\u00ed como tambi\u00e9n acord\u00f3 permitir que las v\u00edctimas puedan presentar sus alegatos pero todo a trav\u00e9s de la Secci\u00f3n de Reparaci\u00f3n y Participaci\u00f3n de las V\u00edctimas (VPRS, por sus siglas en ingl\u00e9s) y no de manera directa a la CPI, como hab\u00edan solicitado algunos representantes legales del Foro Penal Venezolano acreditados, entre ellos Alfredo Romero, y el abogado del opositor Leopoldo L\u00f3pez, Juan Carlos Guti\u00e9rrez.<\/p>\n<p>De esta manera, el documento indica que la Sala \u00abtoma nota\u00bb de la solicitud de permiso para dirigirse de manera directa para transmitir las opiniones y preocupaciones de las v\u00edctimas, pero recuerda a este respecto que el sistema establecido por el Estatuto y las reglas para este tipo de procedimientos se canalizan a trav\u00e9s de la VPRS, que tiene entre sus facultades comunicarse con las v\u00edctimas y representantes legales, si corresponde, para recopilar opiniones e inquietudes, para luego elaborar un informe, por lo cual aclara que \u00abno hay raz\u00f3n para apartarse de este sistema de recaudaci\u00f3n en el presente caso\u00bb. De acuerdo con el cronograma establecido, el mencionado informe deber\u00e1 presentarse a m\u00e1s tardar el 21 de marzo de 2023, seg\u00fan informaci\u00f3n de Jos\u00e9 Gregorio Mart\u00ednez publicada en <a href=\"https:\/\/panampost.com\/jose-gregorio-martinez\/2022\/11\/18\/corte-penal-internacional-foro-penal-leopoldo-lopez\/\" target=\"_blank\" rel=\"noopener\">PanAm Post<\/a>.<\/p>\n<p>Adem\u00e1s, tal como solicit\u00f3 el representante de Maduro, la Sala de Cuestiones Preliminares de la CPI decidi\u00f3 otorgarle al r\u00e9gimen m\u00e1s de tres meses para responder a la solicitud del fiscal, estableciendo como plazo el 28 de febrero de 2023. A inicios de a\u00f1o ya la CPI hab\u00eda otorgado una pr\u00f3rroga de tres meses para presentar un informe en el que se aclare si se est\u00e1n investigando o no cr\u00edmenes de lesa humanidad en el pa\u00eds. Ese plazo finaliz\u00f3 el pasado 16 de abril.<\/p>\n<p>La investigaci\u00f3n preliminar contra el Estado venezolano por cr\u00edmenes de lesa humanidad bajo el r\u00e9gimen chavista se inici\u00f3 en 2018. En septiembre de ese a\u00f1o, cinco pa\u00edses que conformaban el Grupo de Lima (Argentina, Chile, Colombia, Paraguay y Per\u00fa)\u00a0<a href=\"https:\/\/www.bbc.com\/mundo\/noticias-america-latina-45659430\" target=\"_blank\" rel=\"noopener\">presentaron una demanda in\u00e9dita<\/a>\u00a0en los 16 a\u00f1os de historia de este tribunal internacional hasta la fecha, pues era la primera vez que pa\u00edses miembros de la CPI ped\u00edan a la Fiscal\u00eda investigar a otra naci\u00f3n firmante, presentando en este caso informes elaborados por expertos en los que se documentaban procesos extrajudiciales, torturas y detenciones arbitrarias en el marco de las protestas contra el r\u00e9gimen.<\/p>\n<p>Pero estos actores parecen haber salido ya de escena. En la decisi\u00f3n emanada este viernes se impide la participaci\u00f3n en este procedimiento a los cinco Estados que realizaron la remisi\u00f3n del caso en 2018 por considerar que no hay bases suficientes para que estos Estados sean parte en el juicio, en vista de que no se demostr\u00f3 conexi\u00f3n suficiente ni da\u00f1o a la ley para estas partes. Dicho sea de paso que con la llegada de gobiernos de izquierda a cuatro de estos cinco pa\u00edses, el Grupo de Lima se desintegr\u00f3 y la posibilidad de que esta demanda sea ratificada por parte de estos Estados es pr\u00e1cticamente nula.<\/p>\n<p>Esta decisi\u00f3n es un claro rev\u00e9s para las v\u00edctimas, quienes ver\u00e1n limitada su participaci\u00f3n a un informe que presentar\u00e1 una oficina de la CPI en nombre de todos los afectados por la situaci\u00f3n de Venezuela, quedando en evidencia los desaciertos por los intentos de politizar el caso.<\/p>\n<p>Por ejemplo, en un\u00a0audio publicado hace un a\u00f1o en exclusiva por\u00a0<em>PanAm Post<\/em>\u00a0se pudo escuchar al exdiputado Freddy Guevara \u2013figura muy cercana a Leopoldo L\u00f3pez\u2013 plantear \u00abhacer un favor\u00bb que implicara dilatar la apertura de un juicio a Nicol\u00e1s Maduro en la Corte Penal Internacional, pero \u00abcobrarlo caro\u00bb. En la conversaci\u00f3n el antiguo parlamentario y miembro del partido Voluntad Popular aseguraba que la Corte Penal Internacional es meramente un organismo pol\u00edtico, sujeto a declaraciones que vayan por ese orden.<\/p>\n<p>La fase preliminar del caso se cerr\u00f3 a finales de 2021, cuando el fiscal Karim Khan, reci\u00e9n sustituy\u00f3 en el cargo a la exfiscal Fatou Bensouda, aprob\u00f3 avanzar a la fase de investigaci\u00f3n. Con los reclamos y observaciones presentadas por el r\u00e9gimen, que ha conseguido ya dos pr\u00f3rrogas, una eventual decisi\u00f3n se posterga por el momento hasta el primer trimestre del pr\u00f3ximo a\u00f1o.<\/p>\n","protected":false},"excerpt":{"rendered":"<p>La Sala de Cuestiones Preliminares de la Corte Penal Internacional (CPI) decidi\u00f3 este viernes 18 de noviembre el procedimiento que aplicar\u00e1 para resolver la solicitud presentada por el fiscal Karim Khan de reanudar la investigaci\u00f3n por cr\u00edmenes de lesa humanidad cometidos por el r\u00e9gimen venezolano dirigido por Nicol\u00e1s Maduro. En su decisi\u00f3n, la Sala acogi\u00f3 [&hellip;]<\/p>\n","protected":false},"author":1,"featured_media":1649,"comment_status":"open","ping_status":"open","sticky":false,"template":"","format":"standard","meta":{"h5ap_radio_sources":[],"footnotes":""},"categories":[9],"tags":[],"class_list":["post-1645","post","type-post","status-publish","format-standard","has-post-thumbnail","hentry","category-venezuela"],"aioseo_notices":[],"_links":{"self":[{"href":"https:\/\/www.ciudadgoticanews.com\/index.php\/wp-json\/wp\/v2\/posts\/1645","targetHints":{"allow":["GET"]}}],"collection":[{"href":"https:\/\/www.ciudadgoticanews.com\/index.php\/wp-json\/wp\/v2\/posts"}],"about":[{"href":"https:\/\/www.ciudadgoticanews.com\/index.php\/wp-json\/wp\/v2\/types\/post"}],"author":[{"embeddable":true,"href":"https:\/\/www.ciudadgoticanews.com\/index.php\/wp-json\/wp\/v2\/users\/1"}],"replies":[{"embeddable":true,"href":"https:\/\/www.ciudadgoticanews.com\/index.php\/wp-json\/wp\/v2\/comments?post=1645"}],"version-history":[{"count":0,"href":"https:\/\/www.ciudadgoticanews.com\/index.php\/wp-json\/wp\/v2\/posts\/1645\/revisions"}],"wp:featuredmedia":[{"embeddable":true,"href":"https:\/\/www.ciudadgoticanews.com\/index.php\/wp-json\/wp\/v2\/media\/1649"}],"wp:attachment":[{"href":"https:\/\/www.ciudadgoticanews.com\/index.php\/wp-json\/wp\/v2\/media?parent=1645"}],"wp:term":[{"taxonomy":"category","embeddable":true,"href":"https:\/\/www.ciudadgoticanews.com\/index.php\/wp-json\/wp\/v2\/categories?post=1645"},{"taxonomy":"post_tag","embeddable":true,"href":"https:\/\/www.ciudadgoticanews.com\/index.php\/wp-json\/wp\/v2\/tags?post=1645"}],"curies":[{"name":"wp","href":"https:\/\/api.w.org\/{rel}","templated":true}]}}