{"id":2812,"date":"2023-04-18T18:35:20","date_gmt":"2023-04-18T22:35:20","guid":{"rendered":"https:\/\/www.ciudadgoticanews.com\/?p=2812"},"modified":"2023-04-18T18:35:20","modified_gmt":"2023-04-18T22:35:20","slug":"vinculan-en-redes-sociales-al-exministro-chavista-rodolfo-marco-torres-con-la-franquicia-granier-la-panificadora-crustissimo-y-un-exalcalde-que-estuvo-profugo-de-la-justicia-venezolana-por-corrupcion","status":"publish","type":"post","link":"https:\/\/www.ciudadgoticanews.com\/index.php\/2023\/04\/18\/vinculan-en-redes-sociales-al-exministro-chavista-rodolfo-marco-torres-con-la-franquicia-granier-la-panificadora-crustissimo-y-un-exalcalde-que-estuvo-profugo-de-la-justicia-venezolana-por-corrupcion\/","title":{"rendered":"Vinculan en redes sociales al exministro chavista Rodolfo Marco Torres con la franquicia Granier, la panificadora Crustissimo y un exalcalde que estuvo pr\u00f3fugo de la justicia venezolana por corrupci\u00f3n"},"content":{"rendered":"<p>Desde hace aproximadamente dos a\u00f1os y \u00faltimamente con m\u00e1s fuerza, se discute en las redes sociales sobre a qui\u00e9n pertenece en Venezuela la franquicia pastelera espa\u00f1ola Granier, de moda en Caracas, al igual que la panificadora <a href=\"https:\/\/www.instagram.com\/crustissimo_vzla\/\" target=\"_blank\" rel=\"noopener\">Crustissimo<\/a>.<\/p>\n<p><a href=\"https:\/\/www.ciudadgoticanews.com\/wp-content\/uploads\/2023\/04\/granier_1.jpg\"><img loading=\"lazy\" decoding=\"async\" class=\"aligncenter size-full wp-image-2817\" src=\"https:\/\/www.ciudadgoticanews.com\/wp-content\/uploads\/2023\/04\/granier_1.jpg\" alt=\"\" width=\"1200\" height=\"560\" srcset=\"https:\/\/www.ciudadgoticanews.com\/wp-content\/uploads\/2023\/04\/granier_1.jpg 1200w, https:\/\/www.ciudadgoticanews.com\/wp-content\/uploads\/2023\/04\/granier_1-300x140.jpg 300w, https:\/\/www.ciudadgoticanews.com\/wp-content\/uploads\/2023\/04\/granier_1-1024x478.jpg 1024w, https:\/\/www.ciudadgoticanews.com\/wp-content\/uploads\/2023\/04\/granier_1-768x358.jpg 768w\" sizes=\"auto, (max-width: 1200px) 100vw, 1200px\" \/><\/a><\/p>\n<p>La propiedad de ambas la endosan a Rodolfo Marco Torres, militar y pol\u00edtico venezolano, aunque en lo que respecta a Crustissimo, no todas las opiniones coinciden. Marco Torres fue gobernador del estado Aragua entre 2017 y 2021, cuando renunci\u00f3. Tambi\u00e9n fue ministro de Estado para la Banca P\u00fablica, ministro de Alimentaci\u00f3n y director del Banco de Venezuela, adem\u00e1s de haber sido presidente del Banco Bicentenario y del Banco del Tesoro.<\/p>\n<div id='gallery-1' class='gallery galleryid-2812 gallery-columns-1 gallery-size-full'><figure class='gallery-item'>\n\t\t\t<div class='gallery-icon landscape'>\n\t\t\t\t<a href='https:\/\/www.ciudadgoticanews.com\/wp-content\/uploads\/2023\/04\/crustissimo-1_1.jpg'><img loading=\"lazy\" decoding=\"async\" width=\"1200\" height=\"1200\" src=\"https:\/\/www.ciudadgoticanews.com\/wp-content\/uploads\/2023\/04\/crustissimo-1_1.jpg\" class=\"attachment-full size-full\" alt=\"\" srcset=\"https:\/\/www.ciudadgoticanews.com\/wp-content\/uploads\/2023\/04\/crustissimo-1_1.jpg 1200w, https:\/\/www.ciudadgoticanews.com\/wp-content\/uploads\/2023\/04\/crustissimo-1_1-300x300.jpg 300w, https:\/\/www.ciudadgoticanews.com\/wp-content\/uploads\/2023\/04\/crustissimo-1_1-1024x1024.jpg 1024w, https:\/\/www.ciudadgoticanews.com\/wp-content\/uploads\/2023\/04\/crustissimo-1_1-150x150.jpg 150w, https:\/\/www.ciudadgoticanews.com\/wp-content\/uploads\/2023\/04\/crustissimo-1_1-768x768.jpg 768w\" sizes=\"auto, (max-width: 1200px) 100vw, 1200px\" \/><\/a>\n\t\t\t<\/div><\/figure><figure class='gallery-item'>\n\t\t\t<div class='gallery-icon landscape'>\n\t\t\t\t<a href='https:\/\/www.ciudadgoticanews.com\/wp-content\/uploads\/2023\/04\/crustissimo-2_2.jpg'><img loading=\"lazy\" decoding=\"async\" width=\"1200\" height=\"1200\" src=\"https:\/\/www.ciudadgoticanews.com\/wp-content\/uploads\/2023\/04\/crustissimo-2_2.jpg\" class=\"attachment-full size-full\" alt=\"\" srcset=\"https:\/\/www.ciudadgoticanews.com\/wp-content\/uploads\/2023\/04\/crustissimo-2_2.jpg 1200w, https:\/\/www.ciudadgoticanews.com\/wp-content\/uploads\/2023\/04\/crustissimo-2_2-300x300.jpg 300w, https:\/\/www.ciudadgoticanews.com\/wp-content\/uploads\/2023\/04\/crustissimo-2_2-1024x1024.jpg 1024w, https:\/\/www.ciudadgoticanews.com\/wp-content\/uploads\/2023\/04\/crustissimo-2_2-150x150.jpg 150w, https:\/\/www.ciudadgoticanews.com\/wp-content\/uploads\/2023\/04\/crustissimo-2_2-768x768.jpg 768w\" sizes=\"auto, (max-width: 1200px) 100vw, 1200px\" \/><\/a>\n\t\t\t<\/div><\/figure><figure class='gallery-item'>\n\t\t\t<div class='gallery-icon portrait'>\n\t\t\t\t<a href='https:\/\/www.ciudadgoticanews.com\/wp-content\/uploads\/2023\/04\/crustissimo-3_3.jpg'><img loading=\"lazy\" decoding=\"async\" width=\"1200\" height=\"1500\" src=\"https:\/\/www.ciudadgoticanews.com\/wp-content\/uploads\/2023\/04\/crustissimo-3_3.jpg\" class=\"attachment-full size-full\" alt=\"\" srcset=\"https:\/\/www.ciudadgoticanews.com\/wp-content\/uploads\/2023\/04\/crustissimo-3_3.jpg 1200w, https:\/\/www.ciudadgoticanews.com\/wp-content\/uploads\/2023\/04\/crustissimo-3_3-240x300.jpg 240w, https:\/\/www.ciudadgoticanews.com\/wp-content\/uploads\/2023\/04\/crustissimo-3_3-819x1024.jpg 819w, https:\/\/www.ciudadgoticanews.com\/wp-content\/uploads\/2023\/04\/crustissimo-3_3-768x960.jpg 768w\" sizes=\"auto, (max-width: 1200px) 100vw, 1200px\" \/><\/a>\n\t\t\t<\/div><\/figure>\n\t\t<\/div>\n\n<p>Al mismo exministro chavista tambi\u00e9n le son endosados negocios en el estado Anzo\u00e1tegui, al Oriente de Venezuela, en los que tendr\u00eda de socio a Efra\u00edn Bedoya Bastardo, personaje que en los a\u00f1os 90&#8217;s fue alcalde de la ciudad de Lecher\u00eda y huy\u00f3 a Miami para evitar ser capturado por haber desfalcado el erario p\u00fablico del municipio que gobernaba, convirti\u00e9ndose as\u00ed durante varios a\u00f1os en pr\u00f3fugo de la justicia venezolana.<\/p>\n<p>Seg\u00fan sospechas vertidas en las redes, Efra\u00edn Bedoya pudiese ser tras bambalinas tambi\u00e9n uno de los socios de\u00a0<a href=\"https:\/\/graniervenezuela.com\/\" target=\"_blank\" rel=\"noopener\">Granier<\/a> y <a href=\"https:\/\/www.crustissimo.com\/\" target=\"_blank\" rel=\"noopener\">Crustissimo<\/a>.<\/p>\n<p><a href=\"https:\/\/www.ciudadgoticanews.com\/wp-content\/uploads\/2023\/04\/crustissimo_1.jpg\"><img loading=\"lazy\" decoding=\"async\" class=\"aligncenter size-full wp-image-2818\" src=\"https:\/\/www.ciudadgoticanews.com\/wp-content\/uploads\/2023\/04\/crustissimo_1.jpg\" alt=\"\" width=\"1200\" height=\"649\" srcset=\"https:\/\/www.ciudadgoticanews.com\/wp-content\/uploads\/2023\/04\/crustissimo_1.jpg 1200w, https:\/\/www.ciudadgoticanews.com\/wp-content\/uploads\/2023\/04\/crustissimo_1-300x162.jpg 300w, https:\/\/www.ciudadgoticanews.com\/wp-content\/uploads\/2023\/04\/crustissimo_1-1024x554.jpg 1024w, https:\/\/www.ciudadgoticanews.com\/wp-content\/uploads\/2023\/04\/crustissimo_1-768x415.jpg 768w\" sizes=\"auto, (max-width: 1200px) 100vw, 1200px\" \/><\/a><\/p>\n<p>Los or\u00edgenes de Granier se establecen en la panader\u00eda de barrio. En 1988 se abri\u00f3 el Horno la Estrella, horno predecesor de Granier. Un negocio que fue creciendo y a trav\u00e9s del cu\u00e1l se fueron abriendo nuevas panader\u00edas, hasta convertirse en expertos y contar con un modelo de negocio propio.<\/p>\n<p>La franquicia espa\u00f1ola \u00abGranier\u00bb naci\u00f3 en el a\u00f1o 2010 en Espa\u00f1a y pas\u00f3 a tener presencia en ciudades del mundo como Roma, Lisboa, Londres y Miami; adem\u00e1s de ahora tambi\u00e9n en Venezuela.<\/p>\n<p>La franquicia espa\u00f1ola \u00abGranier\u00bb se estableci\u00f3 en Caracas en la calle Orinoco de Las Mercedes y en La Torre Digitel de La Castellana. En la Isla de Margarita, tambi\u00e9n existe ya una sede en el Centro Empresarial Opus.<\/p>\n<p>Boller\u00eda en todas sus expresiones de sabor como croissants, brioches, magdalenas, ensaimadas, los panes cl\u00e1sicos, y strudels de diversos rellenos entre muchos otros. De la pasteler\u00eda destacan las milhojas de crema y la coca de crema, hojaldres con rellenos dulces o salados, como los de queso y bacon, y las donas. De bebidas, ofrecen jugos y batidos de frutas naturales, variedad de caf\u00e9s fr\u00edos y t\u00e9s, chocolate caliente, con coco y chocolate blanco y caf\u00e9s tradicionales, seg\u00fan PRODUCTO.<\/p>\n<p>Tambi\u00e9n se ofrecen anchoas, queso de oveja con trufa negra, lomo y salchich\u00f3n ib\u00e9rico, salchich\u00f3n de bellota y paleta de cerdo ib\u00e9rica, que tambi\u00e9n se venden como productos para llevar y para delivery.<\/p>\n<p>En Caracas y Margarita, la modalidad es llegar y encontrar una mesa, que es en s\u00ed una haza\u00f1a, debido a la gran cantidad de clientes quienes tambi\u00e9n acompa\u00f1an los apetitosos bocadillos hasta con vino tra\u00eddo de la madre Patria si as\u00ed lo quieren.<\/p>\n<p>Las sucursales en Venezuela est\u00e1n a cargo de Ignacio Saman, quien es de origen \u00e1rabe y a quien todos conocen como \u00abNacho\u00bb. Es \u00e9l, quien lleva las riendas de las panader\u00edas y pasteler\u00edas Granier.<\/p>\n<p>En Espa\u00f1a se debi\u00f3 a dos factores: ud puede servirse en la modalidad de self service, todo tipo sandwiches y prepararlos a su antojo con deliciosos rellenos. Adem\u00e1s de obedecer a la pol\u00edtica esencial de estas panader\u00edas, que se basa en la competencia de sus precios, donde existen alternativas para todos los bolsillos.<\/p>\n<p>En Venezuela se debe realmente a la calidad y variedad de sus productos importados desde Espa\u00f1a, trasladados a Suram\u00e9rica bajo las estrictas normas que garantizan la frescura y el buen sabor de los alimentos; adem\u00e1s de contar con un personal entrenado especialmente para garantizar la elaboraci\u00f3n de los panes y de la dulcer\u00eda.<\/p>\n<p>En Espa\u00f1a la situaci\u00f3n de la franquicia fue duramente golpeada por la pandemia, pero sigue adelante a pesar de que, desde Sevilla hasta La Coru\u00f1a, han tenido que cerrar por ciertas demandas en relaci\u00f3n a los procesos del manejo de las franquicias con el due\u00f1o principal Juan Pedro Conde.<\/p>\n","protected":false},"excerpt":{"rendered":"<p>Desde hace aproximadamente dos a\u00f1os y \u00faltimamente con m\u00e1s fuerza, se discute en las redes sociales sobre a qui\u00e9n pertenece en Venezuela la franquicia pastelera espa\u00f1ola Granier, de moda en Caracas, al igual que la panificadora Crustissimo. La propiedad de ambas la endosan a Rodolfo Marco Torres, militar y pol\u00edtico venezolano, aunque en lo que [&hellip;]<\/p>\n","protected":false},"author":1,"featured_media":2826,"comment_status":"open","ping_status":"open","sticky":false,"template":"","format":"standard","meta":{"h5ap_radio_sources":[],"footnotes":""},"categories":[9],"tags":[],"class_list":["post-2812","post","type-post","status-publish","format-standard","has-post-thumbnail","hentry","category-venezuela"],"aioseo_notices":[],"_links":{"self":[{"href":"https:\/\/www.ciudadgoticanews.com\/index.php\/wp-json\/wp\/v2\/posts\/2812","targetHints":{"allow":["GET"]}}],"collection":[{"href":"https:\/\/www.ciudadgoticanews.com\/index.php\/wp-json\/wp\/v2\/posts"}],"about":[{"href":"https:\/\/www.ciudadgoticanews.com\/index.php\/wp-json\/wp\/v2\/types\/post"}],"author":[{"embeddable":true,"href":"https:\/\/www.ciudadgoticanews.com\/index.php\/wp-json\/wp\/v2\/users\/1"}],"replies":[{"embeddable":true,"href":"https:\/\/www.ciudadgoticanews.com\/index.php\/wp-json\/wp\/v2\/comments?post=2812"}],"version-history":[{"count":0,"href":"https:\/\/www.ciudadgoticanews.com\/index.php\/wp-json\/wp\/v2\/posts\/2812\/revisions"}],"wp:featuredmedia":[{"embeddable":true,"href":"https:\/\/www.ciudadgoticanews.com\/index.php\/wp-json\/wp\/v2\/media\/2826"}],"wp:attachment":[{"href":"https:\/\/www.ciudadgoticanews.com\/index.php\/wp-json\/wp\/v2\/media?parent=2812"}],"wp:term":[{"taxonomy":"category","embeddable":true,"href":"https:\/\/www.ciudadgoticanews.com\/index.php\/wp-json\/wp\/v2\/categories?post=2812"},{"taxonomy":"post_tag","embeddable":true,"href":"https:\/\/www.ciudadgoticanews.com\/index.php\/wp-json\/wp\/v2\/tags?post=2812"}],"curies":[{"name":"wp","href":"https:\/\/api.w.org\/{rel}","templated":true}]}}