{"id":3095,"date":"2023-05-02T23:12:11","date_gmt":"2023-05-03T03:12:11","guid":{"rendered":"https:\/\/www.ciudadgoticanews.com\/?p=3095"},"modified":"2023-05-02T23:12:11","modified_gmt":"2023-05-03T03:12:11","slug":"el-curriculum-del-chofer","status":"publish","type":"post","link":"https:\/\/www.ciudadgoticanews.com\/index.php\/2023\/05\/02\/el-curriculum-del-chofer\/","title":{"rendered":"El curriculum del chofer"},"content":{"rendered":"<p>El pasado viernes fui con mi hija Mar\u00eda B\u00e1rbara a Valencia, a la Feria Internacional del libro de La Universidad de Carabobo (Filuc). El motivo del viaje era que B\u00e1rbara iba a presentar, en el marco de la Feria, su libro \u201cSoy B\u00e1rbara, soy especial\u201d, de manera que para m\u00ed esta visita a la Filuc estaba cargada de orgullo y emoci\u00f3n. La editorial Planeta, que edita a B\u00e1rbara, nos envi\u00f3 un carro con un chofer para que nos trasladase a Valencia.<\/p>\n<p>Cuando bajamos de casa, el chofer, un hombre alrededor de los 50 a\u00f1os, alto, espigado, de lentes y con incipiente calvicie, sale del carro y nos saluda. \u00bfC\u00f3mo est\u00e1 se\u00f1or Rond\u00f3n? Mucho gusto, le digo yo. Y reparo en que estaba leyendo un libro voluminoso con un titulo incre\u00edble: \u201cLa guitarra rasgada del siglo XVII\u201d. \u00bfQu\u00e9 clase de chofer lee un libro como \u00e9ste?<\/p>\n<p>Se me presenta y me dice que \u00e9l es music\u00f3logo. \u00a1Ah qu\u00e9 bien! Vamos a tener una buena conversaci\u00f3n durante el viaje. Pero el detalle estuvo en que me obsequi\u00f3, de inmediato, sabiendo que me llevar\u00eda a Valencia, un libro de su autor\u00eda, generosamente dedicado y firmado: \u201c50 a\u00f1os de musicograf\u00eda caraque\u00f1a 1870-1920\u201d. Editado por la Universidad Central de Venezuela. Consejo de Desarrollo Cient\u00edfico y Human\u00edstico. Firmado por Hugo Quintana.<\/p>\n<p>Hugo Quintana fue mi chofer a Valencia.<\/p>\n<p>En la solapa de su libro aparece su curriculum:<\/p>\n<p>Hugo J. Quintana M.<\/p>\n<p>Profesor en Ciencias Sociales. Menci\u00f3n Historia. UPEL. Magister de Historia de Venezuela en la Universidad Cat\u00f3lica Andr\u00e9s Bello. Doctor en Humanidades en la Universidad Central de Venezuela. Realiz\u00f3 sus estudios musicales en los conservatorios en la capital del pa\u00eds donde egres\u00f3 como ejecutante en guitarra cl\u00e1sica y director coral. Ha realizado una amplia labor docente en materias afines a su formaci\u00f3n, tanto en conservatorios como en institutos de educaci\u00f3n superior. Es profesor investigador de la Universidad Central de Venezuela. Adem\u00e1s se ha desempe\u00f1ado como Jefe del Departamento de M\u00fasica. Coordinador de la Maestr\u00eda de Musicolog\u00eda latinoamericana. Director de la Escuela de Artes y representante profesoral principal ante el Consejo de la Facultad de Humanidades y Educaci\u00f3n. Actualmente es Coordinador de la extensi\u00f3n de la misma Facultad. Fue miembro de la Junta Directica de Fundes y Cofundador y Director de la revista de la Sociedad Venezolana de Musicolog\u00eda. Ha participado como ponente en diversos congresos musicol\u00f3gicos nacionales e internacionales. Y es autor de un importante n\u00famero de art\u00edculos que buscan reconstruir la memoria musical del pa\u00eds.<\/p>\n<p>Premio Municipal de M\u00fasica 2009. Menci\u00f3n de Honor. 2010 Edici\u00f3n del Bicentenario. Premio de Investigaci\u00f3n de la Facultad de Humanidades y Educaci\u00f3n de la Universidad Central de Venezuela 2010.<\/p>\n<p>Ese es un curriculum como para estar leg\u00edtimamente orgulloso. Y Hugo Quintana puede estar muy orgulloso de lo que ha logrado en su corta vida. Pero a m\u00ed me da mucha verg\u00fcenza, inmensa verg\u00fcenza como venezolano, que un hombre con este curriculum haya sido mi chofer de Caracas a Valencia. Porque, seg\u00fan confes\u00f3 Hugo, con una par de carreras como esas, hac\u00eda bastante m\u00e1s de lo que \u00e9l gana para vivir siendo un acad\u00e9mico de Venezuela.<\/p>\n<p>Un pa\u00eds en el que ocurre esto es un pa\u00eds lamentable, un pa\u00eds que da verg\u00fcenza y tristeza. Y es bueno que lo sepan los culpables que nos llevaron a tan penosa situaci\u00f3n.<\/p>\n<h3><strong>C\u00e9sar Miguel Rond\u00f3n<\/strong><\/h3>\n","protected":false},"excerpt":{"rendered":"<p>El pasado viernes fui con mi hija Mar\u00eda B\u00e1rbara a Valencia, a la Feria Internacional del libro de La Universidad de Carabobo (Filuc). El motivo del viaje era que B\u00e1rbara iba a presentar, en el marco de la Feria, su libro \u201cSoy B\u00e1rbara, soy especial\u201d, de manera que para m\u00ed esta visita a la Filuc [&hellip;]<\/p>\n","protected":false},"author":1,"featured_media":3098,"comment_status":"open","ping_status":"open","sticky":false,"template":"","format":"standard","meta":{"h5ap_radio_sources":[],"footnotes":""},"categories":[9],"tags":[],"class_list":["post-3095","post","type-post","status-publish","format-standard","has-post-thumbnail","hentry","category-venezuela"],"aioseo_notices":[],"_links":{"self":[{"href":"https:\/\/www.ciudadgoticanews.com\/index.php\/wp-json\/wp\/v2\/posts\/3095","targetHints":{"allow":["GET"]}}],"collection":[{"href":"https:\/\/www.ciudadgoticanews.com\/index.php\/wp-json\/wp\/v2\/posts"}],"about":[{"href":"https:\/\/www.ciudadgoticanews.com\/index.php\/wp-json\/wp\/v2\/types\/post"}],"author":[{"embeddable":true,"href":"https:\/\/www.ciudadgoticanews.com\/index.php\/wp-json\/wp\/v2\/users\/1"}],"replies":[{"embeddable":true,"href":"https:\/\/www.ciudadgoticanews.com\/index.php\/wp-json\/wp\/v2\/comments?post=3095"}],"version-history":[{"count":0,"href":"https:\/\/www.ciudadgoticanews.com\/index.php\/wp-json\/wp\/v2\/posts\/3095\/revisions"}],"wp:featuredmedia":[{"embeddable":true,"href":"https:\/\/www.ciudadgoticanews.com\/index.php\/wp-json\/wp\/v2\/media\/3098"}],"wp:attachment":[{"href":"https:\/\/www.ciudadgoticanews.com\/index.php\/wp-json\/wp\/v2\/media?parent=3095"}],"wp:term":[{"taxonomy":"category","embeddable":true,"href":"https:\/\/www.ciudadgoticanews.com\/index.php\/wp-json\/wp\/v2\/categories?post=3095"},{"taxonomy":"post_tag","embeddable":true,"href":"https:\/\/www.ciudadgoticanews.com\/index.php\/wp-json\/wp\/v2\/tags?post=3095"}],"curies":[{"name":"wp","href":"https:\/\/api.w.org\/{rel}","templated":true}]}}