{"id":3100,"date":"2023-05-04T00:03:32","date_gmt":"2023-05-04T04:03:32","guid":{"rendered":"https:\/\/www.ciudadgoticanews.com\/?p=3100"},"modified":"2023-05-04T00:23:53","modified_gmt":"2023-05-04T04:23:53","slug":"llaman-aduladores-y-arrastrados-a-david-smolansky-y-marco-aurelio-quinones-tras-haber-sacado-a-la-fuerza-a-activista-que-protestaba-contra-guaido-durante-charla-en","status":"publish","type":"post","link":"https:\/\/www.ciudadgoticanews.com\/index.php\/2023\/05\/04\/llaman-aduladores-y-arrastrados-a-david-smolansky-y-marco-aurelio-quinones-tras-haber-sacado-a-la-fuerza-a-activista-que-protestaba-contra-guaido-durante-charla-en\/","title":{"rendered":"Llaman \u201caduladores\u201d y \u201carrastrados\u201d a David Smolansky y Marco Aurelio Qui\u00f1ones tras haber sacado a la fuerza a activista que protestaba contra Guaid\u00f3 durante charla en  Washington"},"content":{"rendered":"<p>Un grupo de activistas de la organizaci\u00f3n pacifista CodePink irrumpi\u00f3 este mi\u00e9rcoles 3 de mayo en el Centro Woodrow Wilson en Washington D.C., donde el exdiputado opositor venezolano Juan Guaid\u00f3 ofrec\u00eda una charla sobre la situaci\u00f3n pol\u00edtica de su pa\u00eds.<\/p>\n<p>Los manifestantes, que portaban carteles con mensajes como \u00abGuaid\u00f3 es un ladr\u00f3n\u00bb, \u00abGuaid\u00f3 es un fraude\u00bb o \u00abGuaid\u00f3 es un traidor\u00bb, acusaron al autoproclamado \u00abpresidente interino de Venezuela\u00bb de ser un \u00abt\u00edtere\u00bb de Estados Unidos y de promover una intervenci\u00f3n militar contra su propia naci\u00f3n.<\/p>\n<p>La protesta se produjo cuando Guaid\u00f3 iniciaba su discurso como invitado especial del evento &#8216;La batalla por la democracia en Venezuela: una conversaci\u00f3n con el expresidente interino Juan Guaid\u00f3&#8217;, organizado por el Centro Woodrow Wilson, un centro de estudios e investigaci\u00f3n sobre pol\u00edtica internacional.<\/p>\n<p>Los activistas de CodePink, que se oponen a las ocupaciones militares de EE.UU. en otros pa\u00edses, subieron al escenario y le gritaron a Guaid\u00f3 que era un \u00abfarsante\u00bb y que no representaba al pueblo venezolano.<\/p>\n<div style=\"max-width: 550px;\">\n<div style=\"left: 0; width: 100%; height: 0; position: relative; padding-bottom: 100%;\"><iframe title=\"CODEPINK on Twitter \/ X\" src=\"\/\/if-cdn.com\/YwqnOHx?maxheight=960&#038;maxwidth=640&#038;app=1\" style=\"top: 0; left: 0; width: 100%; height: 100%; position: absolute; border: 0;\" allowfullscreen><\/iframe><\/div>\n<\/div>\n<p><script async src=\"\/\/if-cdn.com\/embed.js\" charset=\"utf-8\"><\/script><\/p>\n<p>\u00abGuaid\u00f3 es responsable de llamar a EE.UU. a intervenir directamente, incluso militarmente, contra su propio pueblo, por organizar una invasi\u00f3n fallida de mercenarios y un golpe de Estado fallido, ambos en 2019. No hay nada democr\u00e1tico en Guaid\u00f3\u00bb, dijo la activista de CodePink para Am\u00e9rica Latina, Michelle Ellner, en un comunicado titulado &#8216;No hay lugar para presidentes t\u00edteres en la democracia&#8217;.<\/p>\n<p>El exdiputado opositor, que se autoproclam\u00f3 \u00abpresidente interino\u00bb en enero de 2019 con el respaldo de EE.UU. y algunos pa\u00edses aliados, pero que no ha logrado el reconocimiento ni el apoyo mayoritario dentro y fuera de Venezuela, intent\u00f3 continuar con su discurso pese a las interrupciones, pero fue abucheado por asistentes al evento.<\/p>\n<p>CodePink es una organizaci\u00f3n feminista que se define como \u00abuna red mundial de mujeres por la paz que desaf\u00eda la guerra y el militarismo\u00bb. Entre sus acciones m\u00e1s destacadas se encuentran las protestas contra la guerra de Irak, la ocupaci\u00f3n de Afganist\u00e1n y las sanciones contra Ir\u00e1n y Venezuela.<\/p>\n<p>La protesta contra Guaid\u00f3 no termin\u00f3 con la expulsi\u00f3n de los activistas de CodePink. Cuando la seguridad del lugar sac\u00f3 a empujones y por la fuerza a los tres manifestantes, un adulto mayor se levant\u00f3 de su silla y continu\u00f3 la protesta: \u201cGuaido is a pig\u201d&#8230;, \u00abGuaid\u00f3 es un cerdo, un cerdo que se est\u00e1 robando mucho dinero\u00bb.<\/p>\n<p>Para interrumpir la situaci\u00f3n, David Smolansky y Marco Aurelio Qui\u00f1ones, opositores pr\u00f3fugos de la Justicia venezolana, se lanzaron r\u00e1pidamente sobre el hombre que protestaba y lo sacaron violentamente del lugar, acci\u00f3n por la que algunos usuarios catalogaron en las redes sociales a Smolansky y Qui\u00f1ones como unos \u201caduladores\u201d y \u201carrastrados\u201d de Guaid\u00f3.<\/p>\n<div style=\"max-width: 550px;\">\n<div style=\"left: 0; width: 100%; height: 0; position: relative; padding-bottom: 56.25%;\"><iframe title=\"Efecto Cocuy de Penca\u00ae\ud83d\udd3c on Twitter \/ X\" src=\"\/\/if-cdn.com\/p5PbEHc?maxheight=960&#038;maxwidth=640&#038;app=1\" style=\"top: 0; left: 0; width: 100%; height: 100%; position: absolute; border: 0;\" allowfullscreen><\/iframe><\/div>\n<\/div>\n<p><script async src=\"\/\/if-cdn.com\/embed.js\" charset=\"utf-8\"><\/script><\/p>\n<p>El aparato comunicacional de Juan Guaid\u00f3, a trav\u00e9s de medios que controlan, como Alberto News, han empezado a se\u00f1alar que los manifestantes son chavistas que se encuentran en Estados Unidos, los cuales acudieron al evento con el prop\u00f3sito de sabotear el discurso de Guaid\u00f3. Sin embargo, en redes sociales algunos usuarios han dicho que se trataba de opositores descontentos con las sinverg\u00fcenzuras de Guaid\u00f3.<\/p>\n<div style=\"max-width: 1714px;\">\n<div style=\"left: 0; width: 100%; height: 0; position: relative; padding-bottom: 56.0081%;\"><iframe title=\"\u041c\u0443\u0436\u0447\u0438\u043d\u0430 \u043f\u0440\u043e\u0442\u0435\u0441\u0442\u0443\u0435\u0442 \u0432 \u0421\u0428\u0410 \u043f\u0440\u043e\u0442\u0438\u0432 \u0432\u0435\u043d\u0435\u0441\u0443\u044d\u043b\u044c\u0441\u043a\u043e\u0433\u043e \u043e\u043f\u043f\u043e\u0437\u0438\u0446\u0438\u043e\u043d\u043d\u043e\u0433\u043e \u043f\u043e\u043b\u0438\u0442\u0438\u043a\u0430\" src=\"\/\/if-cdn.com\/NJSUM66?maxheight=960\" style=\"top: 0; left: 0; width: 100%; height: 100%; position: absolute; border: 0;\" allowfullscreen scrolling=\"no\" allow=\"encrypted-media *;\"><\/iframe><\/div>\n<\/div>\n","protected":false},"excerpt":{"rendered":"<p>Un grupo de activistas de la organizaci\u00f3n pacifista CodePink irrumpi\u00f3 este mi\u00e9rcoles 3 de mayo en el Centro Woodrow Wilson en Washington D.C., donde el exdiputado opositor venezolano Juan Guaid\u00f3 ofrec\u00eda una charla sobre la situaci\u00f3n pol\u00edtica de su pa\u00eds. Los manifestantes, que portaban carteles con mensajes como \u00abGuaid\u00f3 es un ladr\u00f3n\u00bb, \u00abGuaid\u00f3 es un [&hellip;]<\/p>\n","protected":false},"author":1,"featured_media":3104,"comment_status":"open","ping_status":"open","sticky":false,"template":"","format":"standard","meta":{"h5ap_radio_sources":[],"footnotes":""},"categories":[9],"tags":[],"class_list":["post-3100","post","type-post","status-publish","format-standard","has-post-thumbnail","hentry","category-venezuela"],"aioseo_notices":[],"_links":{"self":[{"href":"https:\/\/www.ciudadgoticanews.com\/index.php\/wp-json\/wp\/v2\/posts\/3100","targetHints":{"allow":["GET"]}}],"collection":[{"href":"https:\/\/www.ciudadgoticanews.com\/index.php\/wp-json\/wp\/v2\/posts"}],"about":[{"href":"https:\/\/www.ciudadgoticanews.com\/index.php\/wp-json\/wp\/v2\/types\/post"}],"author":[{"embeddable":true,"href":"https:\/\/www.ciudadgoticanews.com\/index.php\/wp-json\/wp\/v2\/users\/1"}],"replies":[{"embeddable":true,"href":"https:\/\/www.ciudadgoticanews.com\/index.php\/wp-json\/wp\/v2\/comments?post=3100"}],"version-history":[{"count":0,"href":"https:\/\/www.ciudadgoticanews.com\/index.php\/wp-json\/wp\/v2\/posts\/3100\/revisions"}],"wp:featuredmedia":[{"embeddable":true,"href":"https:\/\/www.ciudadgoticanews.com\/index.php\/wp-json\/wp\/v2\/media\/3104"}],"wp:attachment":[{"href":"https:\/\/www.ciudadgoticanews.com\/index.php\/wp-json\/wp\/v2\/media?parent=3100"}],"wp:term":[{"taxonomy":"category","embeddable":true,"href":"https:\/\/www.ciudadgoticanews.com\/index.php\/wp-json\/wp\/v2\/categories?post=3100"},{"taxonomy":"post_tag","embeddable":true,"href":"https:\/\/www.ciudadgoticanews.com\/index.php\/wp-json\/wp\/v2\/tags?post=3100"}],"curies":[{"name":"wp","href":"https:\/\/api.w.org\/{rel}","templated":true}]}}