{"id":3184,"date":"2023-05-10T23:05:42","date_gmt":"2023-05-11T03:05:42","guid":{"rendered":"https:\/\/www.ciudadgoticanews.com\/?p=3184"},"modified":"2023-05-10T23:24:18","modified_gmt":"2023-05-11T03:24:18","slug":"vinculan-a-empresarios-elias-koury-guevara-alejandro-ruiz-mazzeo-rafael-ciarcia-y-adolfo-calzadilla-con-el-exvicepresidente-de-comercio-de-pdvsa-antonio-perez-suarez-y-su-entramado-de-corrupcion-y-l","status":"publish","type":"post","link":"https:\/\/www.ciudadgoticanews.com\/index.php\/2023\/05\/10\/vinculan-a-empresarios-elias-koury-guevara-alejandro-ruiz-mazzeo-rafael-ciarcia-y-adolfo-calzadilla-con-el-exvicepresidente-de-comercio-de-pdvsa-antonio-perez-suarez-y-su-entramado-de-corrupcion-y-l\/","title":{"rendered":"Vinculan a empresarios El\u00edas Koury Guevara, Alejandro Ruiz Mazzeo, Rafael Ciarcia y Adolfo Calzadilla con el exvicepresidente de Comercio de Pdvsa Antonio P\u00e9rez Su\u00e1rez y su entramado de corrupci\u00f3n y lavado"},"content":{"rendered":"<p>Patricia Poleo, periodista venezolana que vive exiliada en Estados Unidos, acus\u00f3 a un grupo de lavar dinero de la corrupci\u00f3n en Venezuela, respondiendo al reto del dirigente chavista Diosdado Cabello.<\/p>\n<p>Entre los acusados est\u00e1n El\u00edas Ram\u00f3n Koury Guevara, cuyos hijos llevan una vida de lujo en Estados Unidos; Alejandro Ruiz Mazzeo, Rafael Ciarcia y Adolfo Calzadilla. Todos ellos juntos, seg\u00fan Poleo, lideran una banda en la ciudad de Lecher\u00eda, en Venezuela, que maneja franquicias de Granier, un concepto de panader\u00edas y pasteler\u00edas espa\u00f1olas, de las que el grupo posee los derechos en el estado Anzo\u00e1tegui, en establecimientos ubicados en la Principal de Lecher\u00eda y Puente Real. Tambi\u00e9n cuentan con construcciones lujosas en <a href=\"https:\/\/www.instagram.com\/clubdeplayalecheria\/\" target=\"_blank\" rel=\"noopener\">Club de Playa<\/a> en El Morro.<\/p>\n<div id='gallery-1' class='gallery galleryid-3184 gallery-columns-1 gallery-size-full'><figure class='gallery-item'>\n\t\t\t<div class='gallery-icon landscape'>\n\t\t\t\t<a href='https:\/\/www.ciudadgoticanews.com\/wp-content\/uploads\/2023\/05\/Alejandro-Ruiz-Mazzeo-Rafael-Ciarcia-y-Adolfo-Calzadilla0_1-1.jpg'><img loading=\"lazy\" decoding=\"async\" width=\"1200\" height=\"600\" src=\"https:\/\/www.ciudadgoticanews.com\/wp-content\/uploads\/2023\/05\/Alejandro-Ruiz-Mazzeo-Rafael-Ciarcia-y-Adolfo-Calzadilla0_1-1.jpg\" class=\"attachment-full size-full\" alt=\"\" aria-describedby=\"gallery-1-3202\" srcset=\"https:\/\/www.ciudadgoticanews.com\/wp-content\/uploads\/2023\/05\/Alejandro-Ruiz-Mazzeo-Rafael-Ciarcia-y-Adolfo-Calzadilla0_1-1.jpg 1200w, https:\/\/www.ciudadgoticanews.com\/wp-content\/uploads\/2023\/05\/Alejandro-Ruiz-Mazzeo-Rafael-Ciarcia-y-Adolfo-Calzadilla0_1-1-300x150.jpg 300w, https:\/\/www.ciudadgoticanews.com\/wp-content\/uploads\/2023\/05\/Alejandro-Ruiz-Mazzeo-Rafael-Ciarcia-y-Adolfo-Calzadilla0_1-1-1024x512.jpg 1024w, https:\/\/www.ciudadgoticanews.com\/wp-content\/uploads\/2023\/05\/Alejandro-Ruiz-Mazzeo-Rafael-Ciarcia-y-Adolfo-Calzadilla0_1-1-768x384.jpg 768w\" sizes=\"auto, (max-width: 1200px) 100vw, 1200px\" \/><\/a>\n\t\t\t<\/div>\n\t\t\t\t<figcaption class='wp-caption-text gallery-caption' id='gallery-1-3202'>\n\t\t\t\tAlejandro Ruiz Mazzeo, Rafael Ciarcia y Adolfo Calzadilla\n\t\t\t\t<\/figcaption><\/figure><figure class='gallery-item'>\n\t\t\t<div class='gallery-icon portrait'>\n\t\t\t\t<a href='https:\/\/www.ciudadgoticanews.com\/wp-content\/uploads\/2023\/05\/grabier-1_1.jpg'><img loading=\"lazy\" decoding=\"async\" width=\"1200\" height=\"1604\" src=\"https:\/\/www.ciudadgoticanews.com\/wp-content\/uploads\/2023\/05\/grabier-1_1.jpg\" class=\"attachment-full size-full\" alt=\"\" srcset=\"https:\/\/www.ciudadgoticanews.com\/wp-content\/uploads\/2023\/05\/grabier-1_1.jpg 1200w, https:\/\/www.ciudadgoticanews.com\/wp-content\/uploads\/2023\/05\/grabier-1_1-224x300.jpg 224w, https:\/\/www.ciudadgoticanews.com\/wp-content\/uploads\/2023\/05\/grabier-1_1-766x1024.jpg 766w, https:\/\/www.ciudadgoticanews.com\/wp-content\/uploads\/2023\/05\/grabier-1_1-768x1027.jpg 768w, https:\/\/www.ciudadgoticanews.com\/wp-content\/uploads\/2023\/05\/grabier-1_1-1149x1536.jpg 1149w\" sizes=\"auto, (max-width: 1200px) 100vw, 1200px\" \/><\/a>\n\t\t\t<\/div><\/figure><figure class='gallery-item'>\n\t\t\t<div class='gallery-icon landscape'>\n\t\t\t\t<a href='https:\/\/www.ciudadgoticanews.com\/wp-content\/uploads\/2023\/05\/grabier-2_2.jpg'><img loading=\"lazy\" decoding=\"async\" width=\"1200\" height=\"869\" src=\"https:\/\/www.ciudadgoticanews.com\/wp-content\/uploads\/2023\/05\/grabier-2_2.jpg\" class=\"attachment-full size-full\" alt=\"\" srcset=\"https:\/\/www.ciudadgoticanews.com\/wp-content\/uploads\/2023\/05\/grabier-2_2.jpg 1200w, https:\/\/www.ciudadgoticanews.com\/wp-content\/uploads\/2023\/05\/grabier-2_2-300x217.jpg 300w, https:\/\/www.ciudadgoticanews.com\/wp-content\/uploads\/2023\/05\/grabier-2_2-1024x742.jpg 1024w, https:\/\/www.ciudadgoticanews.com\/wp-content\/uploads\/2023\/05\/grabier-2_2-768x556.jpg 768w\" sizes=\"auto, (max-width: 1200px) 100vw, 1200px\" \/><\/a>\n\t\t\t<\/div><\/figure><figure class='gallery-item'>\n\t\t\t<div class='gallery-icon portrait'>\n\t\t\t\t<a href='https:\/\/www.ciudadgoticanews.com\/wp-content\/uploads\/2023\/05\/grabier-3_3.jpg'><img loading=\"lazy\" decoding=\"async\" width=\"1200\" height=\"1577\" src=\"https:\/\/www.ciudadgoticanews.com\/wp-content\/uploads\/2023\/05\/grabier-3_3.jpg\" class=\"attachment-full size-full\" alt=\"\" srcset=\"https:\/\/www.ciudadgoticanews.com\/wp-content\/uploads\/2023\/05\/grabier-3_3.jpg 1200w, https:\/\/www.ciudadgoticanews.com\/wp-content\/uploads\/2023\/05\/grabier-3_3-228x300.jpg 228w, https:\/\/www.ciudadgoticanews.com\/wp-content\/uploads\/2023\/05\/grabier-3_3-779x1024.jpg 779w, https:\/\/www.ciudadgoticanews.com\/wp-content\/uploads\/2023\/05\/grabier-3_3-768x1009.jpg 768w, https:\/\/www.ciudadgoticanews.com\/wp-content\/uploads\/2023\/05\/grabier-3_3-1169x1536.jpg 1169w\" sizes=\"auto, (max-width: 1200px) 100vw, 1200px\" \/><\/a>\n\t\t\t<\/div><\/figure><figure class='gallery-item'>\n\t\t\t<div class='gallery-icon portrait'>\n\t\t\t\t<a href='https:\/\/www.ciudadgoticanews.com\/wp-content\/uploads\/2023\/05\/grabier-4_4.jpg'><img loading=\"lazy\" decoding=\"async\" width=\"1200\" height=\"1546\" src=\"https:\/\/www.ciudadgoticanews.com\/wp-content\/uploads\/2023\/05\/grabier-4_4.jpg\" class=\"attachment-full size-full\" alt=\"\" srcset=\"https:\/\/www.ciudadgoticanews.com\/wp-content\/uploads\/2023\/05\/grabier-4_4.jpg 1200w, https:\/\/www.ciudadgoticanews.com\/wp-content\/uploads\/2023\/05\/grabier-4_4-233x300.jpg 233w, https:\/\/www.ciudadgoticanews.com\/wp-content\/uploads\/2023\/05\/grabier-4_4-795x1024.jpg 795w, https:\/\/www.ciudadgoticanews.com\/wp-content\/uploads\/2023\/05\/grabier-4_4-768x989.jpg 768w, https:\/\/www.ciudadgoticanews.com\/wp-content\/uploads\/2023\/05\/grabier-4_4-1192x1536.jpg 1192w\" sizes=\"auto, (max-width: 1200px) 100vw, 1200px\" \/><\/a>\n\t\t\t<\/div><\/figure><figure class='gallery-item'>\n\t\t\t<div class='gallery-icon landscape'>\n\t\t\t\t<a href='https:\/\/www.ciudadgoticanews.com\/wp-content\/uploads\/2023\/05\/grabier-5_5.jpg'><img loading=\"lazy\" decoding=\"async\" width=\"1200\" height=\"890\" src=\"https:\/\/www.ciudadgoticanews.com\/wp-content\/uploads\/2023\/05\/grabier-5_5.jpg\" class=\"attachment-full size-full\" alt=\"\" srcset=\"https:\/\/www.ciudadgoticanews.com\/wp-content\/uploads\/2023\/05\/grabier-5_5.jpg 1200w, https:\/\/www.ciudadgoticanews.com\/wp-content\/uploads\/2023\/05\/grabier-5_5-300x223.jpg 300w, https:\/\/www.ciudadgoticanews.com\/wp-content\/uploads\/2023\/05\/grabier-5_5-1024x759.jpg 1024w, https:\/\/www.ciudadgoticanews.com\/wp-content\/uploads\/2023\/05\/grabier-5_5-768x570.jpg 768w\" sizes=\"auto, (max-width: 1200px) 100vw, 1200px\" \/><\/a>\n\t\t\t<\/div><\/figure><figure class='gallery-item'>\n\t\t\t<div class='gallery-icon landscape'>\n\t\t\t\t<a href='https:\/\/www.ciudadgoticanews.com\/wp-content\/uploads\/2023\/05\/Adolfo-Cazadilla_1.jpg'><img loading=\"lazy\" decoding=\"async\" width=\"1200\" height=\"672\" src=\"https:\/\/www.ciudadgoticanews.com\/wp-content\/uploads\/2023\/05\/Adolfo-Cazadilla_1.jpg\" class=\"attachment-full size-full\" alt=\"\" aria-describedby=\"gallery-1-3206\" srcset=\"https:\/\/www.ciudadgoticanews.com\/wp-content\/uploads\/2023\/05\/Adolfo-Cazadilla_1.jpg 1200w, https:\/\/www.ciudadgoticanews.com\/wp-content\/uploads\/2023\/05\/Adolfo-Cazadilla_1-300x168.jpg 300w, https:\/\/www.ciudadgoticanews.com\/wp-content\/uploads\/2023\/05\/Adolfo-Cazadilla_1-1024x573.jpg 1024w, https:\/\/www.ciudadgoticanews.com\/wp-content\/uploads\/2023\/05\/Adolfo-Cazadilla_1-768x430.jpg 768w\" sizes=\"auto, (max-width: 1200px) 100vw, 1200px\" \/><\/a>\n\t\t\t<\/div>\n\t\t\t\t<figcaption class='wp-caption-text gallery-caption' id='gallery-1-3206'>\n\t\t\t\tAdolfo Cazadilla\n\t\t\t\t<\/figcaption><\/figure><figure class='gallery-item'>\n\t\t\t<div class='gallery-icon portrait'>\n\t\t\t\t<a href='https:\/\/www.ciudadgoticanews.com\/wp-content\/uploads\/2023\/05\/Adolfo-Cazadilla.jpg'><img loading=\"lazy\" decoding=\"async\" width=\"1275\" height=\"1728\" src=\"https:\/\/www.ciudadgoticanews.com\/wp-content\/uploads\/2023\/05\/Adolfo-Cazadilla.jpg\" class=\"attachment-full size-full\" alt=\"\" srcset=\"https:\/\/www.ciudadgoticanews.com\/wp-content\/uploads\/2023\/05\/Adolfo-Cazadilla.jpg 1275w, https:\/\/www.ciudadgoticanews.com\/wp-content\/uploads\/2023\/05\/Adolfo-Cazadilla-221x300.jpg 221w, https:\/\/www.ciudadgoticanews.com\/wp-content\/uploads\/2023\/05\/Adolfo-Cazadilla-756x1024.jpg 756w, https:\/\/www.ciudadgoticanews.com\/wp-content\/uploads\/2023\/05\/Adolfo-Cazadilla-768x1041.jpg 768w, https:\/\/www.ciudadgoticanews.com\/wp-content\/uploads\/2023\/05\/Adolfo-Cazadilla-1133x1536.jpg 1133w\" sizes=\"auto, (max-width: 1275px) 100vw, 1275px\" \/><\/a>\n\t\t\t<\/div><\/figure>\n\t\t<\/div>\n\n<p>Poleo afirm\u00f3 que estos empresarios tienen un conjunto de empresas que usan para lavar dinero. Adem\u00e1s, dijo que est\u00e1n vinculados con Antonio P\u00e9rez Suarez, quien est\u00e1 preso por la corrupci\u00f3n de Tareck El Aissami.<\/p>\n<blockquote class=\"wp-embedded-content\" data-secret=\"uN8jBKOEHR\"><p><a href=\"https:\/\/www.ciudadgoticanews.com\/index.php\/2023\/05\/02\/investigan-red-de-lavado-y-sobornos-que-vincula-al-colombiano-alvaro-pulido-vargas-con-jose-antonio-perez-suarez-ex-vicepresidente-de-comercio-y-suministro-de-pdvsa\/\">Investigan red de lavado y sobornos que vincula al colombiano \u00c1lvaro Pulido Vargas con Antonio Jos\u00e9 P\u00e9rez Su\u00e1rez, exvicepresidente de Comercio y Suministro de Pdvsa<\/a><\/p><\/blockquote>\n<p><iframe loading=\"lazy\" title=\"\u00abInvestigan red de lavado y sobornos que vincula al colombiano \u00c1lvaro Pulido Vargas con Antonio Jos\u00e9 P\u00e9rez Su\u00e1rez, exvicepresidente de Comercio y Suministro de Pdvsa\u00bb \u2014 CIUDAD G&Oacute;TICA\" sandbox=\"allow-scripts\" security=\"restricted\" src=\"https:\/\/www.ciudadgoticanews.com\/index.php\/2023\/05\/02\/investigan-red-de-lavado-y-sobornos-que-vincula-al-colombiano-alvaro-pulido-vargas-con-jose-antonio-perez-suarez-ex-vicepresidente-de-comercio-y-suministro-de-pdvsa\/embed\/#?secret=uN8jBKOEHR\" width=\"600\" height=\"338\" data-secret=\"uN8jBKOEHR\" frameborder=\"0\" marginwidth=\"0\" marginheight=\"0\" scrolling=\"no\" class=\"wp-embedded-content\"><\/iframe><script>\/*! This file is auto-generated *\/!function(d,l){\"use strict\";l.querySelector&&d.addEventListener&&\"undefined\"!=typeof URL&&(d.wp=d.wp||{},d.wp.receiveEmbedMessage||(d.wp.receiveEmbedMessage=function(e){var t=e.data;if((t||t.secret||t.message||t.value)&&!\/[^a-zA-Z0-9]\/.test(t.secret)){for(var s,r,n,a=l.querySelectorAll('iframe[data-secret=\"'+t.secret+'\"]'),o=l.querySelectorAll('blockquote[data-secret=\"'+t.secret+'\"]'),c=new RegExp(\"^https?:$\",\"i\"),i=0;i<o.length;i++)o[i].style.display=\"none\";for(i=0;i<a.length;i++)s=a[i],e.source===s.contentWindow&#038;&#038;(s.removeAttribute(\"style\"),\"height\"===t.message?(1e3<(r=parseInt(t.value,10))?r=1e3:~~r<200&#038;&#038;(r=200),s.height=r):\"link\"===t.message&#038;&#038;(r=new URL(s.getAttribute(\"src\")),n=new URL(t.value),c.test(n.protocol))&#038;&#038;n.host===r.host&#038;&#038;l.activeElement===s&#038;&#038;(d.top.location.href=t.value))}},d.addEventListener(\"message\",d.wp.receiveEmbedMessage,!1),l.addEventListener(\"DOMContentLoaded\",function(){for(var e,t,s=l.querySelectorAll(\"iframe.wp-embedded-content\"),r=0;r<s.length;r++)(t=(e=s[r]).getAttribute(\"data-secret\"))||(t=Math.random().toString(36).substring(2,12),e.src+=\"#?secret=\"+t,e.setAttribute(\"data-secret\",t)),e.contentWindow.postMessage({message:\"ready\",secret:t},\"*\")},!1)))}(window,document);<\/script><\/p>\n<p>Poleo mostr\u00f3 fotos de las propiedades de los empresarios en Lecher\u00eda, que valen millones de d\u00f3lares. Dijo que todos ellos tienen apartamentos en Club de Playa y mostr\u00f3 la casa de Alejandro Ruiz y la de Rafael Ciarcia en Las Villas de Lecher\u00eda.<\/p>\n<div id='gallery-2' class='gallery galleryid-3184 gallery-columns-1 gallery-size-full'><figure class='gallery-item'>\n\t\t\t<div class='gallery-icon landscape'>\n\t\t\t\t<a href='https:\/\/www.ciudadgoticanews.com\/wp-content\/uploads\/2023\/05\/Alejandro-Ruiz-Casa-Las-Villas_1.jpg'><img loading=\"lazy\" decoding=\"async\" width=\"1200\" height=\"673\" src=\"https:\/\/www.ciudadgoticanews.com\/wp-content\/uploads\/2023\/05\/Alejandro-Ruiz-Casa-Las-Villas_1.jpg\" class=\"attachment-full size-full\" alt=\"\" aria-describedby=\"gallery-2-3194\" srcset=\"https:\/\/www.ciudadgoticanews.com\/wp-content\/uploads\/2023\/05\/Alejandro-Ruiz-Casa-Las-Villas_1.jpg 1200w, https:\/\/www.ciudadgoticanews.com\/wp-content\/uploads\/2023\/05\/Alejandro-Ruiz-Casa-Las-Villas_1-300x168.jpg 300w, https:\/\/www.ciudadgoticanews.com\/wp-content\/uploads\/2023\/05\/Alejandro-Ruiz-Casa-Las-Villas_1-1024x574.jpg 1024w, https:\/\/www.ciudadgoticanews.com\/wp-content\/uploads\/2023\/05\/Alejandro-Ruiz-Casa-Las-Villas_1-768x431.jpg 768w\" sizes=\"auto, (max-width: 1200px) 100vw, 1200px\" \/><\/a>\n\t\t\t<\/div>\n\t\t\t\t<figcaption class='wp-caption-text gallery-caption' id='gallery-2-3194'>\n\t\t\t\tCasa de Alejandro Ruiz en Las Villas de Lecher\u00eda\n\t\t\t\t<\/figcaption><\/figure><figure class='gallery-item'>\n\t\t\t<div class='gallery-icon landscape'>\n\t\t\t\t<a href='https:\/\/www.ciudadgoticanews.com\/wp-content\/uploads\/2023\/05\/Rafael-Ciarcia-Casa-Las-Villas_2.jpg'><img loading=\"lazy\" decoding=\"async\" width=\"1200\" height=\"678\" src=\"https:\/\/www.ciudadgoticanews.com\/wp-content\/uploads\/2023\/05\/Rafael-Ciarcia-Casa-Las-Villas_2.jpg\" class=\"attachment-full size-full\" alt=\"\" aria-describedby=\"gallery-2-3195\" srcset=\"https:\/\/www.ciudadgoticanews.com\/wp-content\/uploads\/2023\/05\/Rafael-Ciarcia-Casa-Las-Villas_2.jpg 1200w, https:\/\/www.ciudadgoticanews.com\/wp-content\/uploads\/2023\/05\/Rafael-Ciarcia-Casa-Las-Villas_2-300x170.jpg 300w, https:\/\/www.ciudadgoticanews.com\/wp-content\/uploads\/2023\/05\/Rafael-Ciarcia-Casa-Las-Villas_2-1024x579.jpg 1024w, https:\/\/www.ciudadgoticanews.com\/wp-content\/uploads\/2023\/05\/Rafael-Ciarcia-Casa-Las-Villas_2-768x434.jpg 768w\" sizes=\"auto, (max-width: 1200px) 100vw, 1200px\" \/><\/a>\n\t\t\t<\/div>\n\t\t\t\t<figcaption class='wp-caption-text gallery-caption' id='gallery-2-3195'>\n\t\t\t\tCasa de Rafael Ciarcia en Las Villas de Lecher\u00eda\n\t\t\t\t<\/figcaption><\/figure><figure class='gallery-item'>\n\t\t\t<div class='gallery-icon landscape'>\n\t\t\t\t<a href='https:\/\/www.ciudadgoticanews.com\/wp-content\/uploads\/2023\/05\/club-de-playa-lecheria-4_4.jpg'><img loading=\"lazy\" decoding=\"async\" width=\"1200\" height=\"785\" src=\"https:\/\/www.ciudadgoticanews.com\/wp-content\/uploads\/2023\/05\/club-de-playa-lecheria-4_4.jpg\" class=\"attachment-full size-full\" alt=\"\" aria-describedby=\"gallery-2-3217\" srcset=\"https:\/\/www.ciudadgoticanews.com\/wp-content\/uploads\/2023\/05\/club-de-playa-lecheria-4_4.jpg 1200w, https:\/\/www.ciudadgoticanews.com\/wp-content\/uploads\/2023\/05\/club-de-playa-lecheria-4_4-300x196.jpg 300w, https:\/\/www.ciudadgoticanews.com\/wp-content\/uploads\/2023\/05\/club-de-playa-lecheria-4_4-1024x670.jpg 1024w, https:\/\/www.ciudadgoticanews.com\/wp-content\/uploads\/2023\/05\/club-de-playa-lecheria-4_4-768x502.jpg 768w\" sizes=\"auto, (max-width: 1200px) 100vw, 1200px\" \/><\/a>\n\t\t\t<\/div>\n\t\t\t\t<figcaption class='wp-caption-text gallery-caption' id='gallery-2-3217'>\n\t\t\t\tClub de Playa, Lecher\u00eda\n\t\t\t\t<\/figcaption><\/figure><figure class='gallery-item'>\n\t\t\t<div class='gallery-icon landscape'>\n\t\t\t\t<a href='https:\/\/www.ciudadgoticanews.com\/wp-content\/uploads\/2023\/05\/club-de-playa-lecheria-1_1.jpg'><img loading=\"lazy\" decoding=\"async\" width=\"1200\" height=\"774\" src=\"https:\/\/www.ciudadgoticanews.com\/wp-content\/uploads\/2023\/05\/club-de-playa-lecheria-1_1.jpg\" class=\"attachment-full size-full\" alt=\"\" aria-describedby=\"gallery-2-3218\" srcset=\"https:\/\/www.ciudadgoticanews.com\/wp-content\/uploads\/2023\/05\/club-de-playa-lecheria-1_1.jpg 1200w, https:\/\/www.ciudadgoticanews.com\/wp-content\/uploads\/2023\/05\/club-de-playa-lecheria-1_1-300x194.jpg 300w, https:\/\/www.ciudadgoticanews.com\/wp-content\/uploads\/2023\/05\/club-de-playa-lecheria-1_1-1024x660.jpg 1024w, https:\/\/www.ciudadgoticanews.com\/wp-content\/uploads\/2023\/05\/club-de-playa-lecheria-1_1-768x495.jpg 768w\" sizes=\"auto, (max-width: 1200px) 100vw, 1200px\" \/><\/a>\n\t\t\t<\/div>\n\t\t\t\t<figcaption class='wp-caption-text gallery-caption' id='gallery-2-3218'>\n\t\t\t\tClub de Playa, Lecher\u00eda\n\t\t\t\t<\/figcaption><\/figure><figure class='gallery-item'>\n\t\t\t<div class='gallery-icon landscape'>\n\t\t\t\t<a href='https:\/\/www.ciudadgoticanews.com\/wp-content\/uploads\/2023\/05\/club-de-playa-lecheria-2_2.jpg'><img loading=\"lazy\" decoding=\"async\" width=\"1200\" height=\"778\" src=\"https:\/\/www.ciudadgoticanews.com\/wp-content\/uploads\/2023\/05\/club-de-playa-lecheria-2_2.jpg\" class=\"attachment-full size-full\" alt=\"\" aria-describedby=\"gallery-2-3219\" srcset=\"https:\/\/www.ciudadgoticanews.com\/wp-content\/uploads\/2023\/05\/club-de-playa-lecheria-2_2.jpg 1200w, https:\/\/www.ciudadgoticanews.com\/wp-content\/uploads\/2023\/05\/club-de-playa-lecheria-2_2-300x195.jpg 300w, https:\/\/www.ciudadgoticanews.com\/wp-content\/uploads\/2023\/05\/club-de-playa-lecheria-2_2-1024x664.jpg 1024w, https:\/\/www.ciudadgoticanews.com\/wp-content\/uploads\/2023\/05\/club-de-playa-lecheria-2_2-768x498.jpg 768w\" sizes=\"auto, (max-width: 1200px) 100vw, 1200px\" \/><\/a>\n\t\t\t<\/div>\n\t\t\t\t<figcaption class='wp-caption-text gallery-caption' id='gallery-2-3219'>\n\t\t\t\tClub de Playa, Lecher\u00eda\n\t\t\t\t<\/figcaption><\/figure><figure class='gallery-item'>\n\t\t\t<div class='gallery-icon landscape'>\n\t\t\t\t<a href='https:\/\/www.ciudadgoticanews.com\/wp-content\/uploads\/2023\/05\/club-de-playa-lecheria-3_3.jpg'><img loading=\"lazy\" decoding=\"async\" width=\"1200\" height=\"785\" src=\"https:\/\/www.ciudadgoticanews.com\/wp-content\/uploads\/2023\/05\/club-de-playa-lecheria-3_3.jpg\" class=\"attachment-full size-full\" alt=\"\" aria-describedby=\"gallery-2-3220\" srcset=\"https:\/\/www.ciudadgoticanews.com\/wp-content\/uploads\/2023\/05\/club-de-playa-lecheria-3_3.jpg 1200w, https:\/\/www.ciudadgoticanews.com\/wp-content\/uploads\/2023\/05\/club-de-playa-lecheria-3_3-300x196.jpg 300w, https:\/\/www.ciudadgoticanews.com\/wp-content\/uploads\/2023\/05\/club-de-playa-lecheria-3_3-1024x670.jpg 1024w, https:\/\/www.ciudadgoticanews.com\/wp-content\/uploads\/2023\/05\/club-de-playa-lecheria-3_3-768x502.jpg 768w\" sizes=\"auto, (max-width: 1200px) 100vw, 1200px\" \/><\/a>\n\t\t\t<\/div>\n\t\t\t\t<figcaption class='wp-caption-text gallery-caption' id='gallery-2-3220'>\n\t\t\t\tClub de Playa, Lecher\u00eda\n\t\t\t\t<\/figcaption><\/figure>\n\t\t<\/div>\n\n<p>Poleo indic\u00f3 que el grupo, asociado con Antonio P\u00e9rez Su\u00e1rez, est\u00e1 vendiendo todas sus propiedades en Caracas y Anzo\u00e1tegui. \"Los Conkor\", como se les conoce en el sector petrolero, contin\u00faan haciendo negocios y consiguiendo contratos sin cumplir con las obras.<\/p>\n<p><a href=\"https:\/\/www.ciudadgoticanews.com\/wp-content\/uploads\/2023\/05\/Alejandro-Ruiz-Mazzeo_1.jpg\"><img loading=\"lazy\" decoding=\"async\" class=\"size-full wp-image-3204\" src=\"https:\/\/www.ciudadgoticanews.com\/wp-content\/uploads\/2023\/05\/Alejandro-Ruiz-Mazzeo_1.jpg\" alt=\"\" width=\"1200\" height=\"771\" srcset=\"https:\/\/www.ciudadgoticanews.com\/wp-content\/uploads\/2023\/05\/Alejandro-Ruiz-Mazzeo_1.jpg 1200w, https:\/\/www.ciudadgoticanews.com\/wp-content\/uploads\/2023\/05\/Alejandro-Ruiz-Mazzeo_1-300x193.jpg 300w, https:\/\/www.ciudadgoticanews.com\/wp-content\/uploads\/2023\/05\/Alejandro-Ruiz-Mazzeo_1-1024x658.jpg 1024w, https:\/\/www.ciudadgoticanews.com\/wp-content\/uploads\/2023\/05\/Alejandro-Ruiz-Mazzeo_1-768x493.jpg 768w\" sizes=\"auto, (max-width: 1200px) 100vw, 1200px\" \/><\/a><\/p>\n<p>Poleo se\u00f1al\u00f3 que solo El\u00edas Koury y Rafael Ciarcia tienen visas norteamericanas vigentes, porque sus hijos viven en Estados Unidos. A los dem\u00e1s se las quit\u00f3 el Gobierno de Joe Biden y no pueden renovarlas.<\/p>\n<p>Poleo se pregunt\u00f3 si Koury y Ciarcia, que a\u00fan tienen visas, est\u00e1n dando informaci\u00f3n a las autoridades federales de Estados Unidos.<\/p>\n<p>La periodista prometi\u00f3 hablar sobre otros casos de corrupci\u00f3n en Lecher\u00eda relacionados con el alcalde.<\/p>\n<div style=\"max-width: 1707px;\">\n<div style=\"left: 0; width: 100%; height: 0; position: relative; padding-bottom: 56.25%;\"><iframe title=\"LOS NOMBRES QUE SE &quot;LE OLVIDAN&quot; A DIOSDADO | AG\u00c1RRATE | FACTORES DE PODER | 3 DE 3\" src=\"\/\/if-cdn.com\/JZ9EqDG?maxheight=960\" style=\"top: 0; left: 0; width: 100%; height: 100%; position: absolute; border: 0;\" allowfullscreen scrolling=\"no\" allow=\"accelerometer *; clipboard-write *; encrypted-media *; gyroscope *; picture-in-picture *; web-share *;\"><\/iframe><\/div>\n<\/div>\n<p>&nbsp;<\/p>\n<p>Koury Guevara y Ruiz Mazzeo fueron acusados por la fiscal\u00eda de Nueva York en 2012 por lavado de dinero en afiliaci\u00f3n al c\u00e1rtel Serna de Medell\u00edn, liderado por Javier Calle-Serna. Ambos introdujeron al sistema financiero norteamericano miles de d\u00f3lares provenientes del narcotr\u00e1fico a trav\u00e9s de dos cuentas bancarias que fueron congeladas y expropiadas.<\/p>\n","protected":false},"excerpt":{"rendered":"<p>Patricia Poleo, periodista venezolana que vive exiliada en Estados Unidos, acus\u00f3 a un grupo de lavar dinero de la corrupci\u00f3n en Venezuela, respondiendo al reto del dirigente chavista Diosdado Cabello. Entre los acusados est\u00e1n El\u00edas Ram\u00f3n Koury Guevara, cuyos hijos llevan una vida de lujo en Estados Unidos; Alejandro Ruiz Mazzeo, Rafael Ciarcia y Adolfo [&hellip;]<\/p>\n","protected":false},"author":1,"featured_media":3201,"comment_status":"open","ping_status":"open","sticky":false,"template":"","format":"standard","meta":{"h5ap_radio_sources":[],"footnotes":""},"categories":[9],"tags":[],"class_list":["post-3184","post","type-post","status-publish","format-standard","has-post-thumbnail","hentry","category-venezuela"],"aioseo_notices":[],"_links":{"self":[{"href":"https:\/\/www.ciudadgoticanews.com\/index.php\/wp-json\/wp\/v2\/posts\/3184","targetHints":{"allow":["GET"]}}],"collection":[{"href":"https:\/\/www.ciudadgoticanews.com\/index.php\/wp-json\/wp\/v2\/posts"}],"about":[{"href":"https:\/\/www.ciudadgoticanews.com\/index.php\/wp-json\/wp\/v2\/types\/post"}],"author":[{"embeddable":true,"href":"https:\/\/www.ciudadgoticanews.com\/index.php\/wp-json\/wp\/v2\/users\/1"}],"replies":[{"embeddable":true,"href":"https:\/\/www.ciudadgoticanews.com\/index.php\/wp-json\/wp\/v2\/comments?post=3184"}],"version-history":[{"count":0,"href":"https:\/\/www.ciudadgoticanews.com\/index.php\/wp-json\/wp\/v2\/posts\/3184\/revisions"}],"wp:featuredmedia":[{"embeddable":true,"href":"https:\/\/www.ciudadgoticanews.com\/index.php\/wp-json\/wp\/v2\/media\/3201"}],"wp:attachment":[{"href":"https:\/\/www.ciudadgoticanews.com\/index.php\/wp-json\/wp\/v2\/media?parent=3184"}],"wp:term":[{"taxonomy":"category","embeddable":true,"href":"https:\/\/www.ciudadgoticanews.com\/index.php\/wp-json\/wp\/v2\/categories?post=3184"},{"taxonomy":"post_tag","embeddable":true,"href":"https:\/\/www.ciudadgoticanews.com\/index.php\/wp-json\/wp\/v2\/tags?post=3184"}],"curies":[{"name":"wp","href":"https:\/\/api.w.org\/{rel}","templated":true}]}}