{"id":322,"date":"2022-03-18T23:57:03","date_gmt":"2022-03-19T03:57:03","guid":{"rendered":"https:\/\/www.ciudadgoticanews.com\/?p=322"},"modified":"2022-03-18T23:57:03","modified_gmt":"2022-03-19T03:57:03","slug":"delegacion-de-amnistia-internacional-se-reune-con-el-primer-ministro-de-curazao-para-tratar-tema-de-migrantes-venezolanos","status":"publish","type":"post","link":"https:\/\/www.ciudadgoticanews.com\/index.php\/2022\/03\/18\/delegacion-de-amnistia-internacional-se-reune-con-el-primer-ministro-de-curazao-para-tratar-tema-de-migrantes-venezolanos\/","title":{"rendered":"Delegaci\u00f3n de Amnist\u00eda Internacional se re\u00fane con el primer ministro de Curazao para tratar tema de migrantes venezolanos"},"content":{"rendered":"<p><em>Por segunda vez en menos de tres meses representantes de la organizaci\u00f3n no gubernamental viajar\u00e1n a las islas del Caribe Neerland\u00e9s, para debatir la situaci\u00f3n de la migraci\u00f3n venezolana con las autoridades locales<\/em><\/p>\n<p>\u201cEl que calla otorga\u201d. En el gobierno de Curazao parece que han escuchado este refr\u00e1n popular, pues han optado por dejar a un lado su pol\u00edtica de ignorar las\u00a0<strong>denuncias que organizaciones internacionales de Derechos Humanos vienen realizando, sobre el trato que los migrantes venezolanos reciben en su territorio<\/strong>; y han elegido iniciar un di\u00e1logo con dichas agrupaciones.<\/p>\n<p>Al menos ese es el sabor de boca que deja la\u00a0<strong>decisi\u00f3n del primer ministro de la isla, Gilmar Pisas, de reunirse esta semana con una delegaci\u00f3n de Amnist\u00eda Internacional<\/strong>\u00a0que viajar\u00e1 desde La Haya (Pa\u00edses Bajos), para continuar analizando a la situaci\u00f3n en el terreno.<\/p>\n<p>El encuentro entre la m\u00e1xima autoridad del gobierno de Willemstad y la representaci\u00f3n de Amnist\u00eda Internacional, la cual estar\u00e1 encabezada por\u00a0<strong>Dagmar Oudshoorn<\/strong>, directora del cap\u00edtulo neerland\u00e9s de la agrupaci\u00f3n, y la investigadora\u00a0<strong>Yara Boff Tonella<\/strong>, responsable del informe \u201c<a href=\"https:\/\/www.amnesty.org\/es\/documents\/EUR35\/4724\/2021\/es\/\" target=\"_blank\" rel=\"noopener noreferrer\" data-ss1647661480=\"1\">Sin seguridad todav\u00eda: Niegan protecci\u00f3n a personas venezolanas en Curazao<\/a>\u201d, fue anunciado por la propia organizaci\u00f3n en un comunicado de prensa.<\/p>\n<p>En febrero pasado, Pisas se reuni\u00f3n con la nueva ministra del Interior y Relaciones con el Reino,\u00a0<strong>Alexandra van Huffelen<\/strong>, a quien le asegur\u00f3 que su administraci\u00f3n ya estaba aplicando las recomendaciones hechas por organizaciones como Amnist\u00eda.<\/p>\n<p>\u201cTenemos mucha curiosidad de conocer<strong>\u00a0cu\u00e1les son las recomendaciones de nuestro informe que Curazao ya est\u00e1 siguiendo<\/strong>, y nos complace poder debatir\u00a0<strong>c\u00f3mo se pueden proteger mejor los derechos de los refugiados venezolanos<\/strong>\u00a0(\u2026) Esperamos que la cooperaci\u00f3n renovada conduzca a una pol\u00edtica de acogida m\u00e1s humana\u201d, dijo Oudshoorn.<\/p>\n<p><strong>En diciembre la misma delegaci\u00f3n visit\u00f3 Curazao<\/strong>\u00a0para hacerle seguimiento a la situaci\u00f3n de los migrantes y determinar el grado de cumplimiento de las recomendaciones formuladas en su reporte, el segundo en menos de tres a\u00f1os que elabora la agrupaci\u00f3n sobre el tema.\u00a0<strong>En esa ocasi\u00f3n Pisas no las recibi\u00f3<\/strong>.<\/p>\n<p>\u201cQueremos continuar nuestras conversaciones con las autoridades y con las ONG, pero sobre todo iniciar un di\u00e1logo con el premier Pisas\u201d, agreg\u00f3 Boff Tonella en conversaci\u00f3n con\u00a0<strong><em>Cr\u00f3nicas del Caribe<\/em><\/strong>.<\/p>\n<p>El trato dado por las autoridades policiales a los inmigrantes ni\u00f1os y adolescentes, as\u00ed como las fallas detectadas en el\u00a0<strong>Procedimiento de Protecci\u00f3n para Refugiados que Curazao aprob\u00f3 en 2019<\/strong>, son algunos de los asuntos que la representaci\u00f3n de Amnist\u00eda desea abordar con Pisas.<\/p>\n<h3><strong>Agenda apretada <\/strong><\/h3>\n<p>Pero las representantes de Amnist\u00eda no solo esperan reunirse con el Jefe del gobierno curazole\u00f1o, sino tambi\u00e9n con\u00a0<strong>la gobernadora Lucille George-Wout<\/strong>, con miembros del Parlamento y de las organizaciones locales.<\/p>\n<p>Asimismo,\u00a0<strong>el mi\u00e9rcoles 16 tienen previsto viajar a Aruba<\/strong>\u00a0para mantener contactos con sectores de esta otra isla del Caribe Neerland\u00e9s. Esta nueva gira est\u00e1 prevista que contin\u00fae hasta el d\u00eda 19.<\/p>\n<p>Por \u00faltimo, Boff Tonella tambi\u00e9n revel\u00f3 que\u00a0<strong>han solicitado a las autoridades de Willemstad que les autoricen a visitar los centros de detenci\u00f3n de migrantes<\/strong>, para verificar sus condiciones.<\/p>\n<p>En el reporte denunciaron que en dichas instalaciones reinaba el\u00a0<strong>hacinamiento<\/strong>, la\u00a0<strong>insalubridad<\/strong>\u00a0y los\u00a0<strong>malos tratos<\/strong>\u00a0por parte de los agentes encargados de la seguridad.<\/p>\n<h3><a href=\"https:\/\/cronicasdelcaribe.com\/migracion\/amnistia-internacional-pone-el-tema-de-los-refugiados-venezolanos-en-la-mesa-del-primer-ministro-de-curazao\/\" target=\"_blank\" rel=\"noopener\"><strong>Cr\u00f3nicas del Caribe<\/strong><\/a><\/h3>\n","protected":false},"excerpt":{"rendered":"<p>Por segunda vez en menos de tres meses representantes de la organizaci\u00f3n no gubernamental viajar\u00e1n a las islas del Caribe Neerland\u00e9s, para debatir la situaci\u00f3n de la migraci\u00f3n venezolana con las autoridades locales \u201cEl que calla otorga\u201d. En el gobierno de Curazao parece que han escuchado este refr\u00e1n popular, pues han optado por dejar a [&hellip;]<\/p>\n","protected":false},"author":1,"featured_media":325,"comment_status":"open","ping_status":"open","sticky":false,"template":"","format":"standard","meta":{"h5ap_radio_sources":[],"footnotes":""},"categories":[6],"tags":[],"class_list":["post-322","post","type-post","status-publish","format-standard","has-post-thumbnail","hentry","category-curacao"],"aioseo_notices":[],"_links":{"self":[{"href":"https:\/\/www.ciudadgoticanews.com\/index.php\/wp-json\/wp\/v2\/posts\/322","targetHints":{"allow":["GET"]}}],"collection":[{"href":"https:\/\/www.ciudadgoticanews.com\/index.php\/wp-json\/wp\/v2\/posts"}],"about":[{"href":"https:\/\/www.ciudadgoticanews.com\/index.php\/wp-json\/wp\/v2\/types\/post"}],"author":[{"embeddable":true,"href":"https:\/\/www.ciudadgoticanews.com\/index.php\/wp-json\/wp\/v2\/users\/1"}],"replies":[{"embeddable":true,"href":"https:\/\/www.ciudadgoticanews.com\/index.php\/wp-json\/wp\/v2\/comments?post=322"}],"version-history":[{"count":0,"href":"https:\/\/www.ciudadgoticanews.com\/index.php\/wp-json\/wp\/v2\/posts\/322\/revisions"}],"wp:featuredmedia":[{"embeddable":true,"href":"https:\/\/www.ciudadgoticanews.com\/index.php\/wp-json\/wp\/v2\/media\/325"}],"wp:attachment":[{"href":"https:\/\/www.ciudadgoticanews.com\/index.php\/wp-json\/wp\/v2\/media?parent=322"}],"wp:term":[{"taxonomy":"category","embeddable":true,"href":"https:\/\/www.ciudadgoticanews.com\/index.php\/wp-json\/wp\/v2\/categories?post=322"},{"taxonomy":"post_tag","embeddable":true,"href":"https:\/\/www.ciudadgoticanews.com\/index.php\/wp-json\/wp\/v2\/tags?post=322"}],"curies":[{"name":"wp","href":"https:\/\/api.w.org\/{rel}","templated":true}]}}