{"id":3238,"date":"2023-05-11T12:03:13","date_gmt":"2023-05-11T16:03:13","guid":{"rendered":"https:\/\/www.ciudadgoticanews.com\/?p=3238"},"modified":"2023-05-11T12:05:33","modified_gmt":"2023-05-11T16:05:33","slug":"narcotraficante-delator-o-perseguido-quien-es-reyes-gabriel-hernandez-gonzalez","status":"publish","type":"post","link":"https:\/\/www.ciudadgoticanews.com\/index.php\/2023\/05\/11\/narcotraficante-delator-o-perseguido-quien-es-reyes-gabriel-hernandez-gonzalez\/","title":{"rendered":"\u00bfNarcotraficante, delator o \u00abperseguido\u00bb en Venezuela?: \u00bfQui\u00e9n es Reyes Gabriel Hern\u00e1ndez Gonz\u00e1lez?"},"content":{"rendered":"<p>Reyes Gabriel Hern\u00e1ndez Gonz\u00e1lez, alias \u00abEl Finquero\u00bb, es un venezolano que fue encarcelado en Venezuela por la Direcci\u00f3n General de Contrainteligencia Militar (DGCIM) y luego puesto en libertad por una controvertida sentencia judicial que llev\u00f3 a la c\u00e1rcel al juez y al abogado que lo defendieron. Su caso es famoso porque posee la finca El Chaparralito, ubicada en el estado Apure, una zona fronteriza con Colombia donde se desarrollan actividades il\u00edcitas como narcotr\u00e1fico, tr\u00e1fico de armas y lavado de dinero, en las que se presume ha estado involucrado el hombre.<\/p>\n<p>La periodista Sebastiana Barr\u00e1ez, experta en temas militares, ha publicado en el portal Infobae varias columnas de prensa sobre Reyes Hern\u00e1ndez desde el a\u00f1o 2020, donde ha narrado c\u00f3mo el finquero pas\u00f3 de estar preso y haber negado que en las celdas de la DGCIM, donde disfrutaba de privilegios, se practicaran torturas, a escapar a Estados Unidos, donde ha denunciado ser perseguido en Venezuela por militares y pol\u00edticos que supuestamente quieren quitarle su finca\u00a0 haber sido torturado.<\/p>\n<p>Reyes fue arrestado tras ser acusado de ayudar a escapar a una persona involucrada en un plan para asesinar al presidente Nicol\u00e1s Maduro. Al perder los privilegios que ten\u00eda por sus conexiones pol\u00edticas, su lugar fue ocupado por Luis Bracho.<\/p>\n<figure id=\"attachment_3248\" aria-describedby=\"caption-attachment-3248\" style=\"width: 1200px\" class=\"wp-caption aligncenter\"><a href=\"https:\/\/www.ciudadgoticanews.com\/wp-content\/uploads\/2023\/05\/Reyes-Gabriel-Hernandez-1_1.jpg\"><img loading=\"lazy\" decoding=\"async\" class=\"wp-image-3248 size-full\" src=\"https:\/\/www.ciudadgoticanews.com\/wp-content\/uploads\/2023\/05\/Reyes-Gabriel-Hernandez-1_1.jpg\" alt=\"\" width=\"1200\" height=\"1600\" srcset=\"https:\/\/www.ciudadgoticanews.com\/wp-content\/uploads\/2023\/05\/Reyes-Gabriel-Hernandez-1_1.jpg 1200w, https:\/\/www.ciudadgoticanews.com\/wp-content\/uploads\/2023\/05\/Reyes-Gabriel-Hernandez-1_1-225x300.jpg 225w, https:\/\/www.ciudadgoticanews.com\/wp-content\/uploads\/2023\/05\/Reyes-Gabriel-Hernandez-1_1-768x1024.jpg 768w, https:\/\/www.ciudadgoticanews.com\/wp-content\/uploads\/2023\/05\/Reyes-Gabriel-Hernandez-1_1-1152x1536.jpg 1152w\" sizes=\"auto, (max-width: 1200px) 100vw, 1200px\" \/><\/a><figcaption id=\"caption-attachment-3248\" class=\"wp-caption-text\">Reyes Gabriel Hern\u00e1ndez<\/figcaption><\/figure>\n<p>Bracho es un ganadero cercano a altos dirigentes pol\u00edticos venezolanos. Tambi\u00e9n tiene relaci\u00f3n con el exgobernador chavista del estado Zulia, Francisco Arias C\u00e1rdenas, a trav\u00e9s de su yerno Rafael Villasmil. Luis Bracho se ha dedicado en los \u00faltimos a\u00f1os a comprar varias fincas ganaderas, entre ellas el Hato Merecure, en el estado Apure, que tiene unas condiciones geogr\u00e1ficas especiales. En esa zona hay campamentos de las disidencias de las FARC y del ELN.<\/p>\n<p>El Hato Merecure tiene pistas de aterrizaje, que se sospecha que podr\u00edan ser usadas para transportar grandes cantidades de coca\u00edna. Tambi\u00e9n tiene acceso directo al r\u00edo Arauca, que se conecta con el r\u00edo Orinoco, lo que facilitar\u00eda que los cargamentos de droga llegaran por v\u00eda fluvial hasta El Caribe y el Oc\u00e9ano Atl\u00e1ntico. Esto genera dudas tambi\u00e9n por el hallazgo de un narcosubmarino cerca de la finca de Luis Bracho.<\/p>\n<p>Las actividades de Reyes Hern\u00e1ndez han sido reveladas en algunos reportajes period\u00edsticos. Sin embargo, el finquero tambi\u00e9n ha conseguido que algunos comunicadores venezolanos lo entrevisten y le den espacio como si fuera un defensor de la justicia y un investigador, pues \u00e9l dice que ha hecho investigaciones sobre Luis Bracho.<\/p>\n<figure id=\"attachment_3249\" aria-describedby=\"caption-attachment-3249\" style=\"width: 1200px\" class=\"wp-caption aligncenter\"><a href=\"https:\/\/www.ciudadgoticanews.com\/wp-content\/uploads\/2023\/05\/Reyes-Gabriel-Hernandez-3_3.jpg\"><img loading=\"lazy\" decoding=\"async\" class=\"size-full wp-image-3249\" src=\"https:\/\/www.ciudadgoticanews.com\/wp-content\/uploads\/2023\/05\/Reyes-Gabriel-Hernandez-3_3.jpg\" alt=\"\" width=\"1200\" height=\"914\" srcset=\"https:\/\/www.ciudadgoticanews.com\/wp-content\/uploads\/2023\/05\/Reyes-Gabriel-Hernandez-3_3.jpg 1200w, https:\/\/www.ciudadgoticanews.com\/wp-content\/uploads\/2023\/05\/Reyes-Gabriel-Hernandez-3_3-300x229.jpg 300w, https:\/\/www.ciudadgoticanews.com\/wp-content\/uploads\/2023\/05\/Reyes-Gabriel-Hernandez-3_3-1024x780.jpg 1024w, https:\/\/www.ciudadgoticanews.com\/wp-content\/uploads\/2023\/05\/Reyes-Gabriel-Hernandez-3_3-768x585.jpg 768w\" sizes=\"auto, (max-width: 1200px) 100vw, 1200px\" \/><\/a><figcaption id=\"caption-attachment-3249\" class=\"wp-caption-text\">Reyes Gabriel Hern\u00e1ndez<\/figcaption><\/figure>\n<p>Reyes participa en entrevistas del periodista venezolano Miguel \u00c1ngel Rodr\u00edguez, responsable del \u00e1rea informativa de EVTV Miami, un canal de televisi\u00f3n que est\u00e1 al borde de la bancarrota, luego de perder el financiamiento que recib\u00eda del llamado \u00abGobierno Interino\u00bb de Juan Guaid\u00f3.<\/p>\n<div style=\"max-width: 1714px;\">\n<div style=\"left: 0; width: 100%; height: 0; position: relative; padding-bottom: 56.0081%;\"><iframe title=\"\u0411\u0438\u0437\u043d\u0435\u0441\u043c\u0435\u043d \u043f\u043e\u043a\u0443\u043f\u0430\u0435\u0442 \u043c\u043d\u043e\u0433\u043e \u0444\u0435\u0440\u043c \u0432 \u0412\u0435\u043d\u0435\u0441\u0443\u044d\u043b\u0435\" src=\"\/\/if-cdn.com\/WDQljK3?maxheight=960\" style=\"top: 0; left: 0; width: 100%; height: 100%; position: absolute; border: 0;\" allowfullscreen scrolling=\"no\" allow=\"encrypted-media *;\"><\/iframe><\/div>\n<\/div>\n<p>&nbsp;<\/p>\n<p>Pero las denuncias de Bracho parecen ser m\u00e1s bien una disputa entre dos bandos de lo mismo; dos finqueros que han sido o son relacionados con actividades ilegales, uno ca\u00eddo en desgracia ante el r\u00e9gimen pol\u00edtico vigente en Venezuela, que migr\u00f3 a Estados Unidos y se convirti\u00f3 en informante y que quiz\u00e1s todav\u00eda tenga parte de su fortuna y contactos. El otro lo reemplaz\u00f3 y se qued\u00f3 con sus tierras, en un ambiente dominado por organizaciones dedicadas al tr\u00e1fico de droga en grandes cantidades.<\/p>\n<p>Reyes Hern\u00e1ndez fue hombre de confianza del exgobernador chavista Jes\u00fas Aguilarte G\u00e1mez, mientras este otro gobernaba Apure; \u00e9poca en la que el entonces mandatario estadal se sumergi\u00f3 en un mundo no muy apartado del tr\u00e1fico de droga, armas y las fiestas con prostitutas.<\/p>\n<figure id=\"attachment_3250\" aria-describedby=\"caption-attachment-3250\" style=\"width: 1200px\" class=\"wp-caption aligncenter\"><a href=\"https:\/\/www.ciudadgoticanews.com\/wp-content\/uploads\/2023\/05\/Reyes-Gabriel-Hernandez-2_2.jpg\"><img loading=\"lazy\" decoding=\"async\" class=\"size-full wp-image-3250\" src=\"https:\/\/www.ciudadgoticanews.com\/wp-content\/uploads\/2023\/05\/Reyes-Gabriel-Hernandez-2_2.jpg\" alt=\"\" width=\"1200\" height=\"1200\" srcset=\"https:\/\/www.ciudadgoticanews.com\/wp-content\/uploads\/2023\/05\/Reyes-Gabriel-Hernandez-2_2.jpg 1200w, https:\/\/www.ciudadgoticanews.com\/wp-content\/uploads\/2023\/05\/Reyes-Gabriel-Hernandez-2_2-300x300.jpg 300w, https:\/\/www.ciudadgoticanews.com\/wp-content\/uploads\/2023\/05\/Reyes-Gabriel-Hernandez-2_2-1024x1024.jpg 1024w, https:\/\/www.ciudadgoticanews.com\/wp-content\/uploads\/2023\/05\/Reyes-Gabriel-Hernandez-2_2-150x150.jpg 150w, https:\/\/www.ciudadgoticanews.com\/wp-content\/uploads\/2023\/05\/Reyes-Gabriel-Hernandez-2_2-768x768.jpg 768w\" sizes=\"auto, (max-width: 1200px) 100vw, 1200px\" \/><\/a><figcaption id=\"caption-attachment-3250\" class=\"wp-caption-text\">Reyes Gabriel Hern\u00e1ndez<\/figcaption><\/figure>\n<p>En 2022, el comunicador venezolano Nicmer Evans Punto cont\u00f3 en una entrevista en el medio de comunicaci\u00f3n \u00abPunto de Corte\u00bb que el d\u00eda que entr\u00f3 en el Sector C de las mazmorras de la DGCIM en julio del 2020, como preso pol\u00edtico:<\/p>\n<blockquote><p>\u00abentre los saludos de una triste pero emotiva bienvenida de todos los militares y civiles que se encontraban arrumados, se me acerc\u00f3 un hombre p\u00e1lido y visiblemente enfermo que con voz fuerte lo primero que me dijo es que yo saldr\u00eda pronto, el fue Reyes Gabriel Hern\u00e1ndez, ubicado en la celda 3 de los s\u00f3tanos de ese \u00f3rgano del mal, que opera para satisfacer las operaci\u00f3n de la autocracia para la represi\u00f3n pol\u00edtica y tambi\u00e9n econ\u00f3mica\u00bb.<\/p><\/blockquote>\n<p><strong>Evans narr\u00f3:<\/strong><\/p>\n<p><span style=\"color: #0000ff;\">\u00abReyes era una leyenda dentro de la DGCIM, y entre mitos y f\u00e1bulas, pudimos conversar varias veces sobre la visi\u00f3n de pa\u00eds que ten\u00edamos. Existe un c\u00f3digo silente entre quienes pasamos por ese sitio, no preguntamos la historia del otro; a menos que quiera contarla, as\u00ed que pocas veces conversamos sobre el tema.<\/span><\/p>\n<p><span style=\"color: #0000ff;\">Por su condici\u00f3n de salud Reyes ten\u00eda una nevera ejecutiva para mantener algunos de sus medicamentos refrigerados; y algunos preserv\u00e1bamos algunos pocos alimentos que nos tra\u00edan nuestros familiares en esa neverita ejecutiva.<\/span><\/p>\n<p><span style=\"color: #0000ff;\">Sin acceso a luz solar durante semanas, su palidez me preocupaba, pero \u00e9l, solidario, compart\u00eda alguno de los \u201cprivilegios\u201d con el resto de los presos pol\u00edticos, incluso sus medicamentos.<\/span><\/p>\n<p><span style=\"color: #0000ff;\">De \u00e9l se dec\u00edan muchas cosas, aunque hoy es evidente que ha decidido limpiar su honor dando la cara y denunciando lo que otros han callado.<\/span><\/p>\n<p><span style=\"color: #0000ff;\">Al salir del DGCIM vi varios art\u00edculos escritos sobre su posible vinculaci\u00f3n al narcotr\u00e1fico; cosa que hoy en esta entrevista, entre otras cosas, nos responde sin pudor.<\/span><\/p>\n<p><span style=\"color: #0000ff;\">Hace unos d\u00edas recib\u00ed una llamada de un n\u00famero que no ten\u00eda identificado, proveniente de los Estados Unidos de Am\u00e9rica, no contest\u00e9 por norma, si no tengo identificado el n\u00famero y si no he concertado previamente una llamada del extranjero, no contesto, pero a los d\u00edas me escribe dici\u00e9ndome que quer\u00eda decir su historia, y hoy aqu\u00ed est\u00e1 parte de ella.<\/span><\/p>\n<p><span style=\"color: #0000ff;\"><strong>Se dice en art\u00edculos de prensa sobre ti que ten\u00edas privilegios en la DGCIM, \u00bfEs cierto esto?<\/strong><\/span><\/p>\n<p><span style=\"color: #0000ff;\">No, no, ah\u00ed no tiene privilegios nadie. En un momento en mi salud, el cual tengo un bypass g\u00e1strico, me dio un infarto adentro de la DGCIM, tengo dos stent coronario, sufro de di\u00e1betes mellitus II.<\/span><\/p>\n<p><span style=\"color: #0000ff;\">Ellos cuando vieron que yo me estaba muriendo, permitieron una nevera y permitieron un microondas el cual lo compart\u00eda con todos los presos que estaban all\u00ed conmigo que pueden dar el testimonio. Lo saqu\u00e9 y los puse en el pasillo para que todos calentaran su comida y el que quer\u00eda guardar o beber agua fr\u00eda, lo pod\u00eda hacer desde la nevera, pero en realidad privilegios en lo absoluto.<\/span><\/p>\n<p><span style=\"color: #0000ff;\">Yo estuve torturado, me pusieron corriente, me pusieron todo el jarabe que le dieron a los dem\u00e1s presos, que est\u00e1n adentro y unos que est\u00e1n afuera, lo viv\u00ed con ellos. No tuve ning\u00fan tipo de privilegios dentro de la DGCIM.<\/span><\/p>\n<p><span style=\"color: #0000ff;\"><strong>Tambi\u00e9n se ha rese\u00f1ado que estabas preso por un pase de factura por vinculaciones con el narcotr\u00e1fico colombiano, \u00bfQu\u00e9 nos puedes decir sobre eso?<\/strong><\/span><\/p>\n<p><span style=\"color: #0000ff;\">Nunca en mi vida he estado vinculado al narcotr\u00e1fico, nunca he sido investigado por narcotr\u00e1fico. Acu\u00e9rdate que yo fui un preso que me llevaron por, no soy pol\u00edtico, me llevaron por un pol\u00edtico, por una persona que quer\u00eda mi tierra, que quer\u00eda la finca, que quer\u00eda el hato Chaparralito y nunca, nunca he estado ligado a ning\u00fan grupo irregular ni a ning\u00fan grupo que se dedique al narcotr\u00e1fico. Nunca, ni he sido investigado en mi pa\u00eds, ni en ning\u00fan pa\u00eds del mundo por narcotr\u00e1fico.<\/span><\/p>\n<p><span style=\"color: #0000ff;\"><strong>\u00bfFueron violados tus Derechos Humanos?<\/strong><\/span><\/p>\n<p><span style=\"color: #0000ff;\">De los derechos humanos, te puedo decir, por supuesto que s\u00ed, fui v\u00edctima del retardo procesal. Voy a empezar por lo penal. No tuve derecho a mi defensa, violaci\u00f3n de derechos humanos, fui torturado, me pusieron corriente, me tuvieron aislado de mi familia, en per\u00edodos largos no me permit\u00edan medicamentos, no me sacaban a la cl\u00ednica, no me sacaron nunca a mis m\u00e9dicos. Mis Derechos Humanos fueron violados sistem\u00e1ticamente, todos mis derechos fundamentales, todos, todos.<\/span><\/p>\n<p><span style=\"color: #0000ff;\">Ellos cada vez que quer\u00edan sacarme, me sacaban y me mandaban a poner una ropa oscura y me met\u00edan en \u201cel tigrito\u201d 48-72 horas, sino me agarraban y me pasaban a un cuarto de tortura donde recib\u00ed corriente y donde recib\u00ed golpes en todo mi tronco, en las costillas, en el pecho, en la espalda, en la cabeza, recib\u00ed un alfiler que pusieron por debajo de mis u\u00f1as muchas veces, y me dejaban amarrado.<\/span><\/p>\n<p><span style=\"color: #0000ff;\">Se me sali\u00f3 un brazo, el brazo derecho porque me levantaron con una \u201cse\u00f1orita\u201d como en siete oportunidades y bueno, las violaciones de derecho son, imag\u00ednate: Violaci\u00f3n al debido proceso, violaci\u00f3n a mi defensa, violaci\u00f3n al derecho universal de la vida, violaci\u00f3n a mis derechos humanos, violaci\u00f3n a mi libertad porque yo soy un privado de libertad de m\u00e1s de 1614 d\u00edas bajo tortura, sin ning\u00fan argumento legal para haberme hecho eso, ni para privarme. Por lo tanto, el mismo juez declara cuando me da el sobreseimiento que fue el juez que me libr\u00f3 la orden de captura estando preso porque primero ten\u00eda libertad plena y despu\u00e9s ese mismo juez, Carlos Jaime, le ordenan librar una orden de captura en flagrancia como si yo hubiese tenido dos granadas de humo y 40 proyectiles, y yo estaba era en los s\u00f3tanos de la DGCIM.<\/span><\/p>\n<p><span style=\"color: #0000ff;\">El mismo juez en el acto motivado del sobreseimiento indica que mis derechos humanos fueron vulnerados, fueron violados y el derecho a la defensa. El mismo juez lo asume en su motivaci\u00f3n de sobreseimiento porque \u00e9l mismo fue el que me libr\u00f3 la orden de aprehensi\u00f3n. Ahora cuando el juez se apega a la Constituci\u00f3n, se apega a las leyes y al marco jur\u00eddico, me da mi libertad que es lo menos que me conven\u00eda, me manda a entregar mi hato en el estado Apure y en ese momento a las 28-30 horas es capturado el juez y es capturada mi defensa. \u00bfQu\u00e9 m\u00e1s violaci\u00f3n de derechos quieres escuchar?<\/span><\/p>\n<p><span style=\"color: #0000ff;\"><strong>\u00bfCu\u00e1l fue entonces la raz\u00f3n de tu detenci\u00f3n?<\/strong><\/span><\/p>\n<p><span style=\"color: #0000ff;\">La raz\u00f3n de mi detenci\u00f3n en el DGCIM (a mi creencia porque lo viv\u00ed y estoy viviendo todo lo que me hicieron), fue para defalcarme, para robarme como lo hace la tiran\u00eda, como la tiran\u00eda opera en Venezuela, pero me robaron 7.500 reses, 7.500 animales en el hato, me robaron la planta de l\u00e1cteos El Guarique\u00f1o que estaba dentro del hato y que produc\u00eda 34 mil litros de leche diarios, ten\u00eda 80 empleos directos, ten\u00eda 130 empleos indirectos y yo pienso que aparte de eso, todo lo que me hicieron, todo lo que me robaron, todos los bienes de la familia, las casas, me hackearon, me robaron hasta los relojes, me robaron la ropa \u00edntima de mis hijas, o sea todo se lo robaron. Dejaron todo en obra gris.<\/span><\/p>\n<p><span style=\"color: #0000ff;\">Yo pienso que aparte de robarme, era un objetivo tambi\u00e9n de ellos en la zona porque el hato Chaparralito geogr\u00e1ficamente es un punto muy espec\u00edfico y tiene muchas virtudes.<\/span><\/p>\n<p><span style=\"color: #0000ff;\">\u00bfCu\u00e1les virtudes? Te las puedo decir: Tiene entrada de invierno y verano, tiene luz el\u00e9ctrica completa que va en l\u00ednea para all\u00e1 de la l\u00ednea central y es un hato que es prodigioso porque no se anega en el verano, en el invierno. Entonces en el invierno tiene muchas cualidades porque todos los hatos quedan helados y a ese hato t\u00fa puedes llegar en veh\u00edculo todo el tiempo.<\/span><\/p>\n<p><span style=\"color: #0000ff;\">A m\u00ed me hab\u00edan hecho propuestas de compra, me han mandado personajes de compra que eran del mismo r\u00e9gimen y yo me negu\u00e9 a vender en el momento en el 2016 porque el hato no est\u00e1 en venta y es una propiedad que es de la familia. Mi mam\u00e1 est\u00e1 viva, mi mam\u00e1 tiene 80 a\u00f1os y est\u00e1 viva y fue sacada arbitrariamente de la finca despu\u00e9s de dos a\u00f1os de mi detenci\u00f3n.<\/span><\/p>\n<p><span style=\"color: #0000ff;\">Yo pienso que es muy fuerte, de por qu\u00e9 me hicieron todo esto y por qu\u00e9 me privaron mi libertad y por qu\u00e9 me violaron mi derecho al debido proceso. Me hicieron todo lo que me hicieron era porque quer\u00edan el hato y siguen en el hato y es la tercera vez que quieren hacer lo mismo y siguen sin ninguna medida legal, una incautaci\u00f3n preventiva, ellos acabaron con toda la producci\u00f3n, acabaron con todo lo que estaba adentro del hato, sacaron todo el personal y la gente qued\u00f3 sin empleo, sin trabajo y bueno, esa es mi perspectiva. De ah\u00ed entro yo a cuando llego a la DGCIM, cuando me a\u00edslan dos a\u00f1os sin tener contacto con mi familia, sin tener contacto con nadie y me acaban de esa manera.<\/span><\/p>\n<p><span style=\"color: #0000ff;\"><strong>\u00bfQu\u00e9 viste dentro de la DGCIM en tu condici\u00f3n de \u201cpreso por un pol\u00edtico\u201d en cuanto a violaciones de Derechos Humanos?<\/strong><\/span><\/p>\n<p><span style=\"color: #0000ff;\">Cuando yo llegu\u00e9 all\u00e1 era el sexto preso en el sector C, que fue donde me privaron la primera vez porque me tuvieron tres meses privados de libertad sin presentarme, viol\u00e1ndome todo el proceso constitucional, pero para empezar por un orden y m\u00e1s o menos indicarte, el Capit\u00e1n Acosta Ar\u00e9valo, el cual fue llevado a esa sede y donde yo estaba, en el sector C, justamente en una esquina t\u00fa pod\u00edas escuchar los lloros y las torturas que le ten\u00edan al Capit\u00e1n Acosta Ar\u00e9valo.<\/span><\/p>\n<p><span style=\"color: #0000ff;\">En el momento que muere el Capit\u00e1n Acosta Ar\u00e9valo nosotros pudimos obtener la informaci\u00f3n de parte de los custodios que a Acosta Ar\u00e9valo lo hab\u00edan llevado a presentar al Tribunal Militar. En ese momento supimos que Acosta Ar\u00e9valo bajo todas las torturas que nosotros escuchamos, bueno, fue como cay\u00f3 muerto en su presentaci\u00f3n como ya todo el mundo lo sabe. Igualmente las violaciones al capit\u00e1n de nav\u00edo, al Coronel Mejias Laya, a Isber Mar\u00edn Chaparro que es un ensa\u00f1amiento brutal hacia su persona, las violaciones de golpes en \u201cel tigrito\u201d, sin comida, nueve meses sin ver a su familia, en un cuarto, eso lo vivimos los dos juntos, porque nos lo hicieron a los dos, con luz blanca, sin saber la orientaci\u00f3n del d\u00eda, de la noche y as\u00ed te puedo contar todo los que estuvieron.<\/span><\/p>\n<p><span style=\"color: #0000ff;\">Hay una persona, un se\u00f1or que muri\u00f3 adentro estando privado de libertad, muri\u00f3 de COVID, estando all\u00e1 adentro y el se\u00f1or Pedro Le\u00f3n que fue compa\u00f1ero de celda, tambi\u00e9n tiene tres infartos, tres operaciones coronarias y tambi\u00e9n sufr\u00eda de las mismas violaciones de Derechos Humanos, la misma tortura sin distinciones, todo igual. Todas las personas que compartieron conmigo en tres a\u00f1os y siete meses que estuve privado de libertad, incluyendo a periodistas, militares y civiles.<\/span><\/p>\n<p><span style=\"color: #0000ff;\">Puedo comentar sobre ti Nicmer Evans, l\u00edder pol\u00edtico y periodista, que estuvo privado de libertad, te dio Covid, estuviste durmiendo en el suelo, en momentos en el ba\u00f1o al lado de la poceta. Estuviste, por que me consta psicol\u00f3gicamente amedrentado, tambi\u00e9n torturado y tu familia y estuviste all\u00e1 adentro. Muchas personas, todos fuimos violados de derechos humanos y conmigo estuvieron dos gringos Matthew John y Drew Horn, dos ciudadanos americanos.<\/span><\/p>\n<p><span style=\"color: #0000ff;\">Horn fue violado con un objeto que le metieron por el ano y fue violado all\u00e1 adentro en las instalaciones y eso me consta a m\u00ed, le consta a todos mis compa\u00f1eros de celda que a esos dos gringos \u201cla medicina\u201d era a diario, noche, madrugada. Le desprendieron los hombros, el gringo Horn estuvo en el hospital militar nueve meses mediante una tortura que le hicieron por cuatro d\u00edas y le desprendieron la ves\u00edcula, le desprendieron la parte vesicular y tuvieron que operarlo en el hospital militar y estuvo casi muerto. Estuvo ocho meses en recuperaci\u00f3n y regres\u00f3 a donde yo estaba igual de la misma forma y despu\u00e9s sigui\u00f3 siendo torturado.<\/span><\/p>\n<p><span style=\"color: #0000ff;\">El otro ciudadano americano, Matthews fue v\u00edctima hasta el \u00faltimo d\u00eda que yo estuve, fue v\u00edctima de muchas violaciones de Derechos Humanos, fue v\u00edctima de tortura, le reventaron la poceta, le dieron golpes con la poceta, le reventaron la nariz, se la reventaron, o sea lo sacaron y lo quer\u00edan poner a grabar videos de cosas que \u00e9l no sab\u00eda, se negaba y lo torturaban. Imag\u00ednate, un hombre ex marine americano y lo sub\u00edan derrotado, acabado, con la nariz quebrada, con los ojos hinchados que no pod\u00eda ni ver, le partieron los test\u00edculos. Eso era a diario para ellos all\u00e1. Igual el coronel Oswaldo Palomo, el sargento Bandres, todas esas personas, el comandante Ovidio Carrasco, todos pueden dar fe de lo que yo estoy diciendo porque ellos lo vivieron conmigo.<\/span><\/p>\n<p><span style=\"color: #0000ff;\"><strong>\u00bfHab\u00eda inter\u00e9s de narcotraficantes en tu detenci\u00f3n?<\/strong><\/span><\/p>\n<p><span style=\"color: #0000ff;\">Vinculaci\u00f3n con personas que trabajan con narcotr\u00e1fico no te puedo decir que conozco porque no conozco, cosa que es obvio de que en el estado Apure ha sido un hato completo pero del Gobierno, ha sido un hato del r\u00e9gimen. Ahora los funcionarios p\u00fablicos, los directores de instituciones, los generales que van ya a El Retiro compran a trav\u00e9s de empresas, cinco, siete, ocho hatos con tantas miles de cabezas de ganado con pistas.<\/span><\/p>\n<p><span style=\"color: #0000ff;\">Eso no te lo digo yo porque tenga contactos, sino eso lo sabe hasta un ni\u00f1o de diez a\u00f1os que t\u00fa le preguntes en San Fernando de Apure y en Maracaibo pasa lo mismo, en la Sierra de Perij\u00e1, o sea, ellos han ido a comprar los hatos y el que no le quiere comprar el hato, se lo arrebatan. Lo tiene que entregar y le dicen: \u201cMira o es la vida o me vendes el hato y lo que te voy a dar es esto\u201d, y as\u00ed se adue\u00f1aron.<\/span><\/p>\n<p><span style=\"color: #0000ff;\">Yo te puedo decir en este momento de siete, ocho hatos que est\u00e1n adue\u00f1ados ahorita del r\u00e9gimen, de personas del r\u00e9gimen y te aseguro como productor agropecuario que ah\u00ed no se produce nada.<\/span><\/p>\n<p><span style=\"color: #0000ff;\">Ahora, \u00bfPara qu\u00e9 lo tienen? \u00bfPara qu\u00e9 tienen pistas?, \u00bfPara qu\u00e9 est\u00e1n los hatos? Bueno eso tocar\u00eda que en otros niveles, me imagino que ya tienen la informaci\u00f3n y saben de todo lo que est\u00e1 pasando en esa gran frontera que tenemos nosotros con Colombia que nos une y ha habido ese flagelo toda la vida, pero en este momento el flagelo es indiscriminado total y ellos est\u00e1n enraizados, tienen todos los poderes, tienen el poder judicial. F\u00edjate, Apure est\u00e1 totalmente secuestrado con los poderes judiciales, te lo puedo decir con base.<\/span><\/p>\n<p><span style=\"color: #0000ff;\">Ah\u00ed tenemos un exmagistrado Francisco Vel\u00e1squez que se encargaba completamente de dirigir la orquesta desde el Tribunal Supremo, desde su despacho con Edwin Blanco Lima, con el Fiscal superior Eduardo, con la Fiscal 10\u00b0, con la Fiscal Rosa Mota que es de droga, que es una mujer, completamente secuestrado. Ah\u00ed todos los que den la orden de Caracas es lo que pasa. El que quiera que vaya preso lo hacen pasar por Tancol, inventado, una persona de una finca, un obrero, un orde\u00f1ador, se lo llevan como Tancol, pero los due\u00f1os siguen siendo enmascarados bajo una empresa, bajo t\u00edtulos estructurados y son los due\u00f1os de eso que est\u00e1n vistos por el mundo, de que se est\u00e1n haciendo cosas malas ah\u00ed, no es porque tenga informaci\u00f3n sino que todo el mundo sabe lo que est\u00e1 pasando en nuestra frontera.<\/span><\/p>\n<p><span style=\"color: #0000ff;\">\u00bf<strong>Por qu\u00e9 est\u00e1s ahora en los Estados Unidos de Am\u00e9rica?<\/strong><\/span><\/p>\n<p><span style=\"color: #0000ff;\">\u00bfPor qu\u00e9 estoy en Estados Unidos? Primero por mi salud, porque sal\u00ed deteriorado, me dieron dos infartos, tengo dos sten coronario, me est\u00e1n atendiendo, me dieron el apoyo, estoy protegido, mi familia ha sido perseguida totalmente, mi madre que tiene 80 a\u00f1os ha sido perseguida, intimidada. La mam\u00e1 de mi esposa fue secuestrada por el DGCIM, fue robada en su apartamento en San Fernando de Apure. Igualmente todo lo que es mi familia, amedrentada de que yo no llevara mi voz, que no llegara a las Naciones Unidas, a la Comisi\u00f3n de Determinaci\u00f3n de Hechos.<\/span><\/p>\n<p><span style=\"color: #0000ff;\"><strong>\u00bfQu\u00e9 piensas hacer ahora en libertad?<\/strong><\/span><\/p>\n<p><span style=\"color: #0000ff;\">\u00bfQu\u00e9 pienso hacer? Pienso llevar esto hasta lo \u00faltimo, hasta que se haga justicia en Venezuela y si mi voz va a cooperar para que salga la tiran\u00eda, para que salga el narcor\u00e9gimen, para que se revelen todas violaciones de Derechos Humanos, las torturas, las violaciones sistem\u00e1ticas, los amedrentamientos, los robos, todo lo que le hacen a cada familia de Venezuela por alzar su voz o por dar una opini\u00f3n diferente al narcor\u00e9gimen, bueno yo estoy aqu\u00ed para servir y para aportar.<\/span><\/p>\n<p><span style=\"color: #0000ff;\">Si tengo que aportar mi vida, la aportar\u00eda para la libertad de Venezuela, para la libertad de los ni\u00f1os, de todos esos ni\u00f1os que tienen ocho, diez a\u00f1os y que no vivan lo que nuestra generaci\u00f3n est\u00e1 viviendo. Que se acabe r\u00e1pido ese encantador de serpientes que fue Hugo Ch\u00e1vez que fue el que enquist\u00f3 en nosotros el odio, porque a esto no se le puede llamar tiran\u00eda, no se le puede llamar dictadura, esto es peor, esto es un narcor\u00e9gimen, esto es algo moderno que se quiere instalar geopol\u00edticamente en una parte del mundo y ganar terreno.<\/span><\/p>\n<p><span style=\"color: #0000ff;\">Esto es un riesgo al mundo con este narcor\u00e9gimen nuevo que se enquist\u00f3 en nuestro pa\u00eds, con ayudas bilaterales, con ayuda del narcotr\u00e1fico, con ayudas de grupos armados y que ahora pretenden alzarse con la Constituci\u00f3n y alzarse con todos los poderes del pa\u00eds y perpetuarse en el poder para que toda esta di\u00e1spora que ya sali\u00f3 de Venezuela, m\u00e1s de cinco o seis millones de personas, salen a otro sendero a limpiar pocetas, salen a hacer de todo a otros senderos, teniendo su patria, teniendo su Venezuela y no pueden porque est\u00e1 el narcor\u00e9gimen instalado, porque te amedrentan, porque te van a matar a tu mam\u00e1, porque te van a matar a tu hijo, porque no puedes llegar, porque le tienes miedo a esa estructura diab\u00f3lica de brujer\u00eda que es e la DGCIM, que es la estructura que siembra el terror, dicho por los cubanos.<\/span><\/p>\n<p><span style=\"color: #0000ff;\">Tengo que referirme a los cubanos porque muchos los vi all\u00e1 adentro, muchos estaban en la tortura. Siempre ha habido un cubano cuando estaban tortur\u00e1ndonos, a los presos pol\u00edticos de Venezuela.<\/span><\/p>\n<p><span style=\"color: #0000ff;\"><strong>\u00bfFuiste un preso pol\u00edtico o econ\u00f3mico? \u00bfO las dos cosas?<\/strong><\/span><\/p>\n<p><span style=\"color: #0000ff;\">Bueno yo no me considero un preso pol\u00edtico, yo me considero un preso no pol\u00edtico, un preso de un pol\u00edtico que todav\u00eda no se qui\u00e9n es, que me vieron brillar en la producci\u00f3n agropecuaria y lograron eso para obtener mi finca, para obtener mi ganado, para obtener mi empresa l\u00e1ctea, para obtener todo, pero bueno, me toc\u00f3 vivir toda esta mala experiencia, pero por un fin.<\/span><\/p>\n<p><span style=\"color: #0000ff;\"><strong>\u00bfFuiste o eres chavista y madurista?<\/strong><\/span><\/p>\n<p><span style=\"color: #0000ff;\">\u00bfQue si fui chavista? Mira yo soy productor agropecuario. Lleg\u00f3 el momento en que todos los t\u00edtulos y ubicaciones de tierras hab\u00eda que tener un certificado de finca productiva.<\/span><\/p>\n<p><span style=\"color: #0000ff;\">Al gremio que yo manejo (soy presidente de una asociaci\u00f3n de ganaderos en Apure), nos pon\u00edan trabas y todo. Todo el mundo estaba tratando de creer en un proyecto del encantador de serpientes de Hugo Ch\u00e1vez y hubo muchos venezolanos que creyeron en un proyecto que iba a cambiar, que iba a desarrollar el agro, la agricultura, la ganader\u00eda y bueno, ya estamos en el fondo de la maldad de un narcor\u00e9gimen, de todo lo que est\u00e1 pasando. Se acab\u00f3 la libertad de expresi\u00f3n, subieron los presos pol\u00edticos, se llenaron las c\u00e1rceles, la tortura, todo lo que ha pasado en el pa\u00eds, el poder adquisitivo, se destruy\u00f3 la agricultura, la ganader\u00eda, ahora es de puertos, de cinco personas, de Delcy Rodr\u00edguez, de todas las empresas de ellos mismos que cobran y se dan el vuelto, \u00bfQu\u00e9 te puedo decir?<\/span><\/p>\n<p><span style=\"color: #0000ff;\">Yo lo que te puedo decir es que soy un hombre que ama la democracia y que quiero que mi pa\u00eds sea libre, que sea un pa\u00eds pr\u00f3spero y desarrollado como los otros pa\u00edses del mundo y salir de la tiran\u00eda lo m\u00e1s pronto posible. Esa es mi expectativa desde este momento. El manejo de expectativas anterior es el manejo que tuvieron todos los venezolanos y todos los que apoyaron ese r\u00e9gimen al cual yo no lo apoy\u00e9 directamente, yo vengo de familia dem\u00f3crata, mi pap\u00e1 fue senador de Acci\u00f3n Democr\u00e1tica, pero tampoco puedo venir a negar de que en un momento fuimos encantados por ese dictador como lo fue Hugo Ch\u00e1vez o estos lacayos que son peores porque convirtieron a Venezuela pr\u00e1cticamente en una finca, en un bien inmueble de ellos.<\/span><\/p>\n<p><span style=\"color: #0000ff;\"><strong>\u00bfQu\u00e9 le pides a la comunidad internacional?<\/strong><\/span><\/p>\n<p><span style=\"color: #0000ff;\">A Biden, a Borrell, a Karin Khan, y a L\u00f3pez Obrador le pedidos que hagan justicia justa, justicia justa para liberar a Venezuela de una autocracia criminal, que vean mi caso, yo estoy dispuesto a reunirme con ellos para contar todo.\u00bb<\/span><\/p>\n<p><strong>En 2020, la periodista Sebastiana Barr\u00e1ez denunci\u00f3 que Reyes Gabriel Hern\u00e1ndez pose\u00eda fincas lujosas, en las que realizaba fiestas con modelos para agasajar a jerarcas del chavismo. Posteriormente, seg\u00fan aseguraba entonces la periodista, Hern\u00e1ndez se dedic\u00f3 a delatar a sus compa\u00f1eros de prisi\u00f3n en la DGCIM, en cuyos s\u00f3tanos \u201cEl Gordo\u201d, como tambi\u00e9n conoc\u00edan a Reyes Hern\u00e1ndez, era uno de los m\u00e1s privilegiados. En su columna, publicada en <a href=\"https:\/\/www.infobae.com\/america\/venezuela\/2020\/10\/26\/tenia-lujosas-fincas-donde-hacia-fiestas-con-modelos-para-jerarcas-del-chavismo-ahora-delata-a-sus-companeros-de-prision\/\" target=\"_blank\" rel=\"noopener\">Infobae<\/a> el 26 de octubre de 2020, Barr\u00e1ez se\u00f1alaba:<\/strong><\/p>\n<p><span style=\"color: #0000ff;\">\u00abEl 7 de octubre, los delegados que la Alta Comisionada Michelle Bachelet tiene en Venezuela regresaron a las instalaciones de la Direcci\u00f3n General de Contrainteligencia Militar (Dgcim). Un hecho relevante fue lo que ocurri\u00f3 ah\u00ed con uno de los detenidos, que se encuentra en el s\u00f3tano 1 sector C, llamado Reyes Gabriel Hern\u00e1ndez, a quien en el estado Apure conocen como el Gordo, y en la DGCIM como el Finquero de Apure.<\/span><\/p>\n<p><span style=\"color: #0000ff;\">Hace unas semanas le dice a custodios y a otros presos que algunos de los oficiales, precisamente quienes han sufrido mayor tortura, estaban planificando un mot\u00edn para fugarse. La historia fue bien armada, menos por el hecho de que a dos de las personas que coloca orquestando el mot\u00edn son dos coroneles, uno de los cuales est\u00e1 preso porque el otro lo delat\u00f3. A consecuencia de eso, tres militares son enviados a la celda de castigo en la Casa de Los Sue\u00f1os. Entonces no pas\u00f3 de ser m\u00e1s que un chisme mal intencionado, hasta la visita de la Comisi\u00f3n de la ONU.<\/span><\/p>\n<p><span style=\"color: #0000ff;\">Ese d\u00eda, los delegados de Bachelet les dan un recorrido por el sector C del s\u00f3tano 1. La comisi\u00f3n iba en compa\u00f1\u00eda de los principales funcionarios denunciados por tortura y violaci\u00f3n de derechos humanos, con quienes El Finquero mantiene una estrecha relaci\u00f3n de camarader\u00eda. Hern\u00e1ndez dijo, casi a gritos, a los delegados de Bachelet, que ah\u00ed nunca se ha torturado a nadie, que eso que han dicho las v\u00edctimas de tortura son inventos y que quienes est\u00e1n en la Casa de Los Sue\u00f1os es por mala conducta.<\/span><\/p>\n<p><span style=\"color: #0000ff;\">Es el \u00fanico de los presos que en su celda tiene nevera, televisor, microondas, radio e incluso electricidad individual, por lo que cuenta con apagador propio. Al igual que la mayor\u00eda de los detenidos, en esos s\u00f3tanos infernales, se enferm\u00f3 de COVID y lo enviaron por unos d\u00edas a la Casa de Los Sue\u00f1os. \u00c9l tiene problemas renales.<\/span><\/p>\n<p><span style=\"color: #0000ff;\"><strong>El Finquero<\/strong><\/span><\/p>\n<p><span style=\"color: #0000ff;\">Mientras el Capit\u00e1n retirado del ej\u00e9rcito Jes\u00fas Alberto Aguilarte G\u00e1mez fue consentido de la revoluci\u00f3n bolivariana y gobernador del estado Apure, su compadre Reyes Gabriel Hern\u00e1ndez se convirti\u00f3 en un potentado.<\/span><\/p>\n<figure id=\"attachment_3260\" aria-describedby=\"caption-attachment-3260\" style=\"width: 1200px\" class=\"wp-caption aligncenter\"><a href=\"https:\/\/www.ciudadgoticanews.com\/wp-content\/uploads\/2023\/05\/jesus-aguilarte-gamez_1.jpg\"><img loading=\"lazy\" decoding=\"async\" class=\"size-full wp-image-3260\" src=\"https:\/\/www.ciudadgoticanews.com\/wp-content\/uploads\/2023\/05\/jesus-aguilarte-gamez_1.jpg\" alt=\"\" width=\"1200\" height=\"900\" srcset=\"https:\/\/www.ciudadgoticanews.com\/wp-content\/uploads\/2023\/05\/jesus-aguilarte-gamez_1.jpg 1200w, https:\/\/www.ciudadgoticanews.com\/wp-content\/uploads\/2023\/05\/jesus-aguilarte-gamez_1-300x225.jpg 300w, https:\/\/www.ciudadgoticanews.com\/wp-content\/uploads\/2023\/05\/jesus-aguilarte-gamez_1-1024x768.jpg 1024w, https:\/\/www.ciudadgoticanews.com\/wp-content\/uploads\/2023\/05\/jesus-aguilarte-gamez_1-768x576.jpg 768w\" sizes=\"auto, (max-width: 1200px) 100vw, 1200px\" \/><\/a><figcaption id=\"caption-attachment-3260\" class=\"wp-caption-text\">Jes\u00fas Alberto Aguilarte G\u00e1mez<\/figcaption><\/figure>\n<p><span style=\"color: #0000ff;\">Pero es necesario recordar qui\u00e9n era Aguilarte para entender el caso del hoy detenido en DGCIM. El capit\u00e1n particip\u00f3 activamente en la intentona de Golpe de Estado contra el entonces presidente Carlos Andr\u00e9s P\u00e9rez, el 4 de febrero de 1992, liderizado por Hugo Ch\u00e1vez, Javier Arias C\u00e1rdenas, Jes\u00fas Urdaneta Hern\u00e1ndez y Yoel Acosta Chirinos.<\/span><\/p>\n<p><span style=\"color: #0000ff;\">Con la llegada, a\u00f1os despu\u00e9s, de Ch\u00e1vez a la presidencia de la Rep\u00fablica, todos los que hab\u00edan participado, apoyado o asomado la cabeza a \u00faltima hora el 4F recibieron lluvias de beneficios, incluso algunos hasta rangos militares.<\/span><\/p>\n<p><span style=\"color: #0000ff;\">\u201cTodos sab\u00edan que El Gordo andaba en malos pasos. Crist\u00f3bal Jim\u00e9nez se lo llev\u00f3 para un acto en Fuerte Tiuna. Al t\u00e9rmino del mismo, el ministro Padrino L\u00f3pez mand\u00f3 a llamar al cantante a su oficina y le pidi\u00f3 que para futuros actos no llegara con ese tipo de compa\u00f1\u00eda, lo que evidencia que sab\u00eda qui\u00e9n era Reyes\u201d, dice a Infobae una fuente pol\u00edtica.<\/span><\/p>\n<p><span style=\"color: #0000ff;\">El 31 de julio de 1999, Aguilarte toma posesi\u00f3n como gobernador del estado Apure. Ese d\u00eda Ch\u00e1vez da un discurso, donde dice: \u201cSe convierte usted, Capit\u00e1n Aguilarte, en el \u00faltimo gobernador del siglo XX en el estado Apure y al mismo tiempo, el primer gobernador del siglo XXI del estado Apure\u201d.<\/span><\/p>\n<p><span style=\"color: #0000ff;\">Al t\u00e9rmino del mandato Aguilarte no logra repetir en la Gobernaci\u00f3n. Pero lo intenta nuevamente y siendo gobernador en febrero del a\u00f1o 2011, fue presionado a renunciar. Un mes antes del hecho Diosdado Cabello viaj\u00f3 a la Gobernaci\u00f3n, se re\u00fane con Aguilarte, con quien nunca hab\u00eda tenido buena relaci\u00f3n, y con El Gordo Reyes Gabriel, con quien sale de ah\u00ed en el mismo veh\u00edculo.<\/span><\/p>\n<p><span style=\"color: #0000ff;\">Semanas despu\u00e9s Ch\u00e1vez le propone a Antonia Mu\u00f1oz, ex gobernadora de Portuguesa, que asuma la gobernaci\u00f3n de Apure, pero ella se niega. Diosdado propone de inmediato a Carrizalez, quien hab\u00eda sido Vicepresidente de la Rep\u00fablica y as\u00ed se convierte en gobernador de Apure, cargo en el que lleva nueve a\u00f1os.<\/span><\/p>\n<p><span style=\"color: #0000ff;\">Trece meses despu\u00e9s, el 24 de marzo 2012, a Aguilarte le dispararon mientras se encontraba en un local de comida r\u00e1pida en Maracay, estado Aragua; permanece en una cl\u00ednica hasta que muere el 2 abril. Todo indicaba que era un sicariato y por ello aprehendieron a seis hombres: Unai Bastidas y su padre Pedro Bastidas, Jes\u00fas Enrique Rodr\u00edguez, Renzo Torres, Spartaco Pacheco y Daninyer Daniel Ferraez. No hubo detenci\u00f3n de los autores intelectuales del hecho; aunque siempre se mencion\u00f3 que eran deudas del narcotr\u00e1fico, el caso se silenci\u00f3. Despu\u00e9s se supo que el capit\u00e1n Aguilarte hab\u00eda hecho contactos previos con la DEA para suministrarles informaci\u00f3n.<\/span><\/p>\n<p><span style=\"color: #0000ff;\">Un amigo de Aguilarte dijo a Infobae que \u201cEl Gordo fue parte de la perdici\u00f3n de Aguilarte, porque lo engolosin\u00f3 busc\u00e1ndole drogas y mujeres. La pistola que Aguilarte cargaba encima el d\u00eda que le dispararon se la hab\u00eda dado Reyes tres semanas antes\u201d. El Finquero sigui\u00f3 en Apure, donde ten\u00eda importantes inversiones, se le menciona como pieza clave de negocios del narcotr\u00e1fico en la zona. Y entra en conflicto con Carrizalez.<\/span><\/p>\n<p><span style=\"color: #0000ff;\">En escena aparece el M\/G Esla\u00edn Mois\u00e9s Longa Tirado, que encabez\u00f3 el rescate a\u00e9reo de Ch\u00e1vez la madrugada del 14 de abril luego del Golpe del 11A 2002; el alto oficial fue de la REDI Los Llanos de 2012 a 2013. En abril del 2015, y ante se\u00f1alamientos hechos contra \u00e9l por Carrizalez, Longa reconoci\u00f3 su relaci\u00f3n con Reyes, a quien conoce en el 2011, cuando le solicitaron ayuda por la desaparici\u00f3n de una avioneta de El Gordo en el aeropuerto de Gu\u00e1rico. El periodista Miguel Cardoza public\u00f3 entonces que el oficial reconoci\u00f3 \u201cciertos tratos econ\u00f3micos entre ambos, pero no de grandes dimensiones, el mayor contacto era para usar el referido predio en la lucha contra el narcotr\u00e1fico\u201d, seg\u00fan Longa asegur\u00f3 a los medios.<\/span><\/p>\n<p><strong><span style=\"color: #0000ff;\">Caso de los drones<\/span><\/strong><\/p>\n<p><span style=\"color: #0000ff;\">El estado Apure es clave en lo que se refiere a la presencia de oficiales, entre esos generales, relacionados con due\u00f1os de fincas y riquezas que nadie sabe c\u00f3mo florecieron tanto. Reyes Gabriel Hern\u00e1ndez se relacion\u00f3 siempre con oficiales de alto rango, algunos de ellos por estrecha relaci\u00f3n de amistad y negocios.<\/span><\/p>\n<p><span style=\"color: #0000ff;\">Cuando ocurre el intento de magnicidio contra Nicol\u00e1s Maduro el 4 de agosto 2018, empez\u00f3 una cacer\u00eda contra oficiales de diverso grado militar a quienes los servicios de Inteligencia se\u00f1alaban de estar involucrados, tambi\u00e9n se aprovech\u00f3 de involucrar a figuras pol\u00edticas y militares inc\u00f3modas.<\/span><\/p>\n<p><span style=\"color: #0000ff;\">Un oficial, quien supuestamente iba a ser detenido por el caso, habr\u00eda sido ayudado por Hern\u00e1ndez para que huyera del pa\u00eds. Por esa raz\u00f3n lo detienen, lo imputan y lo env\u00edan a la DGCIM donde a\u00fan permanece. Lo resaltante es que le confiscan el millonario hato El Chaparralito, rico en pistas de aterrizaje para aeronaves donde, por cierto, seg\u00fan han narrado habitantes de Apure, \u201cEl Gordo hace fiestas con mujeres y exceso de todo, siendo las \u00faltimas para Francisco Flores. En ese grupo estaba Crist\u00f3bal Jim\u00e9nez y Nixon Espa\u00f1a que era de PDVSA\u201d.<\/span><\/p>\n<p><span style=\"color: #0000ff;\">Hay que destacar que El Gordo, apodo de antes que Hern\u00e1ndez se hiciera la manga g\u00e1strica, intent\u00f3 controlar el Partido Socialista Unido de Venezuela (PSUV) en Apure, pero tuvo mucha resistencia. \u201c\u00c9l es hablador, trata de hacer amigos y su personalidad no es hostil, pero es muy h\u00e1bil, env\u00eda regalos, halaga, hace y pide favores\u201d, lo describe un dirigente del chavismo.<\/span><\/p>\n<p><span style=\"color: #0000ff;\">Al final le quitaron El Chaparralito, otras fincas, algunos apartamentos y unos galpones en Valle de La Pascua. Le quedan importantes empresas en el exterior. Ya no viste un d\u00eda de un traje de marca y al d\u00eda siguiente de otra m\u00e1s costosa, tampoco hace lujosas fiestas con ex reinas de belleza, pero sigue siendo un privilegiado incluso en el infernal s\u00f3tano de la DGCIM, aunque sea para mentir\u00bb.<\/span><\/p>\n<p><strong>Pese a las denuncias de 2020 contra Reyes Gabriel Hern\u00e1ndez Gonz\u00e1lez, en columnas posteriores, la periodista Sebastiana Barr\u00e1ez se dedic\u00f3 a relatar el caso de supuesta \u00abpersecuci\u00f3n\u00bb en Venezuela contra Hern\u00e1ndez Gonz\u00e1lez, su abogado, el juez que lo liber\u00f3 y contra familiares de \u00abEl Finquero\u00bb, realiz\u00e1ndole, en fecha m\u00e1s reciente, una entrevista al tambi\u00e9n conocido como \u00abEl Gordo\u00bb.<\/strong><\/p>\n<div>\n<div style=\"left: 0; width: 100%; height: 0; position: relative; padding-bottom: 52.5%; padding-top: 120px;\"><iframe title=\"Guerra por la finca Chaparralito en Venezuela: el due\u00f1o fue torturado y su abogado y un juez est\u00e1n presos\" src=\"\/\/if-cdn.com\/6DvZZwi?maxheight=960&#038;app=1\" style=\"top: 0; left: 0; width: 100%; height: 100%; position: absolute; border: 0;\" allowfullscreen><\/iframe><\/div>\n<\/div>\n<p><script async src=\"\/\/if-cdn.com\/embed.js\" charset=\"utf-8\"><\/script><\/p>\n<div>\n<div style=\"left: 0; width: 100%; height: 0; position: relative; padding-bottom: 52.5%; padding-top: 120px;\"><iframe title=\"Un abogado relat\u00f3 ante la justicia c\u00f3mo la inteligencia chavista lo detuvo, lo tortur\u00f3 y lo encarcel\u00f3 por no entregar a su cliente\" src=\"\/\/if-cdn.com\/MwH0uzv?maxheight=960&#038;app=1\" style=\"top: 0; left: 0; width: 100%; height: 100%; position: absolute; border: 0;\" allowfullscreen><\/iframe><\/div>\n<\/div>\n<p><script async src=\"\/\/if-cdn.com\/embed.js\" charset=\"utf-8\"><\/script><\/p>\n<div>\n<div style=\"left: 0; width: 100%; height: 0; position: relative; padding-bottom: 52.5%; padding-top: 120px;\"><iframe title=\"La Direcci\u00f3n de Inteligencia en Apure detuvo a un detective que termin\u00f3 muerto: horas antes hab\u00eda advertido que tem\u00eda por su vida\" src=\"\/\/if-cdn.com\/AszwwDJ?maxheight=960&#038;app=1\" style=\"top: 0; left: 0; width: 100%; height: 100%; position: absolute; border: 0;\" allowfullscreen><\/iframe><\/div>\n<\/div>\n<p><script async src=\"\/\/if-cdn.com\/embed.js\" charset=\"utf-8\"><\/script><\/p>\n<div>\n<div style=\"left: 0; width: 100%; height: 0; position: relative; padding-bottom: 52.5%; padding-top: 120px;\"><iframe title=\"En la guerra por el poder judicial en Venezuela, liberaron en Apure a varios detenidos por narcotr\u00e1fico\" src=\"\/\/if-cdn.com\/9wqZcG1?maxheight=960&#038;app=1\" style=\"top: 0; left: 0; width: 100%; height: 100%; position: absolute; border: 0;\" allowfullscreen><\/iframe><\/div>\n<\/div>\n<p><script async src=\"\/\/if-cdn.com\/embed.js\" charset=\"utf-8\"><\/script><\/p>\n<div>\n<div style=\"left: 0; width: 100%; height: 0; position: relative; padding-bottom: 52.5%; padding-top: 120px;\"><iframe title=\"La nueva Polic\u00eda de Terrorismo venezolana arremeti\u00f3 contra la familia y vecinos de un finquero que denunci\u00f3 a Maduro ante la ONU\" src=\"\/\/if-cdn.com\/fC46bSz?maxheight=960&#038;app=1\" style=\"top: 0; left: 0; width: 100%; height: 100%; position: absolute; border: 0;\" allowfullscreen><\/iframe><\/div>\n<\/div>\n<p><script async src=\"\/\/if-cdn.com\/embed.js\" charset=\"utf-8\"><\/script><\/p>\n<div>\n<div style=\"left: 0; width: 100%; height: 0; position: relative; padding-bottom: 52.5%; padding-top: 120px;\"><iframe title=\"La escandalosa revelaci\u00f3n del due\u00f1o de una finca en Apure: \u201cDos jueces me pidieron medio mill\u00f3n de d\u00f3lares o me expropian el hato y no podr\u00e9 regresar a Venezuela\u201d\" src=\"\/\/if-cdn.com\/x9kvPhC?maxheight=960&#038;app=1\" style=\"top: 0; left: 0; width: 100%; height: 100%; position: absolute; border: 0;\" allowfullscreen><\/iframe><\/div>\n<\/div>\n<p><script async src=\"\/\/if-cdn.com\/embed.js\" charset=\"utf-8\"><\/script><\/p>\n<p>&nbsp;<\/p>\n","protected":false},"excerpt":{"rendered":"<p>Reyes Gabriel Hern\u00e1ndez Gonz\u00e1lez, alias \u00abEl Finquero\u00bb, es un venezolano que fue encarcelado en Venezuela por la Direcci\u00f3n General de Contrainteligencia Militar (DGCIM) y luego puesto en libertad por una controvertida sentencia judicial que llev\u00f3 a la c\u00e1rcel al juez y al abogado que lo defendieron. Su caso es famoso porque posee la finca El [&hellip;]<\/p>\n","protected":false},"author":1,"featured_media":3258,"comment_status":"open","ping_status":"open","sticky":false,"template":"","format":"standard","meta":{"h5ap_radio_sources":[],"footnotes":""},"categories":[9],"tags":[],"class_list":["post-3238","post","type-post","status-publish","format-standard","has-post-thumbnail","hentry","category-venezuela"],"aioseo_notices":[],"_links":{"self":[{"href":"https:\/\/www.ciudadgoticanews.com\/index.php\/wp-json\/wp\/v2\/posts\/3238","targetHints":{"allow":["GET"]}}],"collection":[{"href":"https:\/\/www.ciudadgoticanews.com\/index.php\/wp-json\/wp\/v2\/posts"}],"about":[{"href":"https:\/\/www.ciudadgoticanews.com\/index.php\/wp-json\/wp\/v2\/types\/post"}],"author":[{"embeddable":true,"href":"https:\/\/www.ciudadgoticanews.com\/index.php\/wp-json\/wp\/v2\/users\/1"}],"replies":[{"embeddable":true,"href":"https:\/\/www.ciudadgoticanews.com\/index.php\/wp-json\/wp\/v2\/comments?post=3238"}],"version-history":[{"count":0,"href":"https:\/\/www.ciudadgoticanews.com\/index.php\/wp-json\/wp\/v2\/posts\/3238\/revisions"}],"wp:featuredmedia":[{"embeddable":true,"href":"https:\/\/www.ciudadgoticanews.com\/index.php\/wp-json\/wp\/v2\/media\/3258"}],"wp:attachment":[{"href":"https:\/\/www.ciudadgoticanews.com\/index.php\/wp-json\/wp\/v2\/media?parent=3238"}],"wp:term":[{"taxonomy":"category","embeddable":true,"href":"https:\/\/www.ciudadgoticanews.com\/index.php\/wp-json\/wp\/v2\/categories?post=3238"},{"taxonomy":"post_tag","embeddable":true,"href":"https:\/\/www.ciudadgoticanews.com\/index.php\/wp-json\/wp\/v2\/tags?post=3238"}],"curies":[{"name":"wp","href":"https:\/\/api.w.org\/{rel}","templated":true}]}}