{"id":3287,"date":"2023-05-13T18:57:44","date_gmt":"2023-05-13T22:57:44","guid":{"rendered":"https:\/\/www.ciudadgoticanews.com\/?p=3287"},"modified":"2023-05-13T18:57:44","modified_gmt":"2023-05-13T22:57:44","slug":"corrupcion-y-lavado-de-dinero-tras-las-obras-que-danan-el-patrimonio-cultural-y-ambiental-de-lecheria-con-el-aval-del-alcalde-manuel-ferreira-y-que-favorecen-a-elias-koury-guevara-alejandro-ruiz-mazz","status":"publish","type":"post","link":"https:\/\/www.ciudadgoticanews.com\/index.php\/2023\/05\/13\/corrupcion-y-lavado-de-dinero-tras-las-obras-que-danan-el-patrimonio-cultural-y-ambiental-de-lecheria-con-el-aval-del-alcalde-manuel-ferreira-y-que-favorecen-a-elias-koury-guevara-alejandro-ruiz-mazz\/","title":{"rendered":"Corrupci\u00f3n y lavado de dinero tras las obras que da\u00f1an el patrimonio cultural y ambiental de Lecher\u00eda con el aval del alcalde Manuel Ferreira y que favorecen a El\u00edas Koury Guevara, Alejandro Ruiz Mazzeo, Rafael Ciarcia, Adolfo Calzadilla y a otros empresarios"},"content":{"rendered":"<p>El 10 de mayo de 2023, la periodista venezolana Patricia Poleo, exiliada en Estados Unidos, revel\u00f3 las construcciones ilegales que se est\u00e1n llevando a cabo en Lecher\u00eda, una ciudad ubicada en el estado Anzo\u00e1tegui, en Venezuela.<\/p>\n<p>Poleo record\u00f3 que en junio de 2022 hab\u00eda hecho una denuncia, basada en una investigaci\u00f3n sobre el matrimonio de Daniel Kurbaji, hijo de un contratista de Anzo\u00e1tegui. La boda se celebr\u00f3 en Canc\u00fan, M\u00e9xico y cost\u00f3 casi 800.000 d\u00f3lares. A la boda en Canc\u00fan asisti\u00f3 el alcalde de Lecher\u00eda, Manuel Ferreira, quien es l\u00edder del partido pol\u00edtico Fuerza Vecinal.<\/p>\n<p>Los invitados a la boda en Canc\u00fan viajaron en un avi\u00f3n de la aerol\u00ednea venezolana Conviasa alquilado por la familia del novio. El padre del entonces novio es Gabriel Kurbaji, quien fue Director de Turismo del estado Anzo\u00e1tegui.<\/p>\n<div id='gallery-1' class='gallery galleryid-3287 gallery-columns-1 gallery-size-full'><figure class='gallery-item'>\n\t\t\t<div class='gallery-icon landscape'>\n\t\t\t\t<a href='https:\/\/www.ciudadgoticanews.com\/wp-content\/uploads\/2023\/05\/Gabriel-Kurbaji_1.jpg'><img loading=\"lazy\" decoding=\"async\" width=\"1200\" height=\"600\" src=\"https:\/\/www.ciudadgoticanews.com\/wp-content\/uploads\/2023\/05\/Gabriel-Kurbaji_1.jpg\" class=\"attachment-full size-full\" alt=\"\" aria-describedby=\"gallery-1-3292\" srcset=\"https:\/\/www.ciudadgoticanews.com\/wp-content\/uploads\/2023\/05\/Gabriel-Kurbaji_1.jpg 1200w, https:\/\/www.ciudadgoticanews.com\/wp-content\/uploads\/2023\/05\/Gabriel-Kurbaji_1-300x150.jpg 300w, https:\/\/www.ciudadgoticanews.com\/wp-content\/uploads\/2023\/05\/Gabriel-Kurbaji_1-1024x512.jpg 1024w, https:\/\/www.ciudadgoticanews.com\/wp-content\/uploads\/2023\/05\/Gabriel-Kurbaji_1-768x384.jpg 768w\" sizes=\"auto, (max-width: 1200px) 100vw, 1200px\" \/><\/a>\n\t\t\t<\/div>\n\t\t\t\t<figcaption class='wp-caption-text gallery-caption' id='gallery-1-3292'>\n\t\t\t\tGabriel Kurbaji\n\t\t\t\t<\/figcaption><\/figure>\n\t\t<\/div>\n\n<p>Los invitados se hospedaron, con todos los gastos cubiertos, en un hotel, donde los hombres participaron de una cata de tequila, actividad en la que tambi\u00e9n estuvieron presentes el alcalde de Lecher\u00eda Manuel Ferreira y Rafael Ciarcia, exdue\u00f1o de la aerol\u00ednea Avior y financista de Gabriel Kurbaji.<\/p>\n<div id='gallery-2' class='gallery galleryid-3287 gallery-columns-1 gallery-size-full'><figure class='gallery-item'>\n\t\t\t<div class='gallery-icon landscape'>\n\t\t\t\t<a href='https:\/\/www.ciudadgoticanews.com\/wp-content\/uploads\/2023\/05\/Manuel-Ferreira6_1.jpg'><img loading=\"lazy\" decoding=\"async\" width=\"1200\" height=\"600\" src=\"https:\/\/www.ciudadgoticanews.com\/wp-content\/uploads\/2023\/05\/Manuel-Ferreira6_1.jpg\" class=\"attachment-full size-full\" alt=\"\" aria-describedby=\"gallery-2-3295\" srcset=\"https:\/\/www.ciudadgoticanews.com\/wp-content\/uploads\/2023\/05\/Manuel-Ferreira6_1.jpg 1200w, https:\/\/www.ciudadgoticanews.com\/wp-content\/uploads\/2023\/05\/Manuel-Ferreira6_1-300x150.jpg 300w, https:\/\/www.ciudadgoticanews.com\/wp-content\/uploads\/2023\/05\/Manuel-Ferreira6_1-1024x512.jpg 1024w, https:\/\/www.ciudadgoticanews.com\/wp-content\/uploads\/2023\/05\/Manuel-Ferreira6_1-768x384.jpg 768w\" sizes=\"auto, (max-width: 1200px) 100vw, 1200px\" \/><\/a>\n\t\t\t<\/div>\n\t\t\t\t<figcaption class='wp-caption-text gallery-caption' id='gallery-2-3295'>\n\t\t\t\tManuel Ferreira\n\t\t\t\t<\/figcaption><\/figure><figure class='gallery-item'>\n\t\t\t<div class='gallery-icon landscape'>\n\t\t\t\t<a href='https:\/\/www.ciudadgoticanews.com\/wp-content\/uploads\/2023\/05\/Rafael-Ciarcia-1_1.jpg'><img loading=\"lazy\" decoding=\"async\" width=\"1200\" height=\"900\" src=\"https:\/\/www.ciudadgoticanews.com\/wp-content\/uploads\/2023\/05\/Rafael-Ciarcia-1_1.jpg\" class=\"attachment-full size-full\" alt=\"\" aria-describedby=\"gallery-2-3297\" srcset=\"https:\/\/www.ciudadgoticanews.com\/wp-content\/uploads\/2023\/05\/Rafael-Ciarcia-1_1.jpg 1200w, https:\/\/www.ciudadgoticanews.com\/wp-content\/uploads\/2023\/05\/Rafael-Ciarcia-1_1-300x225.jpg 300w, https:\/\/www.ciudadgoticanews.com\/wp-content\/uploads\/2023\/05\/Rafael-Ciarcia-1_1-1024x768.jpg 1024w, https:\/\/www.ciudadgoticanews.com\/wp-content\/uploads\/2023\/05\/Rafael-Ciarcia-1_1-768x576.jpg 768w\" sizes=\"auto, (max-width: 1200px) 100vw, 1200px\" \/><\/a>\n\t\t\t<\/div>\n\t\t\t\t<figcaption class='wp-caption-text gallery-caption' id='gallery-2-3297'>\n\t\t\t\tNelson Bustamante Abidar y Rafael Ciarcia\n\t\t\t\t<\/figcaption><\/figure><figure class='gallery-item'>\n\t\t\t<div class='gallery-icon landscape'>\n\t\t\t\t<a href='https:\/\/www.ciudadgoticanews.com\/wp-content\/uploads\/2023\/05\/Rafael-Ciarcia-2_2.jpg'><img loading=\"lazy\" decoding=\"async\" width=\"1200\" height=\"805\" src=\"https:\/\/www.ciudadgoticanews.com\/wp-content\/uploads\/2023\/05\/Rafael-Ciarcia-2_2.jpg\" class=\"attachment-full size-full\" alt=\"\" aria-describedby=\"gallery-2-3298\" srcset=\"https:\/\/www.ciudadgoticanews.com\/wp-content\/uploads\/2023\/05\/Rafael-Ciarcia-2_2.jpg 1200w, https:\/\/www.ciudadgoticanews.com\/wp-content\/uploads\/2023\/05\/Rafael-Ciarcia-2_2-300x201.jpg 300w, https:\/\/www.ciudadgoticanews.com\/wp-content\/uploads\/2023\/05\/Rafael-Ciarcia-2_2-1024x687.jpg 1024w, https:\/\/www.ciudadgoticanews.com\/wp-content\/uploads\/2023\/05\/Rafael-Ciarcia-2_2-768x515.jpg 768w\" sizes=\"auto, (max-width: 1200px) 100vw, 1200px\" \/><\/a>\n\t\t\t<\/div>\n\t\t\t\t<figcaption class='wp-caption-text gallery-caption' id='gallery-2-3298'>\n\t\t\t\tRafael Ciarcia\n\t\t\t\t<\/figcaption><\/figure>\n\t\t<\/div>\n\n<p>Poleo expuso varios casos de corrupci\u00f3n, que han sido denunciados en Venezuela ante la fiscal\u00eda del Ministerio P\u00fablico, en los que se presume la responsabilidad del alcalde Manuel Ferreira. La periodista indic\u00f3 que se trata de casos que ocultan de alg\u00fan modo tambi\u00e9n el lavado de dinero.<\/p>\n<p>El primer caso expuesto por Poleo es el de la aprobaci\u00f3n ilegal del cr\u00e9dito adicional 007\/2.021 por la C\u00e1mara Municipal de Lecher\u00eda, por un monto de 13.9 billones de bol\u00edvares (aproximadamente 3.359.148,40 de d\u00f3lares) sin contar con los soportes financieros y sin cumplir con los tr\u00e1mites que exige la Ley. El caso tiene denuncia ante la Fiscal\u00eda del Ministerio P\u00fablico en el estado Anzo\u00e1tegui, expediente F5- MP-121240-22.<\/p>\n<p><a href=\"https:\/\/www.ciudadgoticanews.com\/wp-content\/uploads\/2023\/05\/caso-1_1.jpg\"><img loading=\"lazy\" decoding=\"async\" class=\"aligncenter size-full wp-image-3310\" src=\"https:\/\/www.ciudadgoticanews.com\/wp-content\/uploads\/2023\/05\/caso-1_1.jpg\" alt=\"\" width=\"1200\" height=\"669\" srcset=\"https:\/\/www.ciudadgoticanews.com\/wp-content\/uploads\/2023\/05\/caso-1_1.jpg 1200w, https:\/\/www.ciudadgoticanews.com\/wp-content\/uploads\/2023\/05\/caso-1_1-300x167.jpg 300w, https:\/\/www.ciudadgoticanews.com\/wp-content\/uploads\/2023\/05\/caso-1_1-1024x571.jpg 1024w, https:\/\/www.ciudadgoticanews.com\/wp-content\/uploads\/2023\/05\/caso-1_1-768x428.jpg 768w\" sizes=\"auto, (max-width: 1200px) 100vw, 1200px\" \/><\/a><\/p>\n<p>El segundo caso expuesto por Poleo es el referido a la construcci\u00f3n de \u00abEl Castillo de Las Telas\u00bb, en parcela contigua al Museo Dimitrios Demu. Se anexaron ilegalmente y le causaron da\u00f1os al museo, obligando a los vecinos a acudir a las instituciones legales las cuales ordenaron demoler el tercer piso por ilegal y todav\u00eda hay violaciones urban\u00edsticas ante la complicidad de la Direcci\u00f3n de Urbanismo y del alcalde. Por el caso hay un expediente en la fiscal\u00eda de Anzo\u00e1tegui bajo el n\u00famero F2- MP- 104.828-2022, mientras que en el Tribunal 3ro. en lo Civil de Anzo\u00e1tegui se encuentra el expediente no. BP02-V- 2022-008347 por el mismo caso.<\/p>\n<p>Poleo mostr\u00f3 im\u00e1genes de c\u00f3mo la construcci\u00f3n de \u00abEl Castillo de Las Telas\u00bb, ha afectado la estructura f\u00edsica del Museo Dimitrios Demu, lo cual ha generado protestas por parte de usuarios del museo.<\/p>\n<div id='gallery-3' class='gallery galleryid-3287 gallery-columns-1 gallery-size-full'><figure class='gallery-item'>\n\t\t\t<div class='gallery-icon landscape'>\n\t\t\t\t<a href='https:\/\/www.ciudadgoticanews.com\/wp-content\/uploads\/2023\/05\/Museo-Dimitrios-Demu-1_1.jpg'><img loading=\"lazy\" decoding=\"async\" width=\"1200\" height=\"847\" src=\"https:\/\/www.ciudadgoticanews.com\/wp-content\/uploads\/2023\/05\/Museo-Dimitrios-Demu-1_1.jpg\" class=\"attachment-full size-full\" alt=\"\" srcset=\"https:\/\/www.ciudadgoticanews.com\/wp-content\/uploads\/2023\/05\/Museo-Dimitrios-Demu-1_1.jpg 1200w, https:\/\/www.ciudadgoticanews.com\/wp-content\/uploads\/2023\/05\/Museo-Dimitrios-Demu-1_1-300x212.jpg 300w, https:\/\/www.ciudadgoticanews.com\/wp-content\/uploads\/2023\/05\/Museo-Dimitrios-Demu-1_1-1024x723.jpg 1024w, https:\/\/www.ciudadgoticanews.com\/wp-content\/uploads\/2023\/05\/Museo-Dimitrios-Demu-1_1-768x542.jpg 768w\" sizes=\"auto, (max-width: 1200px) 100vw, 1200px\" \/><\/a>\n\t\t\t<\/div><\/figure><figure class='gallery-item'>\n\t\t\t<div class='gallery-icon portrait'>\n\t\t\t\t<a href='https:\/\/www.ciudadgoticanews.com\/wp-content\/uploads\/2023\/05\/Museo-Dimitrios-Demu-2_2.jpg'><img loading=\"lazy\" decoding=\"async\" width=\"1200\" height=\"1203\" src=\"https:\/\/www.ciudadgoticanews.com\/wp-content\/uploads\/2023\/05\/Museo-Dimitrios-Demu-2_2.jpg\" class=\"attachment-full size-full\" alt=\"\" srcset=\"https:\/\/www.ciudadgoticanews.com\/wp-content\/uploads\/2023\/05\/Museo-Dimitrios-Demu-2_2.jpg 1200w, https:\/\/www.ciudadgoticanews.com\/wp-content\/uploads\/2023\/05\/Museo-Dimitrios-Demu-2_2-300x300.jpg 300w, https:\/\/www.ciudadgoticanews.com\/wp-content\/uploads\/2023\/05\/Museo-Dimitrios-Demu-2_2-1021x1024.jpg 1021w, https:\/\/www.ciudadgoticanews.com\/wp-content\/uploads\/2023\/05\/Museo-Dimitrios-Demu-2_2-150x150.jpg 150w, https:\/\/www.ciudadgoticanews.com\/wp-content\/uploads\/2023\/05\/Museo-Dimitrios-Demu-2_2-768x770.jpg 768w\" sizes=\"auto, (max-width: 1200px) 100vw, 1200px\" \/><\/a>\n\t\t\t<\/div><\/figure><figure class='gallery-item'>\n\t\t\t<div class='gallery-icon landscape'>\n\t\t\t\t<a href='https:\/\/www.ciudadgoticanews.com\/wp-content\/uploads\/2023\/05\/Museo-Dimitrios-Demu-3_3.jpg'><img loading=\"lazy\" decoding=\"async\" width=\"1200\" height=\"689\" src=\"https:\/\/www.ciudadgoticanews.com\/wp-content\/uploads\/2023\/05\/Museo-Dimitrios-Demu-3_3.jpg\" class=\"attachment-full size-full\" alt=\"\" srcset=\"https:\/\/www.ciudadgoticanews.com\/wp-content\/uploads\/2023\/05\/Museo-Dimitrios-Demu-3_3.jpg 1200w, https:\/\/www.ciudadgoticanews.com\/wp-content\/uploads\/2023\/05\/Museo-Dimitrios-Demu-3_3-300x172.jpg 300w, https:\/\/www.ciudadgoticanews.com\/wp-content\/uploads\/2023\/05\/Museo-Dimitrios-Demu-3_3-1024x588.jpg 1024w, https:\/\/www.ciudadgoticanews.com\/wp-content\/uploads\/2023\/05\/Museo-Dimitrios-Demu-3_3-768x441.jpg 768w\" sizes=\"auto, (max-width: 1200px) 100vw, 1200px\" \/><\/a>\n\t\t\t<\/div><\/figure><figure class='gallery-item'>\n\t\t\t<div class='gallery-icon landscape'>\n\t\t\t\t<a href='https:\/\/www.ciudadgoticanews.com\/wp-content\/uploads\/2023\/05\/Museo-Dimitrios-Demu-4_4.jpg'><img loading=\"lazy\" decoding=\"async\" width=\"1200\" height=\"671\" src=\"https:\/\/www.ciudadgoticanews.com\/wp-content\/uploads\/2023\/05\/Museo-Dimitrios-Demu-4_4.jpg\" class=\"attachment-full size-full\" alt=\"\" srcset=\"https:\/\/www.ciudadgoticanews.com\/wp-content\/uploads\/2023\/05\/Museo-Dimitrios-Demu-4_4.jpg 1200w, https:\/\/www.ciudadgoticanews.com\/wp-content\/uploads\/2023\/05\/Museo-Dimitrios-Demu-4_4-300x168.jpg 300w, https:\/\/www.ciudadgoticanews.com\/wp-content\/uploads\/2023\/05\/Museo-Dimitrios-Demu-4_4-1024x573.jpg 1024w, https:\/\/www.ciudadgoticanews.com\/wp-content\/uploads\/2023\/05\/Museo-Dimitrios-Demu-4_4-768x429.jpg 768w\" sizes=\"auto, (max-width: 1200px) 100vw, 1200px\" \/><\/a>\n\t\t\t<\/div><\/figure><figure class='gallery-item'>\n\t\t\t<div class='gallery-icon landscape'>\n\t\t\t\t<a href='https:\/\/www.ciudadgoticanews.com\/wp-content\/uploads\/2023\/05\/Museo-Dimitrios-Demu-5_5.jpg'><img loading=\"lazy\" decoding=\"async\" width=\"1200\" height=\"669\" src=\"https:\/\/www.ciudadgoticanews.com\/wp-content\/uploads\/2023\/05\/Museo-Dimitrios-Demu-5_5.jpg\" class=\"attachment-full size-full\" alt=\"\" srcset=\"https:\/\/www.ciudadgoticanews.com\/wp-content\/uploads\/2023\/05\/Museo-Dimitrios-Demu-5_5.jpg 1200w, https:\/\/www.ciudadgoticanews.com\/wp-content\/uploads\/2023\/05\/Museo-Dimitrios-Demu-5_5-300x167.jpg 300w, https:\/\/www.ciudadgoticanews.com\/wp-content\/uploads\/2023\/05\/Museo-Dimitrios-Demu-5_5-1024x571.jpg 1024w, https:\/\/www.ciudadgoticanews.com\/wp-content\/uploads\/2023\/05\/Museo-Dimitrios-Demu-5_5-768x428.jpg 768w\" sizes=\"auto, (max-width: 1200px) 100vw, 1200px\" \/><\/a>\n\t\t\t<\/div><\/figure><figure class='gallery-item'>\n\t\t\t<div class='gallery-icon landscape'>\n\t\t\t\t<a href='https:\/\/www.ciudadgoticanews.com\/wp-content\/uploads\/2023\/05\/Museo-Dimitrios-Demu-6_6.jpg'><img loading=\"lazy\" decoding=\"async\" width=\"1200\" height=\"678\" src=\"https:\/\/www.ciudadgoticanews.com\/wp-content\/uploads\/2023\/05\/Museo-Dimitrios-Demu-6_6.jpg\" class=\"attachment-full size-full\" alt=\"\" srcset=\"https:\/\/www.ciudadgoticanews.com\/wp-content\/uploads\/2023\/05\/Museo-Dimitrios-Demu-6_6.jpg 1200w, https:\/\/www.ciudadgoticanews.com\/wp-content\/uploads\/2023\/05\/Museo-Dimitrios-Demu-6_6-300x170.jpg 300w, https:\/\/www.ciudadgoticanews.com\/wp-content\/uploads\/2023\/05\/Museo-Dimitrios-Demu-6_6-1024x579.jpg 1024w, https:\/\/www.ciudadgoticanews.com\/wp-content\/uploads\/2023\/05\/Museo-Dimitrios-Demu-6_6-768x434.jpg 768w\" sizes=\"auto, (max-width: 1200px) 100vw, 1200px\" \/><\/a>\n\t\t\t<\/div><\/figure><figure class='gallery-item'>\n\t\t\t<div class='gallery-icon landscape'>\n\t\t\t\t<a href='https:\/\/www.ciudadgoticanews.com\/wp-content\/uploads\/2023\/05\/Museo-Dimitrios-Demu-7_7.jpg'><img loading=\"lazy\" decoding=\"async\" width=\"1200\" height=\"769\" src=\"https:\/\/www.ciudadgoticanews.com\/wp-content\/uploads\/2023\/05\/Museo-Dimitrios-Demu-7_7.jpg\" class=\"attachment-full size-full\" alt=\"\" srcset=\"https:\/\/www.ciudadgoticanews.com\/wp-content\/uploads\/2023\/05\/Museo-Dimitrios-Demu-7_7.jpg 1200w, https:\/\/www.ciudadgoticanews.com\/wp-content\/uploads\/2023\/05\/Museo-Dimitrios-Demu-7_7-300x192.jpg 300w, https:\/\/www.ciudadgoticanews.com\/wp-content\/uploads\/2023\/05\/Museo-Dimitrios-Demu-7_7-1024x656.jpg 1024w, https:\/\/www.ciudadgoticanews.com\/wp-content\/uploads\/2023\/05\/Museo-Dimitrios-Demu-7_7-768x492.jpg 768w\" sizes=\"auto, (max-width: 1200px) 100vw, 1200px\" \/><\/a>\n\t\t\t<\/div><\/figure><figure class='gallery-item'>\n\t\t\t<div class='gallery-icon landscape'>\n\t\t\t\t<a href='https:\/\/www.ciudadgoticanews.com\/wp-content\/uploads\/2023\/05\/Museo-Dimitrios-Demu-8_8.jpg'><img loading=\"lazy\" decoding=\"async\" width=\"1200\" height=\"571\" src=\"https:\/\/www.ciudadgoticanews.com\/wp-content\/uploads\/2023\/05\/Museo-Dimitrios-Demu-8_8.jpg\" class=\"attachment-full size-full\" alt=\"\" srcset=\"https:\/\/www.ciudadgoticanews.com\/wp-content\/uploads\/2023\/05\/Museo-Dimitrios-Demu-8_8.jpg 1200w, https:\/\/www.ciudadgoticanews.com\/wp-content\/uploads\/2023\/05\/Museo-Dimitrios-Demu-8_8-300x143.jpg 300w, https:\/\/www.ciudadgoticanews.com\/wp-content\/uploads\/2023\/05\/Museo-Dimitrios-Demu-8_8-1024x487.jpg 1024w, https:\/\/www.ciudadgoticanews.com\/wp-content\/uploads\/2023\/05\/Museo-Dimitrios-Demu-8_8-768x365.jpg 768w\" sizes=\"auto, (max-width: 1200px) 100vw, 1200px\" \/><\/a>\n\t\t\t<\/div><\/figure><figure class='gallery-item'>\n\t\t\t<div class='gallery-icon landscape'>\n\t\t\t\t<a href='https:\/\/www.ciudadgoticanews.com\/wp-content\/uploads\/2023\/05\/Museo-Dimitrios-Demu-9_9.jpg'><img loading=\"lazy\" decoding=\"async\" width=\"1200\" height=\"716\" src=\"https:\/\/www.ciudadgoticanews.com\/wp-content\/uploads\/2023\/05\/Museo-Dimitrios-Demu-9_9.jpg\" class=\"attachment-full size-full\" alt=\"\" srcset=\"https:\/\/www.ciudadgoticanews.com\/wp-content\/uploads\/2023\/05\/Museo-Dimitrios-Demu-9_9.jpg 1200w, https:\/\/www.ciudadgoticanews.com\/wp-content\/uploads\/2023\/05\/Museo-Dimitrios-Demu-9_9-300x179.jpg 300w, https:\/\/www.ciudadgoticanews.com\/wp-content\/uploads\/2023\/05\/Museo-Dimitrios-Demu-9_9-1024x611.jpg 1024w, https:\/\/www.ciudadgoticanews.com\/wp-content\/uploads\/2023\/05\/Museo-Dimitrios-Demu-9_9-768x458.jpg 768w\" sizes=\"auto, (max-width: 1200px) 100vw, 1200px\" \/><\/a>\n\t\t\t<\/div><\/figure>\n\t\t<\/div>\n\n<p>El tercer caso expuesto por Poleo es el de las violaciones urban\u00edsticas en la construcci\u00f3n del Supermercado R\u00edo en el Centro Comercial Plaza Mayor, donde se violan las variables urbanas al permitir que le quiten m\u00e1s de 2.500 m2 de construcci\u00f3n sobre el \u00e1rea de retiro de la parcela, en una vialidad principal sin canal de desaceleraci\u00f3n en frente de un sem\u00e1foro. El alcalde se ha negado a presentar los permisos que otorg\u00f3, lo que ha obligado a la Asociaci\u00f3n de Propietarios del Complejo Tur\u00edstico El Morro a demandar ante el Tribunal Contencioso Administrativo del estado Anzo\u00e1tegui la nulidad de los permisos, seg\u00fan el expediente BP02 &#8211; G-2022-000001.<\/p>\n<p>En im\u00e1genes mostradas por la periodista Se observa que la construcci\u00f3n del Supermercado R\u00edo en el Centro Comercial Plaza Mayor, pr\u00e1cticamente no cuenta con retiro, con respecto a la vialidad principal.<\/p>\n<div id='gallery-4' class='gallery galleryid-3287 gallery-columns-1 gallery-size-full'><figure class='gallery-item'>\n\t\t\t<div class='gallery-icon landscape'>\n\t\t\t\t<a href='https:\/\/www.ciudadgoticanews.com\/wp-content\/uploads\/2023\/05\/caso-3_1.jpg'><img loading=\"lazy\" decoding=\"async\" width=\"1200\" height=\"837\" src=\"https:\/\/www.ciudadgoticanews.com\/wp-content\/uploads\/2023\/05\/caso-3_1.jpg\" class=\"attachment-full size-full\" alt=\"\" srcset=\"https:\/\/www.ciudadgoticanews.com\/wp-content\/uploads\/2023\/05\/caso-3_1.jpg 1200w, https:\/\/www.ciudadgoticanews.com\/wp-content\/uploads\/2023\/05\/caso-3_1-300x209.jpg 300w, https:\/\/www.ciudadgoticanews.com\/wp-content\/uploads\/2023\/05\/caso-3_1-1024x714.jpg 1024w, https:\/\/www.ciudadgoticanews.com\/wp-content\/uploads\/2023\/05\/caso-3_1-768x536.jpg 768w\" sizes=\"auto, (max-width: 1200px) 100vw, 1200px\" \/><\/a>\n\t\t\t<\/div><\/figure><figure class='gallery-item'>\n\t\t\t<div class='gallery-icon landscape'>\n\t\t\t\t<a href='https:\/\/www.ciudadgoticanews.com\/wp-content\/uploads\/2023\/05\/Caso-Centro-Comercial-Plaza-Mayor-1_1.jpg'><img loading=\"lazy\" decoding=\"async\" width=\"1200\" height=\"705\" src=\"https:\/\/www.ciudadgoticanews.com\/wp-content\/uploads\/2023\/05\/Caso-Centro-Comercial-Plaza-Mayor-1_1.jpg\" class=\"attachment-full size-full\" alt=\"\" srcset=\"https:\/\/www.ciudadgoticanews.com\/wp-content\/uploads\/2023\/05\/Caso-Centro-Comercial-Plaza-Mayor-1_1.jpg 1200w, https:\/\/www.ciudadgoticanews.com\/wp-content\/uploads\/2023\/05\/Caso-Centro-Comercial-Plaza-Mayor-1_1-300x176.jpg 300w, https:\/\/www.ciudadgoticanews.com\/wp-content\/uploads\/2023\/05\/Caso-Centro-Comercial-Plaza-Mayor-1_1-1024x602.jpg 1024w, https:\/\/www.ciudadgoticanews.com\/wp-content\/uploads\/2023\/05\/Caso-Centro-Comercial-Plaza-Mayor-1_1-768x451.jpg 768w\" sizes=\"auto, (max-width: 1200px) 100vw, 1200px\" \/><\/a>\n\t\t\t<\/div><\/figure><figure class='gallery-item'>\n\t\t\t<div class='gallery-icon landscape'>\n\t\t\t\t<a href='https:\/\/www.ciudadgoticanews.com\/wp-content\/uploads\/2023\/05\/Caso-Centro-Comercial-Plaza-Mayor-2_2.jpg'><img loading=\"lazy\" decoding=\"async\" width=\"1200\" height=\"701\" src=\"https:\/\/www.ciudadgoticanews.com\/wp-content\/uploads\/2023\/05\/Caso-Centro-Comercial-Plaza-Mayor-2_2.jpg\" class=\"attachment-full size-full\" alt=\"\" srcset=\"https:\/\/www.ciudadgoticanews.com\/wp-content\/uploads\/2023\/05\/Caso-Centro-Comercial-Plaza-Mayor-2_2.jpg 1200w, https:\/\/www.ciudadgoticanews.com\/wp-content\/uploads\/2023\/05\/Caso-Centro-Comercial-Plaza-Mayor-2_2-300x175.jpg 300w, https:\/\/www.ciudadgoticanews.com\/wp-content\/uploads\/2023\/05\/Caso-Centro-Comercial-Plaza-Mayor-2_2-1024x598.jpg 1024w, https:\/\/www.ciudadgoticanews.com\/wp-content\/uploads\/2023\/05\/Caso-Centro-Comercial-Plaza-Mayor-2_2-768x449.jpg 768w\" sizes=\"auto, (max-width: 1200px) 100vw, 1200px\" \/><\/a>\n\t\t\t<\/div><\/figure><figure class='gallery-item'>\n\t\t\t<div class='gallery-icon landscape'>\n\t\t\t\t<a href='https:\/\/www.ciudadgoticanews.com\/wp-content\/uploads\/2023\/05\/Caso-Centro-Comercial-Plaza-Mayor-3_3.jpg'><img loading=\"lazy\" decoding=\"async\" width=\"1200\" height=\"653\" src=\"https:\/\/www.ciudadgoticanews.com\/wp-content\/uploads\/2023\/05\/Caso-Centro-Comercial-Plaza-Mayor-3_3.jpg\" class=\"attachment-full size-full\" alt=\"\" srcset=\"https:\/\/www.ciudadgoticanews.com\/wp-content\/uploads\/2023\/05\/Caso-Centro-Comercial-Plaza-Mayor-3_3.jpg 1200w, https:\/\/www.ciudadgoticanews.com\/wp-content\/uploads\/2023\/05\/Caso-Centro-Comercial-Plaza-Mayor-3_3-300x163.jpg 300w, https:\/\/www.ciudadgoticanews.com\/wp-content\/uploads\/2023\/05\/Caso-Centro-Comercial-Plaza-Mayor-3_3-1024x557.jpg 1024w, https:\/\/www.ciudadgoticanews.com\/wp-content\/uploads\/2023\/05\/Caso-Centro-Comercial-Plaza-Mayor-3_3-768x418.jpg 768w\" sizes=\"auto, (max-width: 1200px) 100vw, 1200px\" \/><\/a>\n\t\t\t<\/div><\/figure><figure class='gallery-item'>\n\t\t\t<div class='gallery-icon landscape'>\n\t\t\t\t<a href='https:\/\/www.ciudadgoticanews.com\/wp-content\/uploads\/2023\/05\/Caso-Centro-Comercial-Plaza-Mayor-4_4.jpg'><img loading=\"lazy\" decoding=\"async\" width=\"1200\" height=\"881\" src=\"https:\/\/www.ciudadgoticanews.com\/wp-content\/uploads\/2023\/05\/Caso-Centro-Comercial-Plaza-Mayor-4_4.jpg\" class=\"attachment-full size-full\" alt=\"\" srcset=\"https:\/\/www.ciudadgoticanews.com\/wp-content\/uploads\/2023\/05\/Caso-Centro-Comercial-Plaza-Mayor-4_4.jpg 1200w, https:\/\/www.ciudadgoticanews.com\/wp-content\/uploads\/2023\/05\/Caso-Centro-Comercial-Plaza-Mayor-4_4-300x220.jpg 300w, https:\/\/www.ciudadgoticanews.com\/wp-content\/uploads\/2023\/05\/Caso-Centro-Comercial-Plaza-Mayor-4_4-1024x752.jpg 1024w, https:\/\/www.ciudadgoticanews.com\/wp-content\/uploads\/2023\/05\/Caso-Centro-Comercial-Plaza-Mayor-4_4-768x564.jpg 768w\" sizes=\"auto, (max-width: 1200px) 100vw, 1200px\" \/><\/a>\n\t\t\t<\/div><\/figure><figure class='gallery-item'>\n\t\t\t<div class='gallery-icon landscape'>\n\t\t\t\t<a href='https:\/\/www.ciudadgoticanews.com\/wp-content\/uploads\/2023\/05\/Caso-Centro-Comercial-Plaza-Mayor-5_5.jpg'><img loading=\"lazy\" decoding=\"async\" width=\"1200\" height=\"691\" src=\"https:\/\/www.ciudadgoticanews.com\/wp-content\/uploads\/2023\/05\/Caso-Centro-Comercial-Plaza-Mayor-5_5.jpg\" class=\"attachment-full size-full\" alt=\"\" srcset=\"https:\/\/www.ciudadgoticanews.com\/wp-content\/uploads\/2023\/05\/Caso-Centro-Comercial-Plaza-Mayor-5_5.jpg 1200w, https:\/\/www.ciudadgoticanews.com\/wp-content\/uploads\/2023\/05\/Caso-Centro-Comercial-Plaza-Mayor-5_5-300x173.jpg 300w, https:\/\/www.ciudadgoticanews.com\/wp-content\/uploads\/2023\/05\/Caso-Centro-Comercial-Plaza-Mayor-5_5-1024x590.jpg 1024w, https:\/\/www.ciudadgoticanews.com\/wp-content\/uploads\/2023\/05\/Caso-Centro-Comercial-Plaza-Mayor-5_5-768x442.jpg 768w\" sizes=\"auto, (max-width: 1200px) 100vw, 1200px\" \/><\/a>\n\t\t\t<\/div><\/figure><figure class='gallery-item'>\n\t\t\t<div class='gallery-icon landscape'>\n\t\t\t\t<a href='https:\/\/www.ciudadgoticanews.com\/wp-content\/uploads\/2023\/05\/Caso-Centro-Comercial-Plaza-Mayor-70_1.jpg'><img loading=\"lazy\" decoding=\"async\" width=\"1200\" height=\"898\" src=\"https:\/\/www.ciudadgoticanews.com\/wp-content\/uploads\/2023\/05\/Caso-Centro-Comercial-Plaza-Mayor-70_1.jpg\" class=\"attachment-full size-full\" alt=\"\" srcset=\"https:\/\/www.ciudadgoticanews.com\/wp-content\/uploads\/2023\/05\/Caso-Centro-Comercial-Plaza-Mayor-70_1.jpg 1200w, https:\/\/www.ciudadgoticanews.com\/wp-content\/uploads\/2023\/05\/Caso-Centro-Comercial-Plaza-Mayor-70_1-300x225.jpg 300w, https:\/\/www.ciudadgoticanews.com\/wp-content\/uploads\/2023\/05\/Caso-Centro-Comercial-Plaza-Mayor-70_1-1024x766.jpg 1024w, https:\/\/www.ciudadgoticanews.com\/wp-content\/uploads\/2023\/05\/Caso-Centro-Comercial-Plaza-Mayor-70_1-768x575.jpg 768w\" sizes=\"auto, (max-width: 1200px) 100vw, 1200px\" \/><\/a>\n\t\t\t<\/div><\/figure>\n\t\t<\/div>\n\n<p>&nbsp;<\/p>\n<p>El cuarto caso presentado por Poleo es el de la construcci\u00f3n, con la complicidad del alcalde y la administraci\u00f3n municipal, de un local comercial sobre el lecho marino sin cumplir con los requisitos de ley (propiedad, retiros, estacionamientos, etc). Poleo se\u00f1al\u00f3 que detr\u00e1s de esa construcci\u00f3n se encuentran los ciudadanos El\u00edas Ram\u00f3n Koury Guevara, Alejandro Ruiz Mazzeo, Rafael Ciarcia y Adolfo Calzadilla.<\/p>\n<div id='gallery-5' class='gallery galleryid-3287 gallery-columns-1 gallery-size-full'><figure class='gallery-item'>\n\t\t\t<div class='gallery-icon landscape'>\n\t\t\t\t<a href='https:\/\/www.ciudadgoticanews.com\/wp-content\/uploads\/2023\/05\/Elias-Ramon-Koury-Guevara-Alejandro-Ruiz-Mazzeo_1.jpg'><img loading=\"lazy\" decoding=\"async\" width=\"1200\" height=\"600\" src=\"https:\/\/www.ciudadgoticanews.com\/wp-content\/uploads\/2023\/05\/Elias-Ramon-Koury-Guevara-Alejandro-Ruiz-Mazzeo_1.jpg\" class=\"attachment-full size-full\" alt=\"\" aria-describedby=\"gallery-5-3339\" srcset=\"https:\/\/www.ciudadgoticanews.com\/wp-content\/uploads\/2023\/05\/Elias-Ramon-Koury-Guevara-Alejandro-Ruiz-Mazzeo_1.jpg 1200w, https:\/\/www.ciudadgoticanews.com\/wp-content\/uploads\/2023\/05\/Elias-Ramon-Koury-Guevara-Alejandro-Ruiz-Mazzeo_1-300x150.jpg 300w, https:\/\/www.ciudadgoticanews.com\/wp-content\/uploads\/2023\/05\/Elias-Ramon-Koury-Guevara-Alejandro-Ruiz-Mazzeo_1-1024x512.jpg 1024w, https:\/\/www.ciudadgoticanews.com\/wp-content\/uploads\/2023\/05\/Elias-Ramon-Koury-Guevara-Alejandro-Ruiz-Mazzeo_1-768x384.jpg 768w\" sizes=\"auto, (max-width: 1200px) 100vw, 1200px\" \/><\/a>\n\t\t\t<\/div>\n\t\t\t\t<figcaption class='wp-caption-text gallery-caption' id='gallery-5-3339'>\n\t\t\t\tSupuestas im\u00e1genes de El\u00edas Ram\u00f3n Koury Guevara y Alejandro Ruiz Mazzeo en Internet\n\t\t\t\t<\/figcaption><\/figure><figure class='gallery-item'>\n\t\t\t<div class='gallery-icon landscape'>\n\t\t\t\t<a href='https:\/\/www.ciudadgoticanews.com\/wp-content\/uploads\/2023\/05\/Alejandro-Ruiz-Mazzeo6_1.jpg'><img loading=\"lazy\" decoding=\"async\" width=\"1200\" height=\"771\" src=\"https:\/\/www.ciudadgoticanews.com\/wp-content\/uploads\/2023\/05\/Alejandro-Ruiz-Mazzeo6_1.jpg\" class=\"attachment-full size-full\" alt=\"\" aria-describedby=\"gallery-5-3340\" srcset=\"https:\/\/www.ciudadgoticanews.com\/wp-content\/uploads\/2023\/05\/Alejandro-Ruiz-Mazzeo6_1.jpg 1200w, https:\/\/www.ciudadgoticanews.com\/wp-content\/uploads\/2023\/05\/Alejandro-Ruiz-Mazzeo6_1-300x193.jpg 300w, https:\/\/www.ciudadgoticanews.com\/wp-content\/uploads\/2023\/05\/Alejandro-Ruiz-Mazzeo6_1-1024x658.jpg 1024w, https:\/\/www.ciudadgoticanews.com\/wp-content\/uploads\/2023\/05\/Alejandro-Ruiz-Mazzeo6_1-768x493.jpg 768w\" sizes=\"auto, (max-width: 1200px) 100vw, 1200px\" \/><\/a>\n\t\t\t<\/div>\n\t\t\t\t<figcaption class='wp-caption-text gallery-caption' id='gallery-5-3340'>\n\t\t\t\tAlejandro Ruiz Mazzeo\n\t\t\t\t<\/figcaption><\/figure><figure class='gallery-item'>\n\t\t\t<div class='gallery-icon landscape'>\n\t\t\t\t<a href='https:\/\/www.ciudadgoticanews.com\/wp-content\/uploads\/2023\/05\/ELIAS-KOURY-GUEVARA-Ingeniero-Civil_1.jpg'><img loading=\"lazy\" decoding=\"async\" width=\"1200\" height=\"881\" src=\"https:\/\/www.ciudadgoticanews.com\/wp-content\/uploads\/2023\/05\/ELIAS-KOURY-GUEVARA-Ingeniero-Civil_1.jpg\" class=\"attachment-full size-full\" alt=\"\" aria-describedby=\"gallery-5-3342\" srcset=\"https:\/\/www.ciudadgoticanews.com\/wp-content\/uploads\/2023\/05\/ELIAS-KOURY-GUEVARA-Ingeniero-Civil_1.jpg 1200w, https:\/\/www.ciudadgoticanews.com\/wp-content\/uploads\/2023\/05\/ELIAS-KOURY-GUEVARA-Ingeniero-Civil_1-300x220.jpg 300w, https:\/\/www.ciudadgoticanews.com\/wp-content\/uploads\/2023\/05\/ELIAS-KOURY-GUEVARA-Ingeniero-Civil_1-1024x752.jpg 1024w, https:\/\/www.ciudadgoticanews.com\/wp-content\/uploads\/2023\/05\/ELIAS-KOURY-GUEVARA-Ingeniero-Civil_1-768x564.jpg 768w\" sizes=\"auto, (max-width: 1200px) 100vw, 1200px\" \/><\/a>\n\t\t\t<\/div>\n\t\t\t\t<figcaption class='wp-caption-text gallery-caption' id='gallery-5-3342'>\n\t\t\t\tDetalles de una propiedad de El\u00edas Ram\u00f3n Koury Guevara en Florida y logotipo de Koury Guevara con el que se presenta como ingeniero civil.\n\t\t\t\t<\/figcaption><\/figure><figure class='gallery-item'>\n\t\t\t<div class='gallery-icon landscape'>\n\t\t\t\t<a href='https:\/\/www.ciudadgoticanews.com\/wp-content\/uploads\/2023\/05\/ELIAS-KOURY-GUEVARA4-1_1.jpg'><img loading=\"lazy\" decoding=\"async\" width=\"1200\" height=\"723\" src=\"https:\/\/www.ciudadgoticanews.com\/wp-content\/uploads\/2023\/05\/ELIAS-KOURY-GUEVARA4-1_1.jpg\" class=\"attachment-full size-full\" alt=\"\" srcset=\"https:\/\/www.ciudadgoticanews.com\/wp-content\/uploads\/2023\/05\/ELIAS-KOURY-GUEVARA4-1_1.jpg 1200w, https:\/\/www.ciudadgoticanews.com\/wp-content\/uploads\/2023\/05\/ELIAS-KOURY-GUEVARA4-1_1-300x181.jpg 300w, https:\/\/www.ciudadgoticanews.com\/wp-content\/uploads\/2023\/05\/ELIAS-KOURY-GUEVARA4-1_1-1024x617.jpg 1024w, https:\/\/www.ciudadgoticanews.com\/wp-content\/uploads\/2023\/05\/ELIAS-KOURY-GUEVARA4-1_1-768x463.jpg 768w\" sizes=\"auto, (max-width: 1200px) 100vw, 1200px\" \/><\/a>\n\t\t\t<\/div><\/figure><figure class='gallery-item'>\n\t\t\t<div class='gallery-icon landscape'>\n\t\t\t\t<a href='https:\/\/www.ciudadgoticanews.com\/wp-content\/uploads\/2023\/05\/ELIAS-KOURY-GUEVARA4-2_2.jpg'><img loading=\"lazy\" decoding=\"async\" width=\"1200\" height=\"366\" src=\"https:\/\/www.ciudadgoticanews.com\/wp-content\/uploads\/2023\/05\/ELIAS-KOURY-GUEVARA4-2_2.jpg\" class=\"attachment-full size-full\" alt=\"\" aria-describedby=\"gallery-5-3348\" srcset=\"https:\/\/www.ciudadgoticanews.com\/wp-content\/uploads\/2023\/05\/ELIAS-KOURY-GUEVARA4-2_2.jpg 1200w, https:\/\/www.ciudadgoticanews.com\/wp-content\/uploads\/2023\/05\/ELIAS-KOURY-GUEVARA4-2_2-300x92.jpg 300w, https:\/\/www.ciudadgoticanews.com\/wp-content\/uploads\/2023\/05\/ELIAS-KOURY-GUEVARA4-2_2-1024x312.jpg 1024w, https:\/\/www.ciudadgoticanews.com\/wp-content\/uploads\/2023\/05\/ELIAS-KOURY-GUEVARA4-2_2-768x234.jpg 768w\" sizes=\"auto, (max-width: 1200px) 100vw, 1200px\" \/><\/a>\n\t\t\t<\/div>\n\t\t\t\t<figcaption class='wp-caption-text gallery-caption' id='gallery-5-3348'>\n\t\t\t\tElias Koury Guevara, seg\u00fan un breve perfil en su blog\n\t\t\t\t<\/figcaption><\/figure>\n\t\t<\/div>\n\n<p>&nbsp;<\/p>\n<blockquote class=\"wp-embedded-content\" data-secret=\"CKV3BXNfh7\"><p><a href=\"https:\/\/www.ciudadgoticanews.com\/index.php\/2023\/05\/10\/vinculan-a-empresarios-elias-koury-guevara-alejandro-ruiz-mazzeo-rafael-ciarcia-y-adolfo-calzadilla-con-el-exvicepresidente-de-comercio-de-pdvsa-antonio-perez-suarez-y-su-entramado-de-corrupcion-y-l\/\">Vinculan a empresarios El\u00edas Koury Guevara, Alejandro Ruiz Mazzeo, Rafael Ciarcia y Adolfo Calzadilla con el exvicepresidente de Comercio de Pdvsa Antonio P\u00e9rez Su\u00e1rez y su entramado de corrupci\u00f3n y lavado<\/a><\/p><\/blockquote>\n<p><iframe loading=\"lazy\" title=\"\u00abVinculan a empresarios El\u00edas Koury Guevara, Alejandro Ruiz Mazzeo, Rafael Ciarcia y Adolfo Calzadilla con el exvicepresidente de Comercio de Pdvsa Antonio P\u00e9rez Su\u00e1rez y su entramado de corrupci\u00f3n y lavado\u00bb \u2014 CIUDAD G&Oacute;TICA\" sandbox=\"allow-scripts\" security=\"restricted\" src=\"https:\/\/www.ciudadgoticanews.com\/index.php\/2023\/05\/10\/vinculan-a-empresarios-elias-koury-guevara-alejandro-ruiz-mazzeo-rafael-ciarcia-y-adolfo-calzadilla-con-el-exvicepresidente-de-comercio-de-pdvsa-antonio-perez-suarez-y-su-entramado-de-corrupcion-y-l\/embed\/#?secret=CKV3BXNfh7\" width=\"600\" height=\"338\" data-secret=\"CKV3BXNfh7\" frameborder=\"0\" marginwidth=\"0\" marginheight=\"0\" scrolling=\"no\" class=\"wp-embedded-content\"><\/iframe><script>\/*! This file is auto-generated *\/!function(d,l){\"use strict\";l.querySelector&&d.addEventListener&&\"undefined\"!=typeof URL&&(d.wp=d.wp||{},d.wp.receiveEmbedMessage||(d.wp.receiveEmbedMessage=function(e){var t=e.data;if((t||t.secret||t.message||t.value)&&!\/[^a-zA-Z0-9]\/.test(t.secret)){for(var s,r,n,a=l.querySelectorAll('iframe[data-secret=\"'+t.secret+'\"]'),o=l.querySelectorAll('blockquote[data-secret=\"'+t.secret+'\"]'),c=new RegExp(\"^https?:$\",\"i\"),i=0;i<o.length;i++)o[i].style.display=\"none\";for(i=0;i<a.length;i++)s=a[i],e.source===s.contentWindow&#038;&#038;(s.removeAttribute(\"style\"),\"height\"===t.message?(1e3<(r=parseInt(t.value,10))?r=1e3:~~r<200&#038;&#038;(r=200),s.height=r):\"link\"===t.message&#038;&#038;(r=new URL(s.getAttribute(\"src\")),n=new URL(t.value),c.test(n.protocol))&#038;&#038;n.host===r.host&#038;&#038;l.activeElement===s&#038;&#038;(d.top.location.href=t.value))}},d.addEventListener(\"message\",d.wp.receiveEmbedMessage,!1),l.addEventListener(\"DOMContentLoaded\",function(){for(var e,t,s=l.querySelectorAll(\"iframe.wp-embedded-content\"),r=0;r<s.length;r++)(t=(e=s[r]).getAttribute(\"data-secret\"))||(t=Math.random().toString(36).substring(2,12),e.src+=\"#?secret=\"+t,e.setAttribute(\"data-secret\",t)),e.contentWindow.postMessage({message:\"ready\",secret:t},\"*\")},!1)))}(window,document);<\/script><\/p>\n<p>&nbsp;<\/p>\n<div id='gallery-6' class='gallery galleryid-3287 gallery-columns-1 gallery-size-full'><figure class='gallery-item'>\n\t\t\t<div class='gallery-icon landscape'>\n\t\t\t\t<a href='https:\/\/www.ciudadgoticanews.com\/wp-content\/uploads\/2023\/05\/Construccion-Lecho-Marino-Lecheria-1_1.jpg'><img loading=\"lazy\" decoding=\"async\" width=\"1200\" height=\"501\" src=\"https:\/\/www.ciudadgoticanews.com\/wp-content\/uploads\/2023\/05\/Construccion-Lecho-Marino-Lecheria-1_1.jpg\" class=\"attachment-full size-full\" alt=\"\" srcset=\"https:\/\/www.ciudadgoticanews.com\/wp-content\/uploads\/2023\/05\/Construccion-Lecho-Marino-Lecheria-1_1.jpg 1200w, https:\/\/www.ciudadgoticanews.com\/wp-content\/uploads\/2023\/05\/Construccion-Lecho-Marino-Lecheria-1_1-300x125.jpg 300w, https:\/\/www.ciudadgoticanews.com\/wp-content\/uploads\/2023\/05\/Construccion-Lecho-Marino-Lecheria-1_1-1024x428.jpg 1024w, https:\/\/www.ciudadgoticanews.com\/wp-content\/uploads\/2023\/05\/Construccion-Lecho-Marino-Lecheria-1_1-768x321.jpg 768w\" sizes=\"auto, (max-width: 1200px) 100vw, 1200px\" \/><\/a>\n\t\t\t<\/div><\/figure><figure class='gallery-item'>\n\t\t\t<div class='gallery-icon landscape'>\n\t\t\t\t<a href='https:\/\/www.ciudadgoticanews.com\/wp-content\/uploads\/2023\/05\/Construccion-Lecho-Marino-Lecheria-2_2.jpg'><img loading=\"lazy\" decoding=\"async\" width=\"1200\" height=\"1150\" src=\"https:\/\/www.ciudadgoticanews.com\/wp-content\/uploads\/2023\/05\/Construccion-Lecho-Marino-Lecheria-2_2.jpg\" class=\"attachment-full size-full\" alt=\"\" srcset=\"https:\/\/www.ciudadgoticanews.com\/wp-content\/uploads\/2023\/05\/Construccion-Lecho-Marino-Lecheria-2_2.jpg 1200w, https:\/\/www.ciudadgoticanews.com\/wp-content\/uploads\/2023\/05\/Construccion-Lecho-Marino-Lecheria-2_2-300x288.jpg 300w, https:\/\/www.ciudadgoticanews.com\/wp-content\/uploads\/2023\/05\/Construccion-Lecho-Marino-Lecheria-2_2-1024x981.jpg 1024w, https:\/\/www.ciudadgoticanews.com\/wp-content\/uploads\/2023\/05\/Construccion-Lecho-Marino-Lecheria-2_2-768x736.jpg 768w\" sizes=\"auto, (max-width: 1200px) 100vw, 1200px\" \/><\/a>\n\t\t\t<\/div><\/figure><figure class='gallery-item'>\n\t\t\t<div class='gallery-icon landscape'>\n\t\t\t\t<a href='https:\/\/www.ciudadgoticanews.com\/wp-content\/uploads\/2023\/05\/Construccion-Lecho-Marino-Lecheria-3_3.jpg'><img loading=\"lazy\" decoding=\"async\" width=\"1200\" height=\"677\" src=\"https:\/\/www.ciudadgoticanews.com\/wp-content\/uploads\/2023\/05\/Construccion-Lecho-Marino-Lecheria-3_3.jpg\" class=\"attachment-full size-full\" alt=\"\" srcset=\"https:\/\/www.ciudadgoticanews.com\/wp-content\/uploads\/2023\/05\/Construccion-Lecho-Marino-Lecheria-3_3.jpg 1200w, https:\/\/www.ciudadgoticanews.com\/wp-content\/uploads\/2023\/05\/Construccion-Lecho-Marino-Lecheria-3_3-300x169.jpg 300w, https:\/\/www.ciudadgoticanews.com\/wp-content\/uploads\/2023\/05\/Construccion-Lecho-Marino-Lecheria-3_3-1024x578.jpg 1024w, https:\/\/www.ciudadgoticanews.com\/wp-content\/uploads\/2023\/05\/Construccion-Lecho-Marino-Lecheria-3_3-768x433.jpg 768w\" sizes=\"auto, (max-width: 1200px) 100vw, 1200px\" \/><\/a>\n\t\t\t<\/div><\/figure><figure class='gallery-item'>\n\t\t\t<div class='gallery-icon portrait'>\n\t\t\t\t<a href='https:\/\/www.ciudadgoticanews.com\/wp-content\/uploads\/2023\/05\/Construccion-Lecho-Marino-Lecheria-4_4.jpg'><img loading=\"lazy\" decoding=\"async\" width=\"1200\" height=\"1566\" src=\"https:\/\/www.ciudadgoticanews.com\/wp-content\/uploads\/2023\/05\/Construccion-Lecho-Marino-Lecheria-4_4.jpg\" class=\"attachment-full size-full\" alt=\"\" srcset=\"https:\/\/www.ciudadgoticanews.com\/wp-content\/uploads\/2023\/05\/Construccion-Lecho-Marino-Lecheria-4_4.jpg 1200w, https:\/\/www.ciudadgoticanews.com\/wp-content\/uploads\/2023\/05\/Construccion-Lecho-Marino-Lecheria-4_4-230x300.jpg 230w, https:\/\/www.ciudadgoticanews.com\/wp-content\/uploads\/2023\/05\/Construccion-Lecho-Marino-Lecheria-4_4-785x1024.jpg 785w, https:\/\/www.ciudadgoticanews.com\/wp-content\/uploads\/2023\/05\/Construccion-Lecho-Marino-Lecheria-4_4-768x1002.jpg 768w, https:\/\/www.ciudadgoticanews.com\/wp-content\/uploads\/2023\/05\/Construccion-Lecho-Marino-Lecheria-4_4-1177x1536.jpg 1177w\" sizes=\"auto, (max-width: 1200px) 100vw, 1200px\" \/><\/a>\n\t\t\t<\/div><\/figure><figure class='gallery-item'>\n\t\t\t<div class='gallery-icon portrait'>\n\t\t\t\t<a href='https:\/\/www.ciudadgoticanews.com\/wp-content\/uploads\/2023\/05\/Construccion-Lecho-Marino-Lecheria-5_5.jpg'><img loading=\"lazy\" decoding=\"async\" width=\"1200\" height=\"1207\" src=\"https:\/\/www.ciudadgoticanews.com\/wp-content\/uploads\/2023\/05\/Construccion-Lecho-Marino-Lecheria-5_5.jpg\" class=\"attachment-full size-full\" alt=\"\" srcset=\"https:\/\/www.ciudadgoticanews.com\/wp-content\/uploads\/2023\/05\/Construccion-Lecho-Marino-Lecheria-5_5.jpg 1200w, https:\/\/www.ciudadgoticanews.com\/wp-content\/uploads\/2023\/05\/Construccion-Lecho-Marino-Lecheria-5_5-298x300.jpg 298w, https:\/\/www.ciudadgoticanews.com\/wp-content\/uploads\/2023\/05\/Construccion-Lecho-Marino-Lecheria-5_5-1018x1024.jpg 1018w, https:\/\/www.ciudadgoticanews.com\/wp-content\/uploads\/2023\/05\/Construccion-Lecho-Marino-Lecheria-5_5-150x150.jpg 150w, https:\/\/www.ciudadgoticanews.com\/wp-content\/uploads\/2023\/05\/Construccion-Lecho-Marino-Lecheria-5_5-768x772.jpg 768w\" sizes=\"auto, (max-width: 1200px) 100vw, 1200px\" \/><\/a>\n\t\t\t<\/div><\/figure><figure class='gallery-item'>\n\t\t\t<div class='gallery-icon landscape'>\n\t\t\t\t<a href='https:\/\/www.ciudadgoticanews.com\/wp-content\/uploads\/2023\/05\/Construccion-Lecho-Marino-Lecheria-6_6.jpg'><img loading=\"lazy\" decoding=\"async\" width=\"1200\" height=\"685\" src=\"https:\/\/www.ciudadgoticanews.com\/wp-content\/uploads\/2023\/05\/Construccion-Lecho-Marino-Lecheria-6_6.jpg\" class=\"attachment-full size-full\" alt=\"\" srcset=\"https:\/\/www.ciudadgoticanews.com\/wp-content\/uploads\/2023\/05\/Construccion-Lecho-Marino-Lecheria-6_6.jpg 1200w, https:\/\/www.ciudadgoticanews.com\/wp-content\/uploads\/2023\/05\/Construccion-Lecho-Marino-Lecheria-6_6-300x171.jpg 300w, https:\/\/www.ciudadgoticanews.com\/wp-content\/uploads\/2023\/05\/Construccion-Lecho-Marino-Lecheria-6_6-1024x585.jpg 1024w, https:\/\/www.ciudadgoticanews.com\/wp-content\/uploads\/2023\/05\/Construccion-Lecho-Marino-Lecheria-6_6-768x438.jpg 768w\" sizes=\"auto, (max-width: 1200px) 100vw, 1200px\" \/><\/a>\n\t\t\t<\/div><\/figure><figure class='gallery-item'>\n\t\t\t<div class='gallery-icon landscape'>\n\t\t\t\t<a href='https:\/\/www.ciudadgoticanews.com\/wp-content\/uploads\/2023\/05\/Construccion-Lecho-Marino-Lecheria-7_7.jpg'><img loading=\"lazy\" decoding=\"async\" width=\"1200\" height=\"1080\" src=\"https:\/\/www.ciudadgoticanews.com\/wp-content\/uploads\/2023\/05\/Construccion-Lecho-Marino-Lecheria-7_7.jpg\" class=\"attachment-full size-full\" alt=\"\" srcset=\"https:\/\/www.ciudadgoticanews.com\/wp-content\/uploads\/2023\/05\/Construccion-Lecho-Marino-Lecheria-7_7.jpg 1200w, https:\/\/www.ciudadgoticanews.com\/wp-content\/uploads\/2023\/05\/Construccion-Lecho-Marino-Lecheria-7_7-300x270.jpg 300w, https:\/\/www.ciudadgoticanews.com\/wp-content\/uploads\/2023\/05\/Construccion-Lecho-Marino-Lecheria-7_7-1024x922.jpg 1024w, https:\/\/www.ciudadgoticanews.com\/wp-content\/uploads\/2023\/05\/Construccion-Lecho-Marino-Lecheria-7_7-768x691.jpg 768w\" sizes=\"auto, (max-width: 1200px) 100vw, 1200px\" \/><\/a>\n\t\t\t<\/div><\/figure><figure class='gallery-item'>\n\t\t\t<div class='gallery-icon landscape'>\n\t\t\t\t<a href='https:\/\/www.ciudadgoticanews.com\/wp-content\/uploads\/2023\/05\/Construccion-Lecho-Marino-Lecheria-8_8.jpg'><img loading=\"lazy\" decoding=\"async\" width=\"1200\" height=\"542\" src=\"https:\/\/www.ciudadgoticanews.com\/wp-content\/uploads\/2023\/05\/Construccion-Lecho-Marino-Lecheria-8_8.jpg\" class=\"attachment-full size-full\" alt=\"\" srcset=\"https:\/\/www.ciudadgoticanews.com\/wp-content\/uploads\/2023\/05\/Construccion-Lecho-Marino-Lecheria-8_8.jpg 1200w, https:\/\/www.ciudadgoticanews.com\/wp-content\/uploads\/2023\/05\/Construccion-Lecho-Marino-Lecheria-8_8-300x136.jpg 300w, https:\/\/www.ciudadgoticanews.com\/wp-content\/uploads\/2023\/05\/Construccion-Lecho-Marino-Lecheria-8_8-1024x463.jpg 1024w, https:\/\/www.ciudadgoticanews.com\/wp-content\/uploads\/2023\/05\/Construccion-Lecho-Marino-Lecheria-8_8-768x347.jpg 768w\" sizes=\"auto, (max-width: 1200px) 100vw, 1200px\" \/><\/a>\n\t\t\t<\/div><\/figure><figure class='gallery-item'>\n\t\t\t<div class='gallery-icon landscape'>\n\t\t\t\t<a href='https:\/\/www.ciudadgoticanews.com\/wp-content\/uploads\/2023\/05\/Construccion-Lecho-Marino-Lecheria-9_9.jpg'><img loading=\"lazy\" decoding=\"async\" width=\"1200\" height=\"1144\" src=\"https:\/\/www.ciudadgoticanews.com\/wp-content\/uploads\/2023\/05\/Construccion-Lecho-Marino-Lecheria-9_9.jpg\" class=\"attachment-full size-full\" alt=\"\" srcset=\"https:\/\/www.ciudadgoticanews.com\/wp-content\/uploads\/2023\/05\/Construccion-Lecho-Marino-Lecheria-9_9.jpg 1200w, https:\/\/www.ciudadgoticanews.com\/wp-content\/uploads\/2023\/05\/Construccion-Lecho-Marino-Lecheria-9_9-300x286.jpg 300w, https:\/\/www.ciudadgoticanews.com\/wp-content\/uploads\/2023\/05\/Construccion-Lecho-Marino-Lecheria-9_9-1024x976.jpg 1024w, https:\/\/www.ciudadgoticanews.com\/wp-content\/uploads\/2023\/05\/Construccion-Lecho-Marino-Lecheria-9_9-768x732.jpg 768w\" sizes=\"auto, (max-width: 1200px) 100vw, 1200px\" \/><\/a>\n\t\t\t<\/div><\/figure><figure class='gallery-item'>\n\t\t\t<div class='gallery-icon landscape'>\n\t\t\t\t<a href='https:\/\/www.ciudadgoticanews.com\/wp-content\/uploads\/2023\/05\/Construccion-Lecho-Marino-Lecheria-10_10.jpg'><img loading=\"lazy\" decoding=\"async\" width=\"1200\" height=\"1072\" src=\"https:\/\/www.ciudadgoticanews.com\/wp-content\/uploads\/2023\/05\/Construccion-Lecho-Marino-Lecheria-10_10.jpg\" class=\"attachment-full size-full\" alt=\"\" srcset=\"https:\/\/www.ciudadgoticanews.com\/wp-content\/uploads\/2023\/05\/Construccion-Lecho-Marino-Lecheria-10_10.jpg 1200w, https:\/\/www.ciudadgoticanews.com\/wp-content\/uploads\/2023\/05\/Construccion-Lecho-Marino-Lecheria-10_10-300x268.jpg 300w, https:\/\/www.ciudadgoticanews.com\/wp-content\/uploads\/2023\/05\/Construccion-Lecho-Marino-Lecheria-10_10-1024x915.jpg 1024w, https:\/\/www.ciudadgoticanews.com\/wp-content\/uploads\/2023\/05\/Construccion-Lecho-Marino-Lecheria-10_10-768x686.jpg 768w\" sizes=\"auto, (max-width: 1200px) 100vw, 1200px\" \/><\/a>\n\t\t\t<\/div><\/figure><figure class='gallery-item'>\n\t\t\t<div class='gallery-icon portrait'>\n\t\t\t\t<a href='https:\/\/www.ciudadgoticanews.com\/wp-content\/uploads\/2023\/05\/Construccion-Lecho-Marino-Lecheria-11_11.jpg'><img loading=\"lazy\" decoding=\"async\" width=\"1200\" height=\"1772\" src=\"https:\/\/www.ciudadgoticanews.com\/wp-content\/uploads\/2023\/05\/Construccion-Lecho-Marino-Lecheria-11_11.jpg\" class=\"attachment-full size-full\" alt=\"\" srcset=\"https:\/\/www.ciudadgoticanews.com\/wp-content\/uploads\/2023\/05\/Construccion-Lecho-Marino-Lecheria-11_11.jpg 1200w, https:\/\/www.ciudadgoticanews.com\/wp-content\/uploads\/2023\/05\/Construccion-Lecho-Marino-Lecheria-11_11-203x300.jpg 203w, https:\/\/www.ciudadgoticanews.com\/wp-content\/uploads\/2023\/05\/Construccion-Lecho-Marino-Lecheria-11_11-693x1024.jpg 693w, https:\/\/www.ciudadgoticanews.com\/wp-content\/uploads\/2023\/05\/Construccion-Lecho-Marino-Lecheria-11_11-768x1134.jpg 768w, https:\/\/www.ciudadgoticanews.com\/wp-content\/uploads\/2023\/05\/Construccion-Lecho-Marino-Lecheria-11_11-1040x1536.jpg 1040w\" sizes=\"auto, (max-width: 1200px) 100vw, 1200px\" \/><\/a>\n\t\t\t<\/div><\/figure><figure class='gallery-item'>\n\t\t\t<div class='gallery-icon landscape'>\n\t\t\t\t<a href='https:\/\/www.ciudadgoticanews.com\/wp-content\/uploads\/2023\/05\/Construccion-Lecho-Marino-Lecheria-12_12.jpg'><img loading=\"lazy\" decoding=\"async\" width=\"1200\" height=\"1069\" src=\"https:\/\/www.ciudadgoticanews.com\/wp-content\/uploads\/2023\/05\/Construccion-Lecho-Marino-Lecheria-12_12.jpg\" class=\"attachment-full size-full\" alt=\"\" srcset=\"https:\/\/www.ciudadgoticanews.com\/wp-content\/uploads\/2023\/05\/Construccion-Lecho-Marino-Lecheria-12_12.jpg 1200w, https:\/\/www.ciudadgoticanews.com\/wp-content\/uploads\/2023\/05\/Construccion-Lecho-Marino-Lecheria-12_12-300x267.jpg 300w, https:\/\/www.ciudadgoticanews.com\/wp-content\/uploads\/2023\/05\/Construccion-Lecho-Marino-Lecheria-12_12-1024x912.jpg 1024w, https:\/\/www.ciudadgoticanews.com\/wp-content\/uploads\/2023\/05\/Construccion-Lecho-Marino-Lecheria-12_12-768x684.jpg 768w\" sizes=\"auto, (max-width: 1200px) 100vw, 1200px\" \/><\/a>\n\t\t\t<\/div><\/figure><figure class='gallery-item'>\n\t\t\t<div class='gallery-icon landscape'>\n\t\t\t\t<a href='https:\/\/www.ciudadgoticanews.com\/wp-content\/uploads\/2023\/05\/Construccion-Lecho-Marino-Lecheria-13_13.jpg'><img loading=\"lazy\" decoding=\"async\" width=\"1200\" height=\"1069\" src=\"https:\/\/www.ciudadgoticanews.com\/wp-content\/uploads\/2023\/05\/Construccion-Lecho-Marino-Lecheria-13_13.jpg\" class=\"attachment-full size-full\" alt=\"\" srcset=\"https:\/\/www.ciudadgoticanews.com\/wp-content\/uploads\/2023\/05\/Construccion-Lecho-Marino-Lecheria-13_13.jpg 1200w, https:\/\/www.ciudadgoticanews.com\/wp-content\/uploads\/2023\/05\/Construccion-Lecho-Marino-Lecheria-13_13-300x267.jpg 300w, https:\/\/www.ciudadgoticanews.com\/wp-content\/uploads\/2023\/05\/Construccion-Lecho-Marino-Lecheria-13_13-1024x912.jpg 1024w, https:\/\/www.ciudadgoticanews.com\/wp-content\/uploads\/2023\/05\/Construccion-Lecho-Marino-Lecheria-13_13-768x684.jpg 768w\" sizes=\"auto, (max-width: 1200px) 100vw, 1200px\" \/><\/a>\n\t\t\t<\/div><\/figure><figure class='gallery-item'>\n\t\t\t<div class='gallery-icon portrait'>\n\t\t\t\t<a href='https:\/\/www.ciudadgoticanews.com\/wp-content\/uploads\/2023\/05\/Construccion-Lecho-Marino-Lecheria-14_14.jpg'><img loading=\"lazy\" decoding=\"async\" width=\"1200\" height=\"1409\" src=\"https:\/\/www.ciudadgoticanews.com\/wp-content\/uploads\/2023\/05\/Construccion-Lecho-Marino-Lecheria-14_14.jpg\" class=\"attachment-full size-full\" alt=\"\" srcset=\"https:\/\/www.ciudadgoticanews.com\/wp-content\/uploads\/2023\/05\/Construccion-Lecho-Marino-Lecheria-14_14.jpg 1200w, https:\/\/www.ciudadgoticanews.com\/wp-content\/uploads\/2023\/05\/Construccion-Lecho-Marino-Lecheria-14_14-256x300.jpg 256w, https:\/\/www.ciudadgoticanews.com\/wp-content\/uploads\/2023\/05\/Construccion-Lecho-Marino-Lecheria-14_14-872x1024.jpg 872w, https:\/\/www.ciudadgoticanews.com\/wp-content\/uploads\/2023\/05\/Construccion-Lecho-Marino-Lecheria-14_14-768x902.jpg 768w\" sizes=\"auto, (max-width: 1200px) 100vw, 1200px\" \/><\/a>\n\t\t\t<\/div><\/figure><figure class='gallery-item'>\n\t\t\t<div class='gallery-icon landscape'>\n\t\t\t\t<a href='https:\/\/www.ciudadgoticanews.com\/wp-content\/uploads\/2023\/05\/Construccion-Lecho-Marino-Lecheria-15_15.jpg'><img loading=\"lazy\" decoding=\"async\" width=\"1200\" height=\"689\" src=\"https:\/\/www.ciudadgoticanews.com\/wp-content\/uploads\/2023\/05\/Construccion-Lecho-Marino-Lecheria-15_15.jpg\" class=\"attachment-full size-full\" alt=\"\" srcset=\"https:\/\/www.ciudadgoticanews.com\/wp-content\/uploads\/2023\/05\/Construccion-Lecho-Marino-Lecheria-15_15.jpg 1200w, https:\/\/www.ciudadgoticanews.com\/wp-content\/uploads\/2023\/05\/Construccion-Lecho-Marino-Lecheria-15_15-300x172.jpg 300w, https:\/\/www.ciudadgoticanews.com\/wp-content\/uploads\/2023\/05\/Construccion-Lecho-Marino-Lecheria-15_15-1024x588.jpg 1024w, https:\/\/www.ciudadgoticanews.com\/wp-content\/uploads\/2023\/05\/Construccion-Lecho-Marino-Lecheria-15_15-768x441.jpg 768w\" sizes=\"auto, (max-width: 1200px) 100vw, 1200px\" \/><\/a>\n\t\t\t<\/div><\/figure>\n\t\t<\/div>\n\n<p>Poleo coment\u00f3 que ese tipo de construcciones son ofrendas que le dar\u00eda el alcalde a quienes lo financiaron durante su costosa campa\u00f1a electoral. La periodista agreg\u00f3 que el funcionario tambi\u00e9n recibir\u00eda una comisi\u00f3n, por permitir que las construcciones se lleven a cabo sin cumplir con la legalidad.<\/p>\n<p>Seg\u00fan Poleo, el partido Fuerza Vecinal y varios de sus alcaldes participan en ese tipo de irregularidades, detr\u00e1s de las cuales hay lavado y corrupci\u00f3n. La periodista se\u00f1al\u00f3 que Fuerza Vecinal envi\u00f3 a Estados Unidos a ese \"ejemplo de corrupci\u00f3n\" llamado Manuel Ferreira, C\u00f3mo representante ante la Reuni\u00f3n de Alcaldes de las Am\u00e9ricas, realizada en Denver, Colorado.<\/p>\n<p>Poleo coment\u00f3 que los l\u00edderes del r\u00e9gimen no persiguen en Venezuela a los alcaldes de Fuerza Vecinal, como por ejemplo al alcalde de Baruta, implicado en irregularidades en la construcci\u00f3n de edificios en Las Mercedes. La raz\u00f3n, seg\u00fan Poleo, es que esos alcaldes son los sustitutos de Voluntad Popular y quienes van a fingir ser opositores en las pr\u00f3ximas elecciones.<\/p>\n<p>Una vez que se realicen las elecciones primarias y se seleccione al candidato presidencial de la oposici\u00f3n en Venezuela, tambi\u00e9n se postular\u00e1n de forma independiente a las elecciones presidenciales Benjam\u00edn Rausseo (Er Conde del Gu\u00e1charo) y un candidato por Fuerza Vecinal, con el prop\u00f3sito de restarle votos a los candidatos antes citados y favorecer al r\u00e9gimen, seg\u00fan se\u00f1al\u00f3 Poleo. Mientras tanto, afirm\u00f3 la periodista, el r\u00e9gimen les permite a los alcaldes y financistas que Fuerza Vecinal \"roben\" y \"laven\".<\/p>\n<div style=\"max-width: 1707px;\">\n<div style=\"left: 0; width: 100%; height: 0; position: relative; padding-bottom: 56.25%;\"><iframe title=\"\u00bfPOR QU\u00c9 EL R\u00c9GIMEN DEJA ROBAR A FUERZA VECINAL? | AG\u00c1RRATE | FACTORES DE PODER | 1 DE 3\" src=\"\/\/if-cdn.com\/kDr5U6s?maxheight=960\" style=\"top: 0; left: 0; width: 100%; height: 100%; position: absolute; border: 0;\" allowfullscreen scrolling=\"no\" allow=\"accelerometer *; clipboard-write *; encrypted-media *; gyroscope *; picture-in-picture *; web-share *;\"><\/iframe><\/div>\n<\/div>\n<p>&nbsp;<\/p>\n<h2><strong>Caso Museo Dimitrios Demu<\/strong><\/h2>\n<p>La Procuradur\u00eda General de Anzo\u00e1tegui solicit\u00f3 al Tribunal Sexto de ese estado que en octubre de 2020 se dirigiera al sitio donde se realiza una obra que est\u00e1 da\u00f1ando la sede del Museo Dimitrios Demu, en Lecher\u00eda, para ordenar la suspensi\u00f3n de los trabajos.<\/p>\n<p>Esta construcci\u00f3n empez\u00f3 a mediados de mayo y seg\u00fan los vecinos morrenses se trata de una gran tienda de telas.<\/p>\n<p>La obra incumple la variable urban\u00edstica que determina los metros de separaci\u00f3n entre las edificaciones, as\u00ed como la condici\u00f3n de Patrimonio Cultural que posee el museo, inaugurado en 1999.<\/p>\n<p>Los vecinos y otros ciudadanos se manifestaron contra la permisividad de la alcald\u00eda del municipio Urbaneja y el silencio de muchas autoridades cuando comenzaron las labores de la obra.<\/p>\n<p>El diputado Omar Gonz\u00e1lez fue uno de los que denunci\u00f3, pero la construcci\u00f3n sigui\u00f3 adelante y el descontento tambi\u00e9n persisti\u00f3 entre los vecinos.<\/p>\n<p>Fueron necesarios varios meses para que, por las denuncias, la Procuradur\u00eda actuara y el Tribunal Sexto dictara una medida cautelar de suspensi\u00f3n de la obra, la cual ha ocasionado perjuicios al Museo Dimitrios Demu.<\/p>\n<p>La ciudadan\u00eda de Lecher\u00eda valora la existencia del museo, cuyo due\u00f1o y fundador dej\u00f3 un gran legado de su trabajo escult\u00f3rico en muchos lugares de Anzo\u00e1tegui.<\/p>\n<p>En abril de 2023, medios de comunicaci\u00f3n venezolanos reportaron que ha seguido la obra que se edifica al lado del Museo Dimitrios Demu, en Lecher\u00eda, municipio Diego Bautista Urbaneja y que seg\u00fan los vecinos, est\u00e1 violando las variables urban\u00edsticas, lo que podr\u00eda afectar la estructura del ente muse\u00edstico , que fue declarado Patrimonio Cultural hace varios a\u00f1os.<\/p>\n<p>Los morrenses afirman que su ejecuci\u00f3n vulnera la variable urban\u00edstica que fija los metros de distancia entre las edificaciones.<\/p>\n<p>Se han sumado a las denuncias los habitantes que viven cerca de la obra, quienes expresaron su preocupaci\u00f3n por el da\u00f1o que podr\u00eda sufrir el \u00fanico \u00edcono cultural del municipio Diego Bautista Urbaneja, legado del escultor Dimitrios Demu, quien adem\u00e1s dej\u00f3 muchas obras que hoy embellecen varios espacios p\u00fablicos de Anzo\u00e1tegui.<\/p>\n<p>Hace meses el Tribunal Sexto de esta jurisdicci\u00f3n regional, decret\u00f3 una medida cautelar, luego de la petici\u00f3n de la Procuradur\u00eda General del estado, ente que recibi\u00f3 las denuncias de los habitantes que no quieren que se da\u00f1e el Patrimonio Cultural. Sin embargo, hoy la obra sigue construy\u00e9ndose y tiene tres pisos y las quejas vecinales contin\u00faan oy\u00e9ndose.<\/p>\n<p>Los voceros dijeron sentirse desamparados en este prop\u00f3sito de lograr que no se da\u00f1e al museo y se cumplan las ordenanzas municipales, pero alegan que no hay autoridad alguna dispuesta a defender al museo, anta\u00f1o centro de eventos culturales.<\/p>\n<h2><strong>Construcci\u00f3n en el Centro Comercial Plaza Mayor incumple ordenanzas<\/strong><\/h2>\n<p>La Asociaci\u00f3n de Propietarios del Complejo Tur\u00edstico El Morro , APMO, present\u00f3 en 2022, ante la alcald\u00eda del municipio Diego Bautista Urbaneja, un Recurso de Jerarqu\u00eda, contra la direcci\u00f3n de Urbanismo, la cual se neg\u00f3 a atender las demandas de los vecinos.<\/p>\n<p>En la realizaci\u00f3n de la obra, que se dice que ser\u00e1 un supermercado, se viola el cumplimiento del retiro de los 30 metros establecidos en las Ordenanzas urban\u00edsticas y el 20% para las \u00e1reas verdes, y no se respeta la fisonom\u00eda arquitect\u00f3nica.<\/p>\n<p>APMO pidi\u00f3 en el documento dirigido al alcalde Manuel Ferreira, la anulaci\u00f3n del permiso concedido para esa edificaci\u00f3n , informaci\u00f3n requerida por el ente, el 22 de agosto de 2022 y hasta la presente fecha no han recibido respuestas.<\/p>\n<p>El presidente de APMO, Sergio Ramos, explic\u00f3 que han transcurrido los lapsos establecidos en la Ley Org\u00e1nica de Procedimientos Administrativos y no ha habido respuestas de la direcci\u00f3n de Urbanismo, por lo que se estima que la solicitud que hicieron fue denegada, hubo un silencio administrativo y fue rechazada la petici\u00f3n de los propietarios.<\/p>\n<p>En el Recurso Jer\u00e1rquico tambi\u00e9n solicitan la detenci\u00f3n de la obra, cuya edificaci\u00f3n se encuentra a menos de 30 metros de la avenida; la demolici\u00f3n de cualquiera edificaci\u00f3n que est\u00e9 a menos de los 30 metros reglamentarios y de cualquiera edificaci\u00f3n que no cumpla con los lineamientos del documento de parcelamiento del Complejo Tur\u00edstico El Morro y del documento gu\u00eda de Zonificaci\u00f3n urbana del referido Complejo.<\/p>\n<p>Adem\u00e1s piden copia del permiso con el que se autoriz\u00f3 la edificaci\u00f3n de la obra y que el Recurso Jer\u00e1rquico sea admitido, sustanciado, conforme a Derecho y declarado con lugar.<\/p>\n<p>Asimismo, solicitan que el alcalde declare la nulidad del permiso otorgado para la edificaci\u00f3n de la obra que se levanta en Plaza Mayor por incumplir las variables urbanas.<\/p>\n<h2><strong>Caso de construcci\u00f3n sobre el lecho marino<\/strong><\/h2>\n<p>En el cuarto caso expuesto por Poleo, relacionado con la construcci\u00f3n sobre el lecho marino en la Playa Mansa de Lecher\u00eda, sobresale el nombre del abogado Augusto Adolfo Calzadilla Quintero, quien se hace llamar Adolfo Calzadilla y quien junto a su socio el abogado Pedro Luis P\u00e9rez Burelli dirige la firma legal P\u00e9rez Burelli &amp; Calzadilla.<\/p>\n<figure id=\"attachment_3290\" aria-describedby=\"caption-attachment-3290\" style=\"width: 1200px\" class=\"wp-caption aligncenter\"><a href=\"https:\/\/www.ciudadgoticanews.com\/wp-content\/uploads\/2023\/05\/adolfo-calzadilla_1.jpg\"><img loading=\"lazy\" decoding=\"async\" class=\"size-full wp-image-3290\" src=\"https:\/\/www.ciudadgoticanews.com\/wp-content\/uploads\/2023\/05\/adolfo-calzadilla_1.jpg\" alt=\"\" width=\"1200\" height=\"600\" srcset=\"https:\/\/www.ciudadgoticanews.com\/wp-content\/uploads\/2023\/05\/adolfo-calzadilla_1.jpg 1200w, https:\/\/www.ciudadgoticanews.com\/wp-content\/uploads\/2023\/05\/adolfo-calzadilla_1-300x150.jpg 300w, https:\/\/www.ciudadgoticanews.com\/wp-content\/uploads\/2023\/05\/adolfo-calzadilla_1-1024x512.jpg 1024w, https:\/\/www.ciudadgoticanews.com\/wp-content\/uploads\/2023\/05\/adolfo-calzadilla_1-768x384.jpg 768w\" sizes=\"auto, (max-width: 1200px) 100vw, 1200px\" \/><\/a><figcaption id=\"caption-attachment-3290\" class=\"wp-caption-text\">Adolfo Calzadilla<\/figcaption><\/figure>\n<p>Ambos abogados han sido se\u00f1alados durante a\u00f1os por apropiarse mediante enga\u00f1os legales, de propiedades, terrenos y construcciones donde han instalado negocios como oficinas, panader\u00edas y otros locales comerciales en Anzo\u00e1tegui.<\/p>\n<p>Algunas oficinas de Calzadilla y P\u00e9rez se encontraban en el \u00faltimo piso donde antes funcionaban oficinas del Instituto Nacional Transporte Terrestre (INTT) en la Avenida El Ej\u00e9rcito, cerca del Batall\u00f3n De Caribes G\/D Pedro Zaraza, en Barcelona, Anzo\u00e1tegui. En la planta baja hab\u00eda una panader\u00eda que compraron a un ciudadano de origen sirio. Las oficinas estaban hechas con drywall.<\/p>\n<p>Ambos abogados instalaron tambi\u00e9n la panader\u00eda La Baguette y el bar restaurante Sourdough, frente al Centro Comercial Caribbean Mall en Puerto La Cruz, en un espacio p\u00fablico del Complejo Tur\u00edstico El Morro, seg\u00fan denuncias de Jos\u00e9 \"Chech\u00e9\" Montero expresidente de la Asociaci\u00f3n Propietarios El Morro (APMO).<\/p>\n<p>El abogado Calzadilla tambi\u00e9n se apropi\u00f3, con artima\u00f1as jur\u00eddicas, de locales ubicados en el Centro Comercial Las Cascadas donde instal\u00f3 un centro de copiado, un kiosco de venta de peri\u00f3dicos, entre otros negocios, de los que dej\u00f3 encargados a familiares y socios.<\/p>\n<p>Calzadilla y algunos de sus socios han ido adquiriendo en el estado Anzo\u00e1tegui propiedades, terrenos y locales que antes eran \u00e1reas comunes sin una clara tradici\u00f3n de propiedad, por lo que no ser\u00eda extra\u00f1o que ahora el abogado participara en la construcci\u00f3n sobre el mar, revelada por la periodista Poleo.<\/p>\n","protected":false},"excerpt":{"rendered":"<p>El 10 de mayo de 2023, la periodista venezolana Patricia Poleo, exiliada en Estados Unidos, revel\u00f3 las construcciones ilegales que se est\u00e1n llevando a cabo en Lecher\u00eda, una ciudad ubicada en el estado Anzo\u00e1tegui, en Venezuela. Poleo record\u00f3 que en junio de 2022 hab\u00eda hecho una denuncia, basada en una investigaci\u00f3n sobre el matrimonio de [&hellip;]<\/p>\n","protected":false},"author":1,"featured_media":3353,"comment_status":"open","ping_status":"open","sticky":false,"template":"","format":"standard","meta":{"h5ap_radio_sources":[],"footnotes":""},"categories":[9],"tags":[],"class_list":["post-3287","post","type-post","status-publish","format-standard","has-post-thumbnail","hentry","category-venezuela"],"aioseo_notices":[],"_links":{"self":[{"href":"https:\/\/www.ciudadgoticanews.com\/index.php\/wp-json\/wp\/v2\/posts\/3287","targetHints":{"allow":["GET"]}}],"collection":[{"href":"https:\/\/www.ciudadgoticanews.com\/index.php\/wp-json\/wp\/v2\/posts"}],"about":[{"href":"https:\/\/www.ciudadgoticanews.com\/index.php\/wp-json\/wp\/v2\/types\/post"}],"author":[{"embeddable":true,"href":"https:\/\/www.ciudadgoticanews.com\/index.php\/wp-json\/wp\/v2\/users\/1"}],"replies":[{"embeddable":true,"href":"https:\/\/www.ciudadgoticanews.com\/index.php\/wp-json\/wp\/v2\/comments?post=3287"}],"version-history":[{"count":0,"href":"https:\/\/www.ciudadgoticanews.com\/index.php\/wp-json\/wp\/v2\/posts\/3287\/revisions"}],"wp:featuredmedia":[{"embeddable":true,"href":"https:\/\/www.ciudadgoticanews.com\/index.php\/wp-json\/wp\/v2\/media\/3353"}],"wp:attachment":[{"href":"https:\/\/www.ciudadgoticanews.com\/index.php\/wp-json\/wp\/v2\/media?parent=3287"}],"wp:term":[{"taxonomy":"category","embeddable":true,"href":"https:\/\/www.ciudadgoticanews.com\/index.php\/wp-json\/wp\/v2\/categories?post=3287"},{"taxonomy":"post_tag","embeddable":true,"href":"https:\/\/www.ciudadgoticanews.com\/index.php\/wp-json\/wp\/v2\/tags?post=3287"}],"curies":[{"name":"wp","href":"https:\/\/api.w.org\/{rel}","templated":true}]}}