{"id":361,"date":"2022-03-22T08:17:47","date_gmt":"2022-03-22T12:17:47","guid":{"rendered":"https:\/\/www.ciudadgoticanews.com\/?p=361"},"modified":"2022-03-25T08:53:12","modified_gmt":"2022-03-25T12:53:12","slug":"amnistia-internacional-logra-entendimiento-con-curazao-sobe-migrantes-venezolanos","status":"publish","type":"post","link":"https:\/\/www.ciudadgoticanews.com\/index.php\/2022\/03\/22\/amnistia-internacional-logra-entendimiento-con-curazao-sobe-migrantes-venezolanos\/","title":{"rendered":"Amnist\u00eda Internacional logra un entendimiento con Curazao sobre migrantes venezolanos"},"content":{"rendered":"<p>Misi\u00f3n cumplida.\u00a0La delegaci\u00f3n de Amnist\u00eda Internacional que esta semana visit\u00f3 Curazao\u00a0logr\u00f3 su principal cometido: Reestablecer los canales de comunicaci\u00f3n con el gobierno de la isla, para as\u00ed abordar la situaci\u00f3n de los migrantes venezolanos.<\/p>\n<p>\u201cEstamos muy contentos de haber hablado con (el primer ministro Gilmar) Pisas y con miembros de su administraci\u00f3n (\u2026)\u00a0<strong>Consideramos positivo que esta reuni\u00f3n se haya dado y que estemos en contacto otra vez con las autoridades para discutir temas relacionados con los Derechos Humanos<\/strong>\u201d, afirm\u00f3 Yara Boff Tonella, quien en conversaci\u00f3n telef\u00f3nica con\u00a0<em><strong>Cr\u00f3nicas del Caribe<\/strong><\/em>\u00a0admiti\u00f3 que el encuentro con el mandatario tuvo sus momentos de tensi\u00f3n.<\/p>\n<p>\u201cPisas fue cr\u00edtico con nuestro informe\u00a0(\u2026) Nos dijo que el informe no era preciso, porque apenas hablamos con 22 detenidos, pero nosotros le explicamos que nuestras investigaciones son cualitativas, no cuantitativas.\u00a0<strong>Nosotros entrevistamos personas (v\u00edctimas) y citamos instrumentos legales y otros informes<\/strong>\u201d, relat\u00f3 la investigadora.<\/p>\n<p>El mandatario insular ha cuestionado el contenido y la metodolog\u00eda del reporte \u201c<a href=\"https:\/\/www.amnesty.org\/es\/documents\/EUR35\/4724\/2021\/es\/\" target=\"_blank\" rel=\"noopener noreferrer\" data-ss1647950686=\"1\">Sin seguridad todav\u00eda: Niegan protecci\u00f3n a personas venezolanas en Curazao<\/a>\u201d.<\/p>\n<p>El texto es el segundo en tres a\u00f1os que Amnist\u00eda Internacional dedica al tema del trato que la migraci\u00f3n venezolana viene recibiendo en la isla del Caribe Neerland\u00e9s, y en \u00e9l se denuncia que\u00a0<strong>los inmigrantes ilegales son detenidos autom\u00e1ticamente por la polic\u00eda y recluidos durante meses en celdas hacinadas, sin distingo de si son mayores o menores.<\/strong><\/p>\n<p><strong>\u00bfRefugiados o inmigrantes ilegales?\u00a0<\/strong><\/p>\n<p>Boff Tonella admiti\u00f3 que otro motivo de discrepancia con el mandatario insular fue con relaci\u00f3n a la definici\u00f3n de los venezolanos. \u201c<strong>El gobierno de Curazao no considera a los inmigrantes como refugiados<\/strong>, porque la isla no ha firmado la Convenci\u00f3n sobre los Refugiados, pero para nosotros es un asunto meramente sem\u00e1ntico\u201d, dijo.<\/p>\n<p>Tras recordar que el Alto Comisionado de Naciones Unidas de los Refugiados (<a href=\"https:\/\/www.acnur.org\/\" rel=\"noreferrer\" data-ss1647950686=\"1\">Acnur<\/a>) ha dicho que\u00a0<strong>ning\u00fan venezolano deber\u00eda ser devuelto a Venezuela, debido a la grave crisis humanitaria que el pa\u00eds atraviesa<\/strong>, la activista inst\u00f3 a las autoridades de Willemstad a darles refugio.<\/p>\n<p>\u201cSin importar c\u00f3mo se les llame, consideramos que\u00a0<strong>los venezolanos que llegan a Curazao deben recibir protecci\u00f3n<\/strong>\u201d, afirm\u00f3.<\/p>\n<p>Una de las denuncias de Amnist\u00eda Internacional es que\u00a0<strong>el Procedimiento de Protecci\u00f3n de Refugiados que la isla del Caribe Neerland\u00e9s aprob\u00f3 en 2019 es ineficaz<\/strong>, pues hasta el momento ni una sola persona ha sido amparada por el mismo.<\/p>\n<h3><strong>Sin cambios, por ahora\u00a0<\/strong><\/h3>\n<p>Pese a que el encuentro con Pisas fue tenso, la investigadora de Amnist\u00eda Internacional considera que el mismo fue \u201cpositivo\u201d y prueba de ello es que tras la reuni\u00f3n\u00a0<strong>se les permiti\u00f3 visitar los centros de detenci\u00f3n donde se encuentran recluidos los inmigrantes ilegales<\/strong>.<\/p>\n<p>\u201cVisitamos las barracas, tanto de mujeres y hombres y pudimos hablar con algunos de los detenidos, lo cual tambi\u00e9n fue muy bueno.\u00a0<strong>Constatamos que los refugiados siguen estando detenidos en condiciones malas<\/strong>, pero vivimos que las nuevas barracas siguen construy\u00e9ndose\u201d, dijo.<\/p>\n<p>Por \u00faltimo, Boff Tonella hizo votos porque este nuevo clima de di\u00e1logo con el Gobierno curazole\u00f1o se mantenga en el tiempo y que \u201cen nuestras pr\u00f3ximas conversaciones podamos ver algunas mejoras\u201d.<\/p>\n<p>A la cita con el mandatario insular tambi\u00e9n asisti\u00f3\u00a0<strong>Dagmar Oudshoorn<\/strong>, directora del cap\u00edtulo neerland\u00e9s, y quien encabez\u00f3 la delegaci\u00f3n de Amnist\u00eda Internacional que entre el 13 y el 19 de marzo visit\u00f3 Curazao y tambi\u00e9n la vecina isla de Aruba.<\/p>\n<h3><strong>Juan Francisco Alonso<\/strong><\/h3>\n<h3><a href=\"https:\/\/cronicasdelcaribe.com\/migracion\/amnistia-internacional-saluda-el-restablecimiento-del-dialogo-con-el-gobierno-de-curazao\/\" target=\"_blank\" rel=\"noopener\"><strong>Cr\u00f3nicas del Caribe<\/strong><\/a><\/h3>\n","protected":false},"excerpt":{"rendered":"<p>Misi\u00f3n cumplida.\u00a0La delegaci\u00f3n de Amnist\u00eda Internacional que esta semana visit\u00f3 Curazao\u00a0logr\u00f3 su principal cometido: Reestablecer los canales de comunicaci\u00f3n con el gobierno de la isla, para as\u00ed abordar la situaci\u00f3n de los migrantes venezolanos. \u201cEstamos muy contentos de haber hablado con (el primer ministro Gilmar) Pisas y con miembros de su administraci\u00f3n (\u2026)\u00a0Consideramos positivo que [&hellip;]<\/p>\n","protected":false},"author":1,"featured_media":364,"comment_status":"open","ping_status":"open","sticky":false,"template":"","format":"standard","meta":{"h5ap_radio_sources":[],"footnotes":""},"categories":[6],"tags":[],"class_list":["post-361","post","type-post","status-publish","format-standard","has-post-thumbnail","hentry","category-curacao"],"aioseo_notices":[],"_links":{"self":[{"href":"https:\/\/www.ciudadgoticanews.com\/index.php\/wp-json\/wp\/v2\/posts\/361","targetHints":{"allow":["GET"]}}],"collection":[{"href":"https:\/\/www.ciudadgoticanews.com\/index.php\/wp-json\/wp\/v2\/posts"}],"about":[{"href":"https:\/\/www.ciudadgoticanews.com\/index.php\/wp-json\/wp\/v2\/types\/post"}],"author":[{"embeddable":true,"href":"https:\/\/www.ciudadgoticanews.com\/index.php\/wp-json\/wp\/v2\/users\/1"}],"replies":[{"embeddable":true,"href":"https:\/\/www.ciudadgoticanews.com\/index.php\/wp-json\/wp\/v2\/comments?post=361"}],"version-history":[{"count":0,"href":"https:\/\/www.ciudadgoticanews.com\/index.php\/wp-json\/wp\/v2\/posts\/361\/revisions"}],"wp:featuredmedia":[{"embeddable":true,"href":"https:\/\/www.ciudadgoticanews.com\/index.php\/wp-json\/wp\/v2\/media\/364"}],"wp:attachment":[{"href":"https:\/\/www.ciudadgoticanews.com\/index.php\/wp-json\/wp\/v2\/media?parent=361"}],"wp:term":[{"taxonomy":"category","embeddable":true,"href":"https:\/\/www.ciudadgoticanews.com\/index.php\/wp-json\/wp\/v2\/categories?post=361"},{"taxonomy":"post_tag","embeddable":true,"href":"https:\/\/www.ciudadgoticanews.com\/index.php\/wp-json\/wp\/v2\/tags?post=361"}],"curies":[{"name":"wp","href":"https:\/\/api.w.org\/{rel}","templated":true}]}}