{"id":3954,"date":"2023-06-14T23:23:28","date_gmt":"2023-06-15T03:23:28","guid":{"rendered":"https:\/\/www.ciudadgoticanews.com\/?p=3954"},"modified":"2023-06-14T23:28:59","modified_gmt":"2023-06-15T03:28:59","slug":"jesus-medina-ezaine-del-beneficio-judicial-a-una-nueva-detencion-en-venezuela-por-violencia","status":"publish","type":"post","link":"https:\/\/www.ciudadgoticanews.com\/index.php\/2023\/06\/14\/jesus-medina-ezaine-del-beneficio-judicial-a-una-nueva-detencion-en-venezuela-por-violencia\/","title":{"rendered":"Jes\u00fas Medina Ezaine: del beneficio judicial a una nueva detenci\u00f3n en Venezuela por violencia"},"content":{"rendered":"<p>El reportero gr\u00e1fico Jes\u00fas Medina Ezaine, quien hab\u00eda sido beneficiado con una medida sustitutiva de libertad en 2021 tras estar detenido desde 2018 por delitos financieros y de odio, fue arrestado nuevamente el pasado 12 de junio de 2023 por la polic\u00eda municipal de Sucre, luego de protagonizar una ri\u00f1a con su cu\u00f1ado en la urbanizaci\u00f3n El Marqu\u00e9s, en Caracas.<\/p>\n<p>Seg\u00fan el parte policial, Medina Ezaine hab\u00eda amenazado con apu\u00f1alar a su hermana con un cuchillo, lo que motiv\u00f3 la intervenci\u00f3n de su cu\u00f1ado, identificado como Ram\u00f3n Guerrero, quien se enfrent\u00f3 a golpes con el reportero gr\u00e1fico. Ambos fueron detenidos por los funcionarios policiales que acudieron al lugar del hecho.<\/p>\n<p><a href=\"https:\/\/www.ciudadgoticanews.com\/wp-content\/uploads\/2023\/06\/jesus-medina-ezaine_1.jpg\"><img loading=\"lazy\" decoding=\"async\" class=\"aligncenter size-full wp-image-3960\" src=\"https:\/\/www.ciudadgoticanews.com\/wp-content\/uploads\/2023\/06\/jesus-medina-ezaine_1.jpg\" alt=\"\" width=\"1200\" height=\"1404\" srcset=\"https:\/\/www.ciudadgoticanews.com\/wp-content\/uploads\/2023\/06\/jesus-medina-ezaine_1.jpg 1200w, https:\/\/www.ciudadgoticanews.com\/wp-content\/uploads\/2023\/06\/jesus-medina-ezaine_1-256x300.jpg 256w, https:\/\/www.ciudadgoticanews.com\/wp-content\/uploads\/2023\/06\/jesus-medina-ezaine_1-875x1024.jpg 875w, https:\/\/www.ciudadgoticanews.com\/wp-content\/uploads\/2023\/06\/jesus-medina-ezaine_1-768x899.jpg 768w\" sizes=\"auto, (max-width: 1200px) 100vw, 1200px\" \/><\/a><\/p>\n<p>Al verificarlos por el sistema SIPOL, se constat\u00f3 que Medina Ezaine ten\u00eda una orden de captura vigente por los delitos de instigaci\u00f3n al odio, legitimaci\u00f3n de capitales y asociaci\u00f3n para delinquir, por los que hab\u00eda sido procesado en 2018 y recluido en la c\u00e1rcel de Ramo Verde.<\/p>\n<p>Medina Ezaine fue presentado en tribunales la tarde del mi\u00e9rcoles 14 de junio, donde seg\u00fan inform\u00f3 en Twitter el propio reportero gr\u00e1fico le concedieron libertad plena, a pesar que <a href=\"https:\/\/unionradio.net\/2023\/06\/14\/reportero-grafico-jesus-medina-quedo-privado-de-libertad\/\" target=\"_blank\" rel=\"noopener\">medios de prensa venezolanos<\/a> reportaron que le habr\u00eda sido revocado el r\u00e9gimen de presentaci\u00f3n que le hab\u00eda sido otorgado como beneficio, por lo cual hab\u00eda quedado privado de libertad.<\/p>\n<div style=\"max-width: 550px;\">\n<div style=\"left: 0; width: 100%; height: 0; position: relative; padding-bottom: 56.25%;\"><iframe title=\"Jes\u00fas Medina Ezaine on Twitter \/ X\" src=\"\/\/if-cdn.com\/cz6qnRD?maxheight=960&#038;maxwidth=640&#038;app=1\" style=\"top: 0; left: 0; width: 100%; height: 100%; position: absolute; border: 0;\" allowfullscreen><\/iframe><\/div>\n<\/div>\n<p><script async src=\"\/\/if-cdn.com\/embed.js\" charset=\"utf-8\"><\/script><\/p>\n<p>Fuentes policiales informaron que Medina Ezaine tiene antecedentes de violencia familiar, pues ha sido detenido antes por agredir a su propia madre, a la que en una ocasi\u00f3n le fractur\u00f3 dos costillas y la desaloj\u00f3 a la fuerza de la vivienda que ambos habitaban en Caracas. La madre de Medina debi\u00f3 acudir a la polic\u00eda y a la fiscal\u00eda del Ministerio P\u00fablico para denunciar los hechos.<\/p>\n<p>Ir\u00f3nicamente, Medina Ezaine hab\u00eda participado recientemente en una charla contra la violencia de g\u00e9nero, auspiciada en Caracas el pasado 24 de marzo por la organizaci\u00f3n internacional Voz de Am\u00e9rica y que cont\u00f3 con el apoyo de la seccional Caracas del Colegio Nacional de Periodistas.<\/p>\n","protected":false},"excerpt":{"rendered":"<p>El reportero gr\u00e1fico Jes\u00fas Medina Ezaine, quien hab\u00eda sido beneficiado con una medida sustitutiva de libertad en 2021 tras estar detenido desde 2018 por delitos financieros y de odio, fue arrestado nuevamente el pasado 12 de junio de 2023 por la polic\u00eda municipal de Sucre, luego de protagonizar una ri\u00f1a con su cu\u00f1ado en la [&hellip;]<\/p>\n","protected":false},"author":1,"featured_media":3959,"comment_status":"open","ping_status":"open","sticky":false,"template":"","format":"standard","meta":{"h5ap_radio_sources":[],"footnotes":""},"categories":[9],"tags":[],"class_list":["post-3954","post","type-post","status-publish","format-standard","has-post-thumbnail","hentry","category-venezuela"],"aioseo_notices":[],"_links":{"self":[{"href":"https:\/\/www.ciudadgoticanews.com\/index.php\/wp-json\/wp\/v2\/posts\/3954","targetHints":{"allow":["GET"]}}],"collection":[{"href":"https:\/\/www.ciudadgoticanews.com\/index.php\/wp-json\/wp\/v2\/posts"}],"about":[{"href":"https:\/\/www.ciudadgoticanews.com\/index.php\/wp-json\/wp\/v2\/types\/post"}],"author":[{"embeddable":true,"href":"https:\/\/www.ciudadgoticanews.com\/index.php\/wp-json\/wp\/v2\/users\/1"}],"replies":[{"embeddable":true,"href":"https:\/\/www.ciudadgoticanews.com\/index.php\/wp-json\/wp\/v2\/comments?post=3954"}],"version-history":[{"count":0,"href":"https:\/\/www.ciudadgoticanews.com\/index.php\/wp-json\/wp\/v2\/posts\/3954\/revisions"}],"wp:featuredmedia":[{"embeddable":true,"href":"https:\/\/www.ciudadgoticanews.com\/index.php\/wp-json\/wp\/v2\/media\/3959"}],"wp:attachment":[{"href":"https:\/\/www.ciudadgoticanews.com\/index.php\/wp-json\/wp\/v2\/media?parent=3954"}],"wp:term":[{"taxonomy":"category","embeddable":true,"href":"https:\/\/www.ciudadgoticanews.com\/index.php\/wp-json\/wp\/v2\/categories?post=3954"},{"taxonomy":"post_tag","embeddable":true,"href":"https:\/\/www.ciudadgoticanews.com\/index.php\/wp-json\/wp\/v2\/tags?post=3954"}],"curies":[{"name":"wp","href":"https:\/\/api.w.org\/{rel}","templated":true}]}}