{"id":4499,"date":"2023-08-10T02:46:56","date_gmt":"2023-08-10T06:46:56","guid":{"rendered":"https:\/\/www.ciudadgoticanews.com\/?p=4499"},"modified":"2023-08-10T02:52:08","modified_gmt":"2023-08-10T06:52:08","slug":"el-dj-eric-bodenski-y-el-principe-de-carabobo-luis-vargas-pizzolante-son-acusados-en-denuncias-de-abuso-sexual-y-microtrafico-en-la-discoteca-vertical-del-hotel-internacional-de-valencia","status":"publish","type":"post","link":"https:\/\/www.ciudadgoticanews.com\/index.php\/2023\/08\/10\/el-dj-eric-bodenski-y-el-principe-de-carabobo-luis-vargas-pizzolante-son-acusados-en-denuncias-de-abuso-sexual-y-microtrafico-en-la-discoteca-vertical-del-hotel-internacional-de-valencia\/","title":{"rendered":"El DJ Eric Bodenski y \u00abEl Pr\u00edncipe\u00bb de Carabobo Luis Vargas Pizzolante son denunciados por supuesto abuso sexual y microtr\u00e1fico en la Discoteca Vertical del Hotel Internacional de Valencia"},"content":{"rendered":"<p>El pasado mi\u00e9rcoles 9 de agosto, Cesar Moya, usuario activo de Twitter conocido como @zuricht94, destap\u00f3 un esc\u00e1ndalo que sigue cimbrando los cimientos de la sociedad venezolana. Moya comparti\u00f3 una serie de alegaciones muy graves en contra del Hotel Internacional de Valencia, situado en el estado Carabobo, que involucran a varias figuras notables de la sociedad local.<\/p>\n<h3>El n\u00facleo del esc\u00e1ndalo: La Discoteca Vertical<\/h3>\n<p>Seg\u00fan la informaci\u00f3n proporcionada por Moya, un grupo de chicas, entre las que se encontraba una menor de edad y varias adolescentes de 18 a\u00f1os, fueron v\u00edctimas de abuso en el VIP de la Discoteca Vertical, una secci\u00f3n conocida del Hotel Internacional de Valencia. El gerente de la discoteca, un joven DJ de 23 a\u00f1os llamado Eric Bodenski, fue se\u00f1alado como uno de los principales responsables de estos actos.<\/p>\n<p><a href=\"https:\/\/www.ciudadgoticanews.com\/wp-content\/uploads\/2023\/08\/Discoteca-Vertical_2.jpg\"><img loading=\"lazy\" decoding=\"async\" class=\"aligncenter size-full wp-image-4509\" src=\"https:\/\/www.ciudadgoticanews.com\/wp-content\/uploads\/2023\/08\/Discoteca-Vertical_2.jpg\" alt=\"\" width=\"1200\" height=\"763\" srcset=\"https:\/\/www.ciudadgoticanews.com\/wp-content\/uploads\/2023\/08\/Discoteca-Vertical_2.jpg 1200w, https:\/\/www.ciudadgoticanews.com\/wp-content\/uploads\/2023\/08\/Discoteca-Vertical_2-300x191.jpg 300w, https:\/\/www.ciudadgoticanews.com\/wp-content\/uploads\/2023\/08\/Discoteca-Vertical_2-1024x651.jpg 1024w, https:\/\/www.ciudadgoticanews.com\/wp-content\/uploads\/2023\/08\/Discoteca-Vertical_2-768x488.jpg 768w\" sizes=\"auto, (max-width: 1200px) 100vw, 1200px\" \/><\/a><\/p>\n<p>Bodenski, adem\u00e1s de ser el encargado de amenizar las noches con su m\u00fasica, presuntamente tambi\u00e9n se ocupar\u00eda de la distribuci\u00f3n de sustancias ilegales que, seg\u00fan las denuncias, habr\u00edan sido utilizadas para drogar a las j\u00f3venes antes de ser abusadas en una secci\u00f3n VIP del recinto.<\/p>\n<p><a href=\"https:\/\/www.ciudadgoticanews.com\/wp-content\/uploads\/2023\/08\/Eric-Bodenski_1.jpg\"><img loading=\"lazy\" decoding=\"async\" class=\"aligncenter size-full wp-image-4510\" src=\"https:\/\/www.ciudadgoticanews.com\/wp-content\/uploads\/2023\/08\/Eric-Bodenski_1.jpg\" alt=\"\" width=\"1200\" height=\"1480\" srcset=\"https:\/\/www.ciudadgoticanews.com\/wp-content\/uploads\/2023\/08\/Eric-Bodenski_1.jpg 1200w, https:\/\/www.ciudadgoticanews.com\/wp-content\/uploads\/2023\/08\/Eric-Bodenski_1-243x300.jpg 243w, https:\/\/www.ciudadgoticanews.com\/wp-content\/uploads\/2023\/08\/Eric-Bodenski_1-830x1024.jpg 830w, https:\/\/www.ciudadgoticanews.com\/wp-content\/uploads\/2023\/08\/Eric-Bodenski_1-768x947.jpg 768w\" sizes=\"auto, (max-width: 1200px) 100vw, 1200px\" \/><\/a><\/p>\n<h3>Figuras de poder involucradas<\/h3>\n<p>La denuncia apunta que esta \u00e1rea VIP es frecuentada por Luis Vargas Pizzolante, alias \u00abEl Pr\u00edncipe\u00bb, quien es se\u00f1alado como testaferro de Rafael Lacava, conocido tambi\u00e9n como \u00abDracuchoro\u00bb, actual gobernador del estado Carabobo. Este lugar privado, seg\u00fan la informaci\u00f3n proporcionada por Moya, se prestar\u00eda para conductas il\u00edcitas.<\/p>\n<div id='gallery-1' class='gallery galleryid-4499 gallery-columns-1 gallery-size-full'><figure class='gallery-item'>\n\t\t\t<div class='gallery-icon landscape'>\n\t\t\t\t<a href='https:\/\/www.ciudadgoticanews.com\/wp-content\/uploads\/2023\/07\/Luis-Alberto-Vargas-Pizzolante0_1.jpg'><img loading=\"lazy\" decoding=\"async\" width=\"1200\" height=\"600\" src=\"https:\/\/www.ciudadgoticanews.com\/wp-content\/uploads\/2023\/07\/Luis-Alberto-Vargas-Pizzolante0_1.jpg\" class=\"attachment-full size-full\" alt=\"\" aria-describedby=\"gallery-1-4402\" srcset=\"https:\/\/www.ciudadgoticanews.com\/wp-content\/uploads\/2023\/07\/Luis-Alberto-Vargas-Pizzolante0_1.jpg 1200w, https:\/\/www.ciudadgoticanews.com\/wp-content\/uploads\/2023\/07\/Luis-Alberto-Vargas-Pizzolante0_1-300x150.jpg 300w, https:\/\/www.ciudadgoticanews.com\/wp-content\/uploads\/2023\/07\/Luis-Alberto-Vargas-Pizzolante0_1-1024x512.jpg 1024w, https:\/\/www.ciudadgoticanews.com\/wp-content\/uploads\/2023\/07\/Luis-Alberto-Vargas-Pizzolante0_1-768x384.jpg 768w\" sizes=\"auto, (max-width: 1200px) 100vw, 1200px\" \/><\/a>\n\t\t\t<\/div>\n\t\t\t\t<figcaption class='wp-caption-text gallery-caption' id='gallery-1-4402'>\n\t\t\t\tLuis Vargas Pizzolante\n\t\t\t\t<\/figcaption><\/figure><figure class='gallery-item'>\n\t\t\t<div class='gallery-icon landscape'>\n\t\t\t\t<a href='https:\/\/www.ciudadgoticanews.com\/wp-content\/uploads\/2023\/07\/Luis-Alberto-Vargas-Pizzolante-3_3.jpg'><img loading=\"lazy\" decoding=\"async\" width=\"1200\" height=\"937\" src=\"https:\/\/www.ciudadgoticanews.com\/wp-content\/uploads\/2023\/07\/Luis-Alberto-Vargas-Pizzolante-3_3.jpg\" class=\"attachment-full size-full\" alt=\"\" aria-describedby=\"gallery-1-4396\" srcset=\"https:\/\/www.ciudadgoticanews.com\/wp-content\/uploads\/2023\/07\/Luis-Alberto-Vargas-Pizzolante-3_3.jpg 1200w, https:\/\/www.ciudadgoticanews.com\/wp-content\/uploads\/2023\/07\/Luis-Alberto-Vargas-Pizzolante-3_3-300x234.jpg 300w, https:\/\/www.ciudadgoticanews.com\/wp-content\/uploads\/2023\/07\/Luis-Alberto-Vargas-Pizzolante-3_3-1024x800.jpg 1024w, https:\/\/www.ciudadgoticanews.com\/wp-content\/uploads\/2023\/07\/Luis-Alberto-Vargas-Pizzolante-3_3-768x600.jpg 768w\" sizes=\"auto, (max-width: 1200px) 100vw, 1200px\" \/><\/a>\n\t\t\t<\/div>\n\t\t\t\t<figcaption class='wp-caption-text gallery-caption' id='gallery-1-4396'>\n\t\t\t\tLuis Vargas Pizzolante\n\t\t\t\t<\/figcaption><\/figure><figure class='gallery-item'>\n\t\t\t<div class='gallery-icon landscape'>\n\t\t\t\t<a href='https:\/\/www.ciudadgoticanews.com\/wp-content\/uploads\/2023\/07\/Luis-Alberto-Vargas-Pizzolante-2_2.jpg'><img loading=\"lazy\" decoding=\"async\" width=\"1200\" height=\"1146\" src=\"https:\/\/www.ciudadgoticanews.com\/wp-content\/uploads\/2023\/07\/Luis-Alberto-Vargas-Pizzolante-2_2.jpg\" class=\"attachment-full size-full\" alt=\"\" aria-describedby=\"gallery-1-4397\" srcset=\"https:\/\/www.ciudadgoticanews.com\/wp-content\/uploads\/2023\/07\/Luis-Alberto-Vargas-Pizzolante-2_2.jpg 1200w, https:\/\/www.ciudadgoticanews.com\/wp-content\/uploads\/2023\/07\/Luis-Alberto-Vargas-Pizzolante-2_2-300x287.jpg 300w, https:\/\/www.ciudadgoticanews.com\/wp-content\/uploads\/2023\/07\/Luis-Alberto-Vargas-Pizzolante-2_2-1024x978.jpg 1024w, https:\/\/www.ciudadgoticanews.com\/wp-content\/uploads\/2023\/07\/Luis-Alberto-Vargas-Pizzolante-2_2-768x733.jpg 768w\" sizes=\"auto, (max-width: 1200px) 100vw, 1200px\" \/><\/a>\n\t\t\t<\/div>\n\t\t\t\t<figcaption class='wp-caption-text gallery-caption' id='gallery-1-4397'>\n\t\t\t\tLuis Vargas Pizzolante\n\t\t\t\t<\/figcaption><\/figure>\n\t\t<\/div>\n\n<p>Las j\u00f3venes afectadas supuestamente formularon una denuncia ante la fiscal\u00eda. Sin embargo, el procedimiento fue paralizado por \u00f3rdenes del Secretario de Seguridad de Carabobo, Jes\u00fas Par\u00eds, en un aparente intento de proteger a Vargas Pizzolante.<\/p>\n<p>Adem\u00e1s, se alega que Bodenski, hermano de la \u00abMiss Carabobo 2022\u00bb, Lorena Bodenski, habr\u00eda recibido una camioneta Fortuner blanca y un Town House de tres pisos en la Urbanizaci\u00f3n El Parral en la zona norte de Valencia. Estos regalos habr\u00edan sido otorgados por Vargas Pizzolante en agradecimiento por proporcionarle \u00abcarne fresca\u00bb y aumentar la distribuci\u00f3n de sustancias ilegales.<\/p>\n<blockquote class=\"twitter-tweet\" data-dnt=\"true\">\n<p dir=\"ltr\" lang=\"es\">ESC\u00c1NDALO:<br \/>\nLO QUE OCURRE EN LA DISCOTECA VERTICAL DEL HOTEL INTERNACIONAL DE VALENCIA.<br \/>\nCada vez m\u00e1s me llegan denuncias muy graves de situaciones irregulares y delictivas dentro del Hotel Internacional de Valencia en el estado Carabobo. Un grupo de chicas, una de ellas menor de\u2026 <a href=\"https:\/\/t.co\/igELDq6BUg\">pic.twitter.com\/igELDq6BUg<\/a><\/p>\n<p>\u2014 Cesar Moya (@zuricht94) <a href=\"https:\/\/twitter.com\/zuricht94\/status\/1689386280407248897?ref_src=twsrc%5Etfw\">August 9, 2023<\/a><\/p><\/blockquote>\n<p><script async src=\"https:\/\/platform.twitter.com\/widgets.js\" charset=\"utf-8\"><\/script><\/p>\n<blockquote class=\"wp-embedded-content\" data-secret=\"Qo90rVeJpT\"><p><a href=\"https:\/\/www.ciudadgoticanews.com\/index.php\/2023\/07\/31\/empresario-luis-alberto-vargas-pizzolante-es-relacionado-en-venezuela-con-escandalos-de-corrupcion\/\">Empresario Lu\u00eds Alberto Vargas Pizzolante es relacionado en Venezuela con esc\u00e1ndalos de corrupci\u00f3n<\/a><\/p><\/blockquote>\n<p><iframe loading=\"lazy\" title=\"\u00abEmpresario Lu\u00eds Alberto Vargas Pizzolante es relacionado en Venezuela con esc\u00e1ndalos de corrupci\u00f3n\u00bb \u2014 CIUDAD G&Oacute;TICA\" sandbox=\"allow-scripts\" security=\"restricted\" src=\"https:\/\/www.ciudadgoticanews.com\/index.php\/2023\/07\/31\/empresario-luis-alberto-vargas-pizzolante-es-relacionado-en-venezuela-con-escandalos-de-corrupcion\/embed\/#?secret=Qo90rVeJpT\" width=\"600\" height=\"338\" data-secret=\"Qo90rVeJpT\" frameborder=\"0\" marginwidth=\"0\" marginheight=\"0\" scrolling=\"no\" class=\"wp-embedded-content\"><\/iframe><script>\/*! This file is auto-generated *\/!function(d,l){\"use strict\";l.querySelector&&d.addEventListener&&\"undefined\"!=typeof URL&&(d.wp=d.wp||{},d.wp.receiveEmbedMessage||(d.wp.receiveEmbedMessage=function(e){var t=e.data;if((t||t.secret||t.message||t.value)&&!\/[^a-zA-Z0-9]\/.test(t.secret)){for(var s,r,n,a=l.querySelectorAll('iframe[data-secret=\"'+t.secret+'\"]'),o=l.querySelectorAll('blockquote[data-secret=\"'+t.secret+'\"]'),c=new RegExp(\"^https?:$\",\"i\"),i=0;i<o.length;i++)o[i].style.display=\"none\";for(i=0;i<a.length;i++)s=a[i],e.source===s.contentWindow&#038;&#038;(s.removeAttribute(\"style\"),\"height\"===t.message?(1e3<(r=parseInt(t.value,10))?r=1e3:~~r<200&#038;&#038;(r=200),s.height=r):\"link\"===t.message&#038;&#038;(r=new URL(s.getAttribute(\"src\")),n=new URL(t.value),c.test(n.protocol))&#038;&#038;n.host===r.host&#038;&#038;l.activeElement===s&#038;&#038;(d.top.location.href=t.value))}},d.addEventListener(\"message\",d.wp.receiveEmbedMessage,!1),l.addEventListener(\"DOMContentLoaded\",function(){for(var e,t,s=l.querySelectorAll(\"iframe.wp-embedded-content\"),r=0;r<s.length;r++)(t=(e=s[r]).getAttribute(\"data-secret\"))||(t=Math.random().toString(36).substring(2,12),e.src+=\"#?secret=\"+t,e.setAttribute(\"data-secret\",t)),e.contentWindow.postMessage({message:\"ready\",secret:t},\"*\")},!1)))}(window,document);<\/script><\/p>\n<h3>Otra v\u00edctima de Bodenski<\/h3>\n<p>Adem\u00e1s, otra joven hab\u00eda compartido en las redes sociales, en el a\u00f1o 2021, su experiencia personal con Bodenski. Seg\u00fan su relato, Bodenski la llev\u00f3 a un motel despu\u00e9s de una noche de fiesta en la que ella estaba muy ebria. All\u00ed, a pesar de su estado y su rechazo, Bodenski la grab\u00f3 sin su consentimiento mientras se realizaban actos sexuales. Posteriormente, la joven descubri\u00f3 que Bodenski hab\u00eda mostrado el video a sus amigos en reuniones privadas.<\/p>\n<blockquote class=\"twitter-tweet\" data-dnt=\"true\">\n<p dir=\"ltr\" lang=\"es\">Un testimonio de abuso acerca de Eric Bodenski. <a href=\"https:\/\/t.co\/jW01YhEtR5\">pic.twitter.com\/jW01YhEtR5<\/a><\/p>\n<p>\u2014 YoTeCreoValencia (@TecreoYo) <a href=\"https:\/\/twitter.com\/TecreoYo\/status\/1388071005168574464?ref_src=twsrc%5Etfw\">April 30, 2021<\/a><\/p><\/blockquote>\n<p><script async src=\"https:\/\/platform.twitter.com\/widgets.js\" charset=\"utf-8\"><\/script><\/p>\n","protected":false},"excerpt":{"rendered":"<p>El pasado mi\u00e9rcoles 9 de agosto, Cesar Moya, usuario activo de Twitter conocido como @zuricht94, destap\u00f3 un esc\u00e1ndalo que sigue cimbrando los cimientos de la sociedad venezolana. Moya comparti\u00f3 una serie de alegaciones muy graves en contra del Hotel Internacional de Valencia, situado en el estado Carabobo, que involucran a varias figuras notables de la [&hellip;]<\/p>\n","protected":false},"author":1,"featured_media":4503,"comment_status":"open","ping_status":"open","sticky":false,"template":"","format":"standard","meta":{"h5ap_radio_sources":[],"footnotes":""},"categories":[9],"tags":[],"class_list":["post-4499","post","type-post","status-publish","format-standard","has-post-thumbnail","hentry","category-venezuela"],"aioseo_notices":[],"_links":{"self":[{"href":"https:\/\/www.ciudadgoticanews.com\/index.php\/wp-json\/wp\/v2\/posts\/4499","targetHints":{"allow":["GET"]}}],"collection":[{"href":"https:\/\/www.ciudadgoticanews.com\/index.php\/wp-json\/wp\/v2\/posts"}],"about":[{"href":"https:\/\/www.ciudadgoticanews.com\/index.php\/wp-json\/wp\/v2\/types\/post"}],"author":[{"embeddable":true,"href":"https:\/\/www.ciudadgoticanews.com\/index.php\/wp-json\/wp\/v2\/users\/1"}],"replies":[{"embeddable":true,"href":"https:\/\/www.ciudadgoticanews.com\/index.php\/wp-json\/wp\/v2\/comments?post=4499"}],"version-history":[{"count":0,"href":"https:\/\/www.ciudadgoticanews.com\/index.php\/wp-json\/wp\/v2\/posts\/4499\/revisions"}],"wp:featuredmedia":[{"embeddable":true,"href":"https:\/\/www.ciudadgoticanews.com\/index.php\/wp-json\/wp\/v2\/media\/4503"}],"wp:attachment":[{"href":"https:\/\/www.ciudadgoticanews.com\/index.php\/wp-json\/wp\/v2\/media?parent=4499"}],"wp:term":[{"taxonomy":"category","embeddable":true,"href":"https:\/\/www.ciudadgoticanews.com\/index.php\/wp-json\/wp\/v2\/categories?post=4499"},{"taxonomy":"post_tag","embeddable":true,"href":"https:\/\/www.ciudadgoticanews.com\/index.php\/wp-json\/wp\/v2\/tags?post=4499"}],"curies":[{"name":"wp","href":"https:\/\/api.w.org\/{rel}","templated":true}]}}