{"id":455,"date":"2022-04-03T14:10:22","date_gmt":"2022-04-03T18:10:22","guid":{"rendered":"https:\/\/www.ciudadgoticanews.com\/?p=455"},"modified":"2022-04-03T14:11:14","modified_gmt":"2022-04-03T18:11:14","slug":"amnistia-internacional-denuncia-condiciones-inhumanas-y-violacion-de-derechos-humanos-de-migrantes-privados-de-libertad-en-curazao","status":"publish","type":"post","link":"https:\/\/www.ciudadgoticanews.com\/index.php\/2022\/04\/03\/amnistia-internacional-denuncia-condiciones-inhumanas-y-violacion-de-derechos-humanos-de-migrantes-privados-de-libertad-en-curazao\/","title":{"rendered":"Amnist\u00eda Internacional denuncia condiciones inhumanas y violaci\u00f3n de derechos humanos de migrantes privados de libertad en Curazao"},"content":{"rendered":"<p>En su\u00a0<a href=\"https:\/\/www.amnesty.org\/es\/wp-content\/uploads\/sites\/4\/2022\/03\/WEBPOL1048702022SPANISH.pdf\">informe anual<\/a>\u00a0sobre la situaci\u00f3n de derechos humanos en el mundo, presentado el 28 de marzo,\u00a0<strong>Amnist\u00eda Internacional reiter\u00f3 sus denuncias contra el gobierno de Curazao<\/strong>\u00a0por e<strong>l trato a los migrantes<\/strong>\u00a0y lo incluy\u00f3 en la lista de administraciones pol\u00edticas del mundo que<strong>\u00a0\u201cprohib\u00edan la entrada de personas refugiadas, solicitantes de asilo y migrantes,<\/strong>\u00a0y devolv\u00edan a quienes lograban atravesar las fronteras sin examinar adecuadamente sus solicitudes de refugio y asilo\u201d.<\/p>\n<p>Amnist\u00eda volvi\u00f3 a rese\u00f1ar que las\u00a0<strong>personas\u00a0<\/strong>que\u00a0<strong>buscaron\u00a0 protecci\u00f3n internacional en Curazao<\/strong>, uno de los pa\u00edses constituyentes del Reino de los Pa\u00edses Bajos, fueron\u00a0<strong>\u201crecluidas en condiciones inhumanas, sometidas a malos tratos<\/strong>\u00a0y privadas de su derecho a solicitar protecci\u00f3n\u201d.<\/p>\n<p>Justo en la segunda quincena de marzo, y\u00a0como rese\u00f1\u00f3<strong>\u00a0Cr\u00f3nicas del Caribe,<\/strong>\u00a0una delegaci\u00f3n de Amnist\u00eda Internacional restableci\u00f3 los canales de comunicaci\u00f3n con el gobierno de la isla\u00a0<em>y\u00a0<\/em>se reuni\u00f3 con el primer ministro, Gilmar Pisas, para abordar la situaci\u00f3n de los migrantes venezolanos.<\/p>\n<p>Esas conversaciones no estuvieron exentas de tensi\u00f3n, seg\u00fan coment\u00f3 Yara Boff Tonella, investigadora de AI<em>.\u00a0<\/em>En ese encuentro Pisas reiter\u00f3 su disconformidad con el<em>\u00a0<\/em>informe de Amnist\u00eda Internacional publicado en octubre de 2021,\u00a0 en el que se se\u00f1alaba a su administraci\u00f3n de<strong>\u00a0negar protecci\u00f3n a personas venezolanas en Curazao<\/strong>.<\/p>\n<p>\u201cPisas fue cr\u00edtico con nuestro informe\u00a0(\u2026) Nos dijo que el informe no era preciso, porque apenas hablamos con 22 detenidos, pero nosotros le explicamos que nuestras investigaciones son cualitativas, no cuantitativas.\u00a0<strong>Nosotros entrevistamos personas (v\u00edctimas) y citamos instrumentos legales y otros informes<\/strong>\u201d, detall\u00f3 la investigadora a<strong><em>\u00a0Cr\u00f3nicas del Caribe<\/em><\/strong>\u00a0en la segunda semana de marzo.<\/p>\n<p>A\u00f1adi\u00f3 que el gobierno de Curazao sostuvo que\u00a0<strong>no considera a los inmigrantes como refugiados<\/strong>\u00a0por un aspecto sem\u00e1ntico, ya que la isla \u201cno ha firmado la Convenci\u00f3n sobre los Refugiados\u201d.<\/p>\n<h3><strong>El informe de la discordia<\/strong><\/h3>\n<p>En el documento publicado en octubre de 2021, de m\u00e1s de 60 p\u00e1ginas de extensi\u00f3n, Amnist\u00eda document\u00f3 testimonios que confirmaban que la\u00a0isla caribe\u00f1a manten\u00eda su pr\u00e1ctica de\u00a0<strong>detener autom\u00e1ticamente a los venezolanos<\/strong>\u00a0que llegaban a sus costas, para luego enviarlos a\u00a0<strong>centros de detenci\u00f3n que no re\u00fanen las condiciones para albergarlos<\/strong>\u00a0y mantenerlos all\u00ed por largos per\u00edodos.<\/p>\n<p>Los entrevistados denunciaron ser\u00a0<strong>objetos de malos tratos,\u00a0<\/strong>permanecer separados de sus familiares as\u00ed como tambi\u00e9n que\u00a0<strong>se les negaba cualquier posibilidad de solicitar asilo.<\/strong><\/p>\n<p>\u201cEs i<strong>naceptable\u00a0<\/strong>que el<strong>\u00a0Reino de los Pa\u00edses Bajos ayude a las autoridades de Curazao\u00a0<\/strong>a<strong>\u00a0arrestar, custodiar y deportar a gente que huye de Venezuela<\/strong>\u00a0en busca de seguridad. En lugar de mirar hacia otro lado mientras se est\u00e1n cometiendo estas violaciones de derechos humanos, las autoridades neerlandesas deber\u00edan garantizar a estas personas la protecci\u00f3n internacional que necesitan\u201d, manifest\u00f3 a prop\u00f3sito de la difusi\u00f3n de ese informe, Erika Guevara Rosas, directora de Amnist\u00eda Internacional para las Am\u00e9ricas.<\/p>\n<p>El<strong>\u00a0informe pareci\u00f3 mover los cimientos del Reino.<\/strong>\u00a0A principios de 2022, los\u00a0<strong>Pa\u00edses Bajos resolvieron congelar la entrega al gobierno\u00a0<\/strong>de la isla de\u00a0<strong>fondos adicionales para el combate de la inmigraci\u00f3n ilegal<\/strong>, hasta que no garantizaran plenamente los derechos humanos de los migrantes venezolanos bajo su custodia.<\/p>\n<p>El informe de Amnist\u00eda Internacional fue una de las causas que esgrimi\u00f3 el entonces ministro neerland\u00e9s de Interior y Relaciones del Reino,\u00a0<strong>Raymond Knops<\/strong>, en la carta que envi\u00f3 al Parlamento y en la que anunciaba esta decisi\u00f3n.<\/p>\n<p>Cabe destacar que desde febrero de 2021, el Servicio de Inteligencia de los Pa\u00edses Bajos incluy\u00f3 a<strong>\u00a0Venezuela<\/strong>\u00a0en la lista de pa\u00edses que\u00a0<strong>atentan contra su seguridad nacional,\u00a0<\/strong>debido al incremento de migrantes en estas naciones.<\/p>\n<h3><strong>Sin cambios<\/strong><\/h3>\n<p>En el m\u00e1s reciente\u00a0<a href=\"https:\/\/www.r4v.info\/es\/document\/informe-de-situacion-r4v-caribe-enero-2022\">informe de la Plataforma de Coordinaci\u00f3n Interagencial para Refugiados y Migrantes de Venezuela (R4V<\/a>), actualizado el 16 de marzo de 2022, se informaba que los<strong>\u00a0venezolanos en Curazao<\/strong>\u00a0segu\u00edan especialmente afectados por los impactos prolongados de la pandemia en la isla.<\/p>\n<p>En el reporte incluyeron el\u00a0<strong>caso de 289 venezolanos varados<\/strong>\u00a0que esperaban regresar a su pa\u00eds de origen y que recibieron refugio y apoyo humanitario de R4V mientras sus vuelos segu\u00edan retrasados. Detallan que el \u00faltimo vuelo de este grupo parti\u00f3 el 26 de enero.<\/p>\n<p>El documento hizo breve referencia a las irregulares condiciones de detenci\u00f3n a las que son sometidos los venezolanos que desembarcan en la isla.<\/p>\n<p>\u201cLos socios de R4V subrayaron que las<strong>\u00a0detenciones y las condiciones de los centros de detenci\u00f3n segu\u00edan siendo un desaf\u00edo<\/strong>\u00a0en la isla\u201d, expresa el documento.<\/p>\n<p>Por otra parte, siguen siendo frecuentes los<strong>\u00a0operativos de la polic\u00eda local\u00a0<\/strong>para arrestar a extranjeros en sus lugares de trabajo. El m\u00e1s reciente ocurri\u00f3 el pasado 18 de marzo, cuando 17 fueron detenidos mientras prestaban sus servicios en la remodelaci\u00f3n de instalaciones de un resort.<\/p>\n<p>En la lista\u00a0<strong>no solo hab\u00eda venezolanos,\u00a0<\/strong>sino tambi\u00e9n colombianos, ecuatorianos y jamaiquinos por no presentar sus permisos de trabajo y residencia. Luego de una revisi\u00f3n, se determin\u00f3 que 12 de ellos ten\u00edan sus documentos en orden.<\/p>\n<p>Las\u00a0proyecciones\u00a0de la\u00a0\u00a0<strong>Plataforma de Coordinaci\u00f3n Interagencial para Refugiados y Migrantesde Venezuela<\/strong>\u00a0(<strong>R4V<\/strong>) indican que a finales de 2022 habr\u00e1 un total\u00a0<strong>de 19.000 migrantes y refugiados en Curazao.<\/strong>\u00a0En la actualidad se calcula que en la isla residen unos 14.200.<\/p>\n<p>La situaci\u00f3n de irregularidad en la que se mantienen la mayor\u00eda de venezolanos en las islas caribe\u00f1as del Reino los hacen m\u00e1s vulnerables a violencia de todo tipo, explotaci\u00f3n y abusos.<\/p>\n<p>\u201cLa\u00a0<strong>inseguridad alimentaria y el acceso al alojamiento<\/strong>\u00a0son las necesidades predominantes en la comunidad venezolana en Aruba y Curazao (\u2026) Debido a la pandemia, muchas personas refugiadas y migrantes no pueden satisfacer sus necesidades b\u00e1sicas, por lo que\u00a0<strong>se enfrentan cada vez m\u00e1s a riesgos de protecci\u00f3n como la violencia basada en g\u00e9nero<\/strong>\u00a0(GBV) y\u00a0<strong>a mecanismos de supervivencia<\/strong>\u00a0que los exponen a un mayor riesgo de violencia, abuso y explotaci\u00f3n\u201d, expuso R4V en un documento compartido a esta redacci\u00f3n.<\/p>\n<h3><strong>Yakary Prado Romero<\/strong><\/h3>\n<h3><a href=\"https:\/\/cronicasdelcaribe.com\/migracion\/amnistia-internacional-denuncia-que-en-curazao-los-migrantes-ilegales-son-recluidos-en-condiciones-inhumanas-y-privados-de-su-derecho-a-solicitar-proteccion\/\" target=\"_blank\" rel=\"noopener\"><strong>Cr\u00f3nicas del Caribe<\/strong><\/a><\/h3>\n","protected":false},"excerpt":{"rendered":"<p>En su\u00a0informe anual\u00a0sobre la situaci\u00f3n de derechos humanos en el mundo, presentado el 28 de marzo,\u00a0Amnist\u00eda Internacional reiter\u00f3 sus denuncias contra el gobierno de Curazao\u00a0por el trato a los migrantes\u00a0y lo incluy\u00f3 en la lista de administraciones pol\u00edticas del mundo que\u00a0\u201cprohib\u00edan la entrada de personas refugiadas, solicitantes de asilo y migrantes,\u00a0y devolv\u00edan a quienes lograban [&hellip;]<\/p>\n","protected":false},"author":1,"featured_media":457,"comment_status":"open","ping_status":"open","sticky":false,"template":"","format":"standard","meta":{"h5ap_radio_sources":[],"footnotes":""},"categories":[6],"tags":[],"class_list":["post-455","post","type-post","status-publish","format-standard","has-post-thumbnail","hentry","category-curacao"],"aioseo_notices":[],"_links":{"self":[{"href":"https:\/\/www.ciudadgoticanews.com\/index.php\/wp-json\/wp\/v2\/posts\/455","targetHints":{"allow":["GET"]}}],"collection":[{"href":"https:\/\/www.ciudadgoticanews.com\/index.php\/wp-json\/wp\/v2\/posts"}],"about":[{"href":"https:\/\/www.ciudadgoticanews.com\/index.php\/wp-json\/wp\/v2\/types\/post"}],"author":[{"embeddable":true,"href":"https:\/\/www.ciudadgoticanews.com\/index.php\/wp-json\/wp\/v2\/users\/1"}],"replies":[{"embeddable":true,"href":"https:\/\/www.ciudadgoticanews.com\/index.php\/wp-json\/wp\/v2\/comments?post=455"}],"version-history":[{"count":0,"href":"https:\/\/www.ciudadgoticanews.com\/index.php\/wp-json\/wp\/v2\/posts\/455\/revisions"}],"wp:featuredmedia":[{"embeddable":true,"href":"https:\/\/www.ciudadgoticanews.com\/index.php\/wp-json\/wp\/v2\/media\/457"}],"wp:attachment":[{"href":"https:\/\/www.ciudadgoticanews.com\/index.php\/wp-json\/wp\/v2\/media?parent=455"}],"wp:term":[{"taxonomy":"category","embeddable":true,"href":"https:\/\/www.ciudadgoticanews.com\/index.php\/wp-json\/wp\/v2\/categories?post=455"},{"taxonomy":"post_tag","embeddable":true,"href":"https:\/\/www.ciudadgoticanews.com\/index.php\/wp-json\/wp\/v2\/tags?post=455"}],"curies":[{"name":"wp","href":"https:\/\/api.w.org\/{rel}","templated":true}]}}