{"id":472,"date":"2022-04-12T10:36:07","date_gmt":"2022-04-12T14:36:07","guid":{"rendered":"https:\/\/www.ciudadgoticanews.com\/?p=472"},"modified":"2022-04-12T10:36:07","modified_gmt":"2022-04-12T14:36:07","slug":"temen-que-reapertura-de-la-refineria-de-curazao-ocasione-grave-impacto-ambiental","status":"publish","type":"post","link":"https:\/\/www.ciudadgoticanews.com\/index.php\/2022\/04\/12\/temen-que-reapertura-de-la-refineria-de-curazao-ocasione-grave-impacto-ambiental\/","title":{"rendered":"Temen que reapertura de la refiner\u00eda de Curazao ocasione grave impacto ambiental"},"content":{"rendered":"<p>Diversos factores podr\u00edan entorpecer la anunciada reapertura de la refiner\u00eda de Curazao (RdK, por sus siglas en papiamento).<\/p>\n<p>Seg\u00fan despachos de agencias internacionales divulgados a partir del 30 de marzo,\u00a0<strong>hay por lo menos tres corporaciones interesadas en operar este complejo refinador, ubicado en el sector Bullenbaai<\/strong>. Dos de estas compa\u00f1\u00edas cuentan con la participaci\u00f3n de venezolanos ligados a la industria petrolera.<\/p>\n<p>La p\u00e1gina\u00a0<a href=\"https:\/\/www.curacaochronicle.com\/post\/main\/pdvsa-shows-interest-in-refinery-again\/\">Curacao Chronicle<\/a>\u00a0inform\u00f3 que las ofertas son evaluadas por un comit\u00e9 supervisor, que deber\u00e1 entregar su dictamen al gobierno del primer ministro\u00a0<strong>Gilmar Pisas<\/strong>. Las operaciones deber\u00edan reiniciarse \u201ca m\u00e1s tardar a mediados de a\u00f1o\u201d.<\/p>\n<p><strong>La refiner\u00eda tiene una capacidad m\u00e1xima de procesamiento de 335.000 barriles diarios, de acuerdo con auditor\u00edas hechas a la instalaci\u00f3n<\/strong>. Igualmente, posee tanques para almacenar unos 17 millones de barriles, as\u00ed como un muelle de aguas profundas.<\/p>\n<p>La instalaci\u00f3n era manejada desde 1985 por Petr\u00f3leos de Venezuela (Pdvsa), con base en un contrato de arrendamiento. En 2018 dej\u00f3 de funcionar, y al a\u00f1o siguiente el gobierno curazole\u00f1o dio por terminada la relaci\u00f3n con la estatal venezolana.<\/p>\n<h3><strong>Contaminaci\u00f3n<\/strong><\/h3>\n<p>Los \u00faltimos tres a\u00f1os de funcionamiento de la refiner\u00eda estuvieron marcados por\u00a0constantes quejas de las comunidades circundantes y de organizaciones no gubernamentales\u00a0dedicadas a la protecci\u00f3n ambiental.<\/p>\n<p>Este conflicto lleg\u00f3 a las calles de Curazao, y simult\u00e1neamente a los juzgados.\u00a0<strong>En los juicios se constat\u00f3 la existencia de niveles de poluci\u00f3n superiores a los admitidos seg\u00fan est\u00e1ndares internacionales<\/strong>, que ponen en riesgo la salud de unas 30 mil personas, indican estimados de la fundaci\u00f3n Clean Air Everywhere.<\/p>\n<p>\u201c<strong>La reapertura de la refiner\u00eda no es posible en este momento<\/strong>\u201d, afirm\u00f3 un portavoz de esta organizaci\u00f3n, que solicit\u00f3 anonimato por razones de seguridad.<\/p>\n<p>Indic\u00f3 que los tribunales de la la isla han sentenciado que este complejo no puede abrir sus puertas \u201chasta que entre en acatamiento de las normas sobre protecci\u00f3n ambiental\u201d.<\/p>\n<p>Seg\u00fan c\u00e1lculos hechos durante estos litigios, ser\u00eda necesario invertir entre un millardo y 1,5 millardos de d\u00f3lares para lograr este objetivo.<\/p>\n<p>\u201c<strong>Si intentan abrir la refiner\u00eda como est\u00e1 habr\u00eda nuevas demandas<\/strong>\u201d, advirti\u00f3.<\/p>\n<h3><strong>M\u00e1rgenes estrechos<\/strong><\/h3>\n<p>Adem\u00e1s de los problemas asociados al impacto ambiental, hay otros factores que conspiran contra el prop\u00f3sito de reiniciar el complejo Isla en la fecha pautada por el gobierno curazole\u00f1o. Uno de ellos tiene que ver con las facilidades de acceso a la materia prima.<\/p>\n<p>\u201c<strong>El negocio de la refinaci\u00f3n es de m\u00e1rgenes muy peque\u00f1os, y un elemento clave es el suministro de crudo<\/strong>\u201d, explic\u00f3 Juan Fern\u00e1ndez, director de la asociaci\u00f3n Gente del Petr\u00f3leo.<\/p>\n<p>Este ingeniero fue miembro de la junta directiva de la refiner\u00eda de Curazao. Indic\u00f3 que ese complejo generalmente se surt\u00eda del crudo venezolano. En el actual contexto, tendr\u00edan que acudir a otras fuentes, lo que incidir\u00eda en el aumento de los costos por fletes.<\/p>\n<p>Se\u00f1al\u00f3 que esa instalaci\u00f3n nunca lleg\u00f3 al tope de su capacidad refinadora, precisamente porque eso podr\u00eda generar alg\u00fan d\u00e9ficit financiero.<\/p>\n<p>Fern\u00e1ndez considera que RdK podr\u00eda funcionar de nuevo en forma progresiva, con prioridad en el uso de los tanques de almacenamiento de crudo y el terminal de aguas profundas.<\/p>\n<p>\u201cEste ser\u00eda un arranque por fases, que depender\u00e1 de las ofertas y de los recursos disponibles (\u2026) En el per\u00edodo de leasing, estos inversionistas deber\u00edan recuperar los recursos aportados. Pero\u00a0<strong>no estoy seguro de que sea un negocio atractivo<\/strong>\u201d, dijo.<\/p>\n<h3><strong>Javier Ignacio Mayorca<\/strong><\/h3>\n<h3><a href=\"https:\/\/cronicasdelcaribe.com\/economia\/riesgo-de-dano-ambiental-entorpecera-la-reapertura-de-la-refineria-de-curazao\/\" target=\"_blank\" rel=\"noopener\"><strong>Cr\u00f3nicas del Caribe<\/strong><\/a><\/h3>\n","protected":false},"excerpt":{"rendered":"<p>Diversos factores podr\u00edan entorpecer la anunciada reapertura de la refiner\u00eda de Curazao (RdK, por sus siglas en papiamento). Seg\u00fan despachos de agencias internacionales divulgados a partir del 30 de marzo,\u00a0hay por lo menos tres corporaciones interesadas en operar este complejo refinador, ubicado en el sector Bullenbaai. Dos de estas compa\u00f1\u00edas cuentan con la participaci\u00f3n de [&hellip;]<\/p>\n","protected":false},"author":1,"featured_media":475,"comment_status":"open","ping_status":"open","sticky":false,"template":"","format":"standard","meta":{"h5ap_radio_sources":[],"footnotes":""},"categories":[6],"tags":[],"class_list":["post-472","post","type-post","status-publish","format-standard","has-post-thumbnail","hentry","category-curacao"],"aioseo_notices":[],"_links":{"self":[{"href":"https:\/\/www.ciudadgoticanews.com\/index.php\/wp-json\/wp\/v2\/posts\/472","targetHints":{"allow":["GET"]}}],"collection":[{"href":"https:\/\/www.ciudadgoticanews.com\/index.php\/wp-json\/wp\/v2\/posts"}],"about":[{"href":"https:\/\/www.ciudadgoticanews.com\/index.php\/wp-json\/wp\/v2\/types\/post"}],"author":[{"embeddable":true,"href":"https:\/\/www.ciudadgoticanews.com\/index.php\/wp-json\/wp\/v2\/users\/1"}],"replies":[{"embeddable":true,"href":"https:\/\/www.ciudadgoticanews.com\/index.php\/wp-json\/wp\/v2\/comments?post=472"}],"version-history":[{"count":0,"href":"https:\/\/www.ciudadgoticanews.com\/index.php\/wp-json\/wp\/v2\/posts\/472\/revisions"}],"wp:featuredmedia":[{"embeddable":true,"href":"https:\/\/www.ciudadgoticanews.com\/index.php\/wp-json\/wp\/v2\/media\/475"}],"wp:attachment":[{"href":"https:\/\/www.ciudadgoticanews.com\/index.php\/wp-json\/wp\/v2\/media?parent=472"}],"wp:term":[{"taxonomy":"category","embeddable":true,"href":"https:\/\/www.ciudadgoticanews.com\/index.php\/wp-json\/wp\/v2\/categories?post=472"},{"taxonomy":"post_tag","embeddable":true,"href":"https:\/\/www.ciudadgoticanews.com\/index.php\/wp-json\/wp\/v2\/tags?post=472"}],"curies":[{"name":"wp","href":"https:\/\/api.w.org\/{rel}","templated":true}]}}