{"id":486,"date":"2022-04-17T22:34:09","date_gmt":"2022-04-18T02:34:09","guid":{"rendered":"https:\/\/www.ciudadgoticanews.com\/?p=486"},"modified":"2022-04-17T22:35:57","modified_gmt":"2022-04-18T02:35:57","slug":"algo-huele-mal-en-aruba-airlines-la-aerolinea-espera-ahora-autorizacion-de-estados-unidos-para-realizar-vuelos-privados-a-cuba","status":"publish","type":"post","link":"https:\/\/www.ciudadgoticanews.com\/index.php\/2022\/04\/17\/algo-huele-mal-en-aruba-airlines-la-aerolinea-espera-ahora-autorizacion-de-estados-unidos-para-realizar-vuelos-privados-a-cuba\/","title":{"rendered":"\u00a1Algo huele mal en Aruba Airlines!&#8230;. La aerol\u00ednea espera ahora autorizaci\u00f3n de Estados Unidos para realizar vuelos privados a Cuba"},"content":{"rendered":"<p>Los vuelos ch\u00e1rter a Cuba para los que Aruba Airlines ha solicitado autorizaci\u00f3n en Estados Unidos vuelven a poner en evidencia la vinculaci\u00f3n de propietarios de la aerol\u00ednea con los reg\u00edmenes comunistas de El Caribe y de Centroam\u00e9rica.<\/p>\n<p>Es importante recordar que Edwin Omar Gonz\u00e1lez, uno de los socios y directores de Aruba Airlines, es supuestamente uno de los testaferros del r\u00e9gimen de Venezuela, conectado con el gobernador chavista Rafael Lacava.<\/p>\n<p><a href=\"https:\/\/www.ciudadgoticanews.com\/wp-content\/uploads\/2022\/02\/Edwin-Omar-Gonzalez_1.jpg\"><img loading=\"lazy\" decoding=\"async\" class=\"aligncenter size-full wp-image-124\" src=\"https:\/\/www.ciudadgoticanews.com\/wp-content\/uploads\/2022\/02\/Edwin-Omar-Gonzalez_1.jpg\" alt=\"\" width=\"1000\" height=\"600\" srcset=\"https:\/\/www.ciudadgoticanews.com\/wp-content\/uploads\/2022\/02\/Edwin-Omar-Gonzalez_1.jpg 1000w, https:\/\/www.ciudadgoticanews.com\/wp-content\/uploads\/2022\/02\/Edwin-Omar-Gonzalez_1-300x180.jpg 300w, https:\/\/www.ciudadgoticanews.com\/wp-content\/uploads\/2022\/02\/Edwin-Omar-Gonzalez_1-768x461.jpg 768w\" sizes=\"auto, (max-width: 1000px) 100vw, 1000px\" \/><\/a><\/p>\n<p>El principal inter\u00e9s de Edwin Omar Gonz\u00e1lez pareciera ser interconectar a Cuba con el resto de Centroam\u00e9rica, El Caribe y el sur de la Florida.<\/p>\n<blockquote class=\"wp-embedded-content\" data-secret=\"xxwFZSziR8\"><p><a href=\"https:\/\/www.ciudadgoticanews.com\/index.php\/2022\/02\/23\/con-olor-a-testaferro-del-regimen-de-venezuela-edwin-omar-gonzalez-se-mueve-entre-aruba-airlines-artistas-e-inversiones-en-restaurantes\/\">Con olor a testaferro del r\u00e9gimen de Venezuela, Edwin Omar Gonz\u00e1lez se mueve entre Aruba Airlines, artistas e inversiones en restaurantes<\/a><\/p><\/blockquote>\n<p><iframe loading=\"lazy\" title=\"\u00abCon olor a testaferro del r\u00e9gimen de Venezuela, Edwin Omar Gonz\u00e1lez se mueve entre Aruba Airlines, artistas e inversiones en restaurantes\u00bb \u2014 CIUDAD G&Oacute;TICA\" sandbox=\"allow-scripts\" security=\"restricted\" src=\"https:\/\/www.ciudadgoticanews.com\/index.php\/2022\/02\/23\/con-olor-a-testaferro-del-regimen-de-venezuela-edwin-omar-gonzalez-se-mueve-entre-aruba-airlines-artistas-e-inversiones-en-restaurantes\/embed\/#?secret=xxwFZSziR8\" width=\"600\" height=\"338\" data-secret=\"xxwFZSziR8\" frameborder=\"0\" marginwidth=\"0\" marginheight=\"0\" scrolling=\"no\" class=\"wp-embedded-content\"><\/iframe><script>\/*! This file is auto-generated *\/!function(d,l){\"use strict\";l.querySelector&&d.addEventListener&&\"undefined\"!=typeof URL&&(d.wp=d.wp||{},d.wp.receiveEmbedMessage||(d.wp.receiveEmbedMessage=function(e){var t=e.data;if((t||t.secret||t.message||t.value)&&!\/[^a-zA-Z0-9]\/.test(t.secret)){for(var s,r,n,a=l.querySelectorAll('iframe[data-secret=\"'+t.secret+'\"]'),o=l.querySelectorAll('blockquote[data-secret=\"'+t.secret+'\"]'),c=new RegExp(\"^https?:$\",\"i\"),i=0;i<o.length;i++)o[i].style.display=\"none\";for(i=0;i<a.length;i++)s=a[i],e.source===s.contentWindow&#038;&#038;(s.removeAttribute(\"style\"),\"height\"===t.message?(1e3<(r=parseInt(t.value,10))?r=1e3:~~r<200&#038;&#038;(r=200),s.height=r):\"link\"===t.message&#038;&#038;(r=new URL(s.getAttribute(\"src\")),n=new URL(t.value),c.test(n.protocol))&#038;&#038;n.host===r.host&#038;&#038;l.activeElement===s&#038;&#038;(d.top.location.href=t.value))}},d.addEventListener(\"message\",d.wp.receiveEmbedMessage,!1),l.addEventListener(\"DOMContentLoaded\",function(){for(var e,t,s=l.querySelectorAll(\"iframe.wp-embedded-content\"),r=0;r<s.length;r++)(t=(e=s[r]).getAttribute(\"data-secret\"))||(t=Math.random().toString(36).substring(2,12),e.src+=\"#?secret=\"+t,e.setAttribute(\"data-secret\",t)),e.contentWindow.postMessage({message:\"ready\",secret:t},\"*\")},!1)))}(window,document);<\/script><\/p>\n<h3><strong>Vuelos ch\u00e1rter a Cuba<\/strong><\/h3>\n<p>La compa\u00f1\u00eda Aruba Airlines solicit\u00f3 autorizaci\u00f3n al Departamento de Transporte de Estados Unidos (DoT) para realizar vuelos ch\u00e1rter entre ese pa\u00eds y Cuba en cooperaci\u00f3n con el operador tur\u00edstico Anmart Superior Travel LLC (Anmart Air).<\/p>\n<p>La aerol\u00ednea tiene previsto realizar 183 vuelos de ida y vuelta entre Miami y La Habana entre el 1 de junio y hasta el 1 de diciembre de 2022.<\/p>\n<p>Todos los vuelos ser\u00edan bajo la operaci\u00f3n de Anmart Air y en aviones Airbus A321ceo.<\/p>\n<p>Seg\u00fan informa la p\u00e1gina web <em><a href=\"https:\/\/www.aviacionline.com\/2022\/04\/aruba-airlines-vuelos-cuba-estados-unidos\/\" target=\"_blank\" rel=\"noopener\">Aviacionline<\/a><\/em>, el plan de operaci\u00f3n propuesto por Aruba Airlines prev\u00e9 utilizar las siete frecuencias solicitadas, seg\u00fan <a href=\"https:\/\/www.cibercuba.com\/noticias\/2022-04-14-u1-e43231-s27061-aruba-airlines-solicita-autorizacion-eeuu-operar-vuelos\" target=\"_blank\" rel=\"noopener\">CiberCuba<\/a>.<\/p>\n<p>Los horarios propuestos ante el DoT son los siguientes:<\/p>\n<p>Miami \u2013 La Habana Vuelo AG700, MIA 07:00 \u2013 HAV 08:00, vuelos diarios.<\/p>\n<p>La Habana \u2013 Miami Vuelo AG701, HAV 09:30 \u2013 MIA 10:30, vuelos diarios.<\/p>\n<p>Actualmente 22 operadores a\u00e9reos ofrecen vuelos regulares y ch\u00e1rter entre Estados Unidos y Cuba.<\/p>\n<p>Para este mes, Aruba Airlines tiene programados vuelos que conectar\u00e1n los aeropuertos cubanos de La Habana, Camag\u00fcey y Santa Clara con los de Managua, en Nicaragua, y con el de Georgetown, en Guyana.<\/p>\n<p>En cuanto a los vuelos ch\u00e1rteres que enlazan Florida con La Habana, a los cuales se quiere sumar la aerol\u00ednea de capital venezolano, ECASA inform\u00f3 que este mes saldr\u00e1n desde Miami, Tampa, Orlando y Fort Myers, con las siguientes frecuencias: ocho vuelos los lunes; tres los martes; siete los mi\u00e9rcoles; 13 los jueves; 12 los viernes; 13 los s\u00e1bados; y nueve los domingos.<\/p>\n<p>En enero, la compa\u00f1\u00eda Aruba Airlines aument\u00f3 la frecuencia de vuelos hacia Cuba desde Nicaragua y Guyana, dos pa\u00edses con un importante flujo de viajeros cubanos.<\/p>\n","protected":false},"excerpt":{"rendered":"<p>Los vuelos ch\u00e1rter a Cuba para los que Aruba Airlines ha solicitado autorizaci\u00f3n en Estados Unidos vuelven a poner en evidencia la vinculaci\u00f3n de propietarios de la aerol\u00ednea con los reg\u00edmenes comunistas de El Caribe y de Centroam\u00e9rica. Es importante recordar que Edwin Omar Gonz\u00e1lez, uno de los socios y directores de Aruba Airlines, es [&hellip;]<\/p>\n","protected":false},"author":1,"featured_media":490,"comment_status":"open","ping_status":"open","sticky":false,"template":"","format":"standard","meta":{"h5ap_radio_sources":[],"footnotes":""},"categories":[1],"tags":[],"class_list":["post-486","post","type-post","status-publish","format-standard","has-post-thumbnail","hentry","category-ciudadgotica"],"aioseo_notices":[],"_links":{"self":[{"href":"https:\/\/www.ciudadgoticanews.com\/index.php\/wp-json\/wp\/v2\/posts\/486","targetHints":{"allow":["GET"]}}],"collection":[{"href":"https:\/\/www.ciudadgoticanews.com\/index.php\/wp-json\/wp\/v2\/posts"}],"about":[{"href":"https:\/\/www.ciudadgoticanews.com\/index.php\/wp-json\/wp\/v2\/types\/post"}],"author":[{"embeddable":true,"href":"https:\/\/www.ciudadgoticanews.com\/index.php\/wp-json\/wp\/v2\/users\/1"}],"replies":[{"embeddable":true,"href":"https:\/\/www.ciudadgoticanews.com\/index.php\/wp-json\/wp\/v2\/comments?post=486"}],"version-history":[{"count":0,"href":"https:\/\/www.ciudadgoticanews.com\/index.php\/wp-json\/wp\/v2\/posts\/486\/revisions"}],"wp:featuredmedia":[{"embeddable":true,"href":"https:\/\/www.ciudadgoticanews.com\/index.php\/wp-json\/wp\/v2\/media\/490"}],"wp:attachment":[{"href":"https:\/\/www.ciudadgoticanews.com\/index.php\/wp-json\/wp\/v2\/media?parent=486"}],"wp:term":[{"taxonomy":"category","embeddable":true,"href":"https:\/\/www.ciudadgoticanews.com\/index.php\/wp-json\/wp\/v2\/categories?post=486"},{"taxonomy":"post_tag","embeddable":true,"href":"https:\/\/www.ciudadgoticanews.com\/index.php\/wp-json\/wp\/v2\/tags?post=486"}],"curies":[{"name":"wp","href":"https:\/\/api.w.org\/{rel}","templated":true}]}}