{"id":4944,"date":"2023-09-24T06:54:32","date_gmt":"2023-09-24T10:54:32","guid":{"rendered":"https:\/\/www.ciudadgoticanews.com\/?p=4944"},"modified":"2023-09-24T06:54:32","modified_gmt":"2023-09-24T10:54:32","slug":"diputado-venezolano-octavio-orta-gonzalez-desmiente-al-portal-albertonews-y-niega-que-este-siendo-investigado-en-portugal-por-blanqueo-de-dinero","status":"publish","type":"post","link":"https:\/\/www.ciudadgoticanews.com\/index.php\/2023\/09\/24\/diputado-venezolano-octavio-orta-gonzalez-desmiente-al-portal-albertonews-y-niega-que-este-siendo-investigado-en-portugal-por-blanqueo-de-dinero\/","title":{"rendered":"Diputado venezolano Octavio Orta Gonz\u00e1lez desmiente al portal Albertonews y niega que est\u00e9 siendo investigado en Portugal por blanqueo de dinero"},"content":{"rendered":"<p>El portal web <a href=\"https:\/\/albertonews.com\/nacionales\/ultima-hora-justicia-de-portugual-investiga-al-diputado-octavio-orta-esposo-de-la-modelo-ivian-sarcos-por-blanqueo-de-dinero\/\" target=\"_blank\" rel=\"noopener\">albertonews.com<\/a> public\u00f3 una informaci\u00f3n en la que se\u00f1al\u00f3 al diputado suplente por el estado Gu\u00e1rico, Octavio Orta Gonz\u00e1lez, de estar involucrado en un crimen de blanqueo de dinero en Portugal. Seg\u00fan el medio, el Ministerio P\u00fablico de ese pa\u00eds est\u00e1 investigando a Orta y a una mujer llamada Jennifer Pedrosa por movilizar grandes sumas de dinero en cuentas bancarias portuguesas, con fondos vinculados a la corrupci\u00f3n.<\/p>\n<p><a href=\"https:\/\/www.ciudadgoticanews.com\/wp-content\/uploads\/2023\/09\/albertonews-Octavio-Orta-Gonzalez_1.jpg\"><img loading=\"lazy\" decoding=\"async\" class=\"aligncenter size-full wp-image-4953\" src=\"https:\/\/www.ciudadgoticanews.com\/wp-content\/uploads\/2023\/09\/albertonews-Octavio-Orta-Gonzalez_1.jpg\" alt=\"\" width=\"1200\" height=\"1272\" srcset=\"https:\/\/www.ciudadgoticanews.com\/wp-content\/uploads\/2023\/09\/albertonews-Octavio-Orta-Gonzalez_1.jpg 1200w, https:\/\/www.ciudadgoticanews.com\/wp-content\/uploads\/2023\/09\/albertonews-Octavio-Orta-Gonzalez_1-283x300.jpg 283w, https:\/\/www.ciudadgoticanews.com\/wp-content\/uploads\/2023\/09\/albertonews-Octavio-Orta-Gonzalez_1-966x1024.jpg 966w, https:\/\/www.ciudadgoticanews.com\/wp-content\/uploads\/2023\/09\/albertonews-Octavio-Orta-Gonzalez_1-768x814.jpg 768w\" sizes=\"auto, (max-width: 1200px) 100vw, 1200px\" \/><\/a><\/p>\n<p>Albertonews.com asegur\u00f3 que tuvo acceso a documentos judiciales del Tribunal Judicial da Comarca do Porto, donde se indic\u00f3 que Orta y Pedrosa compraron bienes inmuebles y autos de lujo con el prop\u00f3sito de simular el hecho delictivo y ocultar la procedencia de los fondos. El portal web afirm\u00f3 que las autoridades del Ministerio P\u00fablico de Portugal pueden reconstruir los movimientos financieros de los investigados y c\u00f3mo ejecutaron la operaci\u00f3n para evadir los controles financieros de dicho pa\u00eds.<\/p>\n<div id='gallery-1' class='gallery galleryid-4944 gallery-columns-1 gallery-size-full'><figure class='gallery-item'>\n\t\t\t<div class='gallery-icon portrait'>\n\t\t\t\t<a href='https:\/\/www.ciudadgoticanews.com\/wp-content\/uploads\/2023\/09\/Octavio-Gonzalez-Portugal-1_1.jpg'><img loading=\"lazy\" decoding=\"async\" width=\"1200\" height=\"1778\" src=\"https:\/\/www.ciudadgoticanews.com\/wp-content\/uploads\/2023\/09\/Octavio-Gonzalez-Portugal-1_1.jpg\" class=\"attachment-full size-full\" alt=\"\" srcset=\"https:\/\/www.ciudadgoticanews.com\/wp-content\/uploads\/2023\/09\/Octavio-Gonzalez-Portugal-1_1.jpg 1200w, https:\/\/www.ciudadgoticanews.com\/wp-content\/uploads\/2023\/09\/Octavio-Gonzalez-Portugal-1_1-202x300.jpg 202w, https:\/\/www.ciudadgoticanews.com\/wp-content\/uploads\/2023\/09\/Octavio-Gonzalez-Portugal-1_1-691x1024.jpg 691w, https:\/\/www.ciudadgoticanews.com\/wp-content\/uploads\/2023\/09\/Octavio-Gonzalez-Portugal-1_1-768x1138.jpg 768w, https:\/\/www.ciudadgoticanews.com\/wp-content\/uploads\/2023\/09\/Octavio-Gonzalez-Portugal-1_1-1037x1536.jpg 1037w\" sizes=\"auto, (max-width: 1200px) 100vw, 1200px\" \/><\/a>\n\t\t\t<\/div><\/figure><figure class='gallery-item'>\n\t\t\t<div class='gallery-icon portrait'>\n\t\t\t\t<a href='https:\/\/www.ciudadgoticanews.com\/wp-content\/uploads\/2023\/09\/Octavio-Gonzalez-Portugal-2_2.jpg'><img loading=\"lazy\" decoding=\"async\" width=\"1200\" height=\"1791\" src=\"https:\/\/www.ciudadgoticanews.com\/wp-content\/uploads\/2023\/09\/Octavio-Gonzalez-Portugal-2_2.jpg\" class=\"attachment-full size-full\" alt=\"\" srcset=\"https:\/\/www.ciudadgoticanews.com\/wp-content\/uploads\/2023\/09\/Octavio-Gonzalez-Portugal-2_2.jpg 1200w, https:\/\/www.ciudadgoticanews.com\/wp-content\/uploads\/2023\/09\/Octavio-Gonzalez-Portugal-2_2-201x300.jpg 201w, https:\/\/www.ciudadgoticanews.com\/wp-content\/uploads\/2023\/09\/Octavio-Gonzalez-Portugal-2_2-686x1024.jpg 686w, https:\/\/www.ciudadgoticanews.com\/wp-content\/uploads\/2023\/09\/Octavio-Gonzalez-Portugal-2_2-768x1146.jpg 768w, https:\/\/www.ciudadgoticanews.com\/wp-content\/uploads\/2023\/09\/Octavio-Gonzalez-Portugal-2_2-1029x1536.jpg 1029w\" sizes=\"auto, (max-width: 1200px) 100vw, 1200px\" \/><\/a>\n\t\t\t<\/div><\/figure><figure class='gallery-item'>\n\t\t\t<div class='gallery-icon portrait'>\n\t\t\t\t<a href='https:\/\/www.ciudadgoticanews.com\/wp-content\/uploads\/2023\/09\/Octavio-Gonzalez-Portugal-3_3.jpg'><img loading=\"lazy\" decoding=\"async\" width=\"1200\" height=\"1932\" src=\"https:\/\/www.ciudadgoticanews.com\/wp-content\/uploads\/2023\/09\/Octavio-Gonzalez-Portugal-3_3.jpg\" class=\"attachment-full size-full\" alt=\"\" srcset=\"https:\/\/www.ciudadgoticanews.com\/wp-content\/uploads\/2023\/09\/Octavio-Gonzalez-Portugal-3_3.jpg 1200w, https:\/\/www.ciudadgoticanews.com\/wp-content\/uploads\/2023\/09\/Octavio-Gonzalez-Portugal-3_3-186x300.jpg 186w, https:\/\/www.ciudadgoticanews.com\/wp-content\/uploads\/2023\/09\/Octavio-Gonzalez-Portugal-3_3-636x1024.jpg 636w, https:\/\/www.ciudadgoticanews.com\/wp-content\/uploads\/2023\/09\/Octavio-Gonzalez-Portugal-3_3-768x1236.jpg 768w, https:\/\/www.ciudadgoticanews.com\/wp-content\/uploads\/2023\/09\/Octavio-Gonzalez-Portugal-3_3-954x1536.jpg 954w\" sizes=\"auto, (max-width: 1200px) 100vw, 1200px\" \/><\/a>\n\t\t\t<\/div><\/figure><figure class='gallery-item'>\n\t\t\t<div class='gallery-icon portrait'>\n\t\t\t\t<a href='https:\/\/www.ciudadgoticanews.com\/wp-content\/uploads\/2023\/09\/Octavio-Gonzalez-Portugal-4_4.jpg'><img loading=\"lazy\" decoding=\"async\" width=\"1200\" height=\"1925\" src=\"https:\/\/www.ciudadgoticanews.com\/wp-content\/uploads\/2023\/09\/Octavio-Gonzalez-Portugal-4_4.jpg\" class=\"attachment-full size-full\" alt=\"\" srcset=\"https:\/\/www.ciudadgoticanews.com\/wp-content\/uploads\/2023\/09\/Octavio-Gonzalez-Portugal-4_4.jpg 1200w, https:\/\/www.ciudadgoticanews.com\/wp-content\/uploads\/2023\/09\/Octavio-Gonzalez-Portugal-4_4-187x300.jpg 187w, https:\/\/www.ciudadgoticanews.com\/wp-content\/uploads\/2023\/09\/Octavio-Gonzalez-Portugal-4_4-638x1024.jpg 638w, https:\/\/www.ciudadgoticanews.com\/wp-content\/uploads\/2023\/09\/Octavio-Gonzalez-Portugal-4_4-768x1232.jpg 768w, https:\/\/www.ciudadgoticanews.com\/wp-content\/uploads\/2023\/09\/Octavio-Gonzalez-Portugal-4_4-958x1536.jpg 958w\" sizes=\"auto, (max-width: 1200px) 100vw, 1200px\" \/><\/a>\n\t\t\t<\/div><\/figure>\n\t\t<\/div>\n\n<h3>Octavio Orta Gonz\u00e1lez rechaza la acusaci\u00f3n y responsabiliza al gobernador del Gu\u00e1rico<\/h3>\n<figure id=\"attachment_4957\" aria-describedby=\"caption-attachment-4957\" style=\"width: 1200px\" class=\"wp-caption aligncenter\"><a href=\"https:\/\/www.ciudadgoticanews.com\/wp-content\/uploads\/2023\/09\/Octavio-Orta-Gonzalez000_1.jpg\"><img loading=\"lazy\" decoding=\"async\" class=\"size-full wp-image-4957\" src=\"https:\/\/www.ciudadgoticanews.com\/wp-content\/uploads\/2023\/09\/Octavio-Orta-Gonzalez000_1.jpg\" alt=\"\" width=\"1200\" height=\"806\" srcset=\"https:\/\/www.ciudadgoticanews.com\/wp-content\/uploads\/2023\/09\/Octavio-Orta-Gonzalez000_1.jpg 1200w, https:\/\/www.ciudadgoticanews.com\/wp-content\/uploads\/2023\/09\/Octavio-Orta-Gonzalez000_1-300x202.jpg 300w, https:\/\/www.ciudadgoticanews.com\/wp-content\/uploads\/2023\/09\/Octavio-Orta-Gonzalez000_1-1024x688.jpg 1024w, https:\/\/www.ciudadgoticanews.com\/wp-content\/uploads\/2023\/09\/Octavio-Orta-Gonzalez000_1-768x516.jpg 768w\" sizes=\"auto, (max-width: 1200px) 100vw, 1200px\" \/><\/a><figcaption id=\"caption-attachment-4957\" class=\"wp-caption-text\">Octavio Orta Gonz\u00e1lez<\/figcaption><\/figure>\n<p>Ante esta informaci\u00f3n, Octavio Orta Gonz\u00e1lez utiliz\u00f3 su cuenta de Twitter para aclarar y rechazar de forma categ\u00f3rica la \u00abnoticia\u00bb que busca manchar su honor y reputaci\u00f3n. El diputado suplente asegur\u00f3 que no tiene ning\u00fan proceso de investigaci\u00f3n dentro ni fuera de Venezuela y que la persona se\u00f1alada por albertonews.com se llama Octavio Gonz\u00e1lez, no Octavio Orta Gonz\u00e1lez.<\/p>\n<figure id=\"attachment_4961\" aria-describedby=\"caption-attachment-4961\" style=\"width: 1200px\" class=\"wp-caption aligncenter\"><a href=\"https:\/\/www.ciudadgoticanews.com\/wp-content\/uploads\/2023\/09\/Jose-Vasquez_1.jpg\"><img loading=\"lazy\" decoding=\"async\" class=\"size-full wp-image-4961\" src=\"https:\/\/www.ciudadgoticanews.com\/wp-content\/uploads\/2023\/09\/Jose-Vasquez_1.jpg\" alt=\"\" width=\"1200\" height=\"600\" srcset=\"https:\/\/www.ciudadgoticanews.com\/wp-content\/uploads\/2023\/09\/Jose-Vasquez_1.jpg 1200w, https:\/\/www.ciudadgoticanews.com\/wp-content\/uploads\/2023\/09\/Jose-Vasquez_1-300x150.jpg 300w, https:\/\/www.ciudadgoticanews.com\/wp-content\/uploads\/2023\/09\/Jose-Vasquez_1-1024x512.jpg 1024w, https:\/\/www.ciudadgoticanews.com\/wp-content\/uploads\/2023\/09\/Jose-Vasquez_1-768x384.jpg 768w\" sizes=\"auto, (max-width: 1200px) 100vw, 1200px\" \/><\/a><figcaption id=\"caption-attachment-4961\" class=\"wp-caption-text\">Jos\u00e9 Manuel V\u00e1squez, gobernador del estado Gu\u00e1rico<\/figcaption><\/figure>\n<p>Orta Gonz\u00e1lez responsabiliz\u00f3 al gobernador del estado Gu\u00e1rico, Jos\u00e9 Manuel V\u00e1squez Aranguren, por esta situaci\u00f3n y le atribuy\u00f3 la intenci\u00f3n de confundir y distraer al pueblo guarique\u00f1o ante las deficiencias ejecutivas y procesos de investigaci\u00f3n por hechos de corrupci\u00f3n en su gesti\u00f3n. Asimismo, exigi\u00f3 respeto al portal web albertonews.com y le pidi\u00f3 que no utilizara la imagen de su esposa Ivian Sarcos, quien fue Miss Mundo 2011.<\/p>\n<blockquote class=\"twitter-tweet\" data-dnt=\"true\">\n<p dir=\"ltr\" lang=\"es\">A la opini\u00f3n p\u00fablica quiero aclarar y rechazar de forma categ\u00f3rica esta \u00abnoticia\u00bb que busca manchar nuestro honor y reputaci\u00f3n ante una supuesta investigaci\u00f3n dirigida a una persona de nombre Octavio Gonz\u00e1lez.<br \/>\nMi nombre es Octavio Orta Gonz\u00e1lez y no tengo abierto ning\u00fan&#8230;<\/p>\n<p>\u2014 Octavio Orta Gonz\u00e1lez (@octavioortag) <a href=\"https:\/\/twitter.com\/octavioortag\/status\/1705716368476131762?ref_src=twsrc%5Etfw\">September 23, 2023<\/a><\/p><\/blockquote>\n<p><script async src=\"https:\/\/platform.twitter.com\/widgets.js\" charset=\"utf-8\"><\/script><\/p>\n<blockquote class=\"twitter-tweet\" data-dnt=\"true\" data-conversation=\"none\">\n<p dir=\"ltr\" lang=\"es\">proceso de investigaci\u00f3n dentro ni fuera del pa\u00eds. Responsabilizo al gobernador del estado Gu\u00e1rico, <a href=\"https:\/\/twitter.com\/josemvasquez?ref_src=twsrc%5Etfw\">@josemvasquez<\/a> por esta situaci\u00f3n, y al portal <a href=\"https:\/\/twitter.com\/AlbertoRodNews?ref_src=twsrc%5Etfw\">@AlbertoRodNews<\/a> apelo a la aclaratoria y tambi\u00e9n exijo respeto as\u00ed como tambi\u00e9n no utilizar la imagen de mi esposa <a href=\"https:\/\/twitter.com\/2011MISSWORLD?ref_src=twsrc%5Etfw\">@2011MISSWORLD<\/a><\/p>\n<p>\u2014 Octavio Orta Gonz\u00e1lez (@octavioortag) <a href=\"https:\/\/twitter.com\/octavioortag\/status\/1705716370334220753?ref_src=twsrc%5Etfw\">September 23, 2023<\/a><\/p><\/blockquote>\n<p><script async src=\"https:\/\/platform.twitter.com\/widgets.js\" charset=\"utf-8\"><\/script><\/p>\n<blockquote class=\"twitter-tweet\" data-dnt=\"true\" data-conversation=\"none\">\n<p dir=\"ltr\" lang=\"es\">que busca manchar su trayectoria en representaci\u00f3n del pa\u00eds como la \u00faltima Miss Mundo 2011.<br \/>\nEst\u00e1s acciones medi\u00e1ticas tienen el prop\u00f3sito de confundir y distraer al pueblo guarique\u00f1o ante las deficiencias ejecutivas y procesos de investigaci\u00f3n por hechos de corrupci\u00f3n..<\/p>\n<p>\u2014 Octavio Orta Gonz\u00e1lez (@octavioortag) <a href=\"https:\/\/twitter.com\/octavioortag\/status\/1705716374855618865?ref_src=twsrc%5Etfw\">September 23, 2023<\/a><\/p><\/blockquote>\n<p><script async src=\"https:\/\/platform.twitter.com\/widgets.js\" charset=\"utf-8\"><\/script><\/p>\n<blockquote class=\"twitter-tweet\" data-dnt=\"true\" data-conversation=\"none\">\n<p dir=\"ltr\" lang=\"es\">como por ejemplo la Direcci\u00f3n Regional de Salud) en la gesti\u00f3n del gobernador Jos\u00e9 V\u00e1squez<\/p>\n<p>\u2014 Octavio Orta Gonz\u00e1lez (@octavioortag) <a href=\"https:\/\/twitter.com\/octavioortag\/status\/1705716381356875979?ref_src=twsrc%5Etfw\">September 23, 2023<\/a><\/p><\/blockquote>\n<p><script async src=\"https:\/\/platform.twitter.com\/widgets.js\" charset=\"utf-8\"><\/script><\/p>\n<h3>Fake news<\/h3>\n<p><a href=\"https:\/\/www.ciudadgoticanews.com\/wp-content\/uploads\/2023\/09\/fake-news_1.jpg\"><img loading=\"lazy\" decoding=\"async\" class=\"aligncenter size-full wp-image-4959\" src=\"https:\/\/www.ciudadgoticanews.com\/wp-content\/uploads\/2023\/09\/fake-news_1.jpg\" alt=\"\" width=\"1200\" height=\"750\" srcset=\"https:\/\/www.ciudadgoticanews.com\/wp-content\/uploads\/2023\/09\/fake-news_1.jpg 1200w, https:\/\/www.ciudadgoticanews.com\/wp-content\/uploads\/2023\/09\/fake-news_1-300x188.jpg 300w, https:\/\/www.ciudadgoticanews.com\/wp-content\/uploads\/2023\/09\/fake-news_1-1024x640.jpg 1024w, https:\/\/www.ciudadgoticanews.com\/wp-content\/uploads\/2023\/09\/fake-news_1-768x480.jpg 768w\" sizes=\"auto, (max-width: 1200px) 100vw, 1200px\" \/><\/a><\/p>\n<p>No es la primera vez que albertonews.com se ve envuelto en pol\u00e9micas por supuestamente publicar fake news. El portal web lapatilla.com tambi\u00e9n difundi\u00f3 la informaci\u00f3n sobre el diputado suplente Octavio Orta Gonz\u00e1lez, bas\u00e1ndose en los documentos del caso en Portugal contra una persona identificada como \u00abOctavio Gonz\u00e1lez\u00bb. Sin embargo, no parece haber evidencia v\u00e1lida que vincule a esta persona con el pol\u00edtico venezolano.<\/p>\n<p>Octavio Orta Gonz\u00e1lez naci\u00f3 en Caracas el s\u00e1bado 6 de enero de 1968. Sus padres son oriundos del estado Gu\u00e1rico; su padre es nativo de Las Mercedes del Llano y su madre de San Jos\u00e9 de Guaribe, mientras que su familia materna es originaria de Altagracia de Orituco. En 2020 se postul\u00f3 a las elecciones parlamentarias y fue electo como diputado suplente por el estado Carabobo. En 2021 fue candidato a la gobernaci\u00f3n del estado Gu\u00e1rico por la Alianza Democr\u00e1tica, una coalici\u00f3n de partidos opositores al gobierno llamados \u00abalacranes\u00bb, pero fue derrotado por el candidato del PSUV y actual gobernador Jos\u00e9 V\u00e1squez, al que ahora Orta Gonz\u00e1lez acusa de estar detr\u00e1s de la maniobra medi\u00e1tica para \u00abconfundir y distraer\u00bb al pueblo guarique\u00f1o.<\/p>\n","protected":false},"excerpt":{"rendered":"<p>El portal web albertonews.com public\u00f3 una informaci\u00f3n en la que se\u00f1al\u00f3 al diputado suplente por el estado Gu\u00e1rico, Octavio Orta Gonz\u00e1lez, de estar involucrado en un crimen de blanqueo de dinero en Portugal. Seg\u00fan el medio, el Ministerio P\u00fablico de ese pa\u00eds est\u00e1 investigando a Orta y a una mujer llamada Jennifer Pedrosa por movilizar [&hellip;]<\/p>\n","protected":false},"author":1,"featured_media":4956,"comment_status":"open","ping_status":"open","sticky":false,"template":"","format":"standard","meta":{"h5ap_radio_sources":[],"footnotes":""},"categories":[1],"tags":[],"class_list":["post-4944","post","type-post","status-publish","format-standard","has-post-thumbnail","hentry","category-ciudadgotica"],"aioseo_notices":[],"_links":{"self":[{"href":"https:\/\/www.ciudadgoticanews.com\/index.php\/wp-json\/wp\/v2\/posts\/4944","targetHints":{"allow":["GET"]}}],"collection":[{"href":"https:\/\/www.ciudadgoticanews.com\/index.php\/wp-json\/wp\/v2\/posts"}],"about":[{"href":"https:\/\/www.ciudadgoticanews.com\/index.php\/wp-json\/wp\/v2\/types\/post"}],"author":[{"embeddable":true,"href":"https:\/\/www.ciudadgoticanews.com\/index.php\/wp-json\/wp\/v2\/users\/1"}],"replies":[{"embeddable":true,"href":"https:\/\/www.ciudadgoticanews.com\/index.php\/wp-json\/wp\/v2\/comments?post=4944"}],"version-history":[{"count":0,"href":"https:\/\/www.ciudadgoticanews.com\/index.php\/wp-json\/wp\/v2\/posts\/4944\/revisions"}],"wp:featuredmedia":[{"embeddable":true,"href":"https:\/\/www.ciudadgoticanews.com\/index.php\/wp-json\/wp\/v2\/media\/4956"}],"wp:attachment":[{"href":"https:\/\/www.ciudadgoticanews.com\/index.php\/wp-json\/wp\/v2\/media?parent=4944"}],"wp:term":[{"taxonomy":"category","embeddable":true,"href":"https:\/\/www.ciudadgoticanews.com\/index.php\/wp-json\/wp\/v2\/categories?post=4944"},{"taxonomy":"post_tag","embeddable":true,"href":"https:\/\/www.ciudadgoticanews.com\/index.php\/wp-json\/wp\/v2\/tags?post=4944"}],"curies":[{"name":"wp","href":"https:\/\/api.w.org\/{rel}","templated":true}]}}