{"id":579,"date":"2022-05-10T10:48:03","date_gmt":"2022-05-10T14:48:03","guid":{"rendered":"https:\/\/www.ciudadgoticanews.com\/?p=579"},"modified":"2022-05-10T10:48:03","modified_gmt":"2022-05-10T14:48:03","slug":"otros-grupos-narcotraficantes-intentan-tomar-control-en-venezuela-del-traslado-de-droga-hacia-islas-del-caribe-tras-la-caida-de-emilio-enrique-martinez-alias-chiche-smith","status":"publish","type":"post","link":"https:\/\/www.ciudadgoticanews.com\/index.php\/2022\/05\/10\/otros-grupos-narcotraficantes-intentan-tomar-control-en-venezuela-del-traslado-de-droga-hacia-islas-del-caribe-tras-la-caida-de-emilio-enrique-martinez-alias-chiche-smith\/","title":{"rendered":"Otros grupos narcotraficantes intentan tomar control en Venezuela del traslado de droga hacia islas del Caribe tras la ca\u00edda de Emilio Enrique Mart\u00ednez, alias \u201cChiche Smith\u201d"},"content":{"rendered":"<p>El 11 de abril de 2022, efectivos de la\u00a0<strong>Unidad Regional de Inteligencia Antidrogas de la Guardia Nacional en el estado Falc\u00f3n<\/strong>\u00a0detuvieron en la avenida principal de San Juan de los Callos a un hombre que era conocido por sus socios en el negocio simplemente con el alias de\u00a0<strong>Cabez\u00f3n<\/strong>.<\/p>\n<p>Se trataba de\u00a0<strong>Francisco Javier Mendoza Mujica<\/strong>. A sus 47 a\u00f1os de edad, este hombre fue perfilado por los analistas de la unidad militar como un\u00a0<strong>\u201coperador log\u00edstico\u201d de un grupo \u201cdedicado al tr\u00e1fico mar\u00edtimo de drogas, espec\u00edficamente en las poblaciones de Sabanas Altas y Sauca\u201d<\/strong>. En el mismo documento, se indica que esta organizaci\u00f3n opera en todas las costas nororientales del pa\u00eds, con proyecci\u00f3n hacia las islas del Caribe.<\/p>\n<p>A Mendoza lo delataron sus frecuentes contactos telef\u00f3nicos con otros integrantes de una organizaci\u00f3n a la que tambi\u00e9n pertenec\u00edan dos\u00a0<strong>diputados ligados al chavismo<\/strong>\u00a0\u2013<strong>Ta\u00edna Gonz\u00e1lez<\/strong>\u00a0y\u00a0<strong>Luis Viloria Chirinos<\/strong>-, as\u00ed como la alcaldesa del municipio Jes\u00fas Mar\u00eda Sempr\u00fan del estado Zulia,\u00a0<strong>Keynireth Fern\u00e1ndez<\/strong>.<\/p>\n<div style=\"max-width: 550px;\">\n<div style=\"left: 0; width: 100%; height: 0; position: relative; padding-bottom: 56.25%;\"><iframe title=\"MIPPCI on Twitter \/ X\" src=\"\/\/if-cdn.com\/f0CAffp?maxheight=960&#038;maxwidth=640&#038;app=1\" style=\"top: 0; left: 0; width: 100%; height: 100%; position: absolute; border: 0;\" allowfullscreen><\/iframe><\/div>\n<\/div>\n<p><script async src=\"\/\/if-cdn.com\/embed.js\" charset=\"utf-8\"><\/script><\/p>\n<p><span style=\"font-size: 12px;\">Maduro se refiri\u00f3 al fen\u00f3meno de la narcopol\u00edtica en Venezuela en el Congreso del PSUV<\/span><\/p>\n<p>La existencia de un grupo que opera en dos peque\u00f1os asentamientos de Falc\u00f3n ser\u00eda la evidencia de un cambio que se ha desarrollado, tras la persecuci\u00f3n y posterior detenci\u00f3n de\u00a0<strong>Emilio Enrique Mart\u00ednez<\/strong>. Este hombre, tambi\u00e9n conocido como\u00a0<strong>Chiche Smith<\/strong>, ha sido se\u00f1alado como el m\u00e1ximo representante del denominado\u00a0<strong>Cartel de Paraguan\u00e1<\/strong>.<\/p>\n<p><strong>Feudo narco<\/strong><\/p>\n<p>Un<a href=\"https:\/\/es.insightcrime.org\/investigaciones\/revolucion-cocaina-venezuela\/\">\u00a0informe presentado esta semana por el centro de pensamiento InSightCrime<\/a>\u00a0sostiene que Mart\u00ednez erigi\u00f3 en Falc\u00f3n \u201cun feudo narco, donde\u00a0<strong>pol\u00edticos y fuerzas de seguridad se aliaron con actores criminales<\/strong>\u00a0para usar las ganancias il\u00edcitas, no solo para su enriquecimiento personal, sino tambi\u00e9n para mantenerse en el poder\u201d.<\/p>\n<p>La actitud de las autoridades venezolanas hacia Mart\u00ednez comenz\u00f3 a cambiar en febrero de 2020, cuando\u00a0<strong>una operaci\u00f3n internacional permiti\u00f3 la confiscaci\u00f3n de cinco toneladas de coca\u00edna<\/strong>\u00a0en el carguero Aresa, que hab\u00eda zarpado desde Punto Fijo.<\/p>\n<p><strong>La droga qued\u00f3 en poder de autoridades de Aruba<\/strong>, as\u00ed como quince tripulantes de la embarcaci\u00f3n. Once de ellos son de Montenegro. En abril de 2020, funcionarios de la Guardia Nacional y de la Polic\u00eda Nacional Bolivariana allanaron veinte locales donde supuestamente operaba la estructura de Mart\u00ednez.<\/p>\n<p>El jefe de la organizaci\u00f3n logr\u00f3 escapar. Pero un a\u00f1o despu\u00e9s fue capturado en Anzo\u00e1tegui.<\/p>\n<div style=\"max-width: 1280px;\">\n<div style=\"left: 0; width: 100%; height: 0; position: relative; padding-bottom: 75%;\"><iframe title=\"Golpe al narcotr\u00e1fico | Captura de alias Chiche Smith y balance de incautaciones de drogas en 2021\" src=\"\/\/if-cdn.com\/e9OlenD?maxheight=960\" style=\"top: 0; left: 0; width: 100%; height: 100%; position: absolute; border: 0;\" allowfullscreen scrolling=\"no\" allow=\"accelerometer *; clipboard-write *; encrypted-media *; gyroscope *; picture-in-picture *; web-share *;\"><\/iframe><\/div>\n<\/div>\n<p><span style=\"font-size: 12px;\">La detenci\u00f3n de Mart\u00ednez fue anunciada por la entonces ministra Carmen Mel\u00e9ndez<\/span><\/p>\n<p>Seg\u00fan el director de InSightCrime, Jeremy McDermott, con la captura de Mart\u00ednez se trastoc\u00f3 el orden establecido hasta el momento.<\/p>\n<p>\u201c<strong>El Cartel de Paraguan\u00e1 ha perdido su protecci\u00f3n pol\u00edtica<\/strong>. Obviamente, todav\u00eda tiene su red de corrupci\u00f3n entre los militares, pero la protecci\u00f3n de alto nivel, la pol\u00edtica, ya se fue\u201d, explic\u00f3.<\/p>\n<p>Una evidencia de esto ser\u00eda la serie de incautaciones de drogas que ser\u00edan manejadas por remanentes de este grupo, en Falc\u00f3n.<\/p>\n<p>Por otra parte, a\u00f1adi\u00f3, la familia de Mart\u00ednez estar\u00eda dividida en torno a la pertinencia de continuar en el negocio de las drogas.<\/p>\n<blockquote class=\"instagram-media\" style=\"background: #FFF; border: 0; border-radius: 3px; box-shadow: 0 0 1px 0 rgba(0,0,0,0.5),0 1px 10px 0 rgba(0,0,0,0.15); margin: 1px; max-width: 658px; min-width: 326px; padding: 0; width: calc(100% - 2px);\" data-instgrm-captioned=\"\" data-instgrm-permalink=\"https:\/\/www.instagram.com\/p\/Ccrh57huXJe\/?utm_source=ig_embed&amp;utm_campaign=loading\" data-instgrm-version=\"14\">\n<div style=\"padding: 16px;\">\n<p>&nbsp;<\/p>\n<div style=\"display: flex; flex-direction: row; align-items: center;\">\n<div style=\"background-color: #f4f4f4; border-radius: 50%; flex-grow: 0; height: 40px; margin-right: 14px; width: 40px;\"><\/div>\n<div style=\"display: flex; flex-direction: column; flex-grow: 1; justify-content: center;\">\n<div style=\"background-color: #f4f4f4; border-radius: 4px; flex-grow: 0; height: 14px; margin-bottom: 6px; width: 100px;\"><\/div>\n<div style=\"background-color: #f4f4f4; border-radius: 4px; flex-grow: 0; height: 14px; width: 60px;\"><\/div>\n<\/div>\n<\/div>\n<div style=\"padding: 19% 0;\"><\/div>\n<div style=\"display: block; height: 50px; margin: 0 auto 12px; width: 50px;\"><\/div>\n<div style=\"padding-top: 8px;\">\n<div style=\"color: #3897f0; font-family: Arial,sans-serif; font-size: 14px; font-style: normal; font-weight: 550; line-height: 18px;\">View this post on Instagram<\/div>\n<\/div>\n<div style=\"padding: 12.5% 0;\"><\/div>\n<div style=\"display: flex; flex-direction: row; margin-bottom: 14px; align-items: center;\">\n<div>\n<div style=\"background-color: #f4f4f4; border-radius: 50%; height: 12.5px; width: 12.5px; transform: translateX(0px) translateY(7px);\"><\/div>\n<div style=\"background-color: #f4f4f4; height: 12.5px; transform: rotate(-45deg) translateX(3px) translateY(1px); width: 12.5px; flex-grow: 0; margin-right: 14px; margin-left: 2px;\"><\/div>\n<div style=\"background-color: #f4f4f4; border-radius: 50%; height: 12.5px; width: 12.5px; transform: translateX(9px) translateY(-18px);\"><\/div>\n<\/div>\n<div style=\"margin-left: 8px;\">\n<div style=\"background-color: #f4f4f4; border-radius: 50%; flex-grow: 0; height: 20px; width: 20px;\"><\/div>\n<div style=\"width: 0; height: 0; border-top: 2px solid transparent; border-left: 6px solid #f4f4f4; border-bottom: 2px solid transparent; transform: translateX(16px) translateY(-4px) rotate(30deg);\"><\/div>\n<\/div>\n<div style=\"margin-left: auto;\">\n<div style=\"width: 0px; border-top: 8px solid #F4F4F4; border-right: 8px solid transparent; transform: translateY(16px);\"><\/div>\n<div style=\"background-color: #f4f4f4; flex-grow: 0; height: 12px; width: 16px; transform: translateY(-4px);\"><\/div>\n<div style=\"width: 0; height: 0; border-top: 8px solid #F4F4F4; border-left: 8px solid transparent; transform: translateY(-4px) translateX(8px);\"><\/div>\n<\/div>\n<\/div>\n<div style=\"display: flex; flex-direction: column; flex-grow: 1; justify-content: center; margin-bottom: 24px;\">\n<div style=\"background-color: #f4f4f4; border-radius: 4px; flex-grow: 0; height: 14px; margin-bottom: 6px; width: 224px;\"><\/div>\n<div style=\"background-color: #f4f4f4; border-radius: 4px; flex-grow: 0; height: 14px; width: 144px;\"><\/div>\n<\/div>\n<p>&nbsp;<\/p>\n<p style=\"color: #c9c8cd; font-family: Arial,sans-serif; font-size: 14px; line-height: 17px; margin-bottom: 0; margin-top: 8px; overflow: hidden; padding: 8px 0 7px; text-align: center; text-overflow: ellipsis; white-space: nowrap;\"><a style=\"color: #c9c8cd; font-family: Arial,sans-serif; font-size: 14px; font-style: normal; font-weight: normal; line-height: 17px; text-decoration: none;\" href=\"https:\/\/www.instagram.com\/p\/Ccrh57huXJe\/?utm_source=ig_embed&amp;utm_campaign=loading\" target=\"_blank\" rel=\"noopener\">A post shared by Secretar\u00eda de Seguridad Falc\u00f3n (@secretaria_seguridad_falcon)<\/a><\/p>\n<\/div>\n<\/blockquote>\n<p><script async src=\"\/\/platform.instagram.com\/en_US\/embeds.js\"><\/script><\/p>\n<p>\u201cTenemos a dos fuentes que nos dijeron que el cartel de Sabana Alta fue parte de la red de Chiche Smith (\u2026)\u00a0<strong>El llamado Cartel de Paraguan\u00e1 no era un cartel como tal, sino una red con contactos en varios \u00f3rganos del Estado en Falc\u00f3n<\/strong>\u201d, precis\u00f3.<\/p>\n<p>Tal parece, entonces, que el grupo de Sabana Alta intent\u00f3 copar el espacio dejado tras la detenci\u00f3n de Mart\u00ednez.<\/p>\n<p>No obstante, el informe presentado por el director de este centro advierte que\u00a0<strong>el grupo de Mart\u00ednez hasta el momento contin\u00faa operando<\/strong>, aunque no con las dimensiones que tuvo hasta 2020.<\/p>\n<h3><strong>Javier Ignacio Mayorca<\/strong><\/h3>\n<h3><a href=\"https:\/\/cronicasdelcaribe.com\/politica\/varios-grupos-asumen-el-traslado-de-drogas-al-caribe-tras-la-detencion-de-chiche-smith\/\" target=\"_blank\" rel=\"noopener\"><strong>Cr\u00f3nicas del Caribe<\/strong><\/a><\/h3>\n","protected":false},"excerpt":{"rendered":"<p>El 11 de abril de 2022, efectivos de la\u00a0Unidad Regional de Inteligencia Antidrogas de la Guardia Nacional en el estado Falc\u00f3n\u00a0detuvieron en la avenida principal de San Juan de los Callos a un hombre que era conocido por sus socios en el negocio simplemente con el alias de\u00a0Cabez\u00f3n. Se trataba de\u00a0Francisco Javier Mendoza Mujica. A [&hellip;]<\/p>\n","protected":false},"author":1,"featured_media":581,"comment_status":"open","ping_status":"open","sticky":false,"template":"","format":"standard","meta":{"h5ap_radio_sources":[],"footnotes":""},"categories":[1],"tags":[],"class_list":["post-579","post","type-post","status-publish","format-standard","has-post-thumbnail","hentry","category-ciudadgotica"],"aioseo_notices":[],"_links":{"self":[{"href":"https:\/\/www.ciudadgoticanews.com\/index.php\/wp-json\/wp\/v2\/posts\/579","targetHints":{"allow":["GET"]}}],"collection":[{"href":"https:\/\/www.ciudadgoticanews.com\/index.php\/wp-json\/wp\/v2\/posts"}],"about":[{"href":"https:\/\/www.ciudadgoticanews.com\/index.php\/wp-json\/wp\/v2\/types\/post"}],"author":[{"embeddable":true,"href":"https:\/\/www.ciudadgoticanews.com\/index.php\/wp-json\/wp\/v2\/users\/1"}],"replies":[{"embeddable":true,"href":"https:\/\/www.ciudadgoticanews.com\/index.php\/wp-json\/wp\/v2\/comments?post=579"}],"version-history":[{"count":0,"href":"https:\/\/www.ciudadgoticanews.com\/index.php\/wp-json\/wp\/v2\/posts\/579\/revisions"}],"wp:featuredmedia":[{"embeddable":true,"href":"https:\/\/www.ciudadgoticanews.com\/index.php\/wp-json\/wp\/v2\/media\/581"}],"wp:attachment":[{"href":"https:\/\/www.ciudadgoticanews.com\/index.php\/wp-json\/wp\/v2\/media?parent=579"}],"wp:term":[{"taxonomy":"category","embeddable":true,"href":"https:\/\/www.ciudadgoticanews.com\/index.php\/wp-json\/wp\/v2\/categories?post=579"},{"taxonomy":"post_tag","embeddable":true,"href":"https:\/\/www.ciudadgoticanews.com\/index.php\/wp-json\/wp\/v2\/tags?post=579"}],"curies":[{"name":"wp","href":"https:\/\/api.w.org\/{rel}","templated":true}]}}