{"id":665,"date":"2022-06-01T18:16:37","date_gmt":"2022-06-01T22:16:37","guid":{"rendered":"https:\/\/www.ciudadgoticanews.com\/?p=665"},"modified":"2022-06-01T18:16:37","modified_gmt":"2022-06-01T22:16:37","slug":"encierran-a-ocho-venezolanos-en-prision-para-delincuentes-comunes-tras-el-cierre-de-centro-de-inmigrantes-en-curazao","status":"publish","type":"post","link":"https:\/\/www.ciudadgoticanews.com\/index.php\/2022\/06\/01\/encierran-a-ocho-venezolanos-en-prision-para-delincuentes-comunes-tras-el-cierre-de-centro-de-inmigrantes-en-curazao\/","title":{"rendered":"Encierran a ocho venezolanos en prisi\u00f3n para delincuentes comunes tras el cierre de centro de inmigrantes en Curazao"},"content":{"rendered":"<p><em>Una organizaci\u00f3n defensora de DDHH advierte que las autoridades no saben qu\u00e9 hacer con estas personas y exigen su inmediata liberaci\u00f3n, destacando que todos cuentan con garantes que les aseguran techo y comida en la isla<\/em><\/p>\n<p>La organizaci\u00f3n no gubernamental Human Rights Defense Curazao (HRDC) solicita al gobierno del\u00a0<strong>primer ministro Gilmar Pik Pisas<\/strong>\u00a0que libere a ocho ciudadanos venezolanos que fueron trasladados a c\u00e1rceles con delincuentes comunes, luego de que se ejecutara el cierre del recinto donde reclu\u00edan a los migrantes indocumentados detenidos en la isla.<\/p>\n<p>\u201c<strong>El centro de reclusi\u00f3n de indocumentados fue cerrado esta semana tras las cr\u00edticas internacionales por las condiciones infrahumanas<\/strong>\u201d, expone HRDC a trav\u00e9s de un comunicado, donde apunta que ahora \u201c<strong>ni la polic\u00eda ni el personal de la prisi\u00f3n SDKK (siglas en papiamento del Centro de Detenci\u00f3n de Curazao) saben qu\u00e9 hacer con los ocho inmigrantes indocumentados venezolanos<\/strong>\u00a0que buscan protecci\u00f3n en Curazao\u201d.<\/p>\n<p>La ONG defensora de Derechos Humanos denuncia que\u00a0<strong>estas ocho personas \u201cfueron trasladadas en contra de su voluntad este fin de semana a las celdas de la polic\u00eda en Barber y luego enviadas al Bloque 1 de SDKK, que tambi\u00e9n alberga a sospechosos de cometer delitos<\/strong>\u201d. HRDC ha criticado reiteradamente al gobierno de la isla por\u00a0mezclar a los inmigrantes indocumentados con delincuentes comunes en condiciones de hacinamiento e insalubridad.<\/p>\n<h3><strong>Sin soluci\u00f3n<\/strong><\/h3>\n<p>\u201cAl parecer, a\u00fan no existe un lugar adecuado para ubicar a estas personas. \u00bf<strong>Qu\u00e9 ha hecho mientras tanto el grupo de trabajo interdepartamental sobre personas indocumentadas<\/strong>, que se estableci\u00f3 el 9 de noviembre de 2017 a trav\u00e9s de un decreto?\u201d, cuestiona la organizaci\u00f3n, tras recordar que el cierre de las fronteras, impuesto en febrero de 2019, y\u00a0la suspensi\u00f3n de los vuelos humanitarios desde diciembre de 2021, dificulta el proceso de deportaci\u00f3n.<\/p>\n<p>HRDC destaca que los inmigrantes en cuesti\u00f3n invocan la protecci\u00f3n del\u00a0<a href=\"https:\/\/www.echr.coe.int\/documents\/convention_spa.pdf\">Convenio Europeo de Derechos Humanos<\/a>, que en su art\u00edculo 3 estipula que \u201cnadie podr\u00e1 ser sometido a tortura ni a penas o tratos inhumanos o degradantes\u201d. La ONG enfatiza que \u201c<strong>todos los que est\u00e1n detenidos desde el 8 de febrero tienen un garante, es decir, alguien que les garantiza techo y comida<\/strong>. Esa es la \u00fanica alternativa que tiene ahora Curazao y ese ya es el caso de decenas de migrantes en crisis\u201d.<\/p>\n<p>La fundaci\u00f3n defensora de DDHH culmina su comunicado advirtiendo que el proceder del gobierno de Pisas \u201c<strong>huele a arbitrariedad<\/strong>\u201d.<\/p>\n<h3><strong>Pedro Pablo Pe\u00f1aloza<\/strong><\/h3>\n<h3><a href=\"https:\/\/cronicasdelcaribe.com\/migracion\/limbo-o-infierno-ocho-venezolanos-son-encerrados-con-delincuentes-comunes-tras-cierre-de-centro-de-inmigrantes-en-curazao\/\" target=\"_blank\" rel=\"noopener\"><strong>Cr\u00f3nicas del Caribe<\/strong><\/a><\/h3>\n","protected":false},"excerpt":{"rendered":"<p>Una organizaci\u00f3n defensora de DDHH advierte que las autoridades no saben qu\u00e9 hacer con estas personas y exigen su inmediata liberaci\u00f3n, destacando que todos cuentan con garantes que les aseguran techo y comida en la isla La organizaci\u00f3n no gubernamental Human Rights Defense Curazao (HRDC) solicita al gobierno del\u00a0primer ministro Gilmar Pik Pisas\u00a0que libere a [&hellip;]<\/p>\n","protected":false},"author":1,"featured_media":654,"comment_status":"open","ping_status":"open","sticky":false,"template":"","format":"standard","meta":{"h5ap_radio_sources":[],"footnotes":""},"categories":[6],"tags":[],"class_list":["post-665","post","type-post","status-publish","format-standard","has-post-thumbnail","hentry","category-curacao"],"aioseo_notices":[],"_links":{"self":[{"href":"https:\/\/www.ciudadgoticanews.com\/index.php\/wp-json\/wp\/v2\/posts\/665","targetHints":{"allow":["GET"]}}],"collection":[{"href":"https:\/\/www.ciudadgoticanews.com\/index.php\/wp-json\/wp\/v2\/posts"}],"about":[{"href":"https:\/\/www.ciudadgoticanews.com\/index.php\/wp-json\/wp\/v2\/types\/post"}],"author":[{"embeddable":true,"href":"https:\/\/www.ciudadgoticanews.com\/index.php\/wp-json\/wp\/v2\/users\/1"}],"replies":[{"embeddable":true,"href":"https:\/\/www.ciudadgoticanews.com\/index.php\/wp-json\/wp\/v2\/comments?post=665"}],"version-history":[{"count":0,"href":"https:\/\/www.ciudadgoticanews.com\/index.php\/wp-json\/wp\/v2\/posts\/665\/revisions"}],"wp:featuredmedia":[{"embeddable":true,"href":"https:\/\/www.ciudadgoticanews.com\/index.php\/wp-json\/wp\/v2\/media\/654"}],"wp:attachment":[{"href":"https:\/\/www.ciudadgoticanews.com\/index.php\/wp-json\/wp\/v2\/media?parent=665"}],"wp:term":[{"taxonomy":"category","embeddable":true,"href":"https:\/\/www.ciudadgoticanews.com\/index.php\/wp-json\/wp\/v2\/categories?post=665"},{"taxonomy":"post_tag","embeddable":true,"href":"https:\/\/www.ciudadgoticanews.com\/index.php\/wp-json\/wp\/v2\/tags?post=665"}],"curies":[{"name":"wp","href":"https:\/\/api.w.org\/{rel}","templated":true}]}}